
{"id":52790,"date":"2014-02-21T06:29:59","date_gmt":"2014-02-21T05:29:59","guid":{"rendered":"http:\/\/www.cinevox.be\/?p=52790"},"modified":"2014-03-10T10:37:57","modified_gmt":"2014-03-10T09:37:57","slug":"la-photo-du-jour-vendredi-21-fevrier-2014","status":"publish","type":"post","link":"https:\/\/w-l-c.be\/fr\/la-photo-du-jour-vendredi-21-fevrier-2014\/","title":{"rendered":"La photo du jour &#8211; vendredi 21 f\u00e9vrier 2014"},"content":{"rendered":"<p>Pauline Brisy.<\/p>\n<p>Il va falloir vous habituer \u00e0 ce nom car nous n&rsquo;avez pas fini de l&rsquo;entendre.<\/p>\n<p>Cette lumineuse jeune actrice belge qu&rsquo;on attend en t\u00eate d&rsquo;affiche du film fran\u00e7ais <em>Le Grimoire d&rsquo;Arkandias<\/em> (lire <a href=\"http:\/\/www.cinevox.be\/belgique-lemprise-du-grimoire-darkandias\/\" target=\"_blank\">ici<\/a>) est aussi de l&rsquo;aventure Babysitting story, premier court m\u00e9trage de Vincent Smitz, produit par Art\u00e9mis Productions.<\/p>\n<p>Le pitch? Saignant !<em> Deux jeunes filles, Sarah et Julie, se rendent chez la tante d\u2019un ami pour y faire du baby-sitting.\u00a0Une fois seules dans la maison, et alors qu\u2019un orage gronde, Sarah profite de la na\u00efvet\u00e9 de Julie pour lui raconter une histoire terrifiante qui se serait r\u00e9ellement pass\u00e9e dans la r\u00e9gion.<\/em><\/p>\n<p>Le tournage s&rsquo;est d\u00e9roul\u00e9 du 26 ao\u00fbt au 5 septembre 2013 \u00e0 Huy et Andenne.<\/p>\n<p>Le travail de post-production qui a dur\u00e9 cinq mois s\u2019est achev\u00e9 vendredi dernier. Sur la photo, on voit d&rsquo;ailleurs Philippe Charbonnel le mixeur son qui peaufine les r\u00e9glages.<\/p>\n<p>&nbsp;<\/p>\n<p>Outre Pauline (sur l&rsquo;\u00e9cran), le film r\u00e9unit Sophie Breyer, Julie Dacquin, Pierre Nisse, Bernard Eylenbosch et Vincenzo Caci<\/p>\n<p><em id=\"__mceDel\"><!--more--><\/em><\/p>\n<p>&nbsp;<\/p>\n<p>&nbsp;<\/p>\n<p><a href=\"http:\/\/www.cinevox.be\/la-photo-du-jour-vendredi-21-fevrier-2014\/babysitting-story\/\" rel=\"attachment wp-att-52791\"><img loading=\"lazy\" decoding=\"async\" class=\"aligncenter size-full wp-image-52791\" alt=\"\" src=\"http:\/\/www.cinevox.be\/wp-content\/uploads\/2014\/02\/babysitting-story.jpg\" width=\"2009\" height=\"1081\" srcset=\"https:\/\/w-l-c.be\/wp-content\/uploads\/2014\/02\/babysitting-story.jpg 2009w, https:\/\/w-l-c.be\/wp-content\/uploads\/2014\/02\/babysitting-story-480x258.jpg 480w, https:\/\/w-l-c.be\/wp-content\/uploads\/2014\/02\/babysitting-story-800x430.jpg 800w\" sizes=\"auto, (max-width: 2009px) 100vw, 2009px\" \/><\/a><\/p>\n<p>&nbsp;<\/p>\n<p>&nbsp;<\/p>\n","protected":false},"excerpt":{"rendered":"<p>Pauline Brisy. Il va falloir vous habituer \u00e0 ce nom car nous n&rsquo;avez pas fini de l&rsquo;entendre. Cette lumineuse jeune actrice belge qu&rsquo;on attend en t\u00eate d&rsquo;affiche du film fran\u00e7ais Le Grimoire d&rsquo;Arkandias (lire ici) est aussi de l&rsquo;aventure Babysitting story, premier court m\u00e9trage de Vincent Smitz, produit par Art\u00e9mis Productions. Le pitch? Saignant ! &hellip;<\/p>\n","protected":false},"author":7,"featured_media":52793,"comment_status":"closed","ping_status":"closed","sticky":false,"template":"","format":"standard","meta":{"ngg_post_thumbnail":0,"footnotes":""},"categories":[1923,7],"tags":[],"class_list":["post-52790","post","type-post","status-publish","format-standard","has-post-thumbnail","","category-en-bref","category-actualites"],"yoast_head":"<!-- This site is optimized with the Yoast SEO plugin v20.4 - https:\/\/yoast.com\/wordpress\/plugins\/seo\/ -->\n<title>La photo du jour - vendredi 21 f\u00e9vrier 2014 - w-l-c<\/title>\n<meta name=\"robots\" content=\"noindex, follow, max-snippet:-1, max-image-preview:large, max-video-preview:-1\" \/>\n<meta property=\"og:locale\" content=\"fr_FR\" \/>\n<meta property=\"og:type\" content=\"article\" \/>\n<meta property=\"og:title\" content=\"La photo du jour - vendredi 21 f\u00e9vrier 2014 - w-l-c\" \/>\n<meta property=\"og:description\" content=\"Pauline Brisy. Il va falloir vous habituer \u00e0 ce nom car nous n&rsquo;avez pas fini de l&rsquo;entendre. Cette lumineuse jeune actrice belge qu&rsquo;on attend en t\u00eate d&rsquo;affiche du film fran\u00e7ais Le Grimoire d&rsquo;Arkandias (lire ici) est aussi de l&rsquo;aventure Babysitting story, premier court m\u00e9trage de Vincent Smitz, produit par Art\u00e9mis Productions. Le pitch? Saignant ! &hellip;\" \/>\n<meta property=\"og:url\" content=\"https:\/\/w-l-c.be\/fr\/la-photo-du-jour-vendredi-21-fevrier-2014\/\" \/>\n<meta property=\"og:site_name\" content=\"w-l-c\" \/>\n<meta property=\"article:published_time\" content=\"2014-02-21T05:29:59+00:00\" \/>\n<meta property=\"article:modified_time\" content=\"2014-03-10T09:37:57+00:00\" \/>\n<meta property=\"og:image\" content=\"https:\/\/w-l-c.be\/wp-content\/uploads\/2010\/02\/app2.jpg\" \/>\n\t<meta property=\"og:image:width\" content=\"1536\" \/>\n\t<meta property=\"og:image:height\" content=\"1024\" \/>\n\t<meta property=\"og:image:type\" content=\"image\/jpeg\" \/>\n<meta name=\"author\" content=\"Philippe.Pierquin\" \/>\n<meta name=\"twitter:card\" content=\"summary_large_image\" \/>\n<meta name=\"twitter:label1\" content=\"\u00c9crit par\" \/>\n\t<meta name=\"twitter:data1\" content=\"Philippe.Pierquin\" \/>\n\t<meta name=\"twitter:label2\" content=\"Dur\u00e9e de lecture estim\u00e9e\" \/>\n\t<meta name=\"twitter:data2\" content=\"1 minute\" \/>\n<script type=\"application\/ld+json\" class=\"yoast-schema-graph\">{\"@context\":\"https:\/\/schema.org\",\"@graph\":[{\"@type\":\"WebPage\",\"@id\":\"https:\/\/w-l-c.be\/fr\/la-photo-du-jour-vendredi-21-fevrier-2014\/\",\"url\":\"https:\/\/w-l-c.be\/fr\/la-photo-du-jour-vendredi-21-fevrier-2014\/\",\"name\":\"La photo du jour - vendredi 21 f\u00e9vrier 2014 - w-l-c\",\"isPartOf\":{\"@id\":\"https:\/\/w-l-c.be\/fr\/#website\"},\"datePublished\":\"2014-02-21T05:29:59+00:00\",\"dateModified\":\"2014-03-10T09:37:57+00:00\",\"author\":{\"@id\":\"https:\/\/w-l-c.be\/fr\/#\/schema\/person\/4b9b1d857f0943453a38a7c2859ef756\"},\"breadcrumb\":{\"@id\":\"https:\/\/w-l-c.be\/fr\/la-photo-du-jour-vendredi-21-fevrier-2014\/#breadcrumb\"},\"inLanguage\":\"fr-FR\",\"potentialAction\":[{\"@type\":\"ReadAction\",\"target\":[\"https:\/\/w-l-c.be\/fr\/la-photo-du-jour-vendredi-21-fevrier-2014\/\"]}]},{\"@type\":\"BreadcrumbList\",\"@id\":\"https:\/\/w-l-c.be\/fr\/la-photo-du-jour-vendredi-21-fevrier-2014\/#breadcrumb\",\"itemListElement\":[{\"@type\":\"ListItem\",\"position\":1,\"name\":\"Accueil\",\"item\":\"https:\/\/w-l-c.be\/fr\/\"},{\"@type\":\"ListItem\",\"position\":2,\"name\":\"La photo du jour &#8211; vendredi 21 f\u00e9vrier 2014\"}]},{\"@type\":\"WebSite\",\"@id\":\"https:\/\/w-l-c.be\/fr\/#website\",\"url\":\"https:\/\/w-l-c.be\/fr\/\",\"name\":\"w-l-c\",\"description\":\"Le cin\u00e9ma vu par les belges\",\"potentialAction\":[{\"@type\":\"SearchAction\",\"target\":{\"@type\":\"EntryPoint\",\"urlTemplate\":\"https:\/\/w-l-c.be\/fr\/?s={search_term_string}\"},\"query-input\":\"required name=search_term_string\"}],\"inLanguage\":\"fr-FR\"},{\"@type\":\"Person\",\"@id\":\"https:\/\/w-l-c.be\/fr\/#\/schema\/person\/4b9b1d857f0943453a38a7c2859ef756\",\"name\":\"Philippe.Pierquin\",\"url\":\"https:\/\/w-l-c.be\/fr\/author\/philippe-pierquin\/\"}]}<\/script>\n<!-- \/ Yoast SEO plugin. -->","yoast_head_json":{"title":"La photo du jour - vendredi 21 f\u00e9vrier 2014 - w-l-c","robots":{"index":"noindex","follow":"follow","max-snippet":"max-snippet:-1","max-image-preview":"max-image-preview:large","max-video-preview":"max-video-preview:-1"},"og_locale":"fr_FR","og_type":"article","og_title":"La photo du jour - vendredi 21 f\u00e9vrier 2014 - w-l-c","og_description":"Pauline Brisy. Il va falloir vous habituer \u00e0 ce nom car nous n&rsquo;avez pas fini de l&rsquo;entendre. Cette lumineuse jeune actrice belge qu&rsquo;on attend en t\u00eate d&rsquo;affiche du film fran\u00e7ais Le Grimoire d&rsquo;Arkandias (lire ici) est aussi de l&rsquo;aventure Babysitting story, premier court m\u00e9trage de Vincent Smitz, produit par Art\u00e9mis Productions. Le pitch? Saignant ! &hellip;","og_url":"https:\/\/w-l-c.be\/fr\/la-photo-du-jour-vendredi-21-fevrier-2014\/","og_site_name":"w-l-c","article_published_time":"2014-02-21T05:29:59+00:00","article_modified_time":"2014-03-10T09:37:57+00:00","og_image":[{"width":1536,"height":1024,"url":"https:\/\/w-l-c.be\/wp-content\/uploads\/2010\/02\/app2.jpg","type":"image\/jpeg"}],"author":"Philippe.Pierquin","twitter_card":"summary_large_image","twitter_misc":{"\u00c9crit par":"Philippe.Pierquin","Dur\u00e9e de lecture estim\u00e9e":"1 minute"},"schema":{"@context":"https:\/\/schema.org","@graph":[{"@type":"WebPage","@id":"https:\/\/w-l-c.be\/fr\/la-photo-du-jour-vendredi-21-fevrier-2014\/","url":"https:\/\/w-l-c.be\/fr\/la-photo-du-jour-vendredi-21-fevrier-2014\/","name":"La photo du jour - vendredi 21 f\u00e9vrier 2014 - w-l-c","isPartOf":{"@id":"https:\/\/w-l-c.be\/fr\/#website"},"datePublished":"2014-02-21T05:29:59+00:00","dateModified":"2014-03-10T09:37:57+00:00","author":{"@id":"https:\/\/w-l-c.be\/fr\/#\/schema\/person\/4b9b1d857f0943453a38a7c2859ef756"},"breadcrumb":{"@id":"https:\/\/w-l-c.be\/fr\/la-photo-du-jour-vendredi-21-fevrier-2014\/#breadcrumb"},"inLanguage":"fr-FR","potentialAction":[{"@type":"ReadAction","target":["https:\/\/w-l-c.be\/fr\/la-photo-du-jour-vendredi-21-fevrier-2014\/"]}]},{"@type":"BreadcrumbList","@id":"https:\/\/w-l-c.be\/fr\/la-photo-du-jour-vendredi-21-fevrier-2014\/#breadcrumb","itemListElement":[{"@type":"ListItem","position":1,"name":"Accueil","item":"https:\/\/w-l-c.be\/fr\/"},{"@type":"ListItem","position":2,"name":"La photo du jour &#8211; vendredi 21 f\u00e9vrier 2014"}]},{"@type":"WebSite","@id":"https:\/\/w-l-c.be\/fr\/#website","url":"https:\/\/w-l-c.be\/fr\/","name":"w-l-c","description":"Le cin\u00e9ma vu par les belges","potentialAction":[{"@type":"SearchAction","target":{"@type":"EntryPoint","urlTemplate":"https:\/\/w-l-c.be\/fr\/?s={search_term_string}"},"query-input":"required name=search_term_string"}],"inLanguage":"fr-FR"},{"@type":"Person","@id":"https:\/\/w-l-c.be\/fr\/#\/schema\/person\/4b9b1d857f0943453a38a7c2859ef756","name":"Philippe.Pierquin","url":"https:\/\/w-l-c.be\/fr\/author\/philippe-pierquin\/"}]}},"_links":{"self":[{"href":"https:\/\/w-l-c.be\/fr\/wp-json\/wp\/v2\/posts\/52790","targetHints":{"allow":["GET"]}}],"collection":[{"href":"https:\/\/w-l-c.be\/fr\/wp-json\/wp\/v2\/posts"}],"about":[{"href":"https:\/\/w-l-c.be\/fr\/wp-json\/wp\/v2\/types\/post"}],"author":[{"embeddable":true,"href":"https:\/\/w-l-c.be\/fr\/wp-json\/wp\/v2\/users\/7"}],"replies":[{"embeddable":true,"href":"https:\/\/w-l-c.be\/fr\/wp-json\/wp\/v2\/comments?post=52790"}],"version-history":[{"count":0,"href":"https:\/\/w-l-c.be\/fr\/wp-json\/wp\/v2\/posts\/52790\/revisions"}],"wp:featuredmedia":[{"embeddable":true,"href":"https:\/\/w-l-c.be\/fr\/wp-json\/wp\/v2\/media\/52793"}],"wp:attachment":[{"href":"https:\/\/w-l-c.be\/fr\/wp-json\/wp\/v2\/media?parent=52790"}],"wp:term":[{"taxonomy":"category","embeddable":true,"href":"https:\/\/w-l-c.be\/fr\/wp-json\/wp\/v2\/categories?post=52790"},{"taxonomy":"post_tag","embeddable":true,"href":"https:\/\/w-l-c.be\/fr\/wp-json\/wp\/v2\/tags?post=52790"}],"curies":[{"name":"wp","href":"https:\/\/api.w.org\/{rel}","templated":true}]}}