
{"id":52818,"date":"2014-02-20T10:17:29","date_gmt":"2014-02-20T09:17:29","guid":{"rendered":"http:\/\/www.cinevox.be\/?p=52818"},"modified":"2014-06-17T09:01:32","modified_gmt":"2014-06-17T07:01:32","slug":"sur-le-tournage-de-melody","status":"publish","type":"post","link":"https:\/\/w-l-c.be\/fr\/sur-le-tournage-de-melody\/","title":{"rendered":"Sur le tournage de Melody"},"content":{"rendered":"<p>La sc\u00e8ne se passe \u00e0 Colpach-Bas, un petit village dont vous n&rsquo;auriez probablement jamais entendu parler \u00e0 moins que vous n&rsquo;habitiez dans la r\u00e9gion.<\/p>\n<p>Colpach se trouve au Luxembourg, \u00e0 un saut de puce de la Belgique (on ne se rend m\u00eame pas compte qu&rsquo;on traverse la fronti\u00e8re), pas tr\u00e8s loin d&rsquo;Arlon ni de Martelange, l\u00e0 o\u00f9 le frontalier se ravitaille habituellement en carburant.<br \/>\nLe rendez-vous est fix\u00e9 dans un centre de revalidation, nich\u00e9 au c\u0153ur d&rsquo;un parc. Pour la journ\u00e9e, il s&rsquo;agira d&rsquo;une clinique ukrainienne, sp\u00e9cialis\u00e9e dans les probl\u00e8mes de fertilit\u00e9.<\/p>\n<p>&nbsp;<\/p>\n<p style=\"text-align: right;\"><em>[Photos Kaos Films \/ P.P. \/ Cinevox 2014]<\/em><\/p>\n<p>&nbsp;<\/p>\n<p><!--more--><\/p>\n<p>&nbsp;<\/p>\n<p><a href=\"http:\/\/www.cinevox.be\/sur-le-tournage-de-melody\/pix_001_034-mov-still005-2\/\" rel=\"attachment wp-att-52819\"><img loading=\"lazy\" decoding=\"async\" class=\"aligncenter size-full wp-image-52819\" alt=\"\" src=\"http:\/\/www.cinevox.be\/wp-content\/uploads\/2014\/02\/PIX_001_034.mov.Still0051.jpg\" width=\"1920\" height=\"1080\" srcset=\"https:\/\/w-l-c.be\/wp-content\/uploads\/2014\/02\/PIX_001_034.mov.Still0051.jpg 1920w, https:\/\/w-l-c.be\/wp-content\/uploads\/2014\/02\/PIX_001_034.mov.Still0051-200x113.jpg 200w, https:\/\/w-l-c.be\/wp-content\/uploads\/2014\/02\/PIX_001_034.mov.Still0051-480x270.jpg 480w, https:\/\/w-l-c.be\/wp-content\/uploads\/2014\/02\/PIX_001_034.mov.Still0051-800x450.jpg 800w, https:\/\/w-l-c.be\/wp-content\/uploads\/2014\/02\/PIX_001_034.mov.Still0051-300x169.jpg 300w, https:\/\/w-l-c.be\/wp-content\/uploads\/2014\/02\/PIX_001_034.mov.Still0051-620x350.jpg 620w\" sizes=\"auto, (max-width: 1920px) 100vw, 1920px\" \/><\/a><\/p>\n<p>&nbsp;<\/p>\n<p>Dans la salle d&rsquo;attente, face \u00e0 face, deux femmes blondes, un peu nerveuses, m\u00eame si elles tentent de le masquer. L&rsquo;une d&rsquo;entre elles, une \u00e9l\u00e9gante quadrag\u00e9naire, qu&rsquo;on devine d\u00e9cid\u00e9e et volontiers autoritaire, a un accent anglais prononc\u00e9. L&rsquo;autre, plus jeune, feint d&rsquo;\u00eatre \u00e0 l&rsquo;aise et d\u00e9tendue.<\/p>\n<p>&nbsp;<\/p>\n<p>\u00ab\u00a0C&rsquo;est vous qui devriez \u00eatre nerveuse\u00a0\u00bb, lui fait cyniquement remarquer l&rsquo;Anglaise, agac\u00e9e par ce dilettantisme.<br \/>\nEt pour cause: c&rsquo;est la jeune femme qui vient ici pour se faire ins\u00e9miner avec un ovocyte f\u00e9cond\u00e9 qui donnera peut-\u00eatre \u00e0 sa compagne de voyage le b\u00e9b\u00e9 dont elle a tant r\u00eav\u00e9.<\/p>\n<p>&nbsp;<\/p>\n<p><a href=\"http:\/\/www.cinevox.be\/sur-le-tournage-de-melody\/pix_001_034-mov-still003\/\" rel=\"attachment wp-att-52821\"><img loading=\"lazy\" decoding=\"async\" class=\"aligncenter size-full wp-image-52821\" alt=\"\" src=\"http:\/\/www.cinevox.be\/wp-content\/uploads\/2014\/02\/PIX_001_034.mov.Still003.jpg\" width=\"1920\" height=\"1080\" srcset=\"https:\/\/w-l-c.be\/wp-content\/uploads\/2014\/02\/PIX_001_034.mov.Still003.jpg 1920w, https:\/\/w-l-c.be\/wp-content\/uploads\/2014\/02\/PIX_001_034.mov.Still003-200x113.jpg 200w, https:\/\/w-l-c.be\/wp-content\/uploads\/2014\/02\/PIX_001_034.mov.Still003-480x270.jpg 480w, https:\/\/w-l-c.be\/wp-content\/uploads\/2014\/02\/PIX_001_034.mov.Still003-800x450.jpg 800w, https:\/\/w-l-c.be\/wp-content\/uploads\/2014\/02\/PIX_001_034.mov.Still003-300x169.jpg 300w, https:\/\/w-l-c.be\/wp-content\/uploads\/2014\/02\/PIX_001_034.mov.Still003-620x350.jpg 620w\" sizes=\"auto, (max-width: 1920px) 100vw, 1920px\" \/><\/a><\/p>\n<p>&nbsp;<\/p>\n<p>Quand nous sommes pass\u00e9s sur son tournage,\u00a0<i>Melody<\/i>\u00a0terminait son \u00e9pisode luxembourgeois : trois semaines de sc\u00e8nes intimes en studio ou, comme aujourd&rsquo;hui, dans des endroits r\u00e9am\u00e9nag\u00e9s par l&rsquo;\u00e9quipe d\u00e9co.<\/p>\n<p>&nbsp;<\/p>\n<p>Coproduction alambiqu\u00e9e, le deuxi\u00e8me long m\u00e9trage de\u00a0<b>Bernard Bellefroid<\/b>\u00a0n&rsquo;a pas \u00e9t\u00e9 facile \u00e0 financer.\u00a0<i>Artemis<\/i>\u00a0qui s&rsquo;est battu pendant de long mois pour permettre au r\u00e9alisateur d\u00e9sormais braban\u00e7on d&rsquo;offrir une suite \u00e0\u00a0<i>La R\u00e9gate<\/i>\u00a0a d\u00fb jongler avec diff\u00e9rents partenaires, des aides f\u00e9d\u00e9rales et r\u00e9gionales, le fameux tax-shelter aussi, pour r\u00e9unir le budget n\u00e9cessaire.<\/p>\n<p>Ce ne fut pas une sin\u00e9cure, mais le r\u00e9sultat est l\u00e0: depuis la fin du mois de janvier, le cin\u00e9aste a retrouv\u00e9 les plateaux \u00e0 la t\u00eate d&rsquo;une toute nouvelle \u00e9quipe avec les deux magnifiques com\u00e9diennes dont il r\u00eavait.<\/p>\n<p>&nbsp;<\/p>\n<p><a href=\"http:\/\/www.cinevox.be\/sur-le-tournage-de-melody\/pix_001_034-mov-still006\/\" rel=\"attachment wp-att-52822\"><img loading=\"lazy\" decoding=\"async\" class=\"aligncenter size-full wp-image-52822\" alt=\"\" src=\"http:\/\/www.cinevox.be\/wp-content\/uploads\/2014\/02\/PIX_001_034.mov.Still006.jpg\" width=\"1920\" height=\"1080\" srcset=\"https:\/\/w-l-c.be\/wp-content\/uploads\/2014\/02\/PIX_001_034.mov.Still006.jpg 1920w, https:\/\/w-l-c.be\/wp-content\/uploads\/2014\/02\/PIX_001_034.mov.Still006-200x113.jpg 200w, https:\/\/w-l-c.be\/wp-content\/uploads\/2014\/02\/PIX_001_034.mov.Still006-480x270.jpg 480w, https:\/\/w-l-c.be\/wp-content\/uploads\/2014\/02\/PIX_001_034.mov.Still006-800x450.jpg 800w, https:\/\/w-l-c.be\/wp-content\/uploads\/2014\/02\/PIX_001_034.mov.Still006-300x169.jpg 300w, https:\/\/w-l-c.be\/wp-content\/uploads\/2014\/02\/PIX_001_034.mov.Still006-620x350.jpg 620w\" sizes=\"auto, (max-width: 1920px) 100vw, 1920px\" \/><\/a><\/p>\n<p>&nbsp;<\/p>\n<p>\u00ab\u00a0Oui, c&rsquo;est formidable\u00a0\u00bb, nous confirme-t-il, tout sourire: \u00ab\u00a0tout se passe jusqu&rsquo;ici formidablement bien, c&rsquo;est un vrai bonheur. Compar\u00e9 \u00e0 mon tournage pr\u00e9c\u00e9dent o\u00f9 j&rsquo;\u00e9tais tr\u00e8s tendu, le contraste est impressionnant.\u00a0\u00bb<\/p>\n<p>&nbsp;<\/p>\n<p>M\u00eame s&rsquo;il tr\u00e9pigne pendant les prises, passant nerveusement d&rsquo;un pied \u00e0 l&rsquo;autre, tr\u00e8s attentif \u00e0 la fluidit\u00e9 de la sc\u00e8ne et aux nuances (subtiles) du jeu de ses com\u00e9diennes, on sent en effet le r\u00e9alisateur globalement heureux.<\/p>\n<p>&nbsp;<\/p>\n<p><a href=\"http:\/\/www.cinevox.be\/sur-le-tournage-de-melody\/dsc02381\/\" rel=\"attachment wp-att-52834\"><img loading=\"lazy\" decoding=\"async\" class=\"aligncenter size-full wp-image-52834\" alt=\"\" src=\"http:\/\/www.cinevox.be\/wp-content\/uploads\/2014\/02\/DSC02381.jpg\" width=\"4896\" height=\"3672\" srcset=\"https:\/\/w-l-c.be\/wp-content\/uploads\/2014\/02\/DSC02381.jpg 4896w, https:\/\/w-l-c.be\/wp-content\/uploads\/2014\/02\/DSC02381-360x270.jpg 360w, https:\/\/w-l-c.be\/wp-content\/uploads\/2014\/02\/DSC02381-800x600.jpg 800w, https:\/\/w-l-c.be\/wp-content\/uploads\/2014\/02\/DSC02381-300x225.jpg 300w\" sizes=\"auto, (max-width: 4896px) 100vw, 4896px\" \/><\/a><\/p>\n<p>&nbsp;<\/p>\n<p>Pour lui qui ne vit que pour les images, pour raconter des histoires qui le passionnent, le soulagement est perceptible. Depuis\u00a0<i>la R\u00e9gate,<\/i>\u00a0il a \u00e9crit et patiemment peaufin\u00e9 ce sc\u00e9nario tr\u00e8s original qui lui a demand\u00e9 beaucoup de recherches. Il y a travaill\u00e9 avec deux femmes : sa compagne Carine Zimmerlin, mais aussi la Fran\u00e7aise Anne-Louise Trividic qui a plusieurs fois collabor\u00e9 avec Patrice Cherreau.<\/p>\n<p>&nbsp;<\/p>\n<p><a href=\"http:\/\/www.cinevox.be\/sur-le-tournage-de-melody\/dsc02391\/\" rel=\"attachment wp-att-52820\"><img loading=\"lazy\" decoding=\"async\" class=\"aligncenter size-full wp-image-52820\" alt=\"\" src=\"http:\/\/www.cinevox.be\/wp-content\/uploads\/2014\/02\/DSC02391.jpg\" width=\"4896\" height=\"3672\" srcset=\"https:\/\/w-l-c.be\/wp-content\/uploads\/2014\/02\/DSC02391.jpg 4896w, https:\/\/w-l-c.be\/wp-content\/uploads\/2014\/02\/DSC02391-360x270.jpg 360w, https:\/\/w-l-c.be\/wp-content\/uploads\/2014\/02\/DSC02391-800x600.jpg 800w, https:\/\/w-l-c.be\/wp-content\/uploads\/2014\/02\/DSC02391-300x225.jpg 300w\" sizes=\"auto, (max-width: 4896px) 100vw, 4896px\" \/><\/a><\/p>\n<p>&nbsp;<\/p>\n<p>Pendant cette longue p\u00e9riode de gestation, faite d&rsquo;espoirs et de crispations, de phases de d\u00e9couragement aussi, Bernard a m\u00eame d\u00e9j\u00e0 jet\u00e9 les bases d&rsquo;un troisi\u00e8me long m\u00e9trage qui se focalisera sur deux fr\u00e8res dans un milieu totalement diff\u00e9rent, avec un acteur belge que nous appr\u00e9cions particuli\u00e8rement, mais chuuut, ce n&rsquo;est ni l&rsquo;instant, ni le lieu d&rsquo;en dire plus.<\/p>\n<p>&nbsp;<\/p>\n<p><a href=\"http:\/\/www.cinevox.be\/sur-le-tournage-de-melody\/dsc02398\/\" rel=\"attachment wp-att-52835\"><img loading=\"lazy\" decoding=\"async\" class=\"aligncenter size-full wp-image-52835\" alt=\"\" src=\"http:\/\/www.cinevox.be\/wp-content\/uploads\/2014\/02\/DSC02398.jpg\" width=\"4896\" height=\"3672\" srcset=\"https:\/\/w-l-c.be\/wp-content\/uploads\/2014\/02\/DSC02398.jpg 4896w, https:\/\/w-l-c.be\/wp-content\/uploads\/2014\/02\/DSC02398-360x270.jpg 360w, https:\/\/w-l-c.be\/wp-content\/uploads\/2014\/02\/DSC02398-800x600.jpg 800w, https:\/\/w-l-c.be\/wp-content\/uploads\/2014\/02\/DSC02398-300x225.jpg 300w\" sizes=\"auto, (max-width: 4896px) 100vw, 4896px\" \/><\/a><\/p>\n<p>&nbsp;<\/p>\n<p><i>Melody<\/i>\u00a0est l&rsquo;histoire d&rsquo;une jeune fille qui r\u00eave d&rsquo;ouvrir un salon de coiffure, mais n&rsquo;a pas le premier sou pour cela.<br \/>\nC&rsquo;est aussi l&rsquo;histoire d&rsquo;Emily qui tremble \u00e0 l&rsquo;id\u00e9e de voir le but ultime de toute son existence s&rsquo;\u00e9vanouir : elle veut un enfant, mais elle ne dispose plus pour concr\u00e9tiser son r\u00eave que d&rsquo;un seul embryon congel\u00e9. Elle ne pourra plus jamais en produire d&rsquo;autres. Sa seule option : trouver un ventre f\u00e9cond pour que cette vie se d\u00e9veloppe.<\/p>\n<p><i>Melody<\/i>\u00a0suit donc le trajet de ces deux femmes qui semblent ne rien avoir en commun, leur rencontre, et le petit bout de chemin qu&rsquo;elles vont devoir parcourir ensemble dans l&rsquo;espoir de parvenir \u00e0 une vie meilleure, chacune de son c\u00f4t\u00e9.<\/p>\n<p>&nbsp;<\/p>\n<p><a href=\"http:\/\/www.cinevox.be\/sur-le-tournage-de-melody\/dsc02399\/\" rel=\"attachment wp-att-52824\"><img loading=\"lazy\" decoding=\"async\" class=\"aligncenter size-full wp-image-52824\" alt=\"\" src=\"http:\/\/www.cinevox.be\/wp-content\/uploads\/2014\/02\/DSC02399.jpg\" width=\"4896\" height=\"3672\" srcset=\"https:\/\/w-l-c.be\/wp-content\/uploads\/2014\/02\/DSC02399.jpg 4896w, https:\/\/w-l-c.be\/wp-content\/uploads\/2014\/02\/DSC02399-360x270.jpg 360w, https:\/\/w-l-c.be\/wp-content\/uploads\/2014\/02\/DSC02399-800x600.jpg 800w, https:\/\/w-l-c.be\/wp-content\/uploads\/2014\/02\/DSC02399-300x225.jpg 300w\" sizes=\"auto, (max-width: 4896px) 100vw, 4896px\" \/><\/a><\/p>\n<p>&nbsp;<\/p>\n<p>Outre le travail de documentation cons\u00e9quent qui donne au film son authenticit\u00e9 indispensable, l&rsquo;\u00e9criture du sc\u00e9nario a surtout consist\u00e9 \u00e0 affiner les relations complexes entre ces deux protagonistes. Un travail qui s&rsquo;est encore enrichi au fil des r\u00e9p\u00e9titions que le trio a men\u00e9es avant le tournage.<\/p>\n<p>&nbsp;<\/p>\n<p>\u00ab\u00a0Le sc\u00e9nario a encore beaucoup \u00e9volu\u00e9\u00a0\u00bb, nous confirme <b>Rachael Blake<\/b>, souriante et chaleureuse, heureuse de trouver sa place dans un contexte qu&rsquo;elle ne connaissait absolument pas.<\/p>\n<p>\u00ab\u00a0Pour l&rsquo;instant, j&rsquo;avais surtout travaill\u00e9 dans des films tir\u00e9s par l&rsquo;action (<i>action driven<\/i>). Ici, ce sont les relations de ces deux femmes, les \u00e9motions, leurs personnalit\u00e9s qui font avancer l&rsquo;histoire. J&rsquo;adore \u00e7a. \u00a0\u00bb<\/p>\n<p>&nbsp;<\/p>\n<p><a href=\"http:\/\/www.cinevox.be\/sur-le-tournage-de-melody\/sequence-01-still003\/\" rel=\"attachment wp-att-52825\"><img loading=\"lazy\" decoding=\"async\" class=\"aligncenter size-full wp-image-52825\" alt=\"\" src=\"http:\/\/www.cinevox.be\/wp-content\/uploads\/2014\/02\/Sequence-01.Still003.jpg\" width=\"1920\" height=\"1080\" srcset=\"https:\/\/w-l-c.be\/wp-content\/uploads\/2014\/02\/Sequence-01.Still003.jpg 1920w, https:\/\/w-l-c.be\/wp-content\/uploads\/2014\/02\/Sequence-01.Still003-200x113.jpg 200w, https:\/\/w-l-c.be\/wp-content\/uploads\/2014\/02\/Sequence-01.Still003-480x270.jpg 480w, https:\/\/w-l-c.be\/wp-content\/uploads\/2014\/02\/Sequence-01.Still003-800x450.jpg 800w, https:\/\/w-l-c.be\/wp-content\/uploads\/2014\/02\/Sequence-01.Still003-300x169.jpg 300w, https:\/\/w-l-c.be\/wp-content\/uploads\/2014\/02\/Sequence-01.Still003-620x350.jpg 620w\" sizes=\"auto, (max-width: 1920px) 100vw, 1920px\" \/><\/a><\/p>\n<p>&nbsp;<\/p>\n<p>Rachael ne s&rsquo;exprime pas en fran\u00e7ais, mais pour des raisons de coproduction le film doit \u00eatre essentiellement parl\u00e9 dans notre langue.<\/p>\n<p>&nbsp;<\/p>\n<p>\u00ab\u00a051% des dialogues doivent \u00eatre en fran\u00e7ais\u00a0\u00bb, nous explique <b>Bernard Bellefroid<\/b>. \u00ab\u00a0Lorsque le film sera termin\u00e9, il sera visionn\u00e9 par des sp\u00e9cialistes sourds-muets qui liront sur les l\u00e8vres. Pas question donc de jouer en anglais et de postsynchroniser le film ensuite. Ce sont des r\u00e8gles strictes et nous faisons tr\u00e8s attention \u00e0 les respecter \u00e0 la lettre. Du\u00a0 coup, j&rsquo;ai jou\u00e9 de la contrainte pour en faire une force. Dans les situations les plus conflictuelles, celle des deux femmes qui prend le dessus, tente d&rsquo;amener la conversation dans sa propre langue pour mettre l&rsquo;autre en position de faiblesse. Finalement, cette contingence devient un \u00e9l\u00e9ment du r\u00e9cit, c&rsquo;est bien.\u00a0\u00bb<\/p>\n<p>&nbsp;<\/p>\n<p><a href=\"http:\/\/www.cinevox.be\/sur-le-tournage-de-melody\/sequence-01-still009-2\/\" rel=\"attachment wp-att-52826\"><img loading=\"lazy\" decoding=\"async\" class=\"aligncenter size-full wp-image-52826\" alt=\"\" src=\"http:\/\/www.cinevox.be\/wp-content\/uploads\/2014\/02\/Sequence-01.Still009.jpg\" width=\"1920\" height=\"1080\" srcset=\"https:\/\/w-l-c.be\/wp-content\/uploads\/2014\/02\/Sequence-01.Still009.jpg 1920w, https:\/\/w-l-c.be\/wp-content\/uploads\/2014\/02\/Sequence-01.Still009-200x113.jpg 200w, https:\/\/w-l-c.be\/wp-content\/uploads\/2014\/02\/Sequence-01.Still009-480x270.jpg 480w, https:\/\/w-l-c.be\/wp-content\/uploads\/2014\/02\/Sequence-01.Still009-800x450.jpg 800w, https:\/\/w-l-c.be\/wp-content\/uploads\/2014\/02\/Sequence-01.Still009-300x169.jpg 300w, https:\/\/w-l-c.be\/wp-content\/uploads\/2014\/02\/Sequence-01.Still009-620x350.jpg 620w\" sizes=\"auto, (max-width: 1920px) 100vw, 1920px\" \/><\/a><\/p>\n<p>&nbsp;<\/p>\n<p>Lorsqu&rsquo;elle doit jouer en fran\u00e7ais comme dans la premi\u00e8re sc\u00e8ne \u00e0 laquelle nous assistons, Rachael est coach\u00e9e jusque dans les moindres nuances par Bernard Bellefroid. Sa voix rauque et suave se double alors d&rsquo;un accent carr\u00e9ment irr\u00e9sistible.<\/p>\n<p>Ce n&rsquo;est aps un secret : la com\u00e9dienne est n\u00e9e sourde d&rsquo;une oreille et a subi pendant les premi\u00e8res ann\u00e9es de sa vie une s\u00e9rie d&rsquo;op\u00e9rations qui a finalement r\u00e9solu le probl\u00e8me. Son timbre vocal en a-t-il \u00e9t\u00e9 affect\u00e9? En tous cas, il est aujourd&rsquo;hui unique et carr\u00e9ment hypnotisant.<\/p>\n<p>&nbsp;<\/p>\n<p><a href=\"http:\/\/www.cinevox.be\/sur-le-tournage-de-melody\/itv3-2\/\" rel=\"attachment wp-att-52827\"><img loading=\"lazy\" decoding=\"async\" class=\"aligncenter size-full wp-image-52827\" alt=\"\" src=\"http:\/\/www.cinevox.be\/wp-content\/uploads\/2014\/02\/ITV31.jpg\" width=\"1920\" height=\"1080\" srcset=\"https:\/\/w-l-c.be\/wp-content\/uploads\/2014\/02\/ITV31.jpg 1920w, https:\/\/w-l-c.be\/wp-content\/uploads\/2014\/02\/ITV31-200x113.jpg 200w, https:\/\/w-l-c.be\/wp-content\/uploads\/2014\/02\/ITV31-480x270.jpg 480w, https:\/\/w-l-c.be\/wp-content\/uploads\/2014\/02\/ITV31-800x450.jpg 800w, https:\/\/w-l-c.be\/wp-content\/uploads\/2014\/02\/ITV31-300x169.jpg 300w, https:\/\/w-l-c.be\/wp-content\/uploads\/2014\/02\/ITV31-620x350.jpg 620w\" sizes=\"auto, (max-width: 1920px) 100vw, 1920px\" \/><\/a><\/p>\n<p>&nbsp;<\/p>\n<p>Face \u00e0 cette actrice qui compte d\u00e9j\u00e0 plusieurs longs m\u00e9trages et quelques s\u00e9ries prestigieuses \u00e0 son actif, la jeune <b>Lucie Debay<\/b> qu&rsquo;on conna\u00eet pour ses prestations sur sc\u00e8ne, quelques courts et pour son premier r\u00f4le dans le long m\u00e9trage d\u2019Olivier Boonjing, <i>Somewhere Between Here and Now,<\/i> semble d\u00e9j\u00e0 comme un poisson dans l&rsquo;eau. La complicit\u00e9 entre les deux femmes est \u00e9vidente et il est clair que le r\u00f4le sensible qu&rsquo;elle endosse ici va lui ouvrir tr\u00e8s grand les portes du cin\u00e9ma.<\/p>\n<p>Rencontr\u00e9e lors d&rsquo;un casting, Lucie a d&#8217;embl\u00e9e boulevers\u00e9 Bernard Bellefroid qui en a toujours fait son premier choix.<\/p>\n<p>&nbsp;<\/p>\n<p><a href=\"http:\/\/www.cinevox.be\/sur-le-tournage-de-melody\/pix_001_034-mov-still011-2\/\" rel=\"attachment wp-att-52828\"><img loading=\"lazy\" decoding=\"async\" class=\"aligncenter size-full wp-image-52828\" alt=\"\" src=\"http:\/\/www.cinevox.be\/wp-content\/uploads\/2014\/02\/PIX_001_034.mov.Still0111.jpg\" width=\"1920\" height=\"1080\" srcset=\"https:\/\/w-l-c.be\/wp-content\/uploads\/2014\/02\/PIX_001_034.mov.Still0111.jpg 1920w, https:\/\/w-l-c.be\/wp-content\/uploads\/2014\/02\/PIX_001_034.mov.Still0111-200x113.jpg 200w, https:\/\/w-l-c.be\/wp-content\/uploads\/2014\/02\/PIX_001_034.mov.Still0111-480x270.jpg 480w, https:\/\/w-l-c.be\/wp-content\/uploads\/2014\/02\/PIX_001_034.mov.Still0111-800x450.jpg 800w, https:\/\/w-l-c.be\/wp-content\/uploads\/2014\/02\/PIX_001_034.mov.Still0111-300x169.jpg 300w, https:\/\/w-l-c.be\/wp-content\/uploads\/2014\/02\/PIX_001_034.mov.Still0111-620x350.jpg 620w\" sizes=\"auto, (max-width: 1920px) 100vw, 1920px\" \/><\/a><\/p>\n<p>&nbsp;<\/p>\n<p>Apr\u00e8s son \u00e9pisode luxembourgeois, le tournage de <i>Melody<\/i> s&rsquo;est d\u00e9plac\u00e9 en Bretagne o\u00f9 seront film\u00e9es jusqu&rsquo;au 8 mars de nombreuses sc\u00e8nes \u00e0 Rennes, \u00e0 Brest, puis au bord de la mer dans le Finist\u00e8re sur la presqu\u2019\u00eele de Crozon. L&rsquo;\u00e9quipe se rendra aussi en Angleterre dans une configuration tr\u00e8s r\u00e9duite pour mettre en bo\u00eete quelques ext\u00e9rieurs.<\/p>\n<p>&nbsp;<\/p>\n<p>Le montage et la postproduction de<i> Melody <\/i>ne devraient pas tra\u00eener<i>. <\/i>Le film<i> <\/i>est attendu aux environs de la rentr\u00e9e, une p\u00e9riode riche en festivals et en \u00e9v\u00e9nements cin\u00e9matographiques, id\u00e9ale pour une \u0153uvre qui s&rsquo;annonce \u00e0 la fois ambitieuse et sensible. Bouleversante, m\u00eame.<\/p>\n<p>&nbsp;<\/p>\n<p><a href=\"http:\/\/www.cinevox.be\/sur-le-tournage-de-melody\/pix_001_034-mov-still010\/\" rel=\"attachment wp-att-52836\"><img loading=\"lazy\" decoding=\"async\" class=\"aligncenter size-full wp-image-52836\" alt=\"\" src=\"http:\/\/www.cinevox.be\/wp-content\/uploads\/2014\/02\/PIX_001_034.mov.Still010.jpg\" width=\"1920\" height=\"1080\" srcset=\"https:\/\/w-l-c.be\/wp-content\/uploads\/2014\/02\/PIX_001_034.mov.Still010.jpg 1920w, https:\/\/w-l-c.be\/wp-content\/uploads\/2014\/02\/PIX_001_034.mov.Still010-200x113.jpg 200w, https:\/\/w-l-c.be\/wp-content\/uploads\/2014\/02\/PIX_001_034.mov.Still010-480x270.jpg 480w, https:\/\/w-l-c.be\/wp-content\/uploads\/2014\/02\/PIX_001_034.mov.Still010-800x450.jpg 800w, https:\/\/w-l-c.be\/wp-content\/uploads\/2014\/02\/PIX_001_034.mov.Still010-300x169.jpg 300w, https:\/\/w-l-c.be\/wp-content\/uploads\/2014\/02\/PIX_001_034.mov.Still010-620x350.jpg 620w\" sizes=\"auto, (max-width: 1920px) 100vw, 1920px\" \/><\/a><\/p>\n<p>&nbsp;<\/p>\n<p>D&rsquo;ici l\u00e0, vous retrouverez bien s\u00fbr, \u00e0 de nombreuses reprises, Bernard Bellefroid et ses deux com\u00e9diennes sur notre site et m\u00eame dans les cin\u00e9mas gr\u00e2ce \u00e0 un Grand Ecran Cinevox programm\u00e9 au printemps.<\/p>\n","protected":false},"excerpt":{"rendered":"<p>La sc\u00e8ne se passe \u00e0 Colpach-Bas, un petit village dont vous n&rsquo;auriez probablement jamais entendu parler \u00e0 moins que vous n&rsquo;habitiez dans la r\u00e9gion. Colpach se trouve au Luxembourg, \u00e0 un saut de puce de la Belgique (on ne se rend m\u00eame pas compte qu&rsquo;on traverse la fronti\u00e8re), pas tr\u00e8s loin d&rsquo;Arlon ni de Martelange, &hellip;<\/p>\n","protected":false},"author":7,"featured_media":52830,"comment_status":"closed","ping_status":"closed","sticky":false,"template":"","format":"standard","meta":{"ngg_post_thumbnail":0,"footnotes":""},"categories":[11],"tags":[],"class_list":["post-52818","post","type-post","status-publish","format-standard","has-post-thumbnail","","category-tournages"],"yoast_head":"<!-- This site is optimized with the Yoast SEO plugin v20.4 - https:\/\/yoast.com\/wordpress\/plugins\/seo\/ -->\n<title>Sur le tournage de Melody - w-l-c<\/title>\n<meta name=\"robots\" content=\"noindex, follow, max-snippet:-1, max-image-preview:large, max-video-preview:-1\" \/>\n<meta property=\"og:locale\" content=\"fr_FR\" \/>\n<meta property=\"og:type\" content=\"article\" \/>\n<meta property=\"og:title\" content=\"Sur le tournage de Melody - w-l-c\" \/>\n<meta property=\"og:description\" content=\"La sc\u00e8ne se passe \u00e0 Colpach-Bas, un petit village dont vous n&rsquo;auriez probablement jamais entendu parler \u00e0 moins que vous n&rsquo;habitiez dans la r\u00e9gion. Colpach se trouve au Luxembourg, \u00e0 un saut de puce de la Belgique (on ne se rend m\u00eame pas compte qu&rsquo;on traverse la fronti\u00e8re), pas tr\u00e8s loin d&rsquo;Arlon ni de Martelange, &hellip;\" \/>\n<meta property=\"og:url\" content=\"https:\/\/w-l-c.be\/fr\/sur-le-tournage-de-melody\/\" \/>\n<meta property=\"og:site_name\" content=\"w-l-c\" \/>\n<meta property=\"article:published_time\" content=\"2014-02-20T09:17:29+00:00\" \/>\n<meta property=\"article:modified_time\" content=\"2014-06-17T07:01:32+00:00\" \/>\n<meta property=\"og:image\" content=\"https:\/\/w-l-c.be\/wp-content\/uploads\/2014\/02\/DSC02403.jpg\" \/>\n\t<meta property=\"og:image:width\" content=\"4896\" \/>\n\t<meta property=\"og:image:height\" content=\"3672\" \/>\n\t<meta property=\"og:image:type\" content=\"image\/jpeg\" \/>\n<meta name=\"author\" content=\"Philippe.Pierquin\" \/>\n<meta name=\"twitter:card\" content=\"summary_large_image\" \/>\n<meta name=\"twitter:label1\" content=\"\u00c9crit par\" \/>\n\t<meta name=\"twitter:data1\" content=\"Philippe.Pierquin\" \/>\n\t<meta name=\"twitter:label2\" content=\"Dur\u00e9e de lecture estim\u00e9e\" \/>\n\t<meta name=\"twitter:data2\" content=\"7 minutes\" \/>\n<script type=\"application\/ld+json\" class=\"yoast-schema-graph\">{\"@context\":\"https:\/\/schema.org\",\"@graph\":[{\"@type\":\"WebPage\",\"@id\":\"https:\/\/w-l-c.be\/fr\/sur-le-tournage-de-melody\/\",\"url\":\"https:\/\/w-l-c.be\/fr\/sur-le-tournage-de-melody\/\",\"name\":\"Sur le tournage de Melody - w-l-c\",\"isPartOf\":{\"@id\":\"https:\/\/w-l-c.be\/fr\/#website\"},\"datePublished\":\"2014-02-20T09:17:29+00:00\",\"dateModified\":\"2014-06-17T07:01:32+00:00\",\"author\":{\"@id\":\"https:\/\/w-l-c.be\/fr\/#\/schema\/person\/4b9b1d857f0943453a38a7c2859ef756\"},\"breadcrumb\":{\"@id\":\"https:\/\/w-l-c.be\/fr\/sur-le-tournage-de-melody\/#breadcrumb\"},\"inLanguage\":\"fr-FR\",\"potentialAction\":[{\"@type\":\"ReadAction\",\"target\":[\"https:\/\/w-l-c.be\/fr\/sur-le-tournage-de-melody\/\"]}]},{\"@type\":\"BreadcrumbList\",\"@id\":\"https:\/\/w-l-c.be\/fr\/sur-le-tournage-de-melody\/#breadcrumb\",\"itemListElement\":[{\"@type\":\"ListItem\",\"position\":1,\"name\":\"Accueil\",\"item\":\"https:\/\/w-l-c.be\/fr\/\"},{\"@type\":\"ListItem\",\"position\":2,\"name\":\"Sur le tournage de Melody\"}]},{\"@type\":\"WebSite\",\"@id\":\"https:\/\/w-l-c.be\/fr\/#website\",\"url\":\"https:\/\/w-l-c.be\/fr\/\",\"name\":\"w-l-c\",\"description\":\"Le cin\u00e9ma vu par les belges\",\"potentialAction\":[{\"@type\":\"SearchAction\",\"target\":{\"@type\":\"EntryPoint\",\"urlTemplate\":\"https:\/\/w-l-c.be\/fr\/?s={search_term_string}\"},\"query-input\":\"required name=search_term_string\"}],\"inLanguage\":\"fr-FR\"},{\"@type\":\"Person\",\"@id\":\"https:\/\/w-l-c.be\/fr\/#\/schema\/person\/4b9b1d857f0943453a38a7c2859ef756\",\"name\":\"Philippe.Pierquin\",\"url\":\"https:\/\/w-l-c.be\/fr\/author\/philippe-pierquin\/\"}]}<\/script>\n<!-- \/ Yoast SEO plugin. -->","yoast_head_json":{"title":"Sur le tournage de Melody - w-l-c","robots":{"index":"noindex","follow":"follow","max-snippet":"max-snippet:-1","max-image-preview":"max-image-preview:large","max-video-preview":"max-video-preview:-1"},"og_locale":"fr_FR","og_type":"article","og_title":"Sur le tournage de Melody - w-l-c","og_description":"La sc\u00e8ne se passe \u00e0 Colpach-Bas, un petit village dont vous n&rsquo;auriez probablement jamais entendu parler \u00e0 moins que vous n&rsquo;habitiez dans la r\u00e9gion. Colpach se trouve au Luxembourg, \u00e0 un saut de puce de la Belgique (on ne se rend m\u00eame pas compte qu&rsquo;on traverse la fronti\u00e8re), pas tr\u00e8s loin d&rsquo;Arlon ni de Martelange, &hellip;","og_url":"https:\/\/w-l-c.be\/fr\/sur-le-tournage-de-melody\/","og_site_name":"w-l-c","article_published_time":"2014-02-20T09:17:29+00:00","article_modified_time":"2014-06-17T07:01:32+00:00","og_image":[{"width":4896,"height":3672,"url":"https:\/\/w-l-c.be\/wp-content\/uploads\/2014\/02\/DSC02403.jpg","type":"image\/jpeg"}],"author":"Philippe.Pierquin","twitter_card":"summary_large_image","twitter_misc":{"\u00c9crit par":"Philippe.Pierquin","Dur\u00e9e de lecture estim\u00e9e":"7 minutes"},"schema":{"@context":"https:\/\/schema.org","@graph":[{"@type":"WebPage","@id":"https:\/\/w-l-c.be\/fr\/sur-le-tournage-de-melody\/","url":"https:\/\/w-l-c.be\/fr\/sur-le-tournage-de-melody\/","name":"Sur le tournage de Melody - w-l-c","isPartOf":{"@id":"https:\/\/w-l-c.be\/fr\/#website"},"datePublished":"2014-02-20T09:17:29+00:00","dateModified":"2014-06-17T07:01:32+00:00","author":{"@id":"https:\/\/w-l-c.be\/fr\/#\/schema\/person\/4b9b1d857f0943453a38a7c2859ef756"},"breadcrumb":{"@id":"https:\/\/w-l-c.be\/fr\/sur-le-tournage-de-melody\/#breadcrumb"},"inLanguage":"fr-FR","potentialAction":[{"@type":"ReadAction","target":["https:\/\/w-l-c.be\/fr\/sur-le-tournage-de-melody\/"]}]},{"@type":"BreadcrumbList","@id":"https:\/\/w-l-c.be\/fr\/sur-le-tournage-de-melody\/#breadcrumb","itemListElement":[{"@type":"ListItem","position":1,"name":"Accueil","item":"https:\/\/w-l-c.be\/fr\/"},{"@type":"ListItem","position":2,"name":"Sur le tournage de Melody"}]},{"@type":"WebSite","@id":"https:\/\/w-l-c.be\/fr\/#website","url":"https:\/\/w-l-c.be\/fr\/","name":"w-l-c","description":"Le cin\u00e9ma vu par les belges","potentialAction":[{"@type":"SearchAction","target":{"@type":"EntryPoint","urlTemplate":"https:\/\/w-l-c.be\/fr\/?s={search_term_string}"},"query-input":"required name=search_term_string"}],"inLanguage":"fr-FR"},{"@type":"Person","@id":"https:\/\/w-l-c.be\/fr\/#\/schema\/person\/4b9b1d857f0943453a38a7c2859ef756","name":"Philippe.Pierquin","url":"https:\/\/w-l-c.be\/fr\/author\/philippe-pierquin\/"}]}},"_links":{"self":[{"href":"https:\/\/w-l-c.be\/fr\/wp-json\/wp\/v2\/posts\/52818","targetHints":{"allow":["GET"]}}],"collection":[{"href":"https:\/\/w-l-c.be\/fr\/wp-json\/wp\/v2\/posts"}],"about":[{"href":"https:\/\/w-l-c.be\/fr\/wp-json\/wp\/v2\/types\/post"}],"author":[{"embeddable":true,"href":"https:\/\/w-l-c.be\/fr\/wp-json\/wp\/v2\/users\/7"}],"replies":[{"embeddable":true,"href":"https:\/\/w-l-c.be\/fr\/wp-json\/wp\/v2\/comments?post=52818"}],"version-history":[{"count":0,"href":"https:\/\/w-l-c.be\/fr\/wp-json\/wp\/v2\/posts\/52818\/revisions"}],"wp:featuredmedia":[{"embeddable":true,"href":"https:\/\/w-l-c.be\/fr\/wp-json\/wp\/v2\/media\/52830"}],"wp:attachment":[{"href":"https:\/\/w-l-c.be\/fr\/wp-json\/wp\/v2\/media?parent=52818"}],"wp:term":[{"taxonomy":"category","embeddable":true,"href":"https:\/\/w-l-c.be\/fr\/wp-json\/wp\/v2\/categories?post=52818"},{"taxonomy":"post_tag","embeddable":true,"href":"https:\/\/w-l-c.be\/fr\/wp-json\/wp\/v2\/tags?post=52818"}],"curies":[{"name":"wp","href":"https:\/\/api.w.org\/{rel}","templated":true}]}}