
{"id":53141,"date":"2014-02-24T17:41:35","date_gmt":"2014-02-24T16:41:35","guid":{"rendered":"http:\/\/www.cinevox.be\/?p=53141"},"modified":"2014-02-25T17:32:41","modified_gmt":"2014-02-25T16:32:41","slug":"thomas-coumans-vs-benjamin-ramon-choc-au-sommet-pour-arte","status":"publish","type":"post","link":"https:\/\/w-l-c.be\/fr\/thomas-coumans-vs-benjamin-ramon-choc-au-sommet-pour-arte\/","title":{"rendered":"Thomas Coumans Vs Benjamin Ramon : choc au sommet pour Arte"},"content":{"rendered":"<p><i>Palace Beach Hotel<\/i>. Le titre respire le soleil, le farniente. Si on ajoute que le tournage de ce long m\u00e9trage destin\u00e9 se d\u00e9roulera \u00e0 Chypre, on a d\u00e9j\u00e0 une vision tr\u00e8s pr\u00e9cise du panorama : vacances, j\u2019oublie tout, rien \u00e0 faire\u2026<\/p>\n<p>Sauf que\u2026 pas du tout.<!--more--><\/p>\n<p>&nbsp;<\/p>\n<p>Le film que <b>Nicolas George<\/b> (les Films du Carr\u00e9) coproduit avec CINETEVE parle de trois soldats fran\u00e7ais qui ont combattu en Afghanistan. Pour les militaires envoy\u00e9s l\u00e0-bas, Chypre est un passage oblig\u00e9 sur la route du retour; un sas o\u00f9 on les d\u00e9briefe avant de les rendre \u00e0 la vie civile.<\/p>\n<p>&nbsp;<\/p>\n<p>Les trois jeunes gens dont il est ici question ont \u00e9t\u00e9 tr\u00e8s secou\u00e9s : un de leurs copains est mort \u00e9gorg\u00e9 par un Taliban et le choc a \u00e9t\u00e9 rude. Sur les lieux, ils ont aussi trouv\u00e9 de la drogue et les petits malins qui n\u2019ont sans doute plus les id\u00e9es tr\u00e8s claires se sont dit qu\u2019en la ramenant en France, ils pourraient se constituer un p\u00e9cule all\u00e9chant. Encore faut-il pour eux passer l\u2019\u00e9preuve chypriote et leur retour au pays.<\/p>\n<p>&nbsp;<\/p>\n<p><a href=\"http:\/\/www.cinevox.be\/thomas-coumans-vs-benjamin-ramon-choc-au-sommet-pour-arte\/img_9552\/\" rel=\"attachment wp-att-53142\"><img loading=\"lazy\" decoding=\"async\" class=\"aligncenter size-full wp-image-53142\" alt=\"\" src=\"http:\/\/www.cinevox.be\/wp-content\/uploads\/2014\/02\/IMG_9552.jpg\" width=\"5184\" height=\"3456\" srcset=\"https:\/\/w-l-c.be\/wp-content\/uploads\/2014\/02\/IMG_9552.jpg 5184w, https:\/\/w-l-c.be\/wp-content\/uploads\/2014\/02\/IMG_9552-405x270.jpg 405w, https:\/\/w-l-c.be\/wp-content\/uploads\/2014\/02\/IMG_9552-800x533.jpg 800w\" sizes=\"auto, (max-width: 5184px) 100vw, 5184px\" \/><\/a><\/p>\n<p style=\"text-align: right;\"><em>[Thomas Coumans &#8211; Photo Amiel P.\/Cinevox 2014]<\/em><\/p>\n<p>&nbsp;<\/p>\n<p>Sous la direction du Fran\u00e7ais <b>Philippe Venault<\/b>, trente ans d\u2019exp\u00e9rience en t\u00e9l\u00e9, principalement au service de s\u00e9ries (on note des \u00e9pisodes d\u2019<i>Engrenages<\/i> \u00e0 son palmar\u00e8s), deux des meilleurs acteurs belges actuels vont se retrouver: <a href=\"http:\/\/www.cinevox.be\/20132014-thomas-coumans\/\" target=\"_blank\">Thomas Coumans<\/a>* (<i>\u00c9l\u00e8ve Libre, Le Cerveau d\u2019Hugo, Une Place sur la Terre, Puppy Love<\/i>) et <a href=\"http:\/\/www.cinevox.be\/20132014-benjamin-ramon\/\" target=\"_blank\">Benjamin Ramon<\/a>* (Etre, <i>Mort d\u2019une ombre, Tokyo Anyway<\/i>).<\/p>\n<p>&nbsp;<\/p>\n<p><a href=\"http:\/\/www.cinevox.be\/thomas-coumans-vs-benjamin-ramon-choc-au-sommet-pour-arte\/dsc_0096\/\" rel=\"attachment wp-att-53143\"><img loading=\"lazy\" decoding=\"async\" class=\"aligncenter size-full wp-image-53143\" alt=\"\" src=\"http:\/\/www.cinevox.be\/wp-content\/uploads\/2014\/02\/DSC_0096.jpg\" width=\"640\" height=\"429\" srcset=\"https:\/\/w-l-c.be\/wp-content\/uploads\/2014\/02\/DSC_0096.jpg 640w, https:\/\/w-l-c.be\/wp-content\/uploads\/2014\/02\/DSC_0096-402x270.jpg 402w\" sizes=\"auto, (max-width: 640px) 100vw, 640px\" \/><\/a><\/p>\n<p style=\"text-align: right;\"><em>[Photo FIFF 2013]<\/em><\/p>\n<p>Dire qu\u2019on est curieux de voir se confronter ces deux jeunes gens, intenses, parmi les plus prometteurs de la nouvelle g\u00e9n\u00e9ration belge sur les planches, mais aussi sur \u00e9cran est un euph\u00e9misme.<\/p>\n<p>Le tournage d\u00e9bute le 17 mars en M\u00e9diterran\u00e9e avec pas mal de techniciens belges sur les dents. Le film sera diffus\u00e9 sur Arte vers la fin de l\u2019ann\u00e9e.<\/p>\n<p>&nbsp;<\/p>\n<p>*En cliquant sur le nom des acteurs, vous pouvez retrouver le billet\u00a02013\/2014 qu\u2019ils avaient eu la gentillesse de r\u00e9diger pour nous. Et donc faire un peu mieux connaissance avec eux.<\/p>\n<p>&nbsp;<\/p>\n<p>Voir <a href=\"http:\/\/www.cinevox.be\/tom-coumans-bande-demo\" target=\"_blank\">ICI<\/a> la bande-d\u00e9mo de Tom Coumans<\/p>\n<p>&nbsp;<\/p>\n","protected":false},"excerpt":{"rendered":"<p>Palace Beach Hotel. Le titre respire le soleil, le farniente. Si on ajoute que le tournage de ce long m\u00e9trage destin\u00e9 se d\u00e9roulera \u00e0 Chypre, on a d\u00e9j\u00e0 une vision tr\u00e8s pr\u00e9cise du panorama : vacances, j\u2019oublie tout, rien \u00e0 faire\u2026 Sauf que\u2026 pas du tout.<\/p>\n","protected":false},"author":7,"featured_media":53145,"comment_status":"closed","ping_status":"closed","sticky":false,"template":"","format":"standard","meta":{"ngg_post_thumbnail":0,"footnotes":""},"categories":[1923],"tags":[],"class_list":["post-53141","post","type-post","status-publish","format-standard","has-post-thumbnail","","category-en-bref"],"yoast_head":"<!-- This site is optimized with the Yoast SEO plugin v20.4 - https:\/\/yoast.com\/wordpress\/plugins\/seo\/ -->\n<title>Thomas Coumans Vs Benjamin Ramon : choc au sommet pour Arte - w-l-c<\/title>\n<meta name=\"robots\" content=\"noindex, follow, max-snippet:-1, max-image-preview:large, max-video-preview:-1\" \/>\n<meta property=\"og:locale\" content=\"fr_FR\" \/>\n<meta property=\"og:type\" content=\"article\" \/>\n<meta property=\"og:title\" content=\"Thomas Coumans Vs Benjamin Ramon : choc au sommet pour Arte - w-l-c\" \/>\n<meta property=\"og:description\" content=\"Palace Beach Hotel. Le titre respire le soleil, le farniente. Si on ajoute que le tournage de ce long m\u00e9trage destin\u00e9 se d\u00e9roulera \u00e0 Chypre, on a d\u00e9j\u00e0 une vision tr\u00e8s pr\u00e9cise du panorama : vacances, j\u2019oublie tout, rien \u00e0 faire\u2026 Sauf que\u2026 pas du tout.\" \/>\n<meta property=\"og:url\" content=\"https:\/\/w-l-c.be\/fr\/thomas-coumans-vs-benjamin-ramon-choc-au-sommet-pour-arte\/\" \/>\n<meta property=\"og:site_name\" content=\"w-l-c\" \/>\n<meta property=\"article:published_time\" content=\"2014-02-24T16:41:35+00:00\" \/>\n<meta property=\"article:modified_time\" content=\"2014-02-25T16:32:41+00:00\" \/>\n<meta property=\"og:image\" content=\"https:\/\/w-l-c.be\/wp-content\/uploads\/2014\/02\/afghan.jpg\" \/>\n\t<meta property=\"og:image:width\" content=\"1000\" \/>\n\t<meta property=\"og:image:height\" content=\"583\" \/>\n\t<meta property=\"og:image:type\" content=\"image\/jpeg\" \/>\n<meta name=\"author\" content=\"Philippe.Pierquin\" \/>\n<meta name=\"twitter:card\" content=\"summary_large_image\" \/>\n<meta name=\"twitter:label1\" content=\"\u00c9crit par\" \/>\n\t<meta name=\"twitter:data1\" content=\"Philippe.Pierquin\" \/>\n\t<meta name=\"twitter:label2\" content=\"Dur\u00e9e de lecture estim\u00e9e\" \/>\n\t<meta name=\"twitter:data2\" content=\"2 minutes\" \/>\n<script type=\"application\/ld+json\" class=\"yoast-schema-graph\">{\"@context\":\"https:\/\/schema.org\",\"@graph\":[{\"@type\":\"WebPage\",\"@id\":\"https:\/\/w-l-c.be\/fr\/thomas-coumans-vs-benjamin-ramon-choc-au-sommet-pour-arte\/\",\"url\":\"https:\/\/w-l-c.be\/fr\/thomas-coumans-vs-benjamin-ramon-choc-au-sommet-pour-arte\/\",\"name\":\"Thomas Coumans Vs Benjamin Ramon : choc au sommet pour Arte - w-l-c\",\"isPartOf\":{\"@id\":\"https:\/\/w-l-c.be\/fr\/#website\"},\"datePublished\":\"2014-02-24T16:41:35+00:00\",\"dateModified\":\"2014-02-25T16:32:41+00:00\",\"author\":{\"@id\":\"https:\/\/w-l-c.be\/fr\/#\/schema\/person\/4b9b1d857f0943453a38a7c2859ef756\"},\"breadcrumb\":{\"@id\":\"https:\/\/w-l-c.be\/fr\/thomas-coumans-vs-benjamin-ramon-choc-au-sommet-pour-arte\/#breadcrumb\"},\"inLanguage\":\"fr-FR\",\"potentialAction\":[{\"@type\":\"ReadAction\",\"target\":[\"https:\/\/w-l-c.be\/fr\/thomas-coumans-vs-benjamin-ramon-choc-au-sommet-pour-arte\/\"]}]},{\"@type\":\"BreadcrumbList\",\"@id\":\"https:\/\/w-l-c.be\/fr\/thomas-coumans-vs-benjamin-ramon-choc-au-sommet-pour-arte\/#breadcrumb\",\"itemListElement\":[{\"@type\":\"ListItem\",\"position\":1,\"name\":\"Accueil\",\"item\":\"https:\/\/w-l-c.be\/fr\/\"},{\"@type\":\"ListItem\",\"position\":2,\"name\":\"Thomas Coumans Vs Benjamin Ramon : choc au sommet pour Arte\"}]},{\"@type\":\"WebSite\",\"@id\":\"https:\/\/w-l-c.be\/fr\/#website\",\"url\":\"https:\/\/w-l-c.be\/fr\/\",\"name\":\"w-l-c\",\"description\":\"Le cin\u00e9ma vu par les belges\",\"potentialAction\":[{\"@type\":\"SearchAction\",\"target\":{\"@type\":\"EntryPoint\",\"urlTemplate\":\"https:\/\/w-l-c.be\/fr\/?s={search_term_string}\"},\"query-input\":\"required name=search_term_string\"}],\"inLanguage\":\"fr-FR\"},{\"@type\":\"Person\",\"@id\":\"https:\/\/w-l-c.be\/fr\/#\/schema\/person\/4b9b1d857f0943453a38a7c2859ef756\",\"name\":\"Philippe.Pierquin\",\"url\":\"https:\/\/w-l-c.be\/fr\/author\/philippe-pierquin\/\"}]}<\/script>\n<!-- \/ Yoast SEO plugin. -->","yoast_head_json":{"title":"Thomas Coumans Vs Benjamin Ramon : choc au sommet pour Arte - w-l-c","robots":{"index":"noindex","follow":"follow","max-snippet":"max-snippet:-1","max-image-preview":"max-image-preview:large","max-video-preview":"max-video-preview:-1"},"og_locale":"fr_FR","og_type":"article","og_title":"Thomas Coumans Vs Benjamin Ramon : choc au sommet pour Arte - w-l-c","og_description":"Palace Beach Hotel. Le titre respire le soleil, le farniente. Si on ajoute que le tournage de ce long m\u00e9trage destin\u00e9 se d\u00e9roulera \u00e0 Chypre, on a d\u00e9j\u00e0 une vision tr\u00e8s pr\u00e9cise du panorama : vacances, j\u2019oublie tout, rien \u00e0 faire\u2026 Sauf que\u2026 pas du tout.","og_url":"https:\/\/w-l-c.be\/fr\/thomas-coumans-vs-benjamin-ramon-choc-au-sommet-pour-arte\/","og_site_name":"w-l-c","article_published_time":"2014-02-24T16:41:35+00:00","article_modified_time":"2014-02-25T16:32:41+00:00","og_image":[{"width":1000,"height":583,"url":"https:\/\/w-l-c.be\/wp-content\/uploads\/2014\/02\/afghan.jpg","type":"image\/jpeg"}],"author":"Philippe.Pierquin","twitter_card":"summary_large_image","twitter_misc":{"\u00c9crit par":"Philippe.Pierquin","Dur\u00e9e de lecture estim\u00e9e":"2 minutes"},"schema":{"@context":"https:\/\/schema.org","@graph":[{"@type":"WebPage","@id":"https:\/\/w-l-c.be\/fr\/thomas-coumans-vs-benjamin-ramon-choc-au-sommet-pour-arte\/","url":"https:\/\/w-l-c.be\/fr\/thomas-coumans-vs-benjamin-ramon-choc-au-sommet-pour-arte\/","name":"Thomas Coumans Vs Benjamin Ramon : choc au sommet pour Arte - w-l-c","isPartOf":{"@id":"https:\/\/w-l-c.be\/fr\/#website"},"datePublished":"2014-02-24T16:41:35+00:00","dateModified":"2014-02-25T16:32:41+00:00","author":{"@id":"https:\/\/w-l-c.be\/fr\/#\/schema\/person\/4b9b1d857f0943453a38a7c2859ef756"},"breadcrumb":{"@id":"https:\/\/w-l-c.be\/fr\/thomas-coumans-vs-benjamin-ramon-choc-au-sommet-pour-arte\/#breadcrumb"},"inLanguage":"fr-FR","potentialAction":[{"@type":"ReadAction","target":["https:\/\/w-l-c.be\/fr\/thomas-coumans-vs-benjamin-ramon-choc-au-sommet-pour-arte\/"]}]},{"@type":"BreadcrumbList","@id":"https:\/\/w-l-c.be\/fr\/thomas-coumans-vs-benjamin-ramon-choc-au-sommet-pour-arte\/#breadcrumb","itemListElement":[{"@type":"ListItem","position":1,"name":"Accueil","item":"https:\/\/w-l-c.be\/fr\/"},{"@type":"ListItem","position":2,"name":"Thomas Coumans Vs Benjamin Ramon : choc au sommet pour Arte"}]},{"@type":"WebSite","@id":"https:\/\/w-l-c.be\/fr\/#website","url":"https:\/\/w-l-c.be\/fr\/","name":"w-l-c","description":"Le cin\u00e9ma vu par les belges","potentialAction":[{"@type":"SearchAction","target":{"@type":"EntryPoint","urlTemplate":"https:\/\/w-l-c.be\/fr\/?s={search_term_string}"},"query-input":"required name=search_term_string"}],"inLanguage":"fr-FR"},{"@type":"Person","@id":"https:\/\/w-l-c.be\/fr\/#\/schema\/person\/4b9b1d857f0943453a38a7c2859ef756","name":"Philippe.Pierquin","url":"https:\/\/w-l-c.be\/fr\/author\/philippe-pierquin\/"}]}},"_links":{"self":[{"href":"https:\/\/w-l-c.be\/fr\/wp-json\/wp\/v2\/posts\/53141","targetHints":{"allow":["GET"]}}],"collection":[{"href":"https:\/\/w-l-c.be\/fr\/wp-json\/wp\/v2\/posts"}],"about":[{"href":"https:\/\/w-l-c.be\/fr\/wp-json\/wp\/v2\/types\/post"}],"author":[{"embeddable":true,"href":"https:\/\/w-l-c.be\/fr\/wp-json\/wp\/v2\/users\/7"}],"replies":[{"embeddable":true,"href":"https:\/\/w-l-c.be\/fr\/wp-json\/wp\/v2\/comments?post=53141"}],"version-history":[{"count":0,"href":"https:\/\/w-l-c.be\/fr\/wp-json\/wp\/v2\/posts\/53141\/revisions"}],"wp:featuredmedia":[{"embeddable":true,"href":"https:\/\/w-l-c.be\/fr\/wp-json\/wp\/v2\/media\/53145"}],"wp:attachment":[{"href":"https:\/\/w-l-c.be\/fr\/wp-json\/wp\/v2\/media?parent=53141"}],"wp:term":[{"taxonomy":"category","embeddable":true,"href":"https:\/\/w-l-c.be\/fr\/wp-json\/wp\/v2\/categories?post=53141"},{"taxonomy":"post_tag","embeddable":true,"href":"https:\/\/w-l-c.be\/fr\/wp-json\/wp\/v2\/tags?post=53141"}],"curies":[{"name":"wp","href":"https:\/\/api.w.org\/{rel}","templated":true}]}}