
{"id":53165,"date":"2014-02-25T08:21:46","date_gmt":"2014-02-25T07:21:46","guid":{"rendered":"http:\/\/www.cinevox.be\/?p=53165"},"modified":"2014-02-25T17:32:05","modified_gmt":"2014-02-25T16:32:05","slug":"ernest-et-celestine-peut-il-priver-disney-de-son-1er-oscar-du-meilleur-film-danimation","status":"publish","type":"post","link":"https:\/\/w-l-c.be\/fr\/ernest-et-celestine-peut-il-priver-disney-de-son-1er-oscar-du-meilleur-film-danimation\/","title":{"rendered":"Ernest et C\u00e9lestine peut-il priver Disney de son 1er Oscar du meilleur film d\u2019animation?"},"content":{"rendered":"<p>La question du titre est directe et la r\u00e9ponse th\u00e9orique est \u00ab\u00a0oui \u00e9videmment\u00a0\u00bb.<\/p>\n<p>Au regard du contexte et des rumeurs, la r\u00e9ponse plus prosa\u00efque est \u00ab\u00a0non, sans doute pas\u00a0\u00bb.<\/p>\n<p>Cette interrogation induit aussi une v\u00e9rit\u00e9 que beaucoup de gens, m\u00eame les cin\u00e9philes, ignorent sans doute: jamais Disney n\u2019a remport\u00e9 un Oscar qu\u2019on croirait pourtant taill\u00e9 pour lui.<!--more--><\/p>\n<p>&nbsp;<\/p>\n<p>Il faut \u00e9videmment relativiser la nouvelle en pr\u00e9cisant que l\u2019Oscar du meilleur film d\u2019animation n\u2019a \u00e9t\u00e9 cr\u00e9\u00e9 qu\u2019en\u2026 2002. Au d\u00e9part, on lui a d\u2019ailleurs assorti des conditions drastiques : la statuette ne pouvait \u00eatre d\u00e9cern\u00e9e que si huit longs m\u00e9trages d\u2019animation, au moins, \u00e9taient sortis en salles au cours de l\u2019ann\u00e9e pr\u00e9c\u00e9dente. Quand plus de quinze films sont \u00e9ligibles dans la cat\u00e9gorie, les nominations sont au nombre de cinq. Dans le cas contraire, seuls trois films sont mis en \u00e9vidence.<\/p>\n<p>&nbsp;<\/p>\n<p>Cette naissance tardive et ces restrictions s\u2019expliquent facilement: jusqu\u2019au milieu des ann\u00e9es\u00a090, on produisait trop peu de films d\u2019animation pour les confronter dans une quelconque comp\u00e9tition. Or, l\u2019approche du nouveau mill\u00e9naire marque l\u2019av\u00e8nement du num\u00e9rique en mati\u00e8re d\u2019animation : les d\u00e9lais de production et leurs co\u00fbts sont terriblement r\u00e9duits et on peut d\u00e9sormais envisager de r\u00e9aliser des films d\u2019animation susceptibles de sortir en salles \u00e0 grande \u00e9chelle en dehors du giron de Disney ou de la Warner. M\u00eame les studios ind\u00e9pendants de moyenne importance peuvent tenter l\u2019aventure. Avant les ann\u00e9es\u00a01990, Disney aurait forc\u00e9ment domin\u00e9 la comp\u00e9tition de la t\u00eate et des \u00e9paules avec son blockbuster annuel.<\/p>\n<p>&nbsp;<\/p>\n<p><a href=\"http:\/\/www.cinevox.be\/ernest-et-celestine-peut-il-priver-disney-de-son-1er-oscar-du-meilleur-film-danimation\/toy-story\/\" rel=\"attachment wp-att-53173\"><img loading=\"lazy\" decoding=\"async\" class=\"aligncenter size-full wp-image-53173\" alt=\"\" src=\"http:\/\/www.cinevox.be\/wp-content\/uploads\/2014\/02\/toy-story.jpg\" width=\"1280\" height=\"720\" srcset=\"https:\/\/w-l-c.be\/wp-content\/uploads\/2014\/02\/toy-story.jpg 1280w, https:\/\/w-l-c.be\/wp-content\/uploads\/2014\/02\/toy-story-200x113.jpg 200w, https:\/\/w-l-c.be\/wp-content\/uploads\/2014\/02\/toy-story-480x270.jpg 480w, https:\/\/w-l-c.be\/wp-content\/uploads\/2014\/02\/toy-story-800x450.jpg 800w, https:\/\/w-l-c.be\/wp-content\/uploads\/2014\/02\/toy-story-300x169.jpg 300w, https:\/\/w-l-c.be\/wp-content\/uploads\/2014\/02\/toy-story-620x350.jpg 620w\" sizes=\"auto, (max-width: 1280px) 100vw, 1280px\" \/><\/a><\/p>\n<p>&nbsp;<\/p>\n<p><b>QUAND OSCAR RIME AVEC PIXAR<\/b><\/p>\n<p>&nbsp;<\/p>\n<p>Toy Story, le premier long m\u00e9trage de Pixar est sorti en 1995<i>.<\/i>\u00a0Une r\u00e9volution (photo ci-dessus). La premi\u00e8re r\u00e9ponse des studios <i>Dreamworks <\/i>date, elle, de 98. Il s\u2019agissait de <i>Fourmiz<\/i> en comp\u00e9tition frontale avec le <i>1001 pattes<\/i> de son concurrent. En 2000, les studios Aardman passaient au long m\u00e9trage avec une animation image par image d\u00e9lirante (<i>Chicken run<\/i>). De plus en plus de grands studios se passionn\u00e8rent soudain pour le genre : Warner, depuis longtemps pr\u00e9sent sur ce cr\u00e9neau, intensifia sa production \u00e0 l\u2019aube de ce nouveau mill\u00e9naire (<i>Le g\u00e9ant de Fer, Poucelina<\/i>, puis <i>Le P\u00f4le express, Les Noces Fun\u00e8bres, Lucas, fourmi malgr\u00e9 lui<\/i>\u2026) et Sony se lan\u00e7a dans la bataille en 2006 avec <i>Les rebelles de la For\u00eat.<\/i><\/p>\n<p>Parall\u00e8lement, les \u00c9tats-Unis d\u00e9couvraient aussi l\u2019\u0153uvre de <b>Hayao Miyasaki<\/b>, actif dans son pays depuis 1978 (<i>Le Ch\u00e2teau de Cagliostro).<\/i><\/p>\n<p>&nbsp;<\/p>\n<p>Avec ce d\u00e9veloppement des productions d\u2019animation sur le territoire am\u00e9ricain et l\u2019arriv\u00e9e de nombreux artistes \u00e9trangers, la cr\u00e9ation d\u2019un Oscar sp\u00e9cifique devenait l\u00e9gitime. Mieux : elle s\u2019imposait comme une n\u00e9cessit\u00e9.<\/p>\n<p>&nbsp;<\/p>\n<p><a href=\"http:\/\/www.cinevox.be\/ernest-et-celestine-peut-il-priver-disney-de-son-1er-oscar-du-meilleur-film-danimation\/4cfyo8hb\/\" rel=\"attachment wp-att-53171\"><img loading=\"lazy\" decoding=\"async\" class=\"aligncenter size-full wp-image-53171\" alt=\"\" src=\"http:\/\/www.cinevox.be\/wp-content\/uploads\/2014\/02\/4cfyo8hb.jpg\" width=\"1024\" height=\"768\" srcset=\"https:\/\/w-l-c.be\/wp-content\/uploads\/2014\/02\/4cfyo8hb.jpg 1024w, https:\/\/w-l-c.be\/wp-content\/uploads\/2014\/02\/4cfyo8hb-360x270.jpg 360w, https:\/\/w-l-c.be\/wp-content\/uploads\/2014\/02\/4cfyo8hb-800x600.jpg 800w, https:\/\/w-l-c.be\/wp-content\/uploads\/2014\/02\/4cfyo8hb-300x225.jpg 300w\" sizes=\"auto, (max-width: 1024px) 100vw, 1024px\" \/><\/a><\/p>\n<p>&nbsp;<\/p>\n<p><i>Shrek<\/i> d\u2019Andrew Adamson et Vicky Jenson remporta le premier troph\u00e9e de la s\u00e9rie au nez et \u00e0 la barbe de Pixar avec <i>Monstres et compagnie<\/i>. Il faut pr\u00e9ciser qu\u2019en 2001, Steven Spielberg oblige, le G\u00e9ant vert<i> <\/i>avait carr\u00e9ment \u00e9t\u00e9 pr\u00e9sent\u00e9 en comp\u00e9tition au Festival de Cannes.<\/p>\n<p>Il faudra patienter jusqu\u2019en 2004 pour voir Pixar d\u00e9cocher son premier Oscar. Le premier de\u2026 sept : Sept sur douze, voil\u00e0 un score peu banal.<\/p>\n<p>En 2004, c\u2019est donc <i>Le Monde de Nemo<\/i> qui s\u2019impose avant <i>Les Indestructibles<\/i> (2005), <i>Ratatouille <\/i>(2008), <i>Wall-E<\/i> (2009), <i>L\u00e0-Haut<\/i> (2010), <i>Toy Story\u00a03<\/i> (2011) et <i>Rebel <\/i>en 2013.<\/p>\n<p>&nbsp;<\/p>\n<p><a href=\"http:\/\/www.cinevox.be\/ernest-et-celestine-peut-il-priver-disney-de-son-1er-oscar-du-meilleur-film-danimation\/6wzi3q7x\/\" rel=\"attachment wp-att-53172\"><img loading=\"lazy\" decoding=\"async\" class=\"aligncenter size-full wp-image-53172\" alt=\"\" src=\"http:\/\/www.cinevox.be\/wp-content\/uploads\/2014\/02\/6wzi3q7x.jpg\" width=\"800\" height=\"439\" srcset=\"https:\/\/w-l-c.be\/wp-content\/uploads\/2014\/02\/6wzi3q7x.jpg 800w, https:\/\/w-l-c.be\/wp-content\/uploads\/2014\/02\/6wzi3q7x-480x263.jpg 480w\" sizes=\"auto, (max-width: 800px) 100vw, 800px\" \/><\/a><\/p>\n<p>&nbsp;<\/p>\n<p>Un sacr\u00e9 tir group\u00e9 qui ne laisse que des miettes \u00e0 la concurrence : <i>Le Voyage de Chihiro (Sen to Chihiro no Kamikakushi) de<\/i> Hayao Miyazaki en 2003 (photo), <i>Wallace et Gromit : Le Myst\u00e8re du lapin-garou<\/i> de Nick Park et Steve Box en 2006, l\u2019inattendu <i>Happy Feet<\/i> de George Miller en 2007 qui musela <i>Cars<\/i> et <i>Rango<\/i> de Gore Verbinski en 2012.<\/p>\n<p>&nbsp;<\/p>\n<p>Et donc, vous l\u2019avez not\u00e9 : pas la moindre trace d\u2019un long m\u00e9trage sign\u00e9 Disney dans ce palmar\u00e8s.<\/p>\n<p>&nbsp;<\/p>\n<p>Cela dit, Disney n\u2019est pas pour autant le pestif\u00e9r\u00e9 de la c\u00e9r\u00e9monie: la compagnie a remport\u00e9 \u00e0 12 reprises l\u2019Oscar du meilleur court m\u00e9trage d\u2019animation entre 1932 et 1969, plus six Oscars du meilleur court m\u00e9trage de fiction, deux Oscars du meilleur court m\u00e9trage documentaire, deux Oscars du meilleur documentaire et trois Oscars d\u2019Honneur pour la naissance de Mickey Mouse, pour <i>Blanche Neige<\/i> et pour <i>Fantasia. <\/i><\/p>\n<p>&nbsp;<\/p>\n<p><a href=\"http:\/\/www.cinevox.be\/ernest-et-celestine-peut-il-priver-disney-de-son-1er-oscar-du-meilleur-film-danimation\/disney-frozen\/\" rel=\"attachment wp-att-53170\"><img loading=\"lazy\" decoding=\"async\" class=\"aligncenter size-full wp-image-53170\" alt=\"\" src=\"http:\/\/www.cinevox.be\/wp-content\/uploads\/2014\/02\/disney-frozen.jpg\" width=\"879\" height=\"626\" srcset=\"https:\/\/w-l-c.be\/wp-content\/uploads\/2014\/02\/disney-frozen.jpg 879w, https:\/\/w-l-c.be\/wp-content\/uploads\/2014\/02\/disney-frozen-379x270.jpg 379w, https:\/\/w-l-c.be\/wp-content\/uploads\/2014\/02\/disney-frozen-800x569.jpg 800w\" sizes=\"auto, (max-width: 879px) 100vw, 879px\" \/><\/a><\/p>\n<p>&nbsp;<\/p>\n<p>On ne s\u2019\u00e9tonnera donc pas que, cette ann\u00e9e, <i>Frozen\/La Princesse de Glace<\/i> est donn\u00e9 favori de la cat\u00e9gorie. Le film a d\u2019ailleurs fait un carton \u00e0 travers le monde devenant la deuxi\u00e8me meilleure recette de tous les temps pour l\u2019oncle Walt derri\u00e8re <i>Le Roi Lion<\/i>, mais juste devant <i>Raiponce.<\/i><\/p>\n<p>&nbsp;<\/p>\n<p>Face \u00e0 <i>Frozen<\/i>, on retrouve deux autres films am\u00e9ricains (<i>Les Croods<\/i> et <i>Moi, Moche et M\u00e9chant 2<\/i>) ainsi que le maestro japonais Hayao Miyazaki avec <i>Le vent se l\u00e8ve (Kaze tachinu).<\/i><\/p>\n<p>R\u00e9compens\u00e9 en 2003, Miyazaki a \u00e9galement \u00e9t\u00e9 nomm\u00e9 en 2006 avec <i>Le Ch\u00e2teau ambulant (Hauru no Ugoku Shiro). <\/i>Comme il a annonc\u00e9 vouloir se retirer du m\u00e9tier, il n\u2019est pas impossible que les professionnels am\u00e9ricains tiennent \u00e0 lui rendre un ultime hommage.<\/p>\n<p>&nbsp;<\/p>\n<p>&nbsp;<\/p>\n<p><b>ERNEST ET CELESTINE<\/b><\/p>\n<p>&nbsp;<\/p>\n<p>Dans ce quintet haut de gamme, quelles sont les chances d\u2019<i>Ernest et C\u00e9lestine<\/i>? Elles sont maigres sur le papier. Face \u00e0 trois t\u00e9nors du box-office ricain et \u00e0 celle du ma\u00eetre japonais, sa nomination est d\u00e9j\u00e0 une formidable victoire.<\/p>\n<p>&nbsp;<\/p>\n<p><a href=\"http:\/\/www.cinevox.be\/ernest-et-celestine-peut-il-priver-disney-de-son-1er-oscar-du-meilleur-film-danimation\/9ay90tnvrprd02hs8jqy5cgpynt1aw650c3kqy0ydao-5\/\" rel=\"attachment wp-att-53169\"><img loading=\"lazy\" decoding=\"async\" class=\"aligncenter size-full wp-image-53169\" alt=\"\" src=\"http:\/\/www.cinevox.be\/wp-content\/uploads\/2014\/02\/9Ay90TNvRPRD02hS8jqY5CgpYnT1Aw650C3KQY0ydAo1.jpg\" width=\"1280\" height=\"720\" srcset=\"https:\/\/w-l-c.be\/wp-content\/uploads\/2014\/02\/9Ay90TNvRPRD02hS8jqY5CgpYnT1Aw650C3KQY0ydAo1.jpg 1280w, https:\/\/w-l-c.be\/wp-content\/uploads\/2014\/02\/9Ay90TNvRPRD02hS8jqY5CgpYnT1Aw650C3KQY0ydAo1-200x113.jpg 200w, https:\/\/w-l-c.be\/wp-content\/uploads\/2014\/02\/9Ay90TNvRPRD02hS8jqY5CgpYnT1Aw650C3KQY0ydAo1-480x270.jpg 480w, https:\/\/w-l-c.be\/wp-content\/uploads\/2014\/02\/9Ay90TNvRPRD02hS8jqY5CgpYnT1Aw650C3KQY0ydAo1-800x450.jpg 800w, https:\/\/w-l-c.be\/wp-content\/uploads\/2014\/02\/9Ay90TNvRPRD02hS8jqY5CgpYnT1Aw650C3KQY0ydAo1-300x169.jpg 300w, https:\/\/w-l-c.be\/wp-content\/uploads\/2014\/02\/9Ay90TNvRPRD02hS8jqY5CgpYnT1Aw650C3KQY0ydAo1-620x350.jpg 620w\" sizes=\"auto, (max-width: 1280px) 100vw, 1280px\" \/><\/a><\/p>\n<p>&nbsp;<\/p>\n<p>Le nombre de films \u00ab\u00a0atypiques\u00a0\u00bb pr\u00e9sent dans cette cat\u00e9gorie est restreint : outre les deux longs m\u00e9trages de Miyasaki, on pourra \u00e9pingler <i>Les Triplettes de Belleville<\/i> de Sylvain Chomet en 2004<i>, Persepolis<\/i> de Vincent Paronnaud et Marjane Satrapi en 2008, <i>Brendan et le secret de Kells (The Secret of Kells)<\/i> en 2010, <i>L\u2019Illusionniste<\/i> de Sylvain Chomet en 2011, <i>Chico et Rita (Chico and Rita)<\/i> de Fernando Trueba et Javier Mariscalet ainsi qu\u2019<i>Une vie de chat<\/i> de Alain Gagnol et Jean-Loup Felicioli en 2012.<\/p>\n<p>C\u2019est tout. C\u2019est peu. Mais c\u2019est assez logique: il s\u2019agit de films imagin\u00e9s hors du giron am\u00e9ricain qui se hissent l\u00e0 dans une cat\u00e9gorie ouverte aux productions am\u00e9ricaines; contrairement \u00e0 la plupart des films nomm\u00e9s dans la section Oscar du meilleur film en langue \u00e9trang\u00e8re.<\/p>\n<p>&nbsp;<\/p>\n<p>Chez nous, <i>Ernest et C\u00e9lestine<\/i> s\u2019est naturellement d\u00e9j\u00e0 distingu\u00e9 \u00e0 plusieurs reprises.<\/p>\n<p>En 2013, le long m\u00e9trage a d\u00e9croch\u00e9 le C\u00e9sar du meilleur film d\u2019animation. Une belle joie partag\u00e9e par <b>St\u00e9phane Aubier, Vincent Patar<\/b> et le Fran\u00e7ais <b>Benjamin Renner,<\/b> initiateur du projet.<\/p>\n<p>&nbsp;<\/p>\n<p><a href=\"http:\/\/www.cinevox.be\/ernest-et-celestine-peut-il-priver-disney-de-son-1er-oscar-du-meilleur-film-danimation\/2013-02-23_14h04_07-3\/\" rel=\"attachment wp-att-53166\"><img loading=\"lazy\" decoding=\"async\" class=\"aligncenter size-full wp-image-53166\" alt=\"\" src=\"http:\/\/www.cinevox.be\/wp-content\/uploads\/2014\/02\/2013-02-23_14h04_071.jpg\" width=\"640\" height=\"421\" srcset=\"https:\/\/w-l-c.be\/wp-content\/uploads\/2014\/02\/2013-02-23_14h04_071.jpg 640w, https:\/\/w-l-c.be\/wp-content\/uploads\/2014\/02\/2013-02-23_14h04_071-410x270.jpg 410w\" sizes=\"auto, (max-width: 640px) 100vw, 640px\" \/><\/a><\/p>\n<p>&nbsp;<\/p>\n<p>Presque un an plus tard, le conte adapt\u00e9 de l\u2019\u00e9crivaine belge <b>Gabrielle Vincent <\/b>et coproduit par La Parti (<i>C\u2019est arriv\u00e9 pr\u00e8s de chez vous, Kill Me Please, Panique au Village<\/i>), fut le tout premier film d\u2019animation \u00e0 remporter les deux principaux Magritte de l\u2019ann\u00e9e: ceux du meilleur film et du meilleur r\u00e9alisateur (des meilleurs r\u00e9alisateurs).<\/p>\n<p><i>Ernest et C\u00e9lestine<\/i> a \u00e9galement gagn\u00e9 le troph\u00e9e du meilleur son.<\/p>\n<p>&nbsp;<\/p>\n<p><a href=\"http:\/\/www.cinevox.be\/ernest-et-celestine-peut-il-priver-disney-de-son-1er-oscar-du-meilleur-film-danimation\/1779055_10152207715599803_1271944347_n-3\/\" rel=\"attachment wp-att-53167\"><img loading=\"lazy\" decoding=\"async\" class=\"aligncenter size-full wp-image-53167\" alt=\"\" src=\"http:\/\/www.cinevox.be\/wp-content\/uploads\/2014\/02\/1779055_10152207715599803_1271944347_n2.jpg\" width=\"960\" height=\"640\" srcset=\"https:\/\/w-l-c.be\/wp-content\/uploads\/2014\/02\/1779055_10152207715599803_1271944347_n2.jpg 960w, https:\/\/w-l-c.be\/wp-content\/uploads\/2014\/02\/1779055_10152207715599803_1271944347_n2-405x270.jpg 405w, https:\/\/w-l-c.be\/wp-content\/uploads\/2014\/02\/1779055_10152207715599803_1271944347_n2-800x533.jpg 800w\" sizes=\"auto, (max-width: 960px) 100vw, 960px\" \/><\/a><\/p>\n<p>&nbsp;<\/p>\n<p>En 2011, le long m\u00e9trage <i>Panique au Village<\/i>, r\u00e9alis\u00e9 par le duo infernal, avait d\u00e9j\u00e0 r\u00e9colt\u00e9 deux Magritte techniques : ceux du meilleur son et du meilleur d\u00e9cor.<\/p>\n<p>&nbsp;<\/p>\n<p>Car oui, St\u00e9phane Aubier et Vincent Patar sont des figures l\u00e9gendaires du cin\u00e9ma belge, des trublions qui \u0153uvrent dans un cr\u00e9neau que peu leur disputent : l\u2019animation sous toutes ses formes. Des plus classiques aux plus dingues ! Jusqu\u2019ici, ils \u00e9taient connus pour leurs d\u00e9lirants <i>Pic Pic Andr\u00e9<\/i> et <i>Panique au Village,<\/i> potaches et iconoclastes, hilarants.<\/p>\n<p>&nbsp;<\/p>\n<p>Que ce soit dans le dessin stylis\u00e9 ou l\u2019animation image par image de figurines en plastique, l\u2019ins\u00e9parable duo excelle dans l\u2019art de ne pas faire comme tout le monde.<\/p>\n<p>&nbsp;<\/p>\n<p>Vous le savez s\u00fbrement: <i>Ernest et C\u00e9lestine <\/i>se situe aux antipodes de l\u2019univers d\u00e9jant\u00e9, quasi punk dans l\u2019esprit, g\u00e9n\u00e9ralement associ\u00e9 \u00e0 ses papas qui ont ici pr\u00eat\u00e9 leur talent \u00e0 un film d\u2019animation classique, presque artisanal, et d\u2019une infinie tendresse.<\/p>\n<p>Avec son dessin crayonn\u00e9 et ses couleurs d\u00e9licates, il est parvenu \u00e0 f\u00e9d\u00e9rer un public tr\u00e8s large, des jeunes enfants aux parents les plus blas\u00e9s, gr\u00e2ce \u00e0 de multiples niveaux de lecture et \u00e0 l\u2019universalit\u00e9 de son propos.<\/p>\n<p>En France et en Belgique, Il a \u00e9t\u00e9 vu par plus d\u2019un million de spectateurs !<\/p>\n<p>&nbsp;<\/p>\n<p><a href=\"http:\/\/www.cinevox.be\/ernest-et-celestine-peut-il-priver-disney-de-son-1er-oscar-du-meilleur-film-danimation\/_398fjzjkfvh1drt1r1wszbsltabieqllsxt2aih4mi-3\/\" rel=\"attachment wp-att-53168\"><img loading=\"lazy\" decoding=\"async\" class=\"aligncenter size-full wp-image-53168\" alt=\"\" src=\"http:\/\/www.cinevox.be\/wp-content\/uploads\/2014\/02\/398fjZjkfVh1drt1r1wsZBsltaBiEqlLSXT2aih4mI1.jpg\" width=\"1280\" height=\"720\" srcset=\"https:\/\/w-l-c.be\/wp-content\/uploads\/2014\/02\/398fjZjkfVh1drt1r1wsZBsltaBiEqlLSXT2aih4mI1.jpg 1280w, https:\/\/w-l-c.be\/wp-content\/uploads\/2014\/02\/398fjZjkfVh1drt1r1wsZBsltaBiEqlLSXT2aih4mI1-200x113.jpg 200w, https:\/\/w-l-c.be\/wp-content\/uploads\/2014\/02\/398fjZjkfVh1drt1r1wsZBsltaBiEqlLSXT2aih4mI1-480x270.jpg 480w, https:\/\/w-l-c.be\/wp-content\/uploads\/2014\/02\/398fjZjkfVh1drt1r1wsZBsltaBiEqlLSXT2aih4mI1-800x450.jpg 800w, https:\/\/w-l-c.be\/wp-content\/uploads\/2014\/02\/398fjZjkfVh1drt1r1wsZBsltaBiEqlLSXT2aih4mI1-300x169.jpg 300w, https:\/\/w-l-c.be\/wp-content\/uploads\/2014\/02\/398fjZjkfVh1drt1r1wsZBsltaBiEqlLSXT2aih4mI1-620x350.jpg 620w\" sizes=\"auto, (max-width: 1280px) 100vw, 1280px\" \/><\/a><\/p>\n<p>&nbsp;<\/p>\n<p>&nbsp;<\/p>\n<p>Pour sa version internationale (bande-annonce <a href=\"http:\/\/www.cinevox.be\/ernest-et-celestine-bande-annonce-americaine\">ICI<\/a>), le conte qui noue son intrigue autour de l\u2019amiti\u00e9 incongrue d\u2019un ours et d\u2019une souris jouit d\u2019un casting vocal en or puisque Forest Whitaker, Mackenzie Foy, Lauren Bacall et Paul Giamatti sont de la partie. Sera-ce suffisant pour briguer un Oscar \u00e0 Hollywood?<\/p>\n<p>&nbsp;<\/p>\n<p>Autre raison de pousser un \u00e9norme cocorico wallon : <i>Digital Graphics<\/i>, soci\u00e9t\u00e9 bas\u00e9e \u00e0 Alleur enregistre gr\u00e2ce \u00e0 <i>Ernest et C\u00e9lestine<\/i> sa troisi\u00e8me nomination aux Oscars. La soci\u00e9t\u00e9 des tr\u00e8s sympathiques fr\u00e8res Um\u00e9 \u00e9tait d\u00e9j\u00e0 de l\u2019Aventure <i>Brendan<\/i> et r\u00e9alisa les effets sp\u00e9ciaux de <i>Dood van een schaduw<\/i>, le court m\u00e9trage de Tom Van Avermaet avec Matthias Schoenaerts, retenu l\u2019an dernier. Un cas unique dans les annales belges et qui risque de ne pas \u00eatre \u00e9gal\u00e9 avant longtemps.<\/p>\n","protected":false},"excerpt":{"rendered":"<p>La question du titre est directe et la r\u00e9ponse th\u00e9orique est \u00ab\u00a0oui \u00e9videmment\u00a0\u00bb. Au regard du contexte et des rumeurs, la r\u00e9ponse plus prosa\u00efque est \u00ab\u00a0non, sans doute pas\u00a0\u00bb. Cette interrogation induit aussi une v\u00e9rit\u00e9 que beaucoup de gens, m\u00eame les cin\u00e9philes, ignorent sans doute: jamais Disney n\u2019a remport\u00e9 un Oscar qu\u2019on croirait pourtant taill\u00e9 &hellip;<\/p>\n","protected":false},"author":7,"featured_media":53175,"comment_status":"closed","ping_status":"closed","sticky":false,"template":"","format":"standard","meta":{"ngg_post_thumbnail":0,"footnotes":""},"categories":[12],"tags":[],"class_list":["post-53165","post","type-post","status-publish","format-standard","has-post-thumbnail","","category-awards"],"yoast_head":"<!-- This site is optimized with the Yoast SEO plugin v20.4 - https:\/\/yoast.com\/wordpress\/plugins\/seo\/ -->\n<title>Ernest et C\u00e9lestine peut-il priver Disney de son 1er Oscar du meilleur film d\u2019animation?  - w-l-c<\/title>\n<meta name=\"robots\" content=\"noindex, follow, max-snippet:-1, max-image-preview:large, max-video-preview:-1\" \/>\n<meta property=\"og:locale\" content=\"fr_FR\" \/>\n<meta property=\"og:type\" content=\"article\" \/>\n<meta property=\"og:title\" content=\"Ernest et C\u00e9lestine peut-il priver Disney de son 1er Oscar du meilleur film d\u2019animation?  - w-l-c\" \/>\n<meta property=\"og:description\" content=\"La question du titre est directe et la r\u00e9ponse th\u00e9orique est \u00ab\u00a0oui \u00e9videmment\u00a0\u00bb. Au regard du contexte et des rumeurs, la r\u00e9ponse plus prosa\u00efque est \u00ab\u00a0non, sans doute pas\u00a0\u00bb. Cette interrogation induit aussi une v\u00e9rit\u00e9 que beaucoup de gens, m\u00eame les cin\u00e9philes, ignorent sans doute: jamais Disney n\u2019a remport\u00e9 un Oscar qu\u2019on croirait pourtant taill\u00e9 &hellip;\" \/>\n<meta property=\"og:url\" content=\"https:\/\/w-l-c.be\/fr\/ernest-et-celestine-peut-il-priver-disney-de-son-1er-oscar-du-meilleur-film-danimation\/\" \/>\n<meta property=\"og:site_name\" content=\"w-l-c\" \/>\n<meta property=\"article:published_time\" content=\"2014-02-25T07:21:46+00:00\" \/>\n<meta property=\"article:modified_time\" content=\"2014-02-25T16:32:05+00:00\" \/>\n<meta property=\"og:image\" content=\"https:\/\/w-l-c.be\/wp-content\/uploads\/2014\/02\/nOTmM7wRK2PuOHp4t6XMMbc9_YOEkWlC53QVg0vd8pQ.jpg\" \/>\n\t<meta property=\"og:image:width\" content=\"1280\" \/>\n\t<meta property=\"og:image:height\" content=\"720\" \/>\n\t<meta property=\"og:image:type\" content=\"image\/jpeg\" \/>\n<meta name=\"author\" content=\"Philippe.Pierquin\" \/>\n<meta name=\"twitter:card\" content=\"summary_large_image\" \/>\n<meta name=\"twitter:label1\" content=\"\u00c9crit par\" \/>\n\t<meta name=\"twitter:data1\" content=\"Philippe.Pierquin\" \/>\n\t<meta name=\"twitter:label2\" content=\"Dur\u00e9e de lecture estim\u00e9e\" \/>\n\t<meta name=\"twitter:data2\" content=\"8 minutes\" \/>\n<script type=\"application\/ld+json\" class=\"yoast-schema-graph\">{\"@context\":\"https:\/\/schema.org\",\"@graph\":[{\"@type\":\"WebPage\",\"@id\":\"https:\/\/w-l-c.be\/fr\/ernest-et-celestine-peut-il-priver-disney-de-son-1er-oscar-du-meilleur-film-danimation\/\",\"url\":\"https:\/\/w-l-c.be\/fr\/ernest-et-celestine-peut-il-priver-disney-de-son-1er-oscar-du-meilleur-film-danimation\/\",\"name\":\"Ernest et C\u00e9lestine peut-il priver Disney de son 1er Oscar du meilleur film d\u2019animation? - w-l-c\",\"isPartOf\":{\"@id\":\"https:\/\/w-l-c.be\/fr\/#website\"},\"datePublished\":\"2014-02-25T07:21:46+00:00\",\"dateModified\":\"2014-02-25T16:32:05+00:00\",\"author\":{\"@id\":\"https:\/\/w-l-c.be\/fr\/#\/schema\/person\/4b9b1d857f0943453a38a7c2859ef756\"},\"breadcrumb\":{\"@id\":\"https:\/\/w-l-c.be\/fr\/ernest-et-celestine-peut-il-priver-disney-de-son-1er-oscar-du-meilleur-film-danimation\/#breadcrumb\"},\"inLanguage\":\"fr-FR\",\"potentialAction\":[{\"@type\":\"ReadAction\",\"target\":[\"https:\/\/w-l-c.be\/fr\/ernest-et-celestine-peut-il-priver-disney-de-son-1er-oscar-du-meilleur-film-danimation\/\"]}]},{\"@type\":\"BreadcrumbList\",\"@id\":\"https:\/\/w-l-c.be\/fr\/ernest-et-celestine-peut-il-priver-disney-de-son-1er-oscar-du-meilleur-film-danimation\/#breadcrumb\",\"itemListElement\":[{\"@type\":\"ListItem\",\"position\":1,\"name\":\"Accueil\",\"item\":\"https:\/\/w-l-c.be\/fr\/\"},{\"@type\":\"ListItem\",\"position\":2,\"name\":\"Ernest et C\u00e9lestine peut-il priver Disney de son 1er Oscar du meilleur film d\u2019animation?\"}]},{\"@type\":\"WebSite\",\"@id\":\"https:\/\/w-l-c.be\/fr\/#website\",\"url\":\"https:\/\/w-l-c.be\/fr\/\",\"name\":\"w-l-c\",\"description\":\"Le cin\u00e9ma vu par les belges\",\"potentialAction\":[{\"@type\":\"SearchAction\",\"target\":{\"@type\":\"EntryPoint\",\"urlTemplate\":\"https:\/\/w-l-c.be\/fr\/?s={search_term_string}\"},\"query-input\":\"required name=search_term_string\"}],\"inLanguage\":\"fr-FR\"},{\"@type\":\"Person\",\"@id\":\"https:\/\/w-l-c.be\/fr\/#\/schema\/person\/4b9b1d857f0943453a38a7c2859ef756\",\"name\":\"Philippe.Pierquin\",\"url\":\"https:\/\/w-l-c.be\/fr\/author\/philippe-pierquin\/\"}]}<\/script>\n<!-- \/ Yoast SEO plugin. -->","yoast_head_json":{"title":"Ernest et C\u00e9lestine peut-il priver Disney de son 1er Oscar du meilleur film d\u2019animation?  - w-l-c","robots":{"index":"noindex","follow":"follow","max-snippet":"max-snippet:-1","max-image-preview":"max-image-preview:large","max-video-preview":"max-video-preview:-1"},"og_locale":"fr_FR","og_type":"article","og_title":"Ernest et C\u00e9lestine peut-il priver Disney de son 1er Oscar du meilleur film d\u2019animation?  - w-l-c","og_description":"La question du titre est directe et la r\u00e9ponse th\u00e9orique est \u00ab\u00a0oui \u00e9videmment\u00a0\u00bb. Au regard du contexte et des rumeurs, la r\u00e9ponse plus prosa\u00efque est \u00ab\u00a0non, sans doute pas\u00a0\u00bb. Cette interrogation induit aussi une v\u00e9rit\u00e9 que beaucoup de gens, m\u00eame les cin\u00e9philes, ignorent sans doute: jamais Disney n\u2019a remport\u00e9 un Oscar qu\u2019on croirait pourtant taill\u00e9 &hellip;","og_url":"https:\/\/w-l-c.be\/fr\/ernest-et-celestine-peut-il-priver-disney-de-son-1er-oscar-du-meilleur-film-danimation\/","og_site_name":"w-l-c","article_published_time":"2014-02-25T07:21:46+00:00","article_modified_time":"2014-02-25T16:32:05+00:00","og_image":[{"width":1280,"height":720,"url":"https:\/\/w-l-c.be\/wp-content\/uploads\/2014\/02\/nOTmM7wRK2PuOHp4t6XMMbc9_YOEkWlC53QVg0vd8pQ.jpg","type":"image\/jpeg"}],"author":"Philippe.Pierquin","twitter_card":"summary_large_image","twitter_misc":{"\u00c9crit par":"Philippe.Pierquin","Dur\u00e9e de lecture estim\u00e9e":"8 minutes"},"schema":{"@context":"https:\/\/schema.org","@graph":[{"@type":"WebPage","@id":"https:\/\/w-l-c.be\/fr\/ernest-et-celestine-peut-il-priver-disney-de-son-1er-oscar-du-meilleur-film-danimation\/","url":"https:\/\/w-l-c.be\/fr\/ernest-et-celestine-peut-il-priver-disney-de-son-1er-oscar-du-meilleur-film-danimation\/","name":"Ernest et C\u00e9lestine peut-il priver Disney de son 1er Oscar du meilleur film d\u2019animation? - w-l-c","isPartOf":{"@id":"https:\/\/w-l-c.be\/fr\/#website"},"datePublished":"2014-02-25T07:21:46+00:00","dateModified":"2014-02-25T16:32:05+00:00","author":{"@id":"https:\/\/w-l-c.be\/fr\/#\/schema\/person\/4b9b1d857f0943453a38a7c2859ef756"},"breadcrumb":{"@id":"https:\/\/w-l-c.be\/fr\/ernest-et-celestine-peut-il-priver-disney-de-son-1er-oscar-du-meilleur-film-danimation\/#breadcrumb"},"inLanguage":"fr-FR","potentialAction":[{"@type":"ReadAction","target":["https:\/\/w-l-c.be\/fr\/ernest-et-celestine-peut-il-priver-disney-de-son-1er-oscar-du-meilleur-film-danimation\/"]}]},{"@type":"BreadcrumbList","@id":"https:\/\/w-l-c.be\/fr\/ernest-et-celestine-peut-il-priver-disney-de-son-1er-oscar-du-meilleur-film-danimation\/#breadcrumb","itemListElement":[{"@type":"ListItem","position":1,"name":"Accueil","item":"https:\/\/w-l-c.be\/fr\/"},{"@type":"ListItem","position":2,"name":"Ernest et C\u00e9lestine peut-il priver Disney de son 1er Oscar du meilleur film d\u2019animation?"}]},{"@type":"WebSite","@id":"https:\/\/w-l-c.be\/fr\/#website","url":"https:\/\/w-l-c.be\/fr\/","name":"w-l-c","description":"Le cin\u00e9ma vu par les belges","potentialAction":[{"@type":"SearchAction","target":{"@type":"EntryPoint","urlTemplate":"https:\/\/w-l-c.be\/fr\/?s={search_term_string}"},"query-input":"required name=search_term_string"}],"inLanguage":"fr-FR"},{"@type":"Person","@id":"https:\/\/w-l-c.be\/fr\/#\/schema\/person\/4b9b1d857f0943453a38a7c2859ef756","name":"Philippe.Pierquin","url":"https:\/\/w-l-c.be\/fr\/author\/philippe-pierquin\/"}]}},"_links":{"self":[{"href":"https:\/\/w-l-c.be\/fr\/wp-json\/wp\/v2\/posts\/53165","targetHints":{"allow":["GET"]}}],"collection":[{"href":"https:\/\/w-l-c.be\/fr\/wp-json\/wp\/v2\/posts"}],"about":[{"href":"https:\/\/w-l-c.be\/fr\/wp-json\/wp\/v2\/types\/post"}],"author":[{"embeddable":true,"href":"https:\/\/w-l-c.be\/fr\/wp-json\/wp\/v2\/users\/7"}],"replies":[{"embeddable":true,"href":"https:\/\/w-l-c.be\/fr\/wp-json\/wp\/v2\/comments?post=53165"}],"version-history":[{"count":0,"href":"https:\/\/w-l-c.be\/fr\/wp-json\/wp\/v2\/posts\/53165\/revisions"}],"wp:featuredmedia":[{"embeddable":true,"href":"https:\/\/w-l-c.be\/fr\/wp-json\/wp\/v2\/media\/53175"}],"wp:attachment":[{"href":"https:\/\/w-l-c.be\/fr\/wp-json\/wp\/v2\/media?parent=53165"}],"wp:term":[{"taxonomy":"category","embeddable":true,"href":"https:\/\/w-l-c.be\/fr\/wp-json\/wp\/v2\/categories?post=53165"},{"taxonomy":"post_tag","embeddable":true,"href":"https:\/\/w-l-c.be\/fr\/wp-json\/wp\/v2\/tags?post=53165"}],"curies":[{"name":"wp","href":"https:\/\/api.w.org\/{rel}","templated":true}]}}