
{"id":53192,"date":"2014-02-25T16:40:06","date_gmt":"2014-02-25T15:40:06","guid":{"rendered":"http:\/\/www.cinevox.be\/?p=53192"},"modified":"2014-02-25T16:41:17","modified_gmt":"2014-02-25T15:41:17","slug":"deux-courts-metrages-belges-selectionnes-en-france","status":"publish","type":"post","link":"https:\/\/w-l-c.be\/fr\/deux-courts-metrages-belges-selectionnes-en-france\/","title":{"rendered":"Deux courts m\u00e9trages belges s\u00e9lectionn\u00e9s en France"},"content":{"rendered":"<p><em>Intus<\/em> et <em>Welkom<\/em> repr\u00e9senteront le court m\u00e9trage belge francophone au Festival du Cin\u00e9ma Europ\u00e9en de Lille<\/p>\n<p><!--more--><\/p>\n<p>&nbsp;<\/p>\n<p>Le Festival du cin\u00e9ma europ\u00e9en de Lille (France) vient de d\u00e9voiler sa programmation. Deux films belges francophones ont \u00e9t\u00e9 s\u00e9lectionn\u00e9s.<\/p>\n<p>&nbsp;<\/p>\n<p>C\u2019est le cas de Welkom de Pablo Munoz Gomez, com\u00e9die d\u00e9j\u00e0 rep\u00e9r\u00e9e au Festival de courts m\u00e9trages de Clermont Ferrand et triplement r\u00e9compens\u00e9e au Festival Francophone de Namur en 2013. Avec ce film de fin d\u2019\u00e9tude prometteur de l\u2019IAD, Pablo Mu\u00f1oz Gomez a \u00e9galement re\u00e7u le Magritte du Meilleur court m\u00e9trage en d\u00e9but d\u2019ann\u00e9e.<\/p>\n<p>&nbsp;<\/p>\n<p>Deuxi\u00e8me court de Wallonie Bruxelles s\u00e9lectionn\u00e9, Intus, de Gary Seghers, poursuit \u00e9galement un parcours exemplaire en festival, avec plus de dix s\u00e9lections internationales (Festival de courts m\u00e9trages de S\u00e3o Paulo, d\u2019Edinburgh, de Los Angeles\u2026). Le court m\u00e9trage, produit par Sherpah Vid\u00e9os, concourra dans la s\u00e9lection th\u00e9matique \u00ab Souffle court \u00bb du festival.<\/p>\n<p>Le festival, qui propose un large panorama de court-m\u00e9trages venus d\u2019Europe, se d\u00e9roulera \u00e0 Lille du 28 mars au 4 avril prochains. Une \u00e9dition bien particuli\u00e8re puisqu\u2019il s\u2019agit du trenti\u00e8me anniversaire de ce festival.<\/p>\n<div>\n<p>&nbsp;<\/p>\n<p><a href=\"http:\/\/www.cinevox.be\/deux-courts-metrages-belges-selectionnes-en-france\/w_354211-3\/\" rel=\"attachment wp-att-53193\"><img loading=\"lazy\" decoding=\"async\" class=\"aligncenter size-full wp-image-53193\" alt=\"\" src=\"http:\/\/www.cinevox.be\/wp-content\/uploads\/2014\/02\/w_3542112.jpg\" width=\"1200\" height=\"502\" srcset=\"https:\/\/w-l-c.be\/wp-content\/uploads\/2014\/02\/w_3542112.jpg 1200w, https:\/\/w-l-c.be\/wp-content\/uploads\/2014\/02\/w_3542112-480x200.jpg 480w, https:\/\/w-l-c.be\/wp-content\/uploads\/2014\/02\/w_3542112-800x334.jpg 800w\" sizes=\"auto, (max-width: 1200px) 100vw, 1200px\" \/><\/a><\/p>\n<p>&nbsp;<\/p>\n<p><strong>WELKOM<\/strong><\/p>\n<p>Jorge aime son p\u00e8re. Son p\u00e8re aime une poule. Jorge n\u2019aime pas la poule, il veut la mettre dans un poulailler. Avant de construire ce poulailler, Jorge doit se procurer un permis de b\u00e2tir. Mais difficile d\u2019obtenir quelque chose quand son jardin est en Flandre et qu\u2019on ne parle pas le flamand.<\/p>\n<p><strong>Festivals et prix :<\/strong><\/p>\n<p>Magritte du meilleur court m\u00e9trage de l&rsquo;ann\u00e9e<br \/>\nTriplement r\u00e9compens\u00e9 au Festival International du Film Francophone de Namur 2013 :<br \/>\n&#8211; Prix du Meilleur Court m\u00e9trage,<br \/>\nComp\u00e9tition nationale F\u00e9d\u00e9ration Wallonie-Bruxelles<br \/>\n&#8211; Prix du Public Court M\u00e9trage<br \/>\n&#8211; Prix BeTV &#8211; Court M\u00e9trage belge<\/p>\n<p>R\u00e9alisateur : Pablo Munoz Gomez<\/p>\n<p>Avec :\u00a0\u00a0Jean-Jacques Rausin, Simon Andr\u00e9 et Wim Wilalert<\/p>\n<p>&nbsp;<\/p>\n<p><a href=\"http:\/\/www.cinevox.be\/deux-courts-metrages-belges-selectionnes-en-france\/intus-2\/\" rel=\"attachment wp-att-53194\"><img loading=\"lazy\" decoding=\"async\" class=\"aligncenter size-full wp-image-53194\" alt=\"\" src=\"http:\/\/www.cinevox.be\/wp-content\/uploads\/2014\/02\/Intus1.jpg\" width=\"2048\" height=\"854\" srcset=\"https:\/\/w-l-c.be\/wp-content\/uploads\/2014\/02\/Intus1.jpg 2048w, https:\/\/w-l-c.be\/wp-content\/uploads\/2014\/02\/Intus1-480x200.jpg 480w, https:\/\/w-l-c.be\/wp-content\/uploads\/2014\/02\/Intus1-800x333.jpg 800w\" sizes=\"auto, (max-width: 2048px) 100vw, 2048px\" \/><\/a><\/p>\n<p>&nbsp;<\/p>\n<p><strong>INTUS<\/strong><\/p>\n<p>Un homme se r\u00e9veille, en sursaut, emmur\u00e9 dans une chambre. Son seul lien avec l\u2019ext\u00e9rieur : un t\u00e9l\u00e9phone d\u00e9fectueux. Confront\u00e9 aux \u00e9v\u00e9nements qui s\u2019encha\u00eenent dans cet environnement clos, le prisonnier se retrouve face \u00e0 lui-m\u00eame et \u00e0 son pass\u00e9.<\/p>\n<p>Prix et r\u00e9compenses :<\/p>\n<p>Prix Coup de Coeur RTBF Festival le Court en dit Long Paris 2013<\/p>\n<p>R\u00e9alisateur : Gary Seghers<\/p>\n<p>Sc\u00e9nariste : Gary Seghers, Laurent Vieilletoile<\/p>\n<p>Acteur\/Actrice : J\u00e9r\u00e9mie Renier, Lisa Debauche, Ma\u00eflyse Hermans, Sozyone Gonzalez, Jacky Druaux<\/p>\n<p>&nbsp;<\/p>\n<\/div>\n","protected":false},"excerpt":{"rendered":"<p>Intus et Welkom repr\u00e9senteront le court m\u00e9trage belge francophone au Festival du Cin\u00e9ma Europ\u00e9en de Lille<\/p>\n","protected":false},"author":7,"featured_media":53196,"comment_status":"closed","ping_status":"closed","sticky":false,"template":"","format":"standard","meta":{"ngg_post_thumbnail":0,"footnotes":""},"categories":[12],"tags":[],"class_list":["post-53192","post","type-post","status-publish","format-standard","has-post-thumbnail","","category-awards"],"yoast_head":"<!-- This site is optimized with the Yoast SEO plugin v20.4 - https:\/\/yoast.com\/wordpress\/plugins\/seo\/ -->\n<title>Deux courts m\u00e9trages belges s\u00e9lectionn\u00e9s en France - w-l-c<\/title>\n<meta name=\"robots\" content=\"noindex, follow, max-snippet:-1, max-image-preview:large, max-video-preview:-1\" \/>\n<meta property=\"og:locale\" content=\"fr_FR\" \/>\n<meta property=\"og:type\" content=\"article\" \/>\n<meta property=\"og:title\" content=\"Deux courts m\u00e9trages belges s\u00e9lectionn\u00e9s en France - w-l-c\" \/>\n<meta property=\"og:description\" content=\"Intus et Welkom repr\u00e9senteront le court m\u00e9trage belge francophone au Festival du Cin\u00e9ma Europ\u00e9en de Lille\" \/>\n<meta property=\"og:url\" content=\"https:\/\/w-l-c.be\/fr\/deux-courts-metrages-belges-selectionnes-en-france\/\" \/>\n<meta property=\"og:site_name\" content=\"w-l-c\" \/>\n<meta property=\"article:published_time\" content=\"2014-02-25T15:40:06+00:00\" \/>\n<meta property=\"article:modified_time\" content=\"2014-02-25T15:41:17+00:00\" \/>\n<meta property=\"og:image\" content=\"https:\/\/w-l-c.be\/wp-content\/uploads\/2014\/02\/Intus-1.jpg\" \/>\n\t<meta property=\"og:image:width\" content=\"2048\" \/>\n\t<meta property=\"og:image:height\" content=\"854\" \/>\n\t<meta property=\"og:image:type\" content=\"image\/jpeg\" \/>\n<meta name=\"author\" content=\"Philippe.Pierquin\" \/>\n<meta name=\"twitter:card\" content=\"summary_large_image\" \/>\n<meta name=\"twitter:label1\" content=\"\u00c9crit par\" \/>\n\t<meta name=\"twitter:data1\" content=\"Philippe.Pierquin\" \/>\n\t<meta name=\"twitter:label2\" content=\"Dur\u00e9e de lecture estim\u00e9e\" \/>\n\t<meta name=\"twitter:data2\" content=\"2 minutes\" \/>\n<script type=\"application\/ld+json\" class=\"yoast-schema-graph\">{\"@context\":\"https:\/\/schema.org\",\"@graph\":[{\"@type\":\"WebPage\",\"@id\":\"https:\/\/w-l-c.be\/fr\/deux-courts-metrages-belges-selectionnes-en-france\/\",\"url\":\"https:\/\/w-l-c.be\/fr\/deux-courts-metrages-belges-selectionnes-en-france\/\",\"name\":\"Deux courts m\u00e9trages belges s\u00e9lectionn\u00e9s en France - w-l-c\",\"isPartOf\":{\"@id\":\"https:\/\/w-l-c.be\/fr\/#website\"},\"datePublished\":\"2014-02-25T15:40:06+00:00\",\"dateModified\":\"2014-02-25T15:41:17+00:00\",\"author\":{\"@id\":\"https:\/\/w-l-c.be\/fr\/#\/schema\/person\/4b9b1d857f0943453a38a7c2859ef756\"},\"breadcrumb\":{\"@id\":\"https:\/\/w-l-c.be\/fr\/deux-courts-metrages-belges-selectionnes-en-france\/#breadcrumb\"},\"inLanguage\":\"fr-FR\",\"potentialAction\":[{\"@type\":\"ReadAction\",\"target\":[\"https:\/\/w-l-c.be\/fr\/deux-courts-metrages-belges-selectionnes-en-france\/\"]}]},{\"@type\":\"BreadcrumbList\",\"@id\":\"https:\/\/w-l-c.be\/fr\/deux-courts-metrages-belges-selectionnes-en-france\/#breadcrumb\",\"itemListElement\":[{\"@type\":\"ListItem\",\"position\":1,\"name\":\"Accueil\",\"item\":\"https:\/\/w-l-c.be\/fr\/\"},{\"@type\":\"ListItem\",\"position\":2,\"name\":\"Deux courts m\u00e9trages belges s\u00e9lectionn\u00e9s en France\"}]},{\"@type\":\"WebSite\",\"@id\":\"https:\/\/w-l-c.be\/fr\/#website\",\"url\":\"https:\/\/w-l-c.be\/fr\/\",\"name\":\"w-l-c\",\"description\":\"Le cin\u00e9ma vu par les belges\",\"potentialAction\":[{\"@type\":\"SearchAction\",\"target\":{\"@type\":\"EntryPoint\",\"urlTemplate\":\"https:\/\/w-l-c.be\/fr\/?s={search_term_string}\"},\"query-input\":\"required name=search_term_string\"}],\"inLanguage\":\"fr-FR\"},{\"@type\":\"Person\",\"@id\":\"https:\/\/w-l-c.be\/fr\/#\/schema\/person\/4b9b1d857f0943453a38a7c2859ef756\",\"name\":\"Philippe.Pierquin\",\"url\":\"https:\/\/w-l-c.be\/fr\/author\/philippe-pierquin\/\"}]}<\/script>\n<!-- \/ Yoast SEO plugin. -->","yoast_head_json":{"title":"Deux courts m\u00e9trages belges s\u00e9lectionn\u00e9s en France - w-l-c","robots":{"index":"noindex","follow":"follow","max-snippet":"max-snippet:-1","max-image-preview":"max-image-preview:large","max-video-preview":"max-video-preview:-1"},"og_locale":"fr_FR","og_type":"article","og_title":"Deux courts m\u00e9trages belges s\u00e9lectionn\u00e9s en France - w-l-c","og_description":"Intus et Welkom repr\u00e9senteront le court m\u00e9trage belge francophone au Festival du Cin\u00e9ma Europ\u00e9en de Lille","og_url":"https:\/\/w-l-c.be\/fr\/deux-courts-metrages-belges-selectionnes-en-france\/","og_site_name":"w-l-c","article_published_time":"2014-02-25T15:40:06+00:00","article_modified_time":"2014-02-25T15:41:17+00:00","og_image":[{"width":2048,"height":854,"url":"https:\/\/w-l-c.be\/wp-content\/uploads\/2014\/02\/Intus-1.jpg","type":"image\/jpeg"}],"author":"Philippe.Pierquin","twitter_card":"summary_large_image","twitter_misc":{"\u00c9crit par":"Philippe.Pierquin","Dur\u00e9e de lecture estim\u00e9e":"2 minutes"},"schema":{"@context":"https:\/\/schema.org","@graph":[{"@type":"WebPage","@id":"https:\/\/w-l-c.be\/fr\/deux-courts-metrages-belges-selectionnes-en-france\/","url":"https:\/\/w-l-c.be\/fr\/deux-courts-metrages-belges-selectionnes-en-france\/","name":"Deux courts m\u00e9trages belges s\u00e9lectionn\u00e9s en France - w-l-c","isPartOf":{"@id":"https:\/\/w-l-c.be\/fr\/#website"},"datePublished":"2014-02-25T15:40:06+00:00","dateModified":"2014-02-25T15:41:17+00:00","author":{"@id":"https:\/\/w-l-c.be\/fr\/#\/schema\/person\/4b9b1d857f0943453a38a7c2859ef756"},"breadcrumb":{"@id":"https:\/\/w-l-c.be\/fr\/deux-courts-metrages-belges-selectionnes-en-france\/#breadcrumb"},"inLanguage":"fr-FR","potentialAction":[{"@type":"ReadAction","target":["https:\/\/w-l-c.be\/fr\/deux-courts-metrages-belges-selectionnes-en-france\/"]}]},{"@type":"BreadcrumbList","@id":"https:\/\/w-l-c.be\/fr\/deux-courts-metrages-belges-selectionnes-en-france\/#breadcrumb","itemListElement":[{"@type":"ListItem","position":1,"name":"Accueil","item":"https:\/\/w-l-c.be\/fr\/"},{"@type":"ListItem","position":2,"name":"Deux courts m\u00e9trages belges s\u00e9lectionn\u00e9s en France"}]},{"@type":"WebSite","@id":"https:\/\/w-l-c.be\/fr\/#website","url":"https:\/\/w-l-c.be\/fr\/","name":"w-l-c","description":"Le cin\u00e9ma vu par les belges","potentialAction":[{"@type":"SearchAction","target":{"@type":"EntryPoint","urlTemplate":"https:\/\/w-l-c.be\/fr\/?s={search_term_string}"},"query-input":"required name=search_term_string"}],"inLanguage":"fr-FR"},{"@type":"Person","@id":"https:\/\/w-l-c.be\/fr\/#\/schema\/person\/4b9b1d857f0943453a38a7c2859ef756","name":"Philippe.Pierquin","url":"https:\/\/w-l-c.be\/fr\/author\/philippe-pierquin\/"}]}},"_links":{"self":[{"href":"https:\/\/w-l-c.be\/fr\/wp-json\/wp\/v2\/posts\/53192","targetHints":{"allow":["GET"]}}],"collection":[{"href":"https:\/\/w-l-c.be\/fr\/wp-json\/wp\/v2\/posts"}],"about":[{"href":"https:\/\/w-l-c.be\/fr\/wp-json\/wp\/v2\/types\/post"}],"author":[{"embeddable":true,"href":"https:\/\/w-l-c.be\/fr\/wp-json\/wp\/v2\/users\/7"}],"replies":[{"embeddable":true,"href":"https:\/\/w-l-c.be\/fr\/wp-json\/wp\/v2\/comments?post=53192"}],"version-history":[{"count":0,"href":"https:\/\/w-l-c.be\/fr\/wp-json\/wp\/v2\/posts\/53192\/revisions"}],"wp:featuredmedia":[{"embeddable":true,"href":"https:\/\/w-l-c.be\/fr\/wp-json\/wp\/v2\/media\/53196"}],"wp:attachment":[{"href":"https:\/\/w-l-c.be\/fr\/wp-json\/wp\/v2\/media?parent=53192"}],"wp:term":[{"taxonomy":"category","embeddable":true,"href":"https:\/\/w-l-c.be\/fr\/wp-json\/wp\/v2\/categories?post=53192"},{"taxonomy":"post_tag","embeddable":true,"href":"https:\/\/w-l-c.be\/fr\/wp-json\/wp\/v2\/tags?post=53192"}],"curies":[{"name":"wp","href":"https:\/\/api.w.org\/{rel}","templated":true}]}}