
{"id":53199,"date":"2014-02-25T17:29:11","date_gmt":"2014-02-25T16:29:11","guid":{"rendered":"http:\/\/www.cinevox.be\/?p=53199"},"modified":"2014-02-25T20:57:09","modified_gmt":"2014-02-25T19:57:09","slug":"53199","status":"publish","type":"post","link":"https:\/\/w-l-c.be\/fr\/53199\/","title":{"rendered":"Participez au Jury Junior du FIFF 2014\u200f"},"content":{"rendered":"<p>La 29<sup>e<\/sup>\u00a0\u00e9dition du Festival International du Film Francophone de Namur\u00a0se d\u00e9roulera du 3 au 10 octobre 2014.<\/p>\n<p>Outre le Jury Officiel qui d\u00e9cerne les c\u00e9l\u00e8bres Bayards d&rsquo;Or et le d\u00e9sormais c\u00e9l\u00e8bre jury Cinevox, le Festival de Namur accueille chaque ann\u00e9e un\u00a0<b>Jury Junior<\/b>\u00a0compos\u00e9 de sept jeunes cin\u00e9philes, \u00e2g\u00e9s de 13 \u00e0 14 ans, qui peuvent ainsi exprimer eux aussi leurs pr\u00e9f\u00e9rences cin\u00e9matographiques<b>.<\/b><\/p>\n<p>&nbsp;<\/p>\n<p><em id=\"__mceDel\"><b><!--more--><\/b><\/em><\/p>\n<p><b>\u00a0<\/b><\/p>\n<h2>Tu es en 1\u00e8re secondaire? Fais partie du Jury Junior!<\/h2>\n<p>&nbsp;<\/p>\n<p><i>\u00ab\u00a0Le FIFF fut pour moi une exp\u00e9rience magique. J&rsquo;ai appris \u00e0 mieux savoir critiquer des films, j&rsquo;y ai rencontr\u00e9 des acteurs extraordinaires, notre coach Damien ainsi que le groupe m&rsquo;ont permis de tisser des liens forts! Cette semaine fut pour moi un moment inoubliable, merci \u00e0 toute l&rsquo;\u00e9quipe du FIFF!\u00a0\u00bb<\/i>\u00a0Marie<\/p>\n<p>&nbsp;<\/p>\n<p><i>\u00ab\u00a0J&rsquo;ai trouv\u00e9 l&rsquo;exp\u00e9rience tr\u00e8s int\u00e9ressante et cela m&rsquo;a inspir\u00e9 pour faire le travail d&rsquo;acteur plus tard. C&rsquo;est bien de voir l&rsquo;autre c\u00f4t\u00e9 des films. De d\u00e9couvrir d&rsquo;autres films que ce qui est pr\u00e9sent\u00e9 dans les cin\u00e9mas. Gr\u00e2ce \u00e0 cela, j&rsquo;ai appris que ce n&rsquo;est pas que les films \u00e0 gros budgets qui sont g\u00e9niaux. La preuve avec le film Vandal. J&rsquo;esp\u00e8re que le prochain Jury Junior aura la chance de vivre une aventure aussi passionnante.\u00a0\u00bb<\/i>Victor<\/p>\n<p>&nbsp;<\/p>\n<p>Durant le FIFF, les membres du Jury Junior sont invit\u00e9s \u00e0 visionner huit longs m\u00e9trages destin\u00e9s au jeune public. Ils ont ainsi l\u2019occasion de d\u00e9couvrir les richesses du cin\u00e9ma francophone, rencontrer des acteurs et professionnels du cin\u00e9ma, confronter leurs opinions avec celles d&rsquo;autres jeunes, d\u00e9battre des diff\u00e9rents th\u00e8mes abord\u00e9s et d\u00e9velopper leur esprit critique. Une exp\u00e9rience unique et inoubliable dans un contexte convivial! Le Jury Junior d\u00e9cernera son\u00a0<b>Prix du Jury Junior,\u00a0<\/b>\u0153uvre de l\u2019artiste namurois Jean-Claude Simus, au r\u00e9alisateur laur\u00e9at au cours de la traditionnelle C\u00e9r\u00e9monie des Bayards d&rsquo;or le vendredi 10 octobre 2014.<\/p>\n<p><b>\u00a0<\/b><\/p>\n<p><a href=\"http:\/\/www.cinevox.be\/53199\/bvv3njniyaae6rx-2\/\" rel=\"attachment wp-att-53201\"><img loading=\"lazy\" decoding=\"async\" class=\"aligncenter size-full wp-image-53201\" alt=\"\" src=\"http:\/\/www.cinevox.be\/wp-content\/uploads\/2014\/02\/BVv3nJnIYAAe6Rx.jpg\" width=\"1024\" height=\"764\" srcset=\"https:\/\/w-l-c.be\/wp-content\/uploads\/2014\/02\/BVv3nJnIYAAe6Rx.jpg 1024w, https:\/\/w-l-c.be\/wp-content\/uploads\/2014\/02\/BVv3nJnIYAAe6Rx-361x270.jpg 361w, https:\/\/w-l-c.be\/wp-content\/uploads\/2014\/02\/BVv3nJnIYAAe6Rx-800x596.jpg 800w, https:\/\/w-l-c.be\/wp-content\/uploads\/2014\/02\/BVv3nJnIYAAe6Rx-300x225.jpg 300w\" sizes=\"auto, (max-width: 1024px) 100vw, 1024px\" \/><\/a><\/p>\n<p style=\"text-align: right;\"><em>[les deux photos copyright FIFF 2013]<\/em><\/p>\n<p>&nbsp;<\/p>\n<p>&nbsp;<\/p>\n<h2>Comment participer?<\/h2>\n<p>&nbsp;<\/p>\n<p>L&rsquo;appel \u00e0 candidatures pour la s\u00e9lection de ce jury est d\u00e8s \u00e0 pr\u00e9sent lanc\u00e9 et vise les \u00e9l\u00e8ves de 1\u00e8re ann\u00e9e secondaire.<\/p>\n<p>Le formulaire d&rsquo;inscription est disponible sur le <a href=\"www.fiff.be \" target=\"_blank\">site du festival<\/a> ou en cliquant <a href=\"http:\/\/www.fiff.be\/fr\/content\/download\/43017\/720219\/file\/bulletin%20de%20pr\u00e9s\u00e9lection.doc\" target=\"_blank\">ici<\/a><\/p>\n<p><b>\u00a0<\/b><\/p>\n<p><b>La pr\u00e9s\u00e9lection des membres du Jury Junior se d\u00e9roulera le samedi 29 mars \u00e0 9h30 au cin\u00e9ma Eldorado, rue de Fer 40 \u00e0 5000 Namur.<\/b><\/p>\n<p>&nbsp;<\/p>\n<p>Les candidats seront invit\u00e9s \u00e0 assister \u00e0 la projection du long m\u00e9trage VANDAL d\u2019H\u00e9lier Cisterne, laur\u00e9at du Prix du Jury Junior au FIFF l\u2019an dernier. A l&rsquo;issue de la projection, les candidats recevront un questionnaire \u00e0 remplir. Sur cette base, le comit\u00e9 de s\u00e9lection retiendra 14 jeunes pour la s\u00e9lection finale.<\/p>\n<p>&nbsp;<\/p>\n<p>Ces quatorze pr\u00e9s\u00e9lectionn\u00e9s seront ensuite d\u00e9partag\u00e9s par un Jury compos\u00e9 de p\u00e9dagogues et de professionnels du cin\u00e9ma le\u00a0<b>mercredi 30 avril\u00a0<\/b>pour ne retenir, au final, que les 7 heureux\u00a0 finalistes qui composeront le Jury Junior 2014. La s\u00e9lection s&rsquo;op\u00e8rera sur l&rsquo;int\u00e9r\u00eat de l&rsquo;adolescent pour le cin\u00e9ma, sa personnalit\u00e9 et sa capacit\u00e9 \u00e0 vivre en groupe.<\/p>\n<p><b><span style=\"text-decoration: underline;\">\u00a0<\/span><\/b><\/p>\n<p><b><span style=\"text-decoration: underline;\">Renseignements<\/span><\/b>\u00a0: Sophie Verhoest, Responsable FIFF Campus<\/p>\n<p>t\u00e9l. 081 23 40 97, fax : 081 22 43 84, e-mail :\u00a0<a href=\"mailto:sophie.verhoest@fiff.be\">sophie.verhoest@fiff.be<\/a><\/p>\n<p>&nbsp;<\/p>\n","protected":false},"excerpt":{"rendered":"<p>La 29e\u00a0\u00e9dition du Festival International du Film Francophone de Namur\u00a0se d\u00e9roulera du 3 au 10 octobre 2014. Outre le Jury Officiel qui d\u00e9cerne les c\u00e9l\u00e8bres Bayards d&rsquo;Or et le d\u00e9sormais c\u00e9l\u00e8bre jury Cinevox, le Festival de Namur accueille chaque ann\u00e9e un\u00a0Jury Junior\u00a0compos\u00e9 de sept jeunes cin\u00e9philes, \u00e2g\u00e9s de 13 \u00e0 14 ans, qui peuvent ainsi &hellip;<\/p>\n","protected":false},"author":7,"featured_media":53203,"comment_status":"closed","ping_status":"closed","sticky":false,"template":"","format":"standard","meta":{"ngg_post_thumbnail":0,"footnotes":""},"categories":[12],"tags":[],"class_list":["post-53199","post","type-post","status-publish","format-standard","has-post-thumbnail","","category-awards"],"yoast_head":"<!-- This site is optimized with the Yoast SEO plugin v20.4 - https:\/\/yoast.com\/wordpress\/plugins\/seo\/ -->\n<title>Participez au Jury Junior du FIFF 2014\u200f - w-l-c<\/title>\n<meta name=\"robots\" content=\"noindex, follow, max-snippet:-1, max-image-preview:large, max-video-preview:-1\" \/>\n<meta property=\"og:locale\" content=\"fr_FR\" \/>\n<meta property=\"og:type\" content=\"article\" \/>\n<meta property=\"og:title\" content=\"Participez au Jury Junior du FIFF 2014\u200f - w-l-c\" \/>\n<meta property=\"og:description\" content=\"La 29e\u00a0\u00e9dition du Festival International du Film Francophone de Namur\u00a0se d\u00e9roulera du 3 au 10 octobre 2014. Outre le Jury Officiel qui d\u00e9cerne les c\u00e9l\u00e8bres Bayards d&rsquo;Or et le d\u00e9sormais c\u00e9l\u00e8bre jury Cinevox, le Festival de Namur accueille chaque ann\u00e9e un\u00a0Jury Junior\u00a0compos\u00e9 de sept jeunes cin\u00e9philes, \u00e2g\u00e9s de 13 \u00e0 14 ans, qui peuvent ainsi &hellip;\" \/>\n<meta property=\"og:url\" content=\"https:\/\/w-l-c.be\/fr\/53199\/\" \/>\n<meta property=\"og:site_name\" content=\"w-l-c\" \/>\n<meta property=\"article:published_time\" content=\"2014-02-25T16:29:11+00:00\" \/>\n<meta property=\"article:modified_time\" content=\"2014-02-25T19:57:09+00:00\" \/>\n<meta property=\"og:image\" content=\"https:\/\/w-l-c.be\/wp-content\/uploads\/2014\/02\/10091796223_b9631c82c1_b.jpg\" \/>\n\t<meta property=\"og:image:width\" content=\"1024\" \/>\n\t<meta property=\"og:image:height\" content=\"683\" \/>\n\t<meta property=\"og:image:type\" content=\"image\/jpeg\" \/>\n<meta name=\"author\" content=\"Philippe.Pierquin\" \/>\n<meta name=\"twitter:card\" content=\"summary_large_image\" \/>\n<meta name=\"twitter:label1\" content=\"\u00c9crit par\" \/>\n\t<meta name=\"twitter:data1\" content=\"Philippe.Pierquin\" \/>\n\t<meta name=\"twitter:label2\" content=\"Dur\u00e9e de lecture estim\u00e9e\" \/>\n\t<meta name=\"twitter:data2\" content=\"3 minutes\" \/>\n<script type=\"application\/ld+json\" class=\"yoast-schema-graph\">{\"@context\":\"https:\/\/schema.org\",\"@graph\":[{\"@type\":\"WebPage\",\"@id\":\"https:\/\/w-l-c.be\/fr\/53199\/\",\"url\":\"https:\/\/w-l-c.be\/fr\/53199\/\",\"name\":\"Participez au Jury Junior du FIFF 2014\u200f - w-l-c\",\"isPartOf\":{\"@id\":\"https:\/\/w-l-c.be\/fr\/#website\"},\"datePublished\":\"2014-02-25T16:29:11+00:00\",\"dateModified\":\"2014-02-25T19:57:09+00:00\",\"author\":{\"@id\":\"https:\/\/w-l-c.be\/fr\/#\/schema\/person\/4b9b1d857f0943453a38a7c2859ef756\"},\"breadcrumb\":{\"@id\":\"https:\/\/w-l-c.be\/fr\/53199\/#breadcrumb\"},\"inLanguage\":\"fr-FR\",\"potentialAction\":[{\"@type\":\"ReadAction\",\"target\":[\"https:\/\/w-l-c.be\/fr\/53199\/\"]}]},{\"@type\":\"BreadcrumbList\",\"@id\":\"https:\/\/w-l-c.be\/fr\/53199\/#breadcrumb\",\"itemListElement\":[{\"@type\":\"ListItem\",\"position\":1,\"name\":\"Accueil\",\"item\":\"https:\/\/w-l-c.be\/fr\/\"},{\"@type\":\"ListItem\",\"position\":2,\"name\":\"Participez au Jury Junior du FIFF 2014\u200f\"}]},{\"@type\":\"WebSite\",\"@id\":\"https:\/\/w-l-c.be\/fr\/#website\",\"url\":\"https:\/\/w-l-c.be\/fr\/\",\"name\":\"w-l-c\",\"description\":\"Le cin\u00e9ma vu par les belges\",\"potentialAction\":[{\"@type\":\"SearchAction\",\"target\":{\"@type\":\"EntryPoint\",\"urlTemplate\":\"https:\/\/w-l-c.be\/fr\/?s={search_term_string}\"},\"query-input\":\"required name=search_term_string\"}],\"inLanguage\":\"fr-FR\"},{\"@type\":\"Person\",\"@id\":\"https:\/\/w-l-c.be\/fr\/#\/schema\/person\/4b9b1d857f0943453a38a7c2859ef756\",\"name\":\"Philippe.Pierquin\",\"url\":\"https:\/\/w-l-c.be\/fr\/author\/philippe-pierquin\/\"}]}<\/script>\n<!-- \/ Yoast SEO plugin. -->","yoast_head_json":{"title":"Participez au Jury Junior du FIFF 2014\u200f - w-l-c","robots":{"index":"noindex","follow":"follow","max-snippet":"max-snippet:-1","max-image-preview":"max-image-preview:large","max-video-preview":"max-video-preview:-1"},"og_locale":"fr_FR","og_type":"article","og_title":"Participez au Jury Junior du FIFF 2014\u200f - w-l-c","og_description":"La 29e\u00a0\u00e9dition du Festival International du Film Francophone de Namur\u00a0se d\u00e9roulera du 3 au 10 octobre 2014. Outre le Jury Officiel qui d\u00e9cerne les c\u00e9l\u00e8bres Bayards d&rsquo;Or et le d\u00e9sormais c\u00e9l\u00e8bre jury Cinevox, le Festival de Namur accueille chaque ann\u00e9e un\u00a0Jury Junior\u00a0compos\u00e9 de sept jeunes cin\u00e9philes, \u00e2g\u00e9s de 13 \u00e0 14 ans, qui peuvent ainsi &hellip;","og_url":"https:\/\/w-l-c.be\/fr\/53199\/","og_site_name":"w-l-c","article_published_time":"2014-02-25T16:29:11+00:00","article_modified_time":"2014-02-25T19:57:09+00:00","og_image":[{"width":1024,"height":683,"url":"https:\/\/w-l-c.be\/wp-content\/uploads\/2014\/02\/10091796223_b9631c82c1_b.jpg","type":"image\/jpeg"}],"author":"Philippe.Pierquin","twitter_card":"summary_large_image","twitter_misc":{"\u00c9crit par":"Philippe.Pierquin","Dur\u00e9e de lecture estim\u00e9e":"3 minutes"},"schema":{"@context":"https:\/\/schema.org","@graph":[{"@type":"WebPage","@id":"https:\/\/w-l-c.be\/fr\/53199\/","url":"https:\/\/w-l-c.be\/fr\/53199\/","name":"Participez au Jury Junior du FIFF 2014\u200f - w-l-c","isPartOf":{"@id":"https:\/\/w-l-c.be\/fr\/#website"},"datePublished":"2014-02-25T16:29:11+00:00","dateModified":"2014-02-25T19:57:09+00:00","author":{"@id":"https:\/\/w-l-c.be\/fr\/#\/schema\/person\/4b9b1d857f0943453a38a7c2859ef756"},"breadcrumb":{"@id":"https:\/\/w-l-c.be\/fr\/53199\/#breadcrumb"},"inLanguage":"fr-FR","potentialAction":[{"@type":"ReadAction","target":["https:\/\/w-l-c.be\/fr\/53199\/"]}]},{"@type":"BreadcrumbList","@id":"https:\/\/w-l-c.be\/fr\/53199\/#breadcrumb","itemListElement":[{"@type":"ListItem","position":1,"name":"Accueil","item":"https:\/\/w-l-c.be\/fr\/"},{"@type":"ListItem","position":2,"name":"Participez au Jury Junior du FIFF 2014\u200f"}]},{"@type":"WebSite","@id":"https:\/\/w-l-c.be\/fr\/#website","url":"https:\/\/w-l-c.be\/fr\/","name":"w-l-c","description":"Le cin\u00e9ma vu par les belges","potentialAction":[{"@type":"SearchAction","target":{"@type":"EntryPoint","urlTemplate":"https:\/\/w-l-c.be\/fr\/?s={search_term_string}"},"query-input":"required name=search_term_string"}],"inLanguage":"fr-FR"},{"@type":"Person","@id":"https:\/\/w-l-c.be\/fr\/#\/schema\/person\/4b9b1d857f0943453a38a7c2859ef756","name":"Philippe.Pierquin","url":"https:\/\/w-l-c.be\/fr\/author\/philippe-pierquin\/"}]}},"_links":{"self":[{"href":"https:\/\/w-l-c.be\/fr\/wp-json\/wp\/v2\/posts\/53199","targetHints":{"allow":["GET"]}}],"collection":[{"href":"https:\/\/w-l-c.be\/fr\/wp-json\/wp\/v2\/posts"}],"about":[{"href":"https:\/\/w-l-c.be\/fr\/wp-json\/wp\/v2\/types\/post"}],"author":[{"embeddable":true,"href":"https:\/\/w-l-c.be\/fr\/wp-json\/wp\/v2\/users\/7"}],"replies":[{"embeddable":true,"href":"https:\/\/w-l-c.be\/fr\/wp-json\/wp\/v2\/comments?post=53199"}],"version-history":[{"count":0,"href":"https:\/\/w-l-c.be\/fr\/wp-json\/wp\/v2\/posts\/53199\/revisions"}],"wp:featuredmedia":[{"embeddable":true,"href":"https:\/\/w-l-c.be\/fr\/wp-json\/wp\/v2\/media\/53203"}],"wp:attachment":[{"href":"https:\/\/w-l-c.be\/fr\/wp-json\/wp\/v2\/media?parent=53199"}],"wp:term":[{"taxonomy":"category","embeddable":true,"href":"https:\/\/w-l-c.be\/fr\/wp-json\/wp\/v2\/categories?post=53199"},{"taxonomy":"post_tag","embeddable":true,"href":"https:\/\/w-l-c.be\/fr\/wp-json\/wp\/v2\/tags?post=53199"}],"curies":[{"name":"wp","href":"https:\/\/api.w.org\/{rel}","templated":true}]}}