
{"id":53275,"date":"2014-02-28T06:18:51","date_gmt":"2014-02-28T05:18:51","guid":{"rendered":"http:\/\/www.cinevox.be\/?p=53275"},"modified":"2014-03-10T10:37:19","modified_gmt":"2014-03-10T09:37:19","slug":"la-video-du-jour-vendredi-28-fevrier-2014","status":"publish","type":"post","link":"https:\/\/w-l-c.be\/fr\/la-video-du-jour-vendredi-28-fevrier-2014\/","title":{"rendered":"La photo \/vid\u00e9o du jour &#8211; vendredi 28 f\u00e9vrier 2014"},"content":{"rendered":"<p>Ce soir, C\u00e9cile de France pr\u00e9sentera la 39e c\u00e9r\u00e9monie des C\u00e9sar du cin\u00e9ma fran\u00e7ais.<\/p>\n<p>Une promotion canap\u00e9? L&rsquo;explication de ce tour de passe-passe est dans la vid\u00e9o qui suit la photo.<\/p>\n<p><!--more--><\/p>\n<p>&nbsp;<\/p>\n<p>&nbsp;<\/p>\n<p><a href=\"http:\/\/www.cinevox.be\/la-video-du-jour-vendredi-28-fevrier-2014\/6972430-cesar-2014-cecile-de-france-decroche-la-presentation-au-lit\/\" rel=\"attachment wp-att-53280\"><img loading=\"lazy\" decoding=\"async\" class=\"aligncenter size-full wp-image-53280\" alt=\"\" src=\"http:\/\/www.cinevox.be\/wp-content\/uploads\/2010\/02\/6972430-cesar-2014-cecile-de-france-decroche-la-presentation-au-lit.jpg\" width=\"833\" height=\"413\" srcset=\"https:\/\/w-l-c.be\/wp-content\/uploads\/2010\/02\/6972430-cesar-2014-cecile-de-france-decroche-la-presentation-au-lit.jpg 833w, https:\/\/w-l-c.be\/wp-content\/uploads\/2010\/02\/6972430-cesar-2014-cecile-de-france-decroche-la-presentation-au-lit-480x237.jpg 480w, https:\/\/w-l-c.be\/wp-content\/uploads\/2010\/02\/6972430-cesar-2014-cecile-de-france-decroche-la-presentation-au-lit-800x396.jpg 800w\" sizes=\"auto, (max-width: 833px) 100vw, 833px\" \/><\/a><\/p>\n<p>&nbsp;<\/p>\n<p>&nbsp;<\/p>\n<div><iframe loading=\"lazy\" src=\"http:\/\/player.canalplus.fr\/embed\/?param=cplus&amp;vid=1020676\" height=\"360\" width=\"640\" frameborder=\"0\" scrolling=\"no\"><\/iframe><\/div>\n<div style=\"width: 632px; font-size: 11px; background: #EBEBEB; border: 1px solid #D6D6D6; margin-top: 5px; padding: 4px 0 4px 6px; font-family: Arial, Helvetica, sans-serif; -moz-border-radius: 3px; -webkit-border-radius: 3px;\"><a style=\"text-decoration: none; color: #666;\" href=\"http:\/\/www.canalplus.fr\/c-cinema\/c-ceremonie-des-cesar-sur-canal\/pid6664-videos-cesar-2014.html?vid=1020676&amp;sc_cmpid=SharePlayerEmbed\" target=\"_blank\"><span style=\"color: #000; font-weight: bold;\">Cesar 2014<\/span> &#8211; Elle ou lui ?<\/a><\/div>\n","protected":false},"excerpt":{"rendered":"<p>Ce soir, C\u00e9cile de France pr\u00e9sentera la 39e c\u00e9r\u00e9monie des C\u00e9sar du cin\u00e9ma fran\u00e7ais. Une promotion canap\u00e9? L&rsquo;explication de ce tour de passe-passe est dans la vid\u00e9o qui suit la photo.<\/p>\n","protected":false},"author":7,"featured_media":53279,"comment_status":"closed","ping_status":"closed","sticky":false,"template":"","format":"standard","meta":{"ngg_post_thumbnail":0,"footnotes":""},"categories":[1923],"tags":[],"class_list":["post-53275","post","type-post","status-publish","format-standard","has-post-thumbnail","","category-en-bref"],"yoast_head":"<!-- This site is optimized with the Yoast SEO plugin v20.4 - https:\/\/yoast.com\/wordpress\/plugins\/seo\/ -->\n<title>La photo \/vid\u00e9o du jour - vendredi 28 f\u00e9vrier 2014 - w-l-c<\/title>\n<meta name=\"robots\" content=\"noindex, follow, max-snippet:-1, max-image-preview:large, max-video-preview:-1\" \/>\n<meta property=\"og:locale\" content=\"fr_FR\" \/>\n<meta property=\"og:type\" content=\"article\" \/>\n<meta property=\"og:title\" content=\"La photo \/vid\u00e9o du jour - vendredi 28 f\u00e9vrier 2014 - w-l-c\" \/>\n<meta property=\"og:description\" content=\"Ce soir, C\u00e9cile de France pr\u00e9sentera la 39e c\u00e9r\u00e9monie des C\u00e9sar du cin\u00e9ma fran\u00e7ais. Une promotion canap\u00e9? L&rsquo;explication de ce tour de passe-passe est dans la vid\u00e9o qui suit la photo.\" \/>\n<meta property=\"og:url\" content=\"https:\/\/w-l-c.be\/fr\/la-video-du-jour-vendredi-28-fevrier-2014\/\" \/>\n<meta property=\"og:site_name\" content=\"w-l-c\" \/>\n<meta property=\"article:published_time\" content=\"2014-02-28T05:18:51+00:00\" \/>\n<meta property=\"article:modified_time\" content=\"2014-03-10T09:37:19+00:00\" \/>\n<meta property=\"og:image\" content=\"https:\/\/w-l-c.be\/wp-content\/uploads\/2010\/02\/images.jpg\" \/>\n\t<meta property=\"og:image:width\" content=\"310\" \/>\n\t<meta property=\"og:image:height\" content=\"163\" \/>\n\t<meta property=\"og:image:type\" content=\"image\/jpeg\" \/>\n<meta name=\"author\" content=\"Philippe.Pierquin\" \/>\n<meta name=\"twitter:card\" content=\"summary_large_image\" \/>\n<meta name=\"twitter:label1\" content=\"\u00c9crit par\" \/>\n\t<meta name=\"twitter:data1\" content=\"Philippe.Pierquin\" \/>\n<script type=\"application\/ld+json\" class=\"yoast-schema-graph\">{\"@context\":\"https:\/\/schema.org\",\"@graph\":[{\"@type\":\"WebPage\",\"@id\":\"https:\/\/w-l-c.be\/fr\/la-video-du-jour-vendredi-28-fevrier-2014\/\",\"url\":\"https:\/\/w-l-c.be\/fr\/la-video-du-jour-vendredi-28-fevrier-2014\/\",\"name\":\"La photo \/vid\u00e9o du jour - vendredi 28 f\u00e9vrier 2014 - w-l-c\",\"isPartOf\":{\"@id\":\"https:\/\/w-l-c.be\/fr\/#website\"},\"datePublished\":\"2014-02-28T05:18:51+00:00\",\"dateModified\":\"2014-03-10T09:37:19+00:00\",\"author\":{\"@id\":\"https:\/\/w-l-c.be\/fr\/#\/schema\/person\/4b9b1d857f0943453a38a7c2859ef756\"},\"breadcrumb\":{\"@id\":\"https:\/\/w-l-c.be\/fr\/la-video-du-jour-vendredi-28-fevrier-2014\/#breadcrumb\"},\"inLanguage\":\"fr-FR\",\"potentialAction\":[{\"@type\":\"ReadAction\",\"target\":[\"https:\/\/w-l-c.be\/fr\/la-video-du-jour-vendredi-28-fevrier-2014\/\"]}]},{\"@type\":\"BreadcrumbList\",\"@id\":\"https:\/\/w-l-c.be\/fr\/la-video-du-jour-vendredi-28-fevrier-2014\/#breadcrumb\",\"itemListElement\":[{\"@type\":\"ListItem\",\"position\":1,\"name\":\"Accueil\",\"item\":\"https:\/\/w-l-c.be\/fr\/\"},{\"@type\":\"ListItem\",\"position\":2,\"name\":\"La photo \/vid\u00e9o du jour &#8211; vendredi 28 f\u00e9vrier 2014\"}]},{\"@type\":\"WebSite\",\"@id\":\"https:\/\/w-l-c.be\/fr\/#website\",\"url\":\"https:\/\/w-l-c.be\/fr\/\",\"name\":\"w-l-c\",\"description\":\"Le cin\u00e9ma vu par les belges\",\"potentialAction\":[{\"@type\":\"SearchAction\",\"target\":{\"@type\":\"EntryPoint\",\"urlTemplate\":\"https:\/\/w-l-c.be\/fr\/?s={search_term_string}\"},\"query-input\":\"required name=search_term_string\"}],\"inLanguage\":\"fr-FR\"},{\"@type\":\"Person\",\"@id\":\"https:\/\/w-l-c.be\/fr\/#\/schema\/person\/4b9b1d857f0943453a38a7c2859ef756\",\"name\":\"Philippe.Pierquin\",\"url\":\"https:\/\/w-l-c.be\/fr\/author\/philippe-pierquin\/\"}]}<\/script>\n<!-- \/ Yoast SEO plugin. -->","yoast_head_json":{"title":"La photo \/vid\u00e9o du jour - vendredi 28 f\u00e9vrier 2014 - w-l-c","robots":{"index":"noindex","follow":"follow","max-snippet":"max-snippet:-1","max-image-preview":"max-image-preview:large","max-video-preview":"max-video-preview:-1"},"og_locale":"fr_FR","og_type":"article","og_title":"La photo \/vid\u00e9o du jour - vendredi 28 f\u00e9vrier 2014 - w-l-c","og_description":"Ce soir, C\u00e9cile de France pr\u00e9sentera la 39e c\u00e9r\u00e9monie des C\u00e9sar du cin\u00e9ma fran\u00e7ais. Une promotion canap\u00e9? L&rsquo;explication de ce tour de passe-passe est dans la vid\u00e9o qui suit la photo.","og_url":"https:\/\/w-l-c.be\/fr\/la-video-du-jour-vendredi-28-fevrier-2014\/","og_site_name":"w-l-c","article_published_time":"2014-02-28T05:18:51+00:00","article_modified_time":"2014-03-10T09:37:19+00:00","og_image":[{"width":310,"height":163,"url":"https:\/\/w-l-c.be\/wp-content\/uploads\/2010\/02\/images.jpg","type":"image\/jpeg"}],"author":"Philippe.Pierquin","twitter_card":"summary_large_image","twitter_misc":{"\u00c9crit par":"Philippe.Pierquin"},"schema":{"@context":"https:\/\/schema.org","@graph":[{"@type":"WebPage","@id":"https:\/\/w-l-c.be\/fr\/la-video-du-jour-vendredi-28-fevrier-2014\/","url":"https:\/\/w-l-c.be\/fr\/la-video-du-jour-vendredi-28-fevrier-2014\/","name":"La photo \/vid\u00e9o du jour - vendredi 28 f\u00e9vrier 2014 - w-l-c","isPartOf":{"@id":"https:\/\/w-l-c.be\/fr\/#website"},"datePublished":"2014-02-28T05:18:51+00:00","dateModified":"2014-03-10T09:37:19+00:00","author":{"@id":"https:\/\/w-l-c.be\/fr\/#\/schema\/person\/4b9b1d857f0943453a38a7c2859ef756"},"breadcrumb":{"@id":"https:\/\/w-l-c.be\/fr\/la-video-du-jour-vendredi-28-fevrier-2014\/#breadcrumb"},"inLanguage":"fr-FR","potentialAction":[{"@type":"ReadAction","target":["https:\/\/w-l-c.be\/fr\/la-video-du-jour-vendredi-28-fevrier-2014\/"]}]},{"@type":"BreadcrumbList","@id":"https:\/\/w-l-c.be\/fr\/la-video-du-jour-vendredi-28-fevrier-2014\/#breadcrumb","itemListElement":[{"@type":"ListItem","position":1,"name":"Accueil","item":"https:\/\/w-l-c.be\/fr\/"},{"@type":"ListItem","position":2,"name":"La photo \/vid\u00e9o du jour &#8211; vendredi 28 f\u00e9vrier 2014"}]},{"@type":"WebSite","@id":"https:\/\/w-l-c.be\/fr\/#website","url":"https:\/\/w-l-c.be\/fr\/","name":"w-l-c","description":"Le cin\u00e9ma vu par les belges","potentialAction":[{"@type":"SearchAction","target":{"@type":"EntryPoint","urlTemplate":"https:\/\/w-l-c.be\/fr\/?s={search_term_string}"},"query-input":"required name=search_term_string"}],"inLanguage":"fr-FR"},{"@type":"Person","@id":"https:\/\/w-l-c.be\/fr\/#\/schema\/person\/4b9b1d857f0943453a38a7c2859ef756","name":"Philippe.Pierquin","url":"https:\/\/w-l-c.be\/fr\/author\/philippe-pierquin\/"}]}},"_links":{"self":[{"href":"https:\/\/w-l-c.be\/fr\/wp-json\/wp\/v2\/posts\/53275","targetHints":{"allow":["GET"]}}],"collection":[{"href":"https:\/\/w-l-c.be\/fr\/wp-json\/wp\/v2\/posts"}],"about":[{"href":"https:\/\/w-l-c.be\/fr\/wp-json\/wp\/v2\/types\/post"}],"author":[{"embeddable":true,"href":"https:\/\/w-l-c.be\/fr\/wp-json\/wp\/v2\/users\/7"}],"replies":[{"embeddable":true,"href":"https:\/\/w-l-c.be\/fr\/wp-json\/wp\/v2\/comments?post=53275"}],"version-history":[{"count":0,"href":"https:\/\/w-l-c.be\/fr\/wp-json\/wp\/v2\/posts\/53275\/revisions"}],"wp:featuredmedia":[{"embeddable":true,"href":"https:\/\/w-l-c.be\/fr\/wp-json\/wp\/v2\/media\/53279"}],"wp:attachment":[{"href":"https:\/\/w-l-c.be\/fr\/wp-json\/wp\/v2\/media?parent=53275"}],"wp:term":[{"taxonomy":"category","embeddable":true,"href":"https:\/\/w-l-c.be\/fr\/wp-json\/wp\/v2\/categories?post=53275"},{"taxonomy":"post_tag","embeddable":true,"href":"https:\/\/w-l-c.be\/fr\/wp-json\/wp\/v2\/tags?post=53275"}],"curies":[{"name":"wp","href":"https:\/\/api.w.org\/{rel}","templated":true}]}}