
{"id":53470,"date":"2014-03-07T08:02:45","date_gmt":"2014-03-07T07:02:45","guid":{"rendered":"http:\/\/www.cinevox.be\/?p=53470"},"modified":"2014-03-07T15:13:19","modified_gmt":"2014-03-07T14:13:19","slug":"alors-danse","status":"publish","type":"post","link":"https:\/\/w-l-c.be\/fr\/alors-danse\/","title":{"rendered":"Alors, on danse?"},"content":{"rendered":"<p>La danse et le cin\u00e9ma font-ils bon m\u00e9nage? \u00c9videmment\u2026<\/p>\n<p>L&rsquo;histoire du 7<sup>e<\/sup> art est peupl\u00e9e de films fascinants qui font r\u00e9f\u00e9rence \u00e0 cet autre art majeur. De tr\u00e8s nombreux longs m\u00e9trages tr\u00e8s populaires baignent \u00e9galement dans les entrechats, arabesques et autres grands \u00e9carts, \u00a0et plus encore dans les d\u00e9hanchements lascifs d&rsquo;\u00e9ph\u00e8bes des deux sexes, chor\u00e9graphi\u00e9s avec un soin maniaque.<\/p>\n<p>&nbsp;<\/p>\n<p style=\"text-align: right;\"><em>[Photo d&rsquo;ouverture par\u00a0Aur\u00e9lie Elich]<\/em><\/p>\n<p><!--more--><\/p>\n<p>&nbsp;<\/p>\n<p>En Belgique, rien que ces derniers mois, on a vu\u00a0<i>Tango Libre<\/i>\u00a0de\u00a0<b>Fr\u00e9d\u00e9ric Fonteyne<\/b>, mais aussi le court m\u00e9trage\u00a0<i>Passionnate Kiss<\/i>\u00a0d&rsquo;<b>Edith Depaule\u00a0<\/b>(photo ci-dessous), propos\u00e9 au FIFF 2013 \u00e0 Namur, un film violemment esth\u00e9tique qui tenait le pari de mettre le cin\u00e9ma au service de la danse et non l&rsquo;inverse comme c&rsquo;est tr\u00e8s souvent le cas.<\/p>\n<p>Point ici de montage hach\u00e9 et de gros plans perturbants permettant de donner \u00e0 la sc\u00e8ne un rythme artificiel, mais un travail sur des tableaux anim\u00e9s et sensuels autour de th\u00e9matiques et d&rsquo;ambiances tr\u00e8s diff\u00e9rentes.<\/p>\n<p>&nbsp;<\/p>\n<p>&nbsp;<\/p>\n<p><a href=\"http:\/\/www.cinevox.be\/alors-danse\/passionate-2\/\" rel=\"attachment wp-att-53478\"><img loading=\"lazy\" decoding=\"async\" class=\"aligncenter size-full wp-image-53478\" alt=\"\" src=\"http:\/\/www.cinevox.be\/wp-content\/uploads\/2014\/03\/passionate-2.jpg\" width=\"720\" height=\"544\" srcset=\"https:\/\/w-l-c.be\/wp-content\/uploads\/2014\/03\/passionate-2.jpg 720w, https:\/\/w-l-c.be\/wp-content\/uploads\/2014\/03\/passionate-2-357x270.jpg 357w\" sizes=\"auto, (max-width: 720px) 100vw, 720px\" \/><\/a><\/p>\n<p>&nbsp;<\/p>\n<p>&nbsp;<\/p>\n<p>Passionn\u00e9e depuis toujours par le monde f\u00e9minin et le th\u00e8me de la \u00ab\u00a0femme sauvage\u00a0\u00bb, Edith Depaule s&rsquo;est form\u00e9e aupr\u00e8s de la chor\u00e9graphe Mich\u00e8le Anne De Mey (<i>Kiss &amp; Cry<\/i> avec son compagnon Jaco Van Dormael). En 1999, elle fonde sa compagnie de danse-th\u00e9\u00e2tre, \u00ab\u00a0Les Fameuses Pralines\u00a0\u00bb, dont na\u00eetront plusieurs spectacles, dans lesquels elle d\u00e9veloppe son univers particulier o\u00f9 elle fait danser des com\u00e9diens.<\/p>\n<p>Parall\u00e8lement, elle donne cours au Conservatoire Royal de Mons en Art Dramatique depuis 2003 et participe \u00e0 l&rsquo;\u00e9laboration des \u00e9v\u00e8nements \u00ab\u00a0Blast Dance\u00a0\u00bb de Cl\u00e9ment Thirion avec Thomas Coumans et la Kosmocompany.<\/p>\n<p>&nbsp;<\/p>\n<p>A partir de 2008, un tournant s&rsquo;op\u00e8re dans sa recherche artistique, elle commence \u00e0 \u00e9crire des sc\u00e9narii et r\u00e9alise donc son premier court-m\u00e9trage, \u00ab\u00a0Passionate Kiss\u00a0\u00bb, co-r\u00e9alis\u00e9 avec Christopher Yates.<\/p>\n<p>&nbsp;<\/p>\n<p>Son nouveau projet cin\u00e9 s&rsquo;appelle <i>Dancing<\/i>. Il s&rsquo;agit d&rsquo;un projet solo auquel elle a associ\u00e9 une vingtaine de com\u00e9diens belges parmi lesquels on trouve quelques figures du long m\u00e9trage : <b>Benjamin Ramon<\/b> et <b>Thomas Coumans<\/b> (lire <a href=\"http:\/\/www.cinevox.be\/?p=53141\" target=\"_blank\">ici<\/a>) mais aussi <b>Steve Driesen<\/b> par exemple<\/p>\n<p>&nbsp;<\/p>\n<p><a href=\"http:\/\/www.cinevox.be\/alors-danse\/the-dancing-1\/\" rel=\"attachment wp-att-53479\"><img loading=\"lazy\" decoding=\"async\" class=\"aligncenter size-large wp-image-53479\" alt=\"\" src=\"http:\/\/www.cinevox.be\/wp-content\/uploads\/2014\/03\/The-Dancing-1-800x535.jpg\" width=\"640\" height=\"428\" srcset=\"https:\/\/w-l-c.be\/wp-content\/uploads\/2014\/03\/The-Dancing-1-800x535.jpg 800w, https:\/\/w-l-c.be\/wp-content\/uploads\/2014\/03\/The-Dancing-1-403x270.jpg 403w, https:\/\/w-l-c.be\/wp-content\/uploads\/2014\/03\/The-Dancing-1.jpg 960w\" sizes=\"auto, (max-width: 640px) 100vw, 640px\" \/><\/a><\/p>\n<p style=\"text-align: right;\"><em>\u00a0[Photo\u00a0Aur\u00e9lie Elich]<\/em><\/p>\n<p>&nbsp;<\/p>\n<p>Au c\u0153ur du film, douze femmes dans un dancing chic. Boule \u00e0 facettes. Musique.<\/p>\n<p>En talons, appr\u00eat\u00e9es, \u00e9l\u00e9gantes. Pas d\u2019hommes pour danser.<\/p>\n<p>Pas pi\u00e9tin\u00e9s, douleurs de pieds. Attente\u2026<\/p>\n<p>Toujours pas d\u2019hommes\u2026<\/p>\n<p>&nbsp;<\/p>\n<p>\u00ab\u00a0Lorsque Edith nous a propos\u00e9 ce projet original et audacieux\u00a0\u00bb, explique <b>Fran\u00e7ois-Xavier Willems<\/b>, producteur Next Days Films, \u00ab\u00a0nous avons imm\u00e9diatement \u00e9t\u00e9 happ\u00e9s par son univers singulier m\u00ealant habilement danse, glamour et sensualit\u00e9, et qui explore avec humour la repr\u00e9sentation de la femme et de l&rsquo;homme dans notre soci\u00e9t\u00e9 et notre imaginaire collectif.<\/p>\n<p>&nbsp;<\/p>\n<p>Cet univers est n\u00e9 d\u2019une pi\u00e8ce de th\u00e9\u00e2tre \u00ab Quand je croyais que j&rsquo;allais danser \u00bb qu\u2019Edith a mise en sc\u00e8ne et chor\u00e9graphi\u00e9e au Th\u00e9\u00e2tre de L&rsquo;L \u00e0 Bruxelles. Sur sc\u00e8ne, sept femmes appr\u00eat\u00e9es attendent des hommes qui n\u2019arrivent jamais pour les faire danser\u2026 La th\u00e9matique de la pi\u00e8ce, son m\u00e9lange de danse, d\u2019humour et de sensualit\u00e9 portait un potentiel cin\u00e9matographique ind\u00e9niable.<\/p>\n<p>&nbsp;<\/p>\n<p><i>The Dancing<\/i> est donc un film dans lequel la danse occupe une place importante, tout en \u00e9tant au service de la narration. Un film qui d\u00e9veloppera un univers glamour et chic, inspir\u00e9 des ann\u00e9es 50.<\/p>\n<p>&nbsp;<\/p>\n<p>Nous avons pu compter sur la participation de 24 com\u00e9diennes et com\u00e9diens de talents qui se sont pr\u00eat\u00e9s au jeu d&rsquo;une danse exigeante.\u00a0\u00bb<\/p>\n<p>&nbsp;<\/p>\n<p>&nbsp;<\/p>\n<p><iframe loading=\"lazy\" src=\"http:\/\/www.dailymotion.com\/embed\/video\/x1bcdsw\" height=\"360\" width=\"640\" allowfullscreen=\"\" frameborder=\"0\"><\/iframe><br \/>\n<a href=\"http:\/\/www.dailymotion.com\/video\/x1bcdsw_the-dancing-extrait_shortfilms\" target=\"_blank\">The Dancing : Extrait<\/a> <i>par <a href=\"http:\/\/www.dailymotion.com\/TOUSCOPROD\" target=\"_blank\">TOUSCOPROD<\/a><\/i><\/p>\n<p>&nbsp;<\/p>\n<p>Le projet r\u00e9unit \u00e9galement des collaborateurs exp\u00e9riment\u00e9s qui ont d\u00e9j\u00e0 fait leurs preuves dans le long-m\u00e9trage, dont le tr\u00e8s brillant chef op\u00e9rateur <b>Vincent Van Gelder<\/b> (<i>Au nom du Fils<\/i> et <i>Les Ames de Papier<\/i> de Vincent Lannoo) et le monteur <b>Damien Keyeux<\/b> (<i>Torpedo<\/i> de Matthieu Donck, <i>Les Barons<\/i> et <i>La marche<\/i> de Nabil Ben Yadir)<\/p>\n<p>&nbsp;<\/p>\n<p>Enfin, la chanteuse belge <b>An Pierl\u00e9 <\/b>travaille sur une composition originale pour la BO du film !<\/p>\n<p>&nbsp;<\/p>\n<p><a href=\"http:\/\/www.cinevox.be\/alors-danse\/the-dancing-4-1024x682\/\" rel=\"attachment wp-att-53480\"><img loading=\"lazy\" decoding=\"async\" class=\"aligncenter size-large wp-image-53480\" alt=\"\" src=\"http:\/\/www.cinevox.be\/wp-content\/uploads\/2014\/03\/The-Dancing-4-1024x682-800x532.jpg\" width=\"640\" height=\"425\" srcset=\"https:\/\/w-l-c.be\/wp-content\/uploads\/2014\/03\/The-Dancing-4-1024x682-800x532.jpg 800w, https:\/\/w-l-c.be\/wp-content\/uploads\/2014\/03\/The-Dancing-4-1024x682-405x270.jpg 405w, https:\/\/w-l-c.be\/wp-content\/uploads\/2014\/03\/The-Dancing-4-1024x682.jpg 1024w\" sizes=\"auto, (max-width: 640px) 100vw, 640px\" \/><\/a><\/p>\n<p style=\"text-align: right;\"><em>\u00a0[Photo Camille Mikolajczak]<\/em><\/p>\n<p>&nbsp;<\/p>\n<p>Comme de plus en plus de projets ambitieux, <i>The Dancing<\/i> est aujourd&rsquo;hui pr\u00e9sent sur un site de microfinancement, en l&rsquo;occurrence <i>Touscoprod<\/i> (voir <a href=\"http:\/\/www.touscoprod.com\/fr\/thedancing\" target=\"_blank\">ici<\/a>).<\/p>\n<p>Les producteurs esp\u00e8rent y recueillir 4000 euros. Il leur reste moins de deux semaines pour y parvenir.<\/p>\n<p>Les internautes recevront des contreparties \u00e0 l&rsquo;aune de la somme investie: \u00e7a va du remerciement au g\u00e9n\u00e9rique, \u00e0 une participation \u00e0 un atelier de danse en passant par le DVD du film ,des invitations pour la premi\u00e8re, etc. Voire, tout ensemble.<\/p>\n<p>&nbsp;<\/p>\n<p>Tout est expliqu\u00e9 sur le site qui, comme ulule par exemple, offre \u00e0 des passionn\u00e9s l&rsquo;occasion d&rsquo;aider des artistes. \u00c7a ne fait pas d&rsquo;eux des producteurs au sens classique du terme, mais leur soutien est souvent capital pour qu&rsquo;un projet puisse se r\u00e9aliser dans les meilleures conditions possibles.<\/p>\n<p>&nbsp;<\/p>\n<p>&nbsp;<\/p>\n<p>&nbsp;<\/p>\n<p>&nbsp;<\/p>\n<p>&nbsp;<\/p>\n<p>&nbsp;<\/p>\n<p>FICHE TECHNIQUE<\/p>\n<p>&nbsp;<\/p>\n<p>R\u00e9alisation : Edith Depaule<\/p>\n<p>&nbsp;<\/p>\n<p>Avec Aub\u00e9line Barbieux, Muriel Clairembourg, Laura Hoogers, Sylvie Landuyt, Yasmine Laassal, C\u00e9line Nieto, Magali Pingaut, Ana Rodriguez, Gaia Saitta, Chlo\u00e9 Struvay, M\u00e9lodie Valemberg, Charlotte Villalonga, Th\u00e9o Ancion, Thomas Coumans, Miguel Decleire, Damien De Dobbeleer, Adrien Desbons, Fabrice Detry, Steve Driesen, Herv\u00e9 Guerrisi, Fran\u00e7ois Prodhomme, Arnaud Stevens, Benjamin Ramon et Cl\u00e9ment Thirion.<\/p>\n<p>&nbsp;<\/p>\n<p>&nbsp;<\/p>\n<p>&nbsp;<\/p>\n<p>Image : Vincent Van Gelder<\/p>\n<p>Son : Guilhem Donzel<\/p>\n<p>D\u00e9cors : Aurore Beno\u00eet<\/p>\n<p>Costumes : Marie Davin et Camille Mikolajczak<\/p>\n<p>Maquillage : Elodie Li\u00e9nard, Juan-Carlos Salazar et\u00a0Aur\u00e9lie Elich,<\/p>\n<p>Coiffure : L\u00e9lia Delval et Stella Bertiglia<\/p>\n<p>1er Assistant R\u00e9alisateur : Laurent Scheid<\/p>\n<p>Scripte : Catherine Grossen<\/p>\n<p>R\u00e9gie : Antoine Sanchez<\/p>\n<p>Montage Image : Damien Keyeux<\/p>\n<p>Montage Son : Julien Mizac<\/p>\n<p>Musique : An Pierl\u00e9 et Koen Gisen<\/p>\n<p>Directeur de production : Fran\u00e7ois-Xavier Willems<\/p>\n<p>&nbsp;<\/p>\n<p>&nbsp;<\/p>\n","protected":false},"excerpt":{"rendered":"<p>La danse et le cin\u00e9ma font-ils bon m\u00e9nage? \u00c9videmment\u2026 L&rsquo;histoire du 7e art est peupl\u00e9e de films fascinants qui font r\u00e9f\u00e9rence \u00e0 cet autre art majeur. De tr\u00e8s nombreux longs m\u00e9trages tr\u00e8s populaires baignent \u00e9galement dans les entrechats, arabesques et autres grands \u00e9carts, \u00a0et plus encore dans les d\u00e9hanchements lascifs d&rsquo;\u00e9ph\u00e8bes des deux sexes, chor\u00e9graphi\u00e9s &hellip;<\/p>\n","protected":false},"author":7,"featured_media":53482,"comment_status":"closed","ping_status":"closed","sticky":false,"template":"","format":"standard","meta":{"ngg_post_thumbnail":0,"footnotes":""},"categories":[1923],"tags":[],"class_list":["post-53470","post","type-post","status-publish","format-standard","has-post-thumbnail","","category-en-bref"],"yoast_head":"<!-- This site is optimized with the Yoast SEO plugin v20.4 - https:\/\/yoast.com\/wordpress\/plugins\/seo\/ -->\n<title>Alors, on danse? - w-l-c<\/title>\n<meta name=\"robots\" content=\"noindex, follow, max-snippet:-1, max-image-preview:large, max-video-preview:-1\" \/>\n<meta property=\"og:locale\" content=\"fr_FR\" \/>\n<meta property=\"og:type\" content=\"article\" \/>\n<meta property=\"og:title\" content=\"Alors, on danse? - w-l-c\" \/>\n<meta property=\"og:description\" content=\"La danse et le cin\u00e9ma font-ils bon m\u00e9nage? \u00c9videmment\u2026 L&rsquo;histoire du 7e art est peupl\u00e9e de films fascinants qui font r\u00e9f\u00e9rence \u00e0 cet autre art majeur. De tr\u00e8s nombreux longs m\u00e9trages tr\u00e8s populaires baignent \u00e9galement dans les entrechats, arabesques et autres grands \u00e9carts, \u00a0et plus encore dans les d\u00e9hanchements lascifs d&rsquo;\u00e9ph\u00e8bes des deux sexes, chor\u00e9graphi\u00e9s &hellip;\" \/>\n<meta property=\"og:url\" content=\"https:\/\/w-l-c.be\/fr\/alors-danse\/\" \/>\n<meta property=\"og:site_name\" content=\"w-l-c\" \/>\n<meta property=\"article:published_time\" content=\"2014-03-07T07:02:45+00:00\" \/>\n<meta property=\"article:modified_time\" content=\"2014-03-07T14:13:19+00:00\" \/>\n<meta property=\"og:image\" content=\"https:\/\/w-l-c.be\/wp-content\/uploads\/2010\/03\/TheDancingPoster.jpg\" \/>\n\t<meta property=\"og:image:width\" content=\"723\" \/>\n\t<meta property=\"og:image:height\" content=\"480\" \/>\n\t<meta property=\"og:image:type\" content=\"image\/jpeg\" \/>\n<meta name=\"author\" content=\"Philippe.Pierquin\" \/>\n<meta name=\"twitter:card\" content=\"summary_large_image\" \/>\n<meta name=\"twitter:label1\" content=\"\u00c9crit par\" \/>\n\t<meta name=\"twitter:data1\" content=\"Philippe.Pierquin\" \/>\n\t<meta name=\"twitter:label2\" content=\"Dur\u00e9e de lecture estim\u00e9e\" \/>\n\t<meta name=\"twitter:data2\" content=\"5 minutes\" \/>\n<script type=\"application\/ld+json\" class=\"yoast-schema-graph\">{\"@context\":\"https:\/\/schema.org\",\"@graph\":[{\"@type\":\"WebPage\",\"@id\":\"https:\/\/w-l-c.be\/fr\/alors-danse\/\",\"url\":\"https:\/\/w-l-c.be\/fr\/alors-danse\/\",\"name\":\"Alors, on danse? - w-l-c\",\"isPartOf\":{\"@id\":\"https:\/\/w-l-c.be\/fr\/#website\"},\"datePublished\":\"2014-03-07T07:02:45+00:00\",\"dateModified\":\"2014-03-07T14:13:19+00:00\",\"author\":{\"@id\":\"https:\/\/w-l-c.be\/fr\/#\/schema\/person\/4b9b1d857f0943453a38a7c2859ef756\"},\"breadcrumb\":{\"@id\":\"https:\/\/w-l-c.be\/fr\/alors-danse\/#breadcrumb\"},\"inLanguage\":\"fr-FR\",\"potentialAction\":[{\"@type\":\"ReadAction\",\"target\":[\"https:\/\/w-l-c.be\/fr\/alors-danse\/\"]}]},{\"@type\":\"BreadcrumbList\",\"@id\":\"https:\/\/w-l-c.be\/fr\/alors-danse\/#breadcrumb\",\"itemListElement\":[{\"@type\":\"ListItem\",\"position\":1,\"name\":\"Accueil\",\"item\":\"https:\/\/w-l-c.be\/fr\/\"},{\"@type\":\"ListItem\",\"position\":2,\"name\":\"Alors, on danse?\"}]},{\"@type\":\"WebSite\",\"@id\":\"https:\/\/w-l-c.be\/fr\/#website\",\"url\":\"https:\/\/w-l-c.be\/fr\/\",\"name\":\"w-l-c\",\"description\":\"Le cin\u00e9ma vu par les belges\",\"potentialAction\":[{\"@type\":\"SearchAction\",\"target\":{\"@type\":\"EntryPoint\",\"urlTemplate\":\"https:\/\/w-l-c.be\/fr\/?s={search_term_string}\"},\"query-input\":\"required name=search_term_string\"}],\"inLanguage\":\"fr-FR\"},{\"@type\":\"Person\",\"@id\":\"https:\/\/w-l-c.be\/fr\/#\/schema\/person\/4b9b1d857f0943453a38a7c2859ef756\",\"name\":\"Philippe.Pierquin\",\"url\":\"https:\/\/w-l-c.be\/fr\/author\/philippe-pierquin\/\"}]}<\/script>\n<!-- \/ Yoast SEO plugin. -->","yoast_head_json":{"title":"Alors, on danse? - w-l-c","robots":{"index":"noindex","follow":"follow","max-snippet":"max-snippet:-1","max-image-preview":"max-image-preview:large","max-video-preview":"max-video-preview:-1"},"og_locale":"fr_FR","og_type":"article","og_title":"Alors, on danse? - w-l-c","og_description":"La danse et le cin\u00e9ma font-ils bon m\u00e9nage? \u00c9videmment\u2026 L&rsquo;histoire du 7e art est peupl\u00e9e de films fascinants qui font r\u00e9f\u00e9rence \u00e0 cet autre art majeur. De tr\u00e8s nombreux longs m\u00e9trages tr\u00e8s populaires baignent \u00e9galement dans les entrechats, arabesques et autres grands \u00e9carts, \u00a0et plus encore dans les d\u00e9hanchements lascifs d&rsquo;\u00e9ph\u00e8bes des deux sexes, chor\u00e9graphi\u00e9s &hellip;","og_url":"https:\/\/w-l-c.be\/fr\/alors-danse\/","og_site_name":"w-l-c","article_published_time":"2014-03-07T07:02:45+00:00","article_modified_time":"2014-03-07T14:13:19+00:00","og_image":[{"width":723,"height":480,"url":"https:\/\/w-l-c.be\/wp-content\/uploads\/2010\/03\/TheDancingPoster.jpg","type":"image\/jpeg"}],"author":"Philippe.Pierquin","twitter_card":"summary_large_image","twitter_misc":{"\u00c9crit par":"Philippe.Pierquin","Dur\u00e9e de lecture estim\u00e9e":"5 minutes"},"schema":{"@context":"https:\/\/schema.org","@graph":[{"@type":"WebPage","@id":"https:\/\/w-l-c.be\/fr\/alors-danse\/","url":"https:\/\/w-l-c.be\/fr\/alors-danse\/","name":"Alors, on danse? - w-l-c","isPartOf":{"@id":"https:\/\/w-l-c.be\/fr\/#website"},"datePublished":"2014-03-07T07:02:45+00:00","dateModified":"2014-03-07T14:13:19+00:00","author":{"@id":"https:\/\/w-l-c.be\/fr\/#\/schema\/person\/4b9b1d857f0943453a38a7c2859ef756"},"breadcrumb":{"@id":"https:\/\/w-l-c.be\/fr\/alors-danse\/#breadcrumb"},"inLanguage":"fr-FR","potentialAction":[{"@type":"ReadAction","target":["https:\/\/w-l-c.be\/fr\/alors-danse\/"]}]},{"@type":"BreadcrumbList","@id":"https:\/\/w-l-c.be\/fr\/alors-danse\/#breadcrumb","itemListElement":[{"@type":"ListItem","position":1,"name":"Accueil","item":"https:\/\/w-l-c.be\/fr\/"},{"@type":"ListItem","position":2,"name":"Alors, on danse?"}]},{"@type":"WebSite","@id":"https:\/\/w-l-c.be\/fr\/#website","url":"https:\/\/w-l-c.be\/fr\/","name":"w-l-c","description":"Le cin\u00e9ma vu par les belges","potentialAction":[{"@type":"SearchAction","target":{"@type":"EntryPoint","urlTemplate":"https:\/\/w-l-c.be\/fr\/?s={search_term_string}"},"query-input":"required name=search_term_string"}],"inLanguage":"fr-FR"},{"@type":"Person","@id":"https:\/\/w-l-c.be\/fr\/#\/schema\/person\/4b9b1d857f0943453a38a7c2859ef756","name":"Philippe.Pierquin","url":"https:\/\/w-l-c.be\/fr\/author\/philippe-pierquin\/"}]}},"_links":{"self":[{"href":"https:\/\/w-l-c.be\/fr\/wp-json\/wp\/v2\/posts\/53470","targetHints":{"allow":["GET"]}}],"collection":[{"href":"https:\/\/w-l-c.be\/fr\/wp-json\/wp\/v2\/posts"}],"about":[{"href":"https:\/\/w-l-c.be\/fr\/wp-json\/wp\/v2\/types\/post"}],"author":[{"embeddable":true,"href":"https:\/\/w-l-c.be\/fr\/wp-json\/wp\/v2\/users\/7"}],"replies":[{"embeddable":true,"href":"https:\/\/w-l-c.be\/fr\/wp-json\/wp\/v2\/comments?post=53470"}],"version-history":[{"count":0,"href":"https:\/\/w-l-c.be\/fr\/wp-json\/wp\/v2\/posts\/53470\/revisions"}],"wp:featuredmedia":[{"embeddable":true,"href":"https:\/\/w-l-c.be\/fr\/wp-json\/wp\/v2\/media\/53482"}],"wp:attachment":[{"href":"https:\/\/w-l-c.be\/fr\/wp-json\/wp\/v2\/media?parent=53470"}],"wp:term":[{"taxonomy":"category","embeddable":true,"href":"https:\/\/w-l-c.be\/fr\/wp-json\/wp\/v2\/categories?post=53470"},{"taxonomy":"post_tag","embeddable":true,"href":"https:\/\/w-l-c.be\/fr\/wp-json\/wp\/v2\/tags?post=53470"}],"curies":[{"name":"wp","href":"https:\/\/api.w.org\/{rel}","templated":true}]}}