
{"id":53540,"date":"2014-03-07T09:29:36","date_gmt":"2014-03-07T08:29:36","guid":{"rendered":"http:\/\/www.cinevox.be\/?p=53540"},"modified":"2014-03-07T09:29:39","modified_gmt":"2014-03-07T08:29:39","slug":"decentralisation-des-oscars-au-festival-anima","status":"publish","type":"post","link":"https:\/\/w-l-c.be\/fr\/decentralisation-des-oscars-au-festival-anima\/","title":{"rendered":"D\u00e9centralisation des Oscars au festival Anima"},"content":{"rendered":"<p>Ce vendredi, le festival Anima met \u00e0 l\u2019honneur deux films qui ont particuli\u00e8rement attir\u00e9 l\u2019attention ces derniers temps : le long m\u00e9trage <i>Ernest &amp; C\u00e9lestine<\/i> des r\u00e9alisateurs <b>Benjamin Renner, Vincent Patar<\/b> et <b>St\u00e9phane Aubier<\/b> et <i>Mr Hublot<\/i> de <b>Laurent Witz<\/b>.<!--more--><\/p>\n<p>&nbsp;<\/p>\n<p>Apr\u00e8s avoir d\u00e9croch\u00e9 un C\u00e9sar en 2013, le premier a re\u00e7u le Magritte du meilleur film de l\u2019ann\u00e9e, celui du meilleur r\u00e9alisateur et le Magritte du meilleur son. \u00a0Il a b\u00e9n\u00e9fici\u00e9 ensuite d\u2019une nomination aux oscars. Le deuxi\u00e8me a remport\u00e9 la statuette tant convoit\u00e9e dans la cat\u00e9gorie des courts m\u00e9trages d\u2019animation.<\/p>\n<p>&nbsp;<\/p>\n<p><a href=\"http:\/\/www.cinevox.be\/decentralisation-des-oscars-au-festival-anima\/ernest-et-celestine-artwork-4f4e49a53f597\/\" rel=\"attachment wp-att-53541\"><img loading=\"lazy\" decoding=\"async\" class=\"aligncenter size-large wp-image-53541\" alt=\"\" src=\"http:\/\/www.cinevox.be\/wp-content\/uploads\/2014\/03\/ernest-et-celestine-artwork-4f4e49a53f597-800x565.jpg\" width=\"640\" height=\"452\" srcset=\"https:\/\/w-l-c.be\/wp-content\/uploads\/2014\/03\/ernest-et-celestine-artwork-4f4e49a53f597-800x565.jpg 800w, https:\/\/w-l-c.be\/wp-content\/uploads\/2014\/03\/ernest-et-celestine-artwork-4f4e49a53f597-382x270.jpg 382w, https:\/\/w-l-c.be\/wp-content\/uploads\/2014\/03\/ernest-et-celestine-artwork-4f4e49a53f597.jpg 1500w\" sizes=\"auto, (max-width: 640px) 100vw, 640px\" \/><\/a><\/p>\n<p>&nbsp;<\/p>\n<p>Le festival Anima profite de l\u2019occasion pour c\u00e9l\u00e9brer les talents belges qui ont contribu\u00e9 au succ\u00e8s de ces deux \u0153uvres \u00e0 l\u2019international. St\u00e9phane Aubier, Vincent Patar et le sculpteur belge St\u00e9phane Halleux (dont le travail est \u00e0 l\u2019origine du film Mr Hublot) seront pr\u00e9sents.<\/p>\n<p>&nbsp;<\/p>\n<p><a href=\"http:\/\/www.cinevox.be\/decentralisation-des-oscars-au-festival-anima\/705218_458161974230314_1209153927_o-2\/\" rel=\"attachment wp-att-53542\"><img loading=\"lazy\" decoding=\"async\" class=\"aligncenter size-large wp-image-53542\" alt=\"\" src=\"http:\/\/www.cinevox.be\/wp-content\/uploads\/2014\/03\/705218_458161974230314_1209153927_o-800x340.jpg\" width=\"640\" height=\"272\" srcset=\"https:\/\/w-l-c.be\/wp-content\/uploads\/2014\/03\/705218_458161974230314_1209153927_o-800x340.jpg 800w, https:\/\/w-l-c.be\/wp-content\/uploads\/2014\/03\/705218_458161974230314_1209153927_o-480x204.jpg 480w, https:\/\/w-l-c.be\/wp-content\/uploads\/2014\/03\/705218_458161974230314_1209153927_o.jpg 2048w\" sizes=\"auto, (max-width: 640px) 100vw, 640px\" \/><\/a><\/p>\n<p>&nbsp;<\/p>\n<p>L&rsquo;\u00e9v\u00e8nement aura lieu ce vendredi 7 mars, \u00e0 16h au Studio 4.<\/p>\n<p>Apr\u00e8s la s\u00e9ance, un cocktail rassemblera les professionnels belges du cin\u00e9ma d\u2019animation \u00e0 l\u2019invitation de Mme la Ministre de l\u2019Audiovisuel et de Fr\u00e9d\u00e9ric Delcor, secr\u00e9taire g\u00e9n\u00e9ral de la F\u00e9d\u00e9ration Wallonie-Bruxelles.<\/p>\n<p>&nbsp;<\/p>\n<p>Anima touchera \u00e0 sa fin dimanche soir avec la proclamation du Palmar\u00e8s. La remise des prix sera suivie de l&rsquo;avant-premi\u00e8re du long m\u00e9trage fran\u00e7ais Tante Hilda! Une projection des films prim\u00e9s aura lieu simultan\u00e9ment au Studio 5 du Flagey.<\/p>\n","protected":false},"excerpt":{"rendered":"<p>Ce vendredi, le festival Anima met \u00e0 l\u2019honneur deux films qui ont particuli\u00e8rement attir\u00e9 l\u2019attention ces derniers temps : le long m\u00e9trage Ernest &amp; C\u00e9lestine des r\u00e9alisateurs Benjamin Renner, Vincent Patar et St\u00e9phane Aubier et Mr Hublot de Laurent Witz.<\/p>\n","protected":false},"author":7,"featured_media":53544,"comment_status":"closed","ping_status":"closed","sticky":false,"template":"","format":"standard","meta":{"ngg_post_thumbnail":0,"footnotes":""},"categories":[12],"tags":[],"class_list":["post-53540","post","type-post","status-publish","format-standard","has-post-thumbnail","","category-awards"],"yoast_head":"<!-- This site is optimized with the Yoast SEO plugin v20.4 - https:\/\/yoast.com\/wordpress\/plugins\/seo\/ -->\n<title>D\u00e9centralisation des Oscars au festival Anima - w-l-c<\/title>\n<meta name=\"robots\" content=\"noindex, follow, max-snippet:-1, max-image-preview:large, max-video-preview:-1\" \/>\n<meta property=\"og:locale\" content=\"fr_FR\" \/>\n<meta property=\"og:type\" content=\"article\" \/>\n<meta property=\"og:title\" content=\"D\u00e9centralisation des Oscars au festival Anima - w-l-c\" \/>\n<meta property=\"og:description\" content=\"Ce vendredi, le festival Anima met \u00e0 l\u2019honneur deux films qui ont particuli\u00e8rement attir\u00e9 l\u2019attention ces derniers temps : le long m\u00e9trage Ernest &amp; C\u00e9lestine des r\u00e9alisateurs Benjamin Renner, Vincent Patar et St\u00e9phane Aubier et Mr Hublot de Laurent Witz.\" \/>\n<meta property=\"og:url\" content=\"https:\/\/w-l-c.be\/fr\/decentralisation-des-oscars-au-festival-anima\/\" \/>\n<meta property=\"og:site_name\" content=\"w-l-c\" \/>\n<meta property=\"article:published_time\" content=\"2014-03-07T08:29:36+00:00\" \/>\n<meta property=\"article:modified_time\" content=\"2014-03-07T08:29:39+00:00\" \/>\n<meta property=\"og:image\" content=\"https:\/\/w-l-c.be\/wp-content\/uploads\/2014\/03\/ernest-et-celestine-12-12-2012-14-g.jpg\" \/>\n\t<meta property=\"og:image:width\" content=\"1777\" \/>\n\t<meta property=\"og:image:height\" content=\"1000\" \/>\n\t<meta property=\"og:image:type\" content=\"image\/jpeg\" \/>\n<meta name=\"author\" content=\"Philippe.Pierquin\" \/>\n<meta name=\"twitter:card\" content=\"summary_large_image\" \/>\n<meta name=\"twitter:label1\" content=\"\u00c9crit par\" \/>\n\t<meta name=\"twitter:data1\" content=\"Philippe.Pierquin\" \/>\n\t<meta name=\"twitter:label2\" content=\"Dur\u00e9e de lecture estim\u00e9e\" \/>\n\t<meta name=\"twitter:data2\" content=\"1 minute\" \/>\n<script type=\"application\/ld+json\" class=\"yoast-schema-graph\">{\"@context\":\"https:\/\/schema.org\",\"@graph\":[{\"@type\":\"WebPage\",\"@id\":\"https:\/\/w-l-c.be\/fr\/decentralisation-des-oscars-au-festival-anima\/\",\"url\":\"https:\/\/w-l-c.be\/fr\/decentralisation-des-oscars-au-festival-anima\/\",\"name\":\"D\u00e9centralisation des Oscars au festival Anima - w-l-c\",\"isPartOf\":{\"@id\":\"https:\/\/w-l-c.be\/fr\/#website\"},\"datePublished\":\"2014-03-07T08:29:36+00:00\",\"dateModified\":\"2014-03-07T08:29:39+00:00\",\"author\":{\"@id\":\"https:\/\/w-l-c.be\/fr\/#\/schema\/person\/4b9b1d857f0943453a38a7c2859ef756\"},\"breadcrumb\":{\"@id\":\"https:\/\/w-l-c.be\/fr\/decentralisation-des-oscars-au-festival-anima\/#breadcrumb\"},\"inLanguage\":\"fr-FR\",\"potentialAction\":[{\"@type\":\"ReadAction\",\"target\":[\"https:\/\/w-l-c.be\/fr\/decentralisation-des-oscars-au-festival-anima\/\"]}]},{\"@type\":\"BreadcrumbList\",\"@id\":\"https:\/\/w-l-c.be\/fr\/decentralisation-des-oscars-au-festival-anima\/#breadcrumb\",\"itemListElement\":[{\"@type\":\"ListItem\",\"position\":1,\"name\":\"Accueil\",\"item\":\"https:\/\/w-l-c.be\/fr\/\"},{\"@type\":\"ListItem\",\"position\":2,\"name\":\"D\u00e9centralisation des Oscars au festival Anima\"}]},{\"@type\":\"WebSite\",\"@id\":\"https:\/\/w-l-c.be\/fr\/#website\",\"url\":\"https:\/\/w-l-c.be\/fr\/\",\"name\":\"w-l-c\",\"description\":\"Le cin\u00e9ma vu par les belges\",\"potentialAction\":[{\"@type\":\"SearchAction\",\"target\":{\"@type\":\"EntryPoint\",\"urlTemplate\":\"https:\/\/w-l-c.be\/fr\/?s={search_term_string}\"},\"query-input\":\"required name=search_term_string\"}],\"inLanguage\":\"fr-FR\"},{\"@type\":\"Person\",\"@id\":\"https:\/\/w-l-c.be\/fr\/#\/schema\/person\/4b9b1d857f0943453a38a7c2859ef756\",\"name\":\"Philippe.Pierquin\",\"url\":\"https:\/\/w-l-c.be\/fr\/author\/philippe-pierquin\/\"}]}<\/script>\n<!-- \/ Yoast SEO plugin. -->","yoast_head_json":{"title":"D\u00e9centralisation des Oscars au festival Anima - w-l-c","robots":{"index":"noindex","follow":"follow","max-snippet":"max-snippet:-1","max-image-preview":"max-image-preview:large","max-video-preview":"max-video-preview:-1"},"og_locale":"fr_FR","og_type":"article","og_title":"D\u00e9centralisation des Oscars au festival Anima - w-l-c","og_description":"Ce vendredi, le festival Anima met \u00e0 l\u2019honneur deux films qui ont particuli\u00e8rement attir\u00e9 l\u2019attention ces derniers temps : le long m\u00e9trage Ernest &amp; C\u00e9lestine des r\u00e9alisateurs Benjamin Renner, Vincent Patar et St\u00e9phane Aubier et Mr Hublot de Laurent Witz.","og_url":"https:\/\/w-l-c.be\/fr\/decentralisation-des-oscars-au-festival-anima\/","og_site_name":"w-l-c","article_published_time":"2014-03-07T08:29:36+00:00","article_modified_time":"2014-03-07T08:29:39+00:00","og_image":[{"width":1777,"height":1000,"url":"https:\/\/w-l-c.be\/wp-content\/uploads\/2014\/03\/ernest-et-celestine-12-12-2012-14-g.jpg","type":"image\/jpeg"}],"author":"Philippe.Pierquin","twitter_card":"summary_large_image","twitter_misc":{"\u00c9crit par":"Philippe.Pierquin","Dur\u00e9e de lecture estim\u00e9e":"1 minute"},"schema":{"@context":"https:\/\/schema.org","@graph":[{"@type":"WebPage","@id":"https:\/\/w-l-c.be\/fr\/decentralisation-des-oscars-au-festival-anima\/","url":"https:\/\/w-l-c.be\/fr\/decentralisation-des-oscars-au-festival-anima\/","name":"D\u00e9centralisation des Oscars au festival Anima - w-l-c","isPartOf":{"@id":"https:\/\/w-l-c.be\/fr\/#website"},"datePublished":"2014-03-07T08:29:36+00:00","dateModified":"2014-03-07T08:29:39+00:00","author":{"@id":"https:\/\/w-l-c.be\/fr\/#\/schema\/person\/4b9b1d857f0943453a38a7c2859ef756"},"breadcrumb":{"@id":"https:\/\/w-l-c.be\/fr\/decentralisation-des-oscars-au-festival-anima\/#breadcrumb"},"inLanguage":"fr-FR","potentialAction":[{"@type":"ReadAction","target":["https:\/\/w-l-c.be\/fr\/decentralisation-des-oscars-au-festival-anima\/"]}]},{"@type":"BreadcrumbList","@id":"https:\/\/w-l-c.be\/fr\/decentralisation-des-oscars-au-festival-anima\/#breadcrumb","itemListElement":[{"@type":"ListItem","position":1,"name":"Accueil","item":"https:\/\/w-l-c.be\/fr\/"},{"@type":"ListItem","position":2,"name":"D\u00e9centralisation des Oscars au festival Anima"}]},{"@type":"WebSite","@id":"https:\/\/w-l-c.be\/fr\/#website","url":"https:\/\/w-l-c.be\/fr\/","name":"w-l-c","description":"Le cin\u00e9ma vu par les belges","potentialAction":[{"@type":"SearchAction","target":{"@type":"EntryPoint","urlTemplate":"https:\/\/w-l-c.be\/fr\/?s={search_term_string}"},"query-input":"required name=search_term_string"}],"inLanguage":"fr-FR"},{"@type":"Person","@id":"https:\/\/w-l-c.be\/fr\/#\/schema\/person\/4b9b1d857f0943453a38a7c2859ef756","name":"Philippe.Pierquin","url":"https:\/\/w-l-c.be\/fr\/author\/philippe-pierquin\/"}]}},"_links":{"self":[{"href":"https:\/\/w-l-c.be\/fr\/wp-json\/wp\/v2\/posts\/53540","targetHints":{"allow":["GET"]}}],"collection":[{"href":"https:\/\/w-l-c.be\/fr\/wp-json\/wp\/v2\/posts"}],"about":[{"href":"https:\/\/w-l-c.be\/fr\/wp-json\/wp\/v2\/types\/post"}],"author":[{"embeddable":true,"href":"https:\/\/w-l-c.be\/fr\/wp-json\/wp\/v2\/users\/7"}],"replies":[{"embeddable":true,"href":"https:\/\/w-l-c.be\/fr\/wp-json\/wp\/v2\/comments?post=53540"}],"version-history":[{"count":0,"href":"https:\/\/w-l-c.be\/fr\/wp-json\/wp\/v2\/posts\/53540\/revisions"}],"wp:featuredmedia":[{"embeddable":true,"href":"https:\/\/w-l-c.be\/fr\/wp-json\/wp\/v2\/media\/53544"}],"wp:attachment":[{"href":"https:\/\/w-l-c.be\/fr\/wp-json\/wp\/v2\/media?parent=53540"}],"wp:term":[{"taxonomy":"category","embeddable":true,"href":"https:\/\/w-l-c.be\/fr\/wp-json\/wp\/v2\/categories?post=53540"},{"taxonomy":"post_tag","embeddable":true,"href":"https:\/\/w-l-c.be\/fr\/wp-json\/wp\/v2\/tags?post=53540"}],"curies":[{"name":"wp","href":"https:\/\/api.w.org\/{rel}","templated":true}]}}