
{"id":53583,"date":"2014-03-12T06:50:37","date_gmt":"2014-03-12T05:50:37","guid":{"rendered":"http:\/\/www.cinevox.be\/?p=53583"},"modified":"2014-03-12T18:55:45","modified_gmt":"2014-03-12T17:55:45","slug":"la-trois-inchallah","status":"publish","type":"post","link":"https:\/\/w-l-c.be\/fr\/la-trois-inchallah\/","title":{"rendered":"La Trois, Inch&rsquo;Allah"},"content":{"rendered":"<p>Ce mercredi, la soir\u00e9e sur la Trois, <i>Tout court<\/i> propose une s\u00e9ance de rattrapage avec quatre chouettes films qu&rsquo;on a d\u00e9j\u00e0 vus assez r\u00e9cemment, mais qui valent le coup d&rsquo;oeil.<\/p>\n<p>On \u00e9pinglera particuli\u00e8rement l&rsquo;\u00e9pique Bizness de Manu Coeman avec notamment Laurent Capelluto (ils ont fait ensemble l&rsquo;incroyable le jour avant le d\u00e9but du tournage que vous pouvez regarder<a href=\"http:\/\/www.cinevox.be\/la-veille-du-premier-jour-de-tournage\" target=\"_blank\"> ici<\/a>),\u00a0Mourade Zeguendi, et G\u00e9rald Wautia qui vient tout juste de nous quitter.<\/p>\n<p>&nbsp;<\/p>\n<p>Pour une fois, c&rsquo;est plut\u00f4t l&rsquo;ap\u00e9ro qui fait office de distraction avec un docu dont on a beaucoup parl\u00e9 \u00e0 Bruxelles et ailleurs : <i>Cin\u00e9ma Inch&rsquo;Allah<\/i> qui s&rsquo;attache aux basques de quatre r\u00e9alisateurs pr\u00eats \u00e0 tout pour tourner.<!--more--><\/p>\n<p>&nbsp;<\/p>\n<p><b>\u00a0<\/b><\/p>\n<p>&nbsp;<\/p>\n<p>&nbsp;<\/p>\n<p><a href=\"http:\/\/www.cinevox.be\/la-trois-inchallah\/cinema_inch_allah__1349766872362\/\" rel=\"attachment wp-att-53584\"><img loading=\"lazy\" decoding=\"async\" class=\"alignright  wp-image-53584\" alt=\"\" src=\"http:\/\/www.cinevox.be\/wp-content\/uploads\/2014\/03\/cinema_inch_allah__1349766872362-450x600.jpg\" width=\"360\" height=\"480\" srcset=\"https:\/\/w-l-c.be\/wp-content\/uploads\/2014\/03\/cinema_inch_allah__1349766872362-450x600.jpg 450w, https:\/\/w-l-c.be\/wp-content\/uploads\/2014\/03\/cinema_inch_allah__1349766872362-202x270.jpg 202w, https:\/\/w-l-c.be\/wp-content\/uploads\/2014\/03\/cinema_inch_allah__1349766872362.jpg 600w\" sizes=\"auto, (max-width: 360px) 100vw, 360px\" \/><\/a><\/p>\n<p><b>22:05 CINEMA INCH&rsquo;ALLAH !<\/b><\/p>\n<p>&nbsp;<\/p>\n<p>Dur\u00e9e: 01:14<\/p>\n<p>&nbsp;<\/p>\n<p>Portrait de 4 cin\u00e9astes autodidactes trentenaires belgo-marocains.<\/p>\n<p>Ils n&rsquo;ont pas attendu le succ\u00e8s des \u00a0\u00bb Barons \u00a0\u00bb pour encha\u00eener des films d&rsquo;action autoproduits dans lesquels ils jouent les r\u00f4les principaux. Au-del\u00e0 de leurs c\u00f4t\u00e9s parfois kitsch, ces films cristallisent leurs d\u00e9sirs et leurs craintes, et v\u00e9hiculent une image d&rsquo;eux-m\u00eames \u00e0 l&rsquo;int\u00e9rieur et l&rsquo;ext\u00e9rieur de leur communaut\u00e9.<\/p>\n<p>C&rsquo;est aussi en filigrane un autoportrait affectueux, ironique et sans complaisance de cette communaut\u00e9 : \u00e9voquant le rapport au travail, le r\u00f4le pr\u00e9pond\u00e9rant des m\u00e8res et des femmes, ou encore l&rsquo;impact de la religion.<\/p>\n<p>Cette chronique accompagne, sur une longue dur\u00e9e et au-del\u00e0 des clich\u00e9s, le tournage de leur film \u00ab\u00a0Jamal Disco Forever\u00a0\u00bb.<\/p>\n<p>&nbsp;<\/p>\n<p>R\u00e9alisateur: Vincent Coen, Guillaume Vandenberghe<\/p>\n<p>&nbsp;<\/p>\n<p>&nbsp;<\/p>\n<p><a href=\"http:\/\/www.cinevox.be\/la-trois-inchallah\/yadel-3\/\" rel=\"attachment wp-att-53585\"><img loading=\"lazy\" decoding=\"async\" class=\"aligncenter size-full wp-image-53585\" alt=\"\" src=\"http:\/\/www.cinevox.be\/wp-content\/uploads\/2014\/03\/yadel.jpg\" width=\"714\" height=\"282\" srcset=\"https:\/\/w-l-c.be\/wp-content\/uploads\/2014\/03\/yadel.jpg 714w, https:\/\/w-l-c.be\/wp-content\/uploads\/2014\/03\/yadel-480x189.jpg 480w\" sizes=\"auto, (max-width: 714px) 100vw, 714px\" \/><\/a><\/p>\n<p>&nbsp;<\/p>\n<p><b>23:15 \u2013 YADEL<\/b><\/p>\n<p><b>\u00a0<\/b><\/p>\n<p>Dur\u00e9e: 00:21<\/p>\n<p>Le jour de son anniversaire, Yadel est persuad\u00e9 qu&rsquo;un \u00e9v\u00e8nement particulier va se produire et lui permettre de r\u00e9gler le probl\u00e8me central de son existence : avoir h\u00e9rit\u00e9 du nom d&rsquo;un fr\u00e8re n\u00e9 mort avant lui, Yadel le Premier. Un fr\u00e8re qu&rsquo;il n&rsquo;a pas connu, mais qui a conditionn\u00e9 toute sa vie, sa place au sein de sa famille, et jusqu&rsquo;\u00e0 sa croyance d&rsquo;avoir le droit ou non d&rsquo;\u00eatre de ce monde.<\/p>\n<p>R\u00e9alisateur: Kenan Gorgun<\/p>\n<p>Sc\u00e9nariste: Kenan Gorgun<\/p>\n<p>Acteur\/Actrice: Othmane Moumen, Pascaline Crevecoeur, Marcel Gonzalez<\/p>\n<p>&nbsp;<\/p>\n<p><a href=\"http:\/\/www.cinevox.be\/la-trois-inchallah\/sidewalk-3\/\" rel=\"attachment wp-att-53586\"><img loading=\"lazy\" decoding=\"async\" class=\"aligncenter size-full wp-image-53586\" alt=\"\" src=\"http:\/\/www.cinevox.be\/wp-content\/uploads\/2014\/03\/sidewalk.jpg\" width=\"714\" height=\"282\" srcset=\"https:\/\/w-l-c.be\/wp-content\/uploads\/2014\/03\/sidewalk.jpg 714w, https:\/\/w-l-c.be\/wp-content\/uploads\/2014\/03\/sidewalk-480x189.jpg 480w\" sizes=\"auto, (max-width: 714px) 100vw, 714px\" \/><\/a><\/p>\n<p>&nbsp;<\/p>\n<p><b>23:40 \u2013 SIDEWALK<\/b><\/p>\n<p><b>\u00a0<\/b><\/p>\n<p>Dur\u00e9e: 00:17<\/p>\n<p>Une journ\u00e9e dans la vie de M\u00e9mo, clo\u00eetr\u00e9 dans l&rsquo;entresol qui lui tient d&rsquo;appartement. Le petit soupirail qui lui permet de respirer et de voir la lumi\u00e8re est aussi une ouverture vers l&rsquo;ext\u00e9rieur. Vers la vie.<\/p>\n<p>&nbsp;<\/p>\n<p>R\u00e9alisateur: Binevsa Berivan<\/p>\n<p>Sc\u00e9nariste: Binevsa Berivan<\/p>\n<p>Acteur\/Actrice: Gaia Saitta, Kirik Nazmi<\/p>\n<p>&nbsp;<\/p>\n<p><a href=\"http:\/\/www.cinevox.be\/la-trois-inchallah\/bizness-2-7\/\" rel=\"attachment wp-att-53587\"><img loading=\"lazy\" decoding=\"async\" class=\"aligncenter size-full wp-image-53587\" alt=\"\" src=\"http:\/\/www.cinevox.be\/wp-content\/uploads\/2014\/03\/bizness-2.jpg\" width=\"800\" height=\"493\" srcset=\"https:\/\/w-l-c.be\/wp-content\/uploads\/2014\/03\/bizness-2.jpg 800w, https:\/\/w-l-c.be\/wp-content\/uploads\/2014\/03\/bizness-2-438x270.jpg 438w\" sizes=\"auto, (max-width: 800px) 100vw, 800px\" \/><\/a><\/p>\n<p>&nbsp;<\/p>\n<p><b>23:55 \u2013 BIZNESS<\/b><\/p>\n<p>&nbsp;<\/p>\n<p>Dur\u00e9e: 00:14<\/p>\n<p>En d\u00e9crochant un nouveau job, Tom emm\u00e9nage avec sa petite famille dans une nouvelle ville. Alors que Tom s&rsquo;appr\u00eate \u00e0 partir travailler, il constate avec horreur que son pr\u00e9cieux v\u00e9lo a \u00e9t\u00e9 vol\u00e9 &#8230; On sonne \u00e0 la porte &#8230;<\/p>\n<p>&nbsp;<\/p>\n<p>R\u00e9alisateur: Manu Coeman<\/p>\n<p>Sc\u00e9nariste: Manu Coeman<\/p>\n<p>Acteur\/Actrice: Sophie Quinton, Laurent Capelluto, Mourade Zeguendi, G\u00e9rald Wautia, Zouzou Ben Chika<\/p>\n<p>&nbsp;<\/p>\n<p><a href=\"http:\/\/www.cinevox.be\/la-trois-inchallah\/einstein-2\/\" rel=\"attachment wp-att-53588\"><img loading=\"lazy\" decoding=\"async\" class=\"aligncenter size-full wp-image-53588\" alt=\"\" src=\"http:\/\/www.cinevox.be\/wp-content\/uploads\/2014\/03\/einstein.jpg\" width=\"800\" height=\"399\" srcset=\"https:\/\/w-l-c.be\/wp-content\/uploads\/2014\/03\/einstein.jpg 800w, https:\/\/w-l-c.be\/wp-content\/uploads\/2014\/03\/einstein-480x239.jpg 480w\" sizes=\"auto, (max-width: 800px) 100vw, 800px\" \/><\/a><\/p>\n<p>&nbsp;<\/p>\n<p><b>00:10 &#8211; EINSTEIN ETAIT UN REFUGIE<\/b><\/p>\n<p><b>\u00a0<\/b><\/p>\n<p>Dur\u00e9e: 00:18<\/p>\n<p>Pourquoi accorder une seconde chance \u00e0 une personne qui vous a d\u00e9lib\u00e9r\u00e9ment menti ?<\/p>\n<p>Einstein \u00e9tait un r\u00e9fugi\u00e9 est l&rsquo;histoire d&rsquo;une intuition; celle d&rsquo;une avocate \u00e0 qui sa cliente a menti et qui, malgr\u00e9 cela, va l&rsquo;aider.<\/p>\n<p>Einstein \u00e9tait un r\u00e9fugi\u00e9 est l&rsquo;histoire de deux femmes qui ont eu la chance de se rencontrer.<\/p>\n<p>R\u00e9alisateur: Solange Cicurel<\/p>\n<p>Sc\u00e9nariste: Solange Cicurel<\/p>\n<p>Compositeur: N&rsquo;Faly Kouyat\u00e9<\/p>\n<p>Acteur\/Actrice: Babetida Sadjo, Tania Garbarski, Rapha\u00eblle Bruneau, Dieudonne Kabongo Bashila, Clo\u00e9 Xhauflaire<\/p>\n","protected":false},"excerpt":{"rendered":"<p>Ce mercredi, la soir\u00e9e sur la Trois, Tout court propose une s\u00e9ance de rattrapage avec quatre chouettes films qu&rsquo;on a d\u00e9j\u00e0 vus assez r\u00e9cemment, mais qui valent le coup d&rsquo;oeil. On \u00e9pinglera particuli\u00e8rement l&rsquo;\u00e9pique Bizness de Manu Coeman avec notamment Laurent Capelluto (ils ont fait ensemble l&rsquo;incroyable le jour avant le d\u00e9but du tournage que &hellip;<\/p>\n","protected":false},"author":7,"featured_media":53593,"comment_status":"closed","ping_status":"closed","sticky":false,"template":"","format":"standard","meta":{"ngg_post_thumbnail":0,"footnotes":""},"categories":[14],"tags":[],"class_list":["post-53583","post","type-post","status-publish","format-standard","has-post-thumbnail","","category-home-cinema"],"yoast_head":"<!-- This site is optimized with the Yoast SEO plugin v20.4 - https:\/\/yoast.com\/wordpress\/plugins\/seo\/ -->\n<title>La Trois, Inch&#039;Allah - w-l-c<\/title>\n<meta name=\"robots\" content=\"noindex, follow, max-snippet:-1, max-image-preview:large, max-video-preview:-1\" \/>\n<meta property=\"og:locale\" content=\"fr_FR\" \/>\n<meta property=\"og:type\" content=\"article\" \/>\n<meta property=\"og:title\" content=\"La Trois, Inch&#039;Allah - w-l-c\" \/>\n<meta property=\"og:description\" content=\"Ce mercredi, la soir\u00e9e sur la Trois, Tout court propose une s\u00e9ance de rattrapage avec quatre chouettes films qu&rsquo;on a d\u00e9j\u00e0 vus assez r\u00e9cemment, mais qui valent le coup d&rsquo;oeil. On \u00e9pinglera particuli\u00e8rement l&rsquo;\u00e9pique Bizness de Manu Coeman avec notamment Laurent Capelluto (ils ont fait ensemble l&rsquo;incroyable le jour avant le d\u00e9but du tournage que &hellip;\" \/>\n<meta property=\"og:url\" content=\"https:\/\/w-l-c.be\/fr\/la-trois-inchallah\/\" \/>\n<meta property=\"og:site_name\" content=\"w-l-c\" \/>\n<meta property=\"article:published_time\" content=\"2014-03-12T05:50:37+00:00\" \/>\n<meta property=\"article:modified_time\" content=\"2014-03-12T17:55:45+00:00\" \/>\n<meta property=\"og:image\" content=\"https:\/\/w-l-c.be\/wp-content\/uploads\/2010\/03\/CINEMA-INCH-ALLAH.png\" \/>\n\t<meta property=\"og:image:width\" content=\"1920\" \/>\n\t<meta property=\"og:image:height\" content=\"1080\" \/>\n\t<meta property=\"og:image:type\" content=\"image\/png\" \/>\n<meta name=\"author\" content=\"Philippe.Pierquin\" \/>\n<meta name=\"twitter:card\" content=\"summary_large_image\" \/>\n<meta name=\"twitter:label1\" content=\"\u00c9crit par\" \/>\n\t<meta name=\"twitter:data1\" content=\"Philippe.Pierquin\" \/>\n\t<meta name=\"twitter:label2\" content=\"Dur\u00e9e de lecture estim\u00e9e\" \/>\n\t<meta name=\"twitter:data2\" content=\"3 minutes\" \/>\n<script type=\"application\/ld+json\" class=\"yoast-schema-graph\">{\"@context\":\"https:\/\/schema.org\",\"@graph\":[{\"@type\":\"WebPage\",\"@id\":\"https:\/\/w-l-c.be\/fr\/la-trois-inchallah\/\",\"url\":\"https:\/\/w-l-c.be\/fr\/la-trois-inchallah\/\",\"name\":\"La Trois, Inch'Allah - w-l-c\",\"isPartOf\":{\"@id\":\"https:\/\/w-l-c.be\/fr\/#website\"},\"datePublished\":\"2014-03-12T05:50:37+00:00\",\"dateModified\":\"2014-03-12T17:55:45+00:00\",\"author\":{\"@id\":\"https:\/\/w-l-c.be\/fr\/#\/schema\/person\/4b9b1d857f0943453a38a7c2859ef756\"},\"breadcrumb\":{\"@id\":\"https:\/\/w-l-c.be\/fr\/la-trois-inchallah\/#breadcrumb\"},\"inLanguage\":\"fr-FR\",\"potentialAction\":[{\"@type\":\"ReadAction\",\"target\":[\"https:\/\/w-l-c.be\/fr\/la-trois-inchallah\/\"]}]},{\"@type\":\"BreadcrumbList\",\"@id\":\"https:\/\/w-l-c.be\/fr\/la-trois-inchallah\/#breadcrumb\",\"itemListElement\":[{\"@type\":\"ListItem\",\"position\":1,\"name\":\"Accueil\",\"item\":\"https:\/\/w-l-c.be\/fr\/\"},{\"@type\":\"ListItem\",\"position\":2,\"name\":\"La Trois, Inch&rsquo;Allah\"}]},{\"@type\":\"WebSite\",\"@id\":\"https:\/\/w-l-c.be\/fr\/#website\",\"url\":\"https:\/\/w-l-c.be\/fr\/\",\"name\":\"w-l-c\",\"description\":\"Le cin\u00e9ma vu par les belges\",\"potentialAction\":[{\"@type\":\"SearchAction\",\"target\":{\"@type\":\"EntryPoint\",\"urlTemplate\":\"https:\/\/w-l-c.be\/fr\/?s={search_term_string}\"},\"query-input\":\"required name=search_term_string\"}],\"inLanguage\":\"fr-FR\"},{\"@type\":\"Person\",\"@id\":\"https:\/\/w-l-c.be\/fr\/#\/schema\/person\/4b9b1d857f0943453a38a7c2859ef756\",\"name\":\"Philippe.Pierquin\",\"url\":\"https:\/\/w-l-c.be\/fr\/author\/philippe-pierquin\/\"}]}<\/script>\n<!-- \/ Yoast SEO plugin. -->","yoast_head_json":{"title":"La Trois, Inch'Allah - w-l-c","robots":{"index":"noindex","follow":"follow","max-snippet":"max-snippet:-1","max-image-preview":"max-image-preview:large","max-video-preview":"max-video-preview:-1"},"og_locale":"fr_FR","og_type":"article","og_title":"La Trois, Inch'Allah - w-l-c","og_description":"Ce mercredi, la soir\u00e9e sur la Trois, Tout court propose une s\u00e9ance de rattrapage avec quatre chouettes films qu&rsquo;on a d\u00e9j\u00e0 vus assez r\u00e9cemment, mais qui valent le coup d&rsquo;oeil. On \u00e9pinglera particuli\u00e8rement l&rsquo;\u00e9pique Bizness de Manu Coeman avec notamment Laurent Capelluto (ils ont fait ensemble l&rsquo;incroyable le jour avant le d\u00e9but du tournage que &hellip;","og_url":"https:\/\/w-l-c.be\/fr\/la-trois-inchallah\/","og_site_name":"w-l-c","article_published_time":"2014-03-12T05:50:37+00:00","article_modified_time":"2014-03-12T17:55:45+00:00","og_image":[{"width":1920,"height":1080,"url":"https:\/\/w-l-c.be\/wp-content\/uploads\/2010\/03\/CINEMA-INCH-ALLAH.png","type":"image\/png"}],"author":"Philippe.Pierquin","twitter_card":"summary_large_image","twitter_misc":{"\u00c9crit par":"Philippe.Pierquin","Dur\u00e9e de lecture estim\u00e9e":"3 minutes"},"schema":{"@context":"https:\/\/schema.org","@graph":[{"@type":"WebPage","@id":"https:\/\/w-l-c.be\/fr\/la-trois-inchallah\/","url":"https:\/\/w-l-c.be\/fr\/la-trois-inchallah\/","name":"La Trois, Inch'Allah - w-l-c","isPartOf":{"@id":"https:\/\/w-l-c.be\/fr\/#website"},"datePublished":"2014-03-12T05:50:37+00:00","dateModified":"2014-03-12T17:55:45+00:00","author":{"@id":"https:\/\/w-l-c.be\/fr\/#\/schema\/person\/4b9b1d857f0943453a38a7c2859ef756"},"breadcrumb":{"@id":"https:\/\/w-l-c.be\/fr\/la-trois-inchallah\/#breadcrumb"},"inLanguage":"fr-FR","potentialAction":[{"@type":"ReadAction","target":["https:\/\/w-l-c.be\/fr\/la-trois-inchallah\/"]}]},{"@type":"BreadcrumbList","@id":"https:\/\/w-l-c.be\/fr\/la-trois-inchallah\/#breadcrumb","itemListElement":[{"@type":"ListItem","position":1,"name":"Accueil","item":"https:\/\/w-l-c.be\/fr\/"},{"@type":"ListItem","position":2,"name":"La Trois, Inch&rsquo;Allah"}]},{"@type":"WebSite","@id":"https:\/\/w-l-c.be\/fr\/#website","url":"https:\/\/w-l-c.be\/fr\/","name":"w-l-c","description":"Le cin\u00e9ma vu par les belges","potentialAction":[{"@type":"SearchAction","target":{"@type":"EntryPoint","urlTemplate":"https:\/\/w-l-c.be\/fr\/?s={search_term_string}"},"query-input":"required name=search_term_string"}],"inLanguage":"fr-FR"},{"@type":"Person","@id":"https:\/\/w-l-c.be\/fr\/#\/schema\/person\/4b9b1d857f0943453a38a7c2859ef756","name":"Philippe.Pierquin","url":"https:\/\/w-l-c.be\/fr\/author\/philippe-pierquin\/"}]}},"_links":{"self":[{"href":"https:\/\/w-l-c.be\/fr\/wp-json\/wp\/v2\/posts\/53583","targetHints":{"allow":["GET"]}}],"collection":[{"href":"https:\/\/w-l-c.be\/fr\/wp-json\/wp\/v2\/posts"}],"about":[{"href":"https:\/\/w-l-c.be\/fr\/wp-json\/wp\/v2\/types\/post"}],"author":[{"embeddable":true,"href":"https:\/\/w-l-c.be\/fr\/wp-json\/wp\/v2\/users\/7"}],"replies":[{"embeddable":true,"href":"https:\/\/w-l-c.be\/fr\/wp-json\/wp\/v2\/comments?post=53583"}],"version-history":[{"count":0,"href":"https:\/\/w-l-c.be\/fr\/wp-json\/wp\/v2\/posts\/53583\/revisions"}],"wp:featuredmedia":[{"embeddable":true,"href":"https:\/\/w-l-c.be\/fr\/wp-json\/wp\/v2\/media\/53593"}],"wp:attachment":[{"href":"https:\/\/w-l-c.be\/fr\/wp-json\/wp\/v2\/media?parent=53583"}],"wp:term":[{"taxonomy":"category","embeddable":true,"href":"https:\/\/w-l-c.be\/fr\/wp-json\/wp\/v2\/categories?post=53583"},{"taxonomy":"post_tag","embeddable":true,"href":"https:\/\/w-l-c.be\/fr\/wp-json\/wp\/v2\/tags?post=53583"}],"curies":[{"name":"wp","href":"https:\/\/api.w.org\/{rel}","templated":true}]}}