
{"id":53647,"date":"2014-03-10T11:22:13","date_gmt":"2014-03-10T10:22:13","guid":{"rendered":"http:\/\/www.cinevox.be\/?p=53647"},"modified":"2014-03-10T11:22:13","modified_gmt":"2014-03-10T10:22:13","slug":"des-millionnaires-belges-partouzent-dresde","status":"publish","type":"post","link":"https:\/\/w-l-c.be\/fr\/des-millionnaires-belges-partouzent-dresde\/","title":{"rendered":"Des millionnaires belges partouzent \u00e0 Dresde"},"content":{"rendered":"<p>Le festival de court m\u00e9trage de Dresde, en Allemagne, pr\u00e9sentera deux films belges en comp\u00e9tition. Pour sa 26\u00e8me \u00e9dition, le Film Fest Dresden aura lieu du 15 au 20 avril.<!--more--><\/p>\n<p>&nbsp;<\/p>\n<p>On y retrouvera <i>Partouze<\/i>, produit par Helicotronc.<\/p>\n<p>Le film, r\u00e9alis\u00e9 par Matthieu Donck, raconte histoire de C\u00e9line et Brigitte, un couple fatigu\u00e9 d\u2019organiser des soir\u00e9es tupperware. Il a d\u00e9j\u00e0 s\u00e9duit de nombreux festivals : Sofia (Bulgarie), MECAL Barcelone (Espagne), Flicker Fest (Australie)\u2026<\/p>\n<p>&nbsp;<\/p>\n<p>&nbsp;<\/p>\n<p><iframe loading=\"lazy\" src=\"\/\/player.vimeo.com\/video\/82191154\" height=\"360\" width=\"640\" allowfullscreen=\"\" frameborder=\"0\"><\/iframe><\/p>\n<p><a href=\"http:\/\/vimeo.com\/82191154\">\u00ab\u00a0PARTOUZE\u00a0\u00bb &#8211; Trailer 1<\/a> from <a href=\"http:\/\/vimeo.com\/helicotronc\">H\u00e9licotronc<\/a> on <a href=\"https:\/\/vimeo.com\">Vimeo<\/a>.<\/p>\n<p>&nbsp;<\/p>\n<p>&nbsp;<\/p>\n<p>Le second film qui sera projet\u00e9 \u00e0 Dresde, <i>Millionnaires,<\/i> est sign\u00e9 St\u00e9phane Bergmans et produit par Iota Production. Christian et Andr\u00e9, deux fr\u00e8res distants qui se sont perdus de vues, se red\u00e9couvrent l\u2019un l\u2019autre dans une soir\u00e9e en croyant avoir gagn\u00e9 au Lotto. Christian d\u00e9cide de ne pas avouer qu\u2019il n\u2019a pas valid\u00e9 son ticket<\/p>\n<p>&nbsp;<\/p>\n<p>&nbsp;<\/p>\n<p><iframe loading=\"lazy\" src=\"\/\/player.vimeo.com\/video\/85744932?title=0&amp;byline=0&amp;portrait=0&amp;color=999999\" height=\"360\" width=\"640\" allowfullscreen=\"\" frameborder=\"0\"><\/iframe><\/p>\n<p><a href=\"http:\/\/vimeo.com\/85744932\">Millionnaires (Millionaires) &#8211; teaser<\/a> from <a href=\"http:\/\/vimeo.com\/originefilms\">oriGine films<\/a> on <a href=\"https:\/\/vimeo.com\">Vimeo<\/a>.<\/p>\n","protected":false},"excerpt":{"rendered":"<p>Le festival de court m\u00e9trage de Dresde, en Allemagne, pr\u00e9sentera deux films belges en comp\u00e9tition. Pour sa 26\u00e8me \u00e9dition, le Film Fest Dresden aura lieu du 15 au 20 avril.<\/p>\n","protected":false},"author":7,"featured_media":53649,"comment_status":"closed","ping_status":"closed","sticky":false,"template":"","format":"standard","meta":{"ngg_post_thumbnail":0,"footnotes":""},"categories":[12],"tags":[],"class_list":["post-53647","post","type-post","status-publish","format-standard","has-post-thumbnail","","category-awards"],"yoast_head":"<!-- This site is optimized with the Yoast SEO plugin v20.4 - https:\/\/yoast.com\/wordpress\/plugins\/seo\/ -->\n<title>Des millionnaires belges partouzent \u00e0 Dresde - w-l-c<\/title>\n<meta name=\"robots\" content=\"noindex, follow, max-snippet:-1, max-image-preview:large, max-video-preview:-1\" \/>\n<meta property=\"og:locale\" content=\"fr_FR\" \/>\n<meta property=\"og:type\" content=\"article\" \/>\n<meta property=\"og:title\" content=\"Des millionnaires belges partouzent \u00e0 Dresde - w-l-c\" \/>\n<meta property=\"og:description\" content=\"Le festival de court m\u00e9trage de Dresde, en Allemagne, pr\u00e9sentera deux films belges en comp\u00e9tition. Pour sa 26\u00e8me \u00e9dition, le Film Fest Dresden aura lieu du 15 au 20 avril.\" \/>\n<meta property=\"og:url\" content=\"https:\/\/w-l-c.be\/fr\/des-millionnaires-belges-partouzent-dresde\/\" \/>\n<meta property=\"og:site_name\" content=\"w-l-c\" \/>\n<meta property=\"article:published_time\" content=\"2014-03-10T10:22:13+00:00\" \/>\n<meta property=\"og:image\" content=\"https:\/\/w-l-c.be\/wp-content\/uploads\/2014\/03\/Partouze021.jpg\" \/>\n\t<meta property=\"og:image:width\" content=\"2048\" \/>\n\t<meta property=\"og:image:height\" content=\"1152\" \/>\n\t<meta property=\"og:image:type\" content=\"image\/jpeg\" \/>\n<meta name=\"author\" content=\"Philippe.Pierquin\" \/>\n<meta name=\"twitter:card\" content=\"summary_large_image\" \/>\n<meta name=\"twitter:label1\" content=\"\u00c9crit par\" \/>\n\t<meta name=\"twitter:data1\" content=\"Philippe.Pierquin\" \/>\n\t<meta name=\"twitter:label2\" content=\"Dur\u00e9e de lecture estim\u00e9e\" \/>\n\t<meta name=\"twitter:data2\" content=\"1 minute\" \/>\n<script type=\"application\/ld+json\" class=\"yoast-schema-graph\">{\"@context\":\"https:\/\/schema.org\",\"@graph\":[{\"@type\":\"WebPage\",\"@id\":\"https:\/\/w-l-c.be\/fr\/des-millionnaires-belges-partouzent-dresde\/\",\"url\":\"https:\/\/w-l-c.be\/fr\/des-millionnaires-belges-partouzent-dresde\/\",\"name\":\"Des millionnaires belges partouzent \u00e0 Dresde - w-l-c\",\"isPartOf\":{\"@id\":\"https:\/\/w-l-c.be\/fr\/#website\"},\"datePublished\":\"2014-03-10T10:22:13+00:00\",\"dateModified\":\"2014-03-10T10:22:13+00:00\",\"author\":{\"@id\":\"https:\/\/w-l-c.be\/fr\/#\/schema\/person\/4b9b1d857f0943453a38a7c2859ef756\"},\"breadcrumb\":{\"@id\":\"https:\/\/w-l-c.be\/fr\/des-millionnaires-belges-partouzent-dresde\/#breadcrumb\"},\"inLanguage\":\"fr-FR\",\"potentialAction\":[{\"@type\":\"ReadAction\",\"target\":[\"https:\/\/w-l-c.be\/fr\/des-millionnaires-belges-partouzent-dresde\/\"]}]},{\"@type\":\"BreadcrumbList\",\"@id\":\"https:\/\/w-l-c.be\/fr\/des-millionnaires-belges-partouzent-dresde\/#breadcrumb\",\"itemListElement\":[{\"@type\":\"ListItem\",\"position\":1,\"name\":\"Accueil\",\"item\":\"https:\/\/w-l-c.be\/fr\/\"},{\"@type\":\"ListItem\",\"position\":2,\"name\":\"Des millionnaires belges partouzent \u00e0 Dresde\"}]},{\"@type\":\"WebSite\",\"@id\":\"https:\/\/w-l-c.be\/fr\/#website\",\"url\":\"https:\/\/w-l-c.be\/fr\/\",\"name\":\"w-l-c\",\"description\":\"Le cin\u00e9ma vu par les belges\",\"potentialAction\":[{\"@type\":\"SearchAction\",\"target\":{\"@type\":\"EntryPoint\",\"urlTemplate\":\"https:\/\/w-l-c.be\/fr\/?s={search_term_string}\"},\"query-input\":\"required name=search_term_string\"}],\"inLanguage\":\"fr-FR\"},{\"@type\":\"Person\",\"@id\":\"https:\/\/w-l-c.be\/fr\/#\/schema\/person\/4b9b1d857f0943453a38a7c2859ef756\",\"name\":\"Philippe.Pierquin\",\"url\":\"https:\/\/w-l-c.be\/fr\/author\/philippe-pierquin\/\"}]}<\/script>\n<!-- \/ Yoast SEO plugin. -->","yoast_head_json":{"title":"Des millionnaires belges partouzent \u00e0 Dresde - w-l-c","robots":{"index":"noindex","follow":"follow","max-snippet":"max-snippet:-1","max-image-preview":"max-image-preview:large","max-video-preview":"max-video-preview:-1"},"og_locale":"fr_FR","og_type":"article","og_title":"Des millionnaires belges partouzent \u00e0 Dresde - w-l-c","og_description":"Le festival de court m\u00e9trage de Dresde, en Allemagne, pr\u00e9sentera deux films belges en comp\u00e9tition. Pour sa 26\u00e8me \u00e9dition, le Film Fest Dresden aura lieu du 15 au 20 avril.","og_url":"https:\/\/w-l-c.be\/fr\/des-millionnaires-belges-partouzent-dresde\/","og_site_name":"w-l-c","article_published_time":"2014-03-10T10:22:13+00:00","og_image":[{"width":2048,"height":1152,"url":"https:\/\/w-l-c.be\/wp-content\/uploads\/2014\/03\/Partouze021.jpg","type":"image\/jpeg"}],"author":"Philippe.Pierquin","twitter_card":"summary_large_image","twitter_misc":{"\u00c9crit par":"Philippe.Pierquin","Dur\u00e9e de lecture estim\u00e9e":"1 minute"},"schema":{"@context":"https:\/\/schema.org","@graph":[{"@type":"WebPage","@id":"https:\/\/w-l-c.be\/fr\/des-millionnaires-belges-partouzent-dresde\/","url":"https:\/\/w-l-c.be\/fr\/des-millionnaires-belges-partouzent-dresde\/","name":"Des millionnaires belges partouzent \u00e0 Dresde - w-l-c","isPartOf":{"@id":"https:\/\/w-l-c.be\/fr\/#website"},"datePublished":"2014-03-10T10:22:13+00:00","dateModified":"2014-03-10T10:22:13+00:00","author":{"@id":"https:\/\/w-l-c.be\/fr\/#\/schema\/person\/4b9b1d857f0943453a38a7c2859ef756"},"breadcrumb":{"@id":"https:\/\/w-l-c.be\/fr\/des-millionnaires-belges-partouzent-dresde\/#breadcrumb"},"inLanguage":"fr-FR","potentialAction":[{"@type":"ReadAction","target":["https:\/\/w-l-c.be\/fr\/des-millionnaires-belges-partouzent-dresde\/"]}]},{"@type":"BreadcrumbList","@id":"https:\/\/w-l-c.be\/fr\/des-millionnaires-belges-partouzent-dresde\/#breadcrumb","itemListElement":[{"@type":"ListItem","position":1,"name":"Accueil","item":"https:\/\/w-l-c.be\/fr\/"},{"@type":"ListItem","position":2,"name":"Des millionnaires belges partouzent \u00e0 Dresde"}]},{"@type":"WebSite","@id":"https:\/\/w-l-c.be\/fr\/#website","url":"https:\/\/w-l-c.be\/fr\/","name":"w-l-c","description":"Le cin\u00e9ma vu par les belges","potentialAction":[{"@type":"SearchAction","target":{"@type":"EntryPoint","urlTemplate":"https:\/\/w-l-c.be\/fr\/?s={search_term_string}"},"query-input":"required name=search_term_string"}],"inLanguage":"fr-FR"},{"@type":"Person","@id":"https:\/\/w-l-c.be\/fr\/#\/schema\/person\/4b9b1d857f0943453a38a7c2859ef756","name":"Philippe.Pierquin","url":"https:\/\/w-l-c.be\/fr\/author\/philippe-pierquin\/"}]}},"_links":{"self":[{"href":"https:\/\/w-l-c.be\/fr\/wp-json\/wp\/v2\/posts\/53647","targetHints":{"allow":["GET"]}}],"collection":[{"href":"https:\/\/w-l-c.be\/fr\/wp-json\/wp\/v2\/posts"}],"about":[{"href":"https:\/\/w-l-c.be\/fr\/wp-json\/wp\/v2\/types\/post"}],"author":[{"embeddable":true,"href":"https:\/\/w-l-c.be\/fr\/wp-json\/wp\/v2\/users\/7"}],"replies":[{"embeddable":true,"href":"https:\/\/w-l-c.be\/fr\/wp-json\/wp\/v2\/comments?post=53647"}],"version-history":[{"count":0,"href":"https:\/\/w-l-c.be\/fr\/wp-json\/wp\/v2\/posts\/53647\/revisions"}],"wp:featuredmedia":[{"embeddable":true,"href":"https:\/\/w-l-c.be\/fr\/wp-json\/wp\/v2\/media\/53649"}],"wp:attachment":[{"href":"https:\/\/w-l-c.be\/fr\/wp-json\/wp\/v2\/media?parent=53647"}],"wp:term":[{"taxonomy":"category","embeddable":true,"href":"https:\/\/w-l-c.be\/fr\/wp-json\/wp\/v2\/categories?post=53647"},{"taxonomy":"post_tag","embeddable":true,"href":"https:\/\/w-l-c.be\/fr\/wp-json\/wp\/v2\/tags?post=53647"}],"curies":[{"name":"wp","href":"https:\/\/api.w.org\/{rel}","templated":true}]}}