
{"id":54193,"date":"2014-03-25T06:18:50","date_gmt":"2014-03-25T05:18:50","guid":{"rendered":"http:\/\/www.cinevox.be\/?p=54193"},"modified":"2014-03-25T10:17:49","modified_gmt":"2014-03-25T09:17:49","slug":"la-photo-du-jour-mardi-25-mars-2014","status":"publish","type":"post","link":"https:\/\/w-l-c.be\/fr\/la-photo-du-jour-mardi-25-mars-2014\/","title":{"rendered":"La photo du jour &#8211; Mardi 25 mars 2014"},"content":{"rendered":"<p>Dans son projet Rhizome, G\u00e9raldine Jacques transforme les hommes en femmes et vice-versa. De quoi faire s&rsquo;\u00e9trangler les ligues de vertu qui r\u00e9clamaient r\u00e9cemment l&rsquo;annulation de la diffusion sur Arte du tr\u00e8s \u00e9mouvant <i>Tomboy.<\/i><\/p>\n<p>Dans la longue liste de portraits doubles que rec\u00e8le le site, nous avons \u00e9pingl\u00e9 celui de la ravissante <b>St\u00e9phanie Crayencour<\/b>. Qui fait un mec tr\u00e8s convaincant, vous l&rsquo;admettrez.<\/p>\n<p>Tous les autres portraits sont \u00e0 voir <a href=\"http:\/\/rhizomeproject.tumblr.com\/\">ICI<\/a><!--more--><\/p>\n<p>&nbsp;<\/p>\n<p><a href=\"http:\/\/www.cinevox.be\/la-photo-du-jour-mardi-25-mars-2014\/1512464_10152098753677982_73333578_n-1\/\" rel=\"attachment wp-att-54194\"><img loading=\"lazy\" decoding=\"async\" class=\"aligncenter size-large wp-image-54194\" alt=\"\" src=\"http:\/\/www.cinevox.be\/wp-content\/uploads\/2014\/03\/1512464_10152098753677982_73333578_n-1-703x600.jpg\" width=\"640\" height=\"546\" srcset=\"https:\/\/w-l-c.be\/wp-content\/uploads\/2014\/03\/1512464_10152098753677982_73333578_n-1-703x600.jpg 703w, https:\/\/w-l-c.be\/wp-content\/uploads\/2014\/03\/1512464_10152098753677982_73333578_n-1-316x270.jpg 316w, https:\/\/w-l-c.be\/wp-content\/uploads\/2014\/03\/1512464_10152098753677982_73333578_n-1.jpg 960w\" sizes=\"auto, (max-width: 640px) 100vw, 640px\" \/><\/a><\/p>\n","protected":false},"excerpt":{"rendered":"<p>Dans son projet Rhizome, G\u00e9raldine Jacques transforme les hommes en femmes et vice-versa. De quoi faire s&rsquo;\u00e9trangler les ligues de vertu qui r\u00e9clamaient r\u00e9cemment l&rsquo;annulation de la diffusion sur Arte du tr\u00e8s \u00e9mouvant Tomboy. Dans la longue liste de portraits doubles que rec\u00e8le le site, nous avons \u00e9pingl\u00e9 celui de la ravissante St\u00e9phanie Crayencour. Qui &hellip;<\/p>\n","protected":false},"author":7,"featured_media":54196,"comment_status":"closed","ping_status":"closed","sticky":false,"template":"","format":"standard","meta":{"ngg_post_thumbnail":0,"footnotes":""},"categories":[1923],"tags":[],"class_list":["post-54193","post","type-post","status-publish","format-standard","has-post-thumbnail","","category-en-bref"],"yoast_head":"<!-- This site is optimized with the Yoast SEO plugin v20.4 - https:\/\/yoast.com\/wordpress\/plugins\/seo\/ -->\n<title>La photo du jour - Mardi 25 mars 2014 - w-l-c<\/title>\n<meta name=\"robots\" content=\"noindex, follow, max-snippet:-1, max-image-preview:large, max-video-preview:-1\" \/>\n<meta property=\"og:locale\" content=\"fr_FR\" \/>\n<meta property=\"og:type\" content=\"article\" \/>\n<meta property=\"og:title\" content=\"La photo du jour - Mardi 25 mars 2014 - w-l-c\" \/>\n<meta property=\"og:description\" content=\"Dans son projet Rhizome, G\u00e9raldine Jacques transforme les hommes en femmes et vice-versa. De quoi faire s&rsquo;\u00e9trangler les ligues de vertu qui r\u00e9clamaient r\u00e9cemment l&rsquo;annulation de la diffusion sur Arte du tr\u00e8s \u00e9mouvant Tomboy. Dans la longue liste de portraits doubles que rec\u00e8le le site, nous avons \u00e9pingl\u00e9 celui de la ravissante St\u00e9phanie Crayencour. Qui &hellip;\" \/>\n<meta property=\"og:url\" content=\"https:\/\/w-l-c.be\/fr\/la-photo-du-jour-mardi-25-mars-2014\/\" \/>\n<meta property=\"og:site_name\" content=\"w-l-c\" \/>\n<meta property=\"article:published_time\" content=\"2014-03-25T05:18:50+00:00\" \/>\n<meta property=\"article:modified_time\" content=\"2014-03-25T09:17:49+00:00\" \/>\n<meta property=\"og:image\" content=\"https:\/\/w-l-c.be\/wp-content\/uploads\/2010\/03\/app9.jpg\" \/>\n\t<meta property=\"og:image:width\" content=\"1536\" \/>\n\t<meta property=\"og:image:height\" content=\"1024\" \/>\n\t<meta property=\"og:image:type\" content=\"image\/jpeg\" \/>\n<meta name=\"author\" content=\"Philippe.Pierquin\" \/>\n<meta name=\"twitter:card\" content=\"summary_large_image\" \/>\n<meta name=\"twitter:label1\" content=\"\u00c9crit par\" \/>\n\t<meta name=\"twitter:data1\" content=\"Philippe.Pierquin\" \/>\n<script type=\"application\/ld+json\" class=\"yoast-schema-graph\">{\"@context\":\"https:\/\/schema.org\",\"@graph\":[{\"@type\":\"WebPage\",\"@id\":\"https:\/\/w-l-c.be\/fr\/la-photo-du-jour-mardi-25-mars-2014\/\",\"url\":\"https:\/\/w-l-c.be\/fr\/la-photo-du-jour-mardi-25-mars-2014\/\",\"name\":\"La photo du jour - Mardi 25 mars 2014 - w-l-c\",\"isPartOf\":{\"@id\":\"https:\/\/w-l-c.be\/fr\/#website\"},\"datePublished\":\"2014-03-25T05:18:50+00:00\",\"dateModified\":\"2014-03-25T09:17:49+00:00\",\"author\":{\"@id\":\"https:\/\/w-l-c.be\/fr\/#\/schema\/person\/4b9b1d857f0943453a38a7c2859ef756\"},\"breadcrumb\":{\"@id\":\"https:\/\/w-l-c.be\/fr\/la-photo-du-jour-mardi-25-mars-2014\/#breadcrumb\"},\"inLanguage\":\"fr-FR\",\"potentialAction\":[{\"@type\":\"ReadAction\",\"target\":[\"https:\/\/w-l-c.be\/fr\/la-photo-du-jour-mardi-25-mars-2014\/\"]}]},{\"@type\":\"BreadcrumbList\",\"@id\":\"https:\/\/w-l-c.be\/fr\/la-photo-du-jour-mardi-25-mars-2014\/#breadcrumb\",\"itemListElement\":[{\"@type\":\"ListItem\",\"position\":1,\"name\":\"Accueil\",\"item\":\"https:\/\/w-l-c.be\/fr\/\"},{\"@type\":\"ListItem\",\"position\":2,\"name\":\"La photo du jour &#8211; Mardi 25 mars 2014\"}]},{\"@type\":\"WebSite\",\"@id\":\"https:\/\/w-l-c.be\/fr\/#website\",\"url\":\"https:\/\/w-l-c.be\/fr\/\",\"name\":\"w-l-c\",\"description\":\"Le cin\u00e9ma vu par les belges\",\"potentialAction\":[{\"@type\":\"SearchAction\",\"target\":{\"@type\":\"EntryPoint\",\"urlTemplate\":\"https:\/\/w-l-c.be\/fr\/?s={search_term_string}\"},\"query-input\":\"required name=search_term_string\"}],\"inLanguage\":\"fr-FR\"},{\"@type\":\"Person\",\"@id\":\"https:\/\/w-l-c.be\/fr\/#\/schema\/person\/4b9b1d857f0943453a38a7c2859ef756\",\"name\":\"Philippe.Pierquin\",\"url\":\"https:\/\/w-l-c.be\/fr\/author\/philippe-pierquin\/\"}]}<\/script>\n<!-- \/ Yoast SEO plugin. -->","yoast_head_json":{"title":"La photo du jour - Mardi 25 mars 2014 - w-l-c","robots":{"index":"noindex","follow":"follow","max-snippet":"max-snippet:-1","max-image-preview":"max-image-preview:large","max-video-preview":"max-video-preview:-1"},"og_locale":"fr_FR","og_type":"article","og_title":"La photo du jour - Mardi 25 mars 2014 - w-l-c","og_description":"Dans son projet Rhizome, G\u00e9raldine Jacques transforme les hommes en femmes et vice-versa. De quoi faire s&rsquo;\u00e9trangler les ligues de vertu qui r\u00e9clamaient r\u00e9cemment l&rsquo;annulation de la diffusion sur Arte du tr\u00e8s \u00e9mouvant Tomboy. Dans la longue liste de portraits doubles que rec\u00e8le le site, nous avons \u00e9pingl\u00e9 celui de la ravissante St\u00e9phanie Crayencour. Qui &hellip;","og_url":"https:\/\/w-l-c.be\/fr\/la-photo-du-jour-mardi-25-mars-2014\/","og_site_name":"w-l-c","article_published_time":"2014-03-25T05:18:50+00:00","article_modified_time":"2014-03-25T09:17:49+00:00","og_image":[{"width":1536,"height":1024,"url":"https:\/\/w-l-c.be\/wp-content\/uploads\/2010\/03\/app9.jpg","type":"image\/jpeg"}],"author":"Philippe.Pierquin","twitter_card":"summary_large_image","twitter_misc":{"\u00c9crit par":"Philippe.Pierquin"},"schema":{"@context":"https:\/\/schema.org","@graph":[{"@type":"WebPage","@id":"https:\/\/w-l-c.be\/fr\/la-photo-du-jour-mardi-25-mars-2014\/","url":"https:\/\/w-l-c.be\/fr\/la-photo-du-jour-mardi-25-mars-2014\/","name":"La photo du jour - Mardi 25 mars 2014 - w-l-c","isPartOf":{"@id":"https:\/\/w-l-c.be\/fr\/#website"},"datePublished":"2014-03-25T05:18:50+00:00","dateModified":"2014-03-25T09:17:49+00:00","author":{"@id":"https:\/\/w-l-c.be\/fr\/#\/schema\/person\/4b9b1d857f0943453a38a7c2859ef756"},"breadcrumb":{"@id":"https:\/\/w-l-c.be\/fr\/la-photo-du-jour-mardi-25-mars-2014\/#breadcrumb"},"inLanguage":"fr-FR","potentialAction":[{"@type":"ReadAction","target":["https:\/\/w-l-c.be\/fr\/la-photo-du-jour-mardi-25-mars-2014\/"]}]},{"@type":"BreadcrumbList","@id":"https:\/\/w-l-c.be\/fr\/la-photo-du-jour-mardi-25-mars-2014\/#breadcrumb","itemListElement":[{"@type":"ListItem","position":1,"name":"Accueil","item":"https:\/\/w-l-c.be\/fr\/"},{"@type":"ListItem","position":2,"name":"La photo du jour &#8211; Mardi 25 mars 2014"}]},{"@type":"WebSite","@id":"https:\/\/w-l-c.be\/fr\/#website","url":"https:\/\/w-l-c.be\/fr\/","name":"w-l-c","description":"Le cin\u00e9ma vu par les belges","potentialAction":[{"@type":"SearchAction","target":{"@type":"EntryPoint","urlTemplate":"https:\/\/w-l-c.be\/fr\/?s={search_term_string}"},"query-input":"required name=search_term_string"}],"inLanguage":"fr-FR"},{"@type":"Person","@id":"https:\/\/w-l-c.be\/fr\/#\/schema\/person\/4b9b1d857f0943453a38a7c2859ef756","name":"Philippe.Pierquin","url":"https:\/\/w-l-c.be\/fr\/author\/philippe-pierquin\/"}]}},"_links":{"self":[{"href":"https:\/\/w-l-c.be\/fr\/wp-json\/wp\/v2\/posts\/54193","targetHints":{"allow":["GET"]}}],"collection":[{"href":"https:\/\/w-l-c.be\/fr\/wp-json\/wp\/v2\/posts"}],"about":[{"href":"https:\/\/w-l-c.be\/fr\/wp-json\/wp\/v2\/types\/post"}],"author":[{"embeddable":true,"href":"https:\/\/w-l-c.be\/fr\/wp-json\/wp\/v2\/users\/7"}],"replies":[{"embeddable":true,"href":"https:\/\/w-l-c.be\/fr\/wp-json\/wp\/v2\/comments?post=54193"}],"version-history":[{"count":0,"href":"https:\/\/w-l-c.be\/fr\/wp-json\/wp\/v2\/posts\/54193\/revisions"}],"wp:featuredmedia":[{"embeddable":true,"href":"https:\/\/w-l-c.be\/fr\/wp-json\/wp\/v2\/media\/54196"}],"wp:attachment":[{"href":"https:\/\/w-l-c.be\/fr\/wp-json\/wp\/v2\/media?parent=54193"}],"wp:term":[{"taxonomy":"category","embeddable":true,"href":"https:\/\/w-l-c.be\/fr\/wp-json\/wp\/v2\/categories?post=54193"},{"taxonomy":"post_tag","embeddable":true,"href":"https:\/\/w-l-c.be\/fr\/wp-json\/wp\/v2\/tags?post=54193"}],"curies":[{"name":"wp","href":"https:\/\/api.w.org\/{rel}","templated":true}]}}