
{"id":54232,"date":"2014-03-24T16:18:38","date_gmt":"2014-03-24T15:18:38","guid":{"rendered":"http:\/\/www.cinevox.be\/?p=54232"},"modified":"2014-03-24T16:18:40","modified_gmt":"2014-03-24T15:18:40","slug":"deux-films-belges-primes-tokyo","status":"publish","type":"post","link":"https:\/\/w-l-c.be\/fr\/deux-films-belges-primes-tokyo\/","title":{"rendered":"Deux films belges prim\u00e9s \u00e0 Tokyo."},"content":{"rendered":"<p>Le Festival du film d\u2019animation de Tokyo a annonc\u00e9 son palmar\u00e8s. Parmi les films r\u00e9compens\u00e9s, deux films belges francophones :<em> Ernest et C\u00e9lestine<\/em>\u00a0et <em>Betty\u2019s blues<\/em>.<\/p>\n<p>Dans la comp\u00e9tition long m\u00e9trage,\u00a0<em>Ernest et C\u00e9lestine<\/em>\u00a0remporte la mention notable. Une r\u00e9compense de plus pour le film de Benjamin Renner, Vincent Patar et St\u00e9phane Aubier, qui avait \u00e9t\u00e9 jusqu\u2019\u00e0 la nomination \u00e0 l\u2019Oscar du meilleur film d\u2019animation en d\u00e9but d\u2019ann\u00e9e.<\/p>\n<p>&nbsp;<\/p>\n<p><a href=\"http:\/\/www.cinevox.be\/deux-films-belges-primes-tokyo\/bettyblues_hd1-8\/\" rel=\"attachment wp-att-54236\"><img loading=\"lazy\" decoding=\"async\" class=\"aligncenter size-full wp-image-54236\" alt=\"\" src=\"http:\/\/www.cinevox.be\/wp-content\/uploads\/2014\/03\/bettyblues_hd13.jpg\" width=\"714\" height=\"282\" srcset=\"https:\/\/w-l-c.be\/wp-content\/uploads\/2014\/03\/bettyblues_hd13.jpg 714w, https:\/\/w-l-c.be\/wp-content\/uploads\/2014\/03\/bettyblues_hd13-480x189.jpg 480w\" sizes=\"auto, (max-width: 714px) 100vw, 714px\" \/><\/a><\/p>\n<p>&nbsp;<\/p>\n<p>Mention notable \u00e9galement pour le court m\u00e9trage\u00a0<em>Betty\u2019s Blues<\/em>, multi s\u00e9lectionn\u00e9 et multi-prim\u00e9 en festivals. Le film de <strong>R\u00e9mi Vandenitte<\/strong> nous plonge dans les ann\u00e9es blues en Lousiane.<\/p>\n","protected":false},"excerpt":{"rendered":"<p>Le Festival du film d\u2019animation de Tokyo a annonc\u00e9 son palmar\u00e8s. Parmi les films r\u00e9compens\u00e9s, deux films belges francophones : Ernest et C\u00e9lestine\u00a0et Betty\u2019s blues. Dans la comp\u00e9tition long m\u00e9trage,\u00a0Ernest et C\u00e9lestine\u00a0remporte la mention notable. Une r\u00e9compense de plus pour le film de Benjamin Renner, Vincent Patar et St\u00e9phane Aubier, qui avait \u00e9t\u00e9 jusqu\u2019\u00e0 la &hellip;<\/p>\n","protected":false},"author":7,"featured_media":54238,"comment_status":"closed","ping_status":"closed","sticky":false,"template":"","format":"standard","meta":{"ngg_post_thumbnail":0,"footnotes":""},"categories":[12],"tags":[],"class_list":["post-54232","post","type-post","status-publish","format-standard","has-post-thumbnail","","category-awards"],"yoast_head":"<!-- This site is optimized with the Yoast SEO plugin v20.4 - https:\/\/yoast.com\/wordpress\/plugins\/seo\/ -->\n<title>Deux films belges prim\u00e9s \u00e0 Tokyo.  - w-l-c<\/title>\n<meta name=\"robots\" content=\"noindex, follow, max-snippet:-1, max-image-preview:large, max-video-preview:-1\" \/>\n<meta property=\"og:locale\" content=\"fr_FR\" \/>\n<meta property=\"og:type\" content=\"article\" \/>\n<meta property=\"og:title\" content=\"Deux films belges prim\u00e9s \u00e0 Tokyo.  - w-l-c\" \/>\n<meta property=\"og:description\" content=\"Le Festival du film d\u2019animation de Tokyo a annonc\u00e9 son palmar\u00e8s. Parmi les films r\u00e9compens\u00e9s, deux films belges francophones : Ernest et C\u00e9lestine\u00a0et Betty\u2019s blues. Dans la comp\u00e9tition long m\u00e9trage,\u00a0Ernest et C\u00e9lestine\u00a0remporte la mention notable. Une r\u00e9compense de plus pour le film de Benjamin Renner, Vincent Patar et St\u00e9phane Aubier, qui avait \u00e9t\u00e9 jusqu\u2019\u00e0 la &hellip;\" \/>\n<meta property=\"og:url\" content=\"https:\/\/w-l-c.be\/fr\/deux-films-belges-primes-tokyo\/\" \/>\n<meta property=\"og:site_name\" content=\"w-l-c\" \/>\n<meta property=\"article:published_time\" content=\"2014-03-24T15:18:38+00:00\" \/>\n<meta property=\"article:modified_time\" content=\"2014-03-24T15:18:40+00:00\" \/>\n<meta property=\"og:image\" content=\"https:\/\/w-l-c.be\/wp-content\/uploads\/2014\/03\/safe_image.png\" \/>\n\t<meta property=\"og:image:width\" content=\"377\" \/>\n\t<meta property=\"og:image:height\" content=\"196\" \/>\n\t<meta property=\"og:image:type\" content=\"image\/png\" \/>\n<meta name=\"author\" content=\"Philippe.Pierquin\" \/>\n<meta name=\"twitter:card\" content=\"summary_large_image\" \/>\n<meta name=\"twitter:label1\" content=\"\u00c9crit par\" \/>\n\t<meta name=\"twitter:data1\" content=\"Philippe.Pierquin\" \/>\n\t<meta name=\"twitter:label2\" content=\"Dur\u00e9e de lecture estim\u00e9e\" \/>\n\t<meta name=\"twitter:data2\" content=\"1 minute\" \/>\n<script type=\"application\/ld+json\" class=\"yoast-schema-graph\">{\"@context\":\"https:\/\/schema.org\",\"@graph\":[{\"@type\":\"WebPage\",\"@id\":\"https:\/\/w-l-c.be\/fr\/deux-films-belges-primes-tokyo\/\",\"url\":\"https:\/\/w-l-c.be\/fr\/deux-films-belges-primes-tokyo\/\",\"name\":\"Deux films belges prim\u00e9s \u00e0 Tokyo. - w-l-c\",\"isPartOf\":{\"@id\":\"https:\/\/w-l-c.be\/fr\/#website\"},\"datePublished\":\"2014-03-24T15:18:38+00:00\",\"dateModified\":\"2014-03-24T15:18:40+00:00\",\"author\":{\"@id\":\"https:\/\/w-l-c.be\/fr\/#\/schema\/person\/4b9b1d857f0943453a38a7c2859ef756\"},\"breadcrumb\":{\"@id\":\"https:\/\/w-l-c.be\/fr\/deux-films-belges-primes-tokyo\/#breadcrumb\"},\"inLanguage\":\"fr-FR\",\"potentialAction\":[{\"@type\":\"ReadAction\",\"target\":[\"https:\/\/w-l-c.be\/fr\/deux-films-belges-primes-tokyo\/\"]}]},{\"@type\":\"BreadcrumbList\",\"@id\":\"https:\/\/w-l-c.be\/fr\/deux-films-belges-primes-tokyo\/#breadcrumb\",\"itemListElement\":[{\"@type\":\"ListItem\",\"position\":1,\"name\":\"Accueil\",\"item\":\"https:\/\/w-l-c.be\/fr\/\"},{\"@type\":\"ListItem\",\"position\":2,\"name\":\"Deux films belges prim\u00e9s \u00e0 Tokyo.\"}]},{\"@type\":\"WebSite\",\"@id\":\"https:\/\/w-l-c.be\/fr\/#website\",\"url\":\"https:\/\/w-l-c.be\/fr\/\",\"name\":\"w-l-c\",\"description\":\"Le cin\u00e9ma vu par les belges\",\"potentialAction\":[{\"@type\":\"SearchAction\",\"target\":{\"@type\":\"EntryPoint\",\"urlTemplate\":\"https:\/\/w-l-c.be\/fr\/?s={search_term_string}\"},\"query-input\":\"required name=search_term_string\"}],\"inLanguage\":\"fr-FR\"},{\"@type\":\"Person\",\"@id\":\"https:\/\/w-l-c.be\/fr\/#\/schema\/person\/4b9b1d857f0943453a38a7c2859ef756\",\"name\":\"Philippe.Pierquin\",\"url\":\"https:\/\/w-l-c.be\/fr\/author\/philippe-pierquin\/\"}]}<\/script>\n<!-- \/ Yoast SEO plugin. -->","yoast_head_json":{"title":"Deux films belges prim\u00e9s \u00e0 Tokyo.  - w-l-c","robots":{"index":"noindex","follow":"follow","max-snippet":"max-snippet:-1","max-image-preview":"max-image-preview:large","max-video-preview":"max-video-preview:-1"},"og_locale":"fr_FR","og_type":"article","og_title":"Deux films belges prim\u00e9s \u00e0 Tokyo.  - w-l-c","og_description":"Le Festival du film d\u2019animation de Tokyo a annonc\u00e9 son palmar\u00e8s. Parmi les films r\u00e9compens\u00e9s, deux films belges francophones : Ernest et C\u00e9lestine\u00a0et Betty\u2019s blues. Dans la comp\u00e9tition long m\u00e9trage,\u00a0Ernest et C\u00e9lestine\u00a0remporte la mention notable. Une r\u00e9compense de plus pour le film de Benjamin Renner, Vincent Patar et St\u00e9phane Aubier, qui avait \u00e9t\u00e9 jusqu\u2019\u00e0 la &hellip;","og_url":"https:\/\/w-l-c.be\/fr\/deux-films-belges-primes-tokyo\/","og_site_name":"w-l-c","article_published_time":"2014-03-24T15:18:38+00:00","article_modified_time":"2014-03-24T15:18:40+00:00","og_image":[{"width":377,"height":196,"url":"https:\/\/w-l-c.be\/wp-content\/uploads\/2014\/03\/safe_image.png","type":"image\/png"}],"author":"Philippe.Pierquin","twitter_card":"summary_large_image","twitter_misc":{"\u00c9crit par":"Philippe.Pierquin","Dur\u00e9e de lecture estim\u00e9e":"1 minute"},"schema":{"@context":"https:\/\/schema.org","@graph":[{"@type":"WebPage","@id":"https:\/\/w-l-c.be\/fr\/deux-films-belges-primes-tokyo\/","url":"https:\/\/w-l-c.be\/fr\/deux-films-belges-primes-tokyo\/","name":"Deux films belges prim\u00e9s \u00e0 Tokyo. - w-l-c","isPartOf":{"@id":"https:\/\/w-l-c.be\/fr\/#website"},"datePublished":"2014-03-24T15:18:38+00:00","dateModified":"2014-03-24T15:18:40+00:00","author":{"@id":"https:\/\/w-l-c.be\/fr\/#\/schema\/person\/4b9b1d857f0943453a38a7c2859ef756"},"breadcrumb":{"@id":"https:\/\/w-l-c.be\/fr\/deux-films-belges-primes-tokyo\/#breadcrumb"},"inLanguage":"fr-FR","potentialAction":[{"@type":"ReadAction","target":["https:\/\/w-l-c.be\/fr\/deux-films-belges-primes-tokyo\/"]}]},{"@type":"BreadcrumbList","@id":"https:\/\/w-l-c.be\/fr\/deux-films-belges-primes-tokyo\/#breadcrumb","itemListElement":[{"@type":"ListItem","position":1,"name":"Accueil","item":"https:\/\/w-l-c.be\/fr\/"},{"@type":"ListItem","position":2,"name":"Deux films belges prim\u00e9s \u00e0 Tokyo."}]},{"@type":"WebSite","@id":"https:\/\/w-l-c.be\/fr\/#website","url":"https:\/\/w-l-c.be\/fr\/","name":"w-l-c","description":"Le cin\u00e9ma vu par les belges","potentialAction":[{"@type":"SearchAction","target":{"@type":"EntryPoint","urlTemplate":"https:\/\/w-l-c.be\/fr\/?s={search_term_string}"},"query-input":"required name=search_term_string"}],"inLanguage":"fr-FR"},{"@type":"Person","@id":"https:\/\/w-l-c.be\/fr\/#\/schema\/person\/4b9b1d857f0943453a38a7c2859ef756","name":"Philippe.Pierquin","url":"https:\/\/w-l-c.be\/fr\/author\/philippe-pierquin\/"}]}},"_links":{"self":[{"href":"https:\/\/w-l-c.be\/fr\/wp-json\/wp\/v2\/posts\/54232","targetHints":{"allow":["GET"]}}],"collection":[{"href":"https:\/\/w-l-c.be\/fr\/wp-json\/wp\/v2\/posts"}],"about":[{"href":"https:\/\/w-l-c.be\/fr\/wp-json\/wp\/v2\/types\/post"}],"author":[{"embeddable":true,"href":"https:\/\/w-l-c.be\/fr\/wp-json\/wp\/v2\/users\/7"}],"replies":[{"embeddable":true,"href":"https:\/\/w-l-c.be\/fr\/wp-json\/wp\/v2\/comments?post=54232"}],"version-history":[{"count":0,"href":"https:\/\/w-l-c.be\/fr\/wp-json\/wp\/v2\/posts\/54232\/revisions"}],"wp:featuredmedia":[{"embeddable":true,"href":"https:\/\/w-l-c.be\/fr\/wp-json\/wp\/v2\/media\/54238"}],"wp:attachment":[{"href":"https:\/\/w-l-c.be\/fr\/wp-json\/wp\/v2\/media?parent=54232"}],"wp:term":[{"taxonomy":"category","embeddable":true,"href":"https:\/\/w-l-c.be\/fr\/wp-json\/wp\/v2\/categories?post=54232"},{"taxonomy":"post_tag","embeddable":true,"href":"https:\/\/w-l-c.be\/fr\/wp-json\/wp\/v2\/tags?post=54232"}],"curies":[{"name":"wp","href":"https:\/\/api.w.org\/{rel}","templated":true}]}}