
{"id":55603,"date":"2014-04-24T08:27:54","date_gmt":"2014-04-24T06:27:54","guid":{"rendered":"http:\/\/www.cinevox.be\/?p=55603"},"modified":"2014-04-25T08:53:29","modified_gmt":"2014-04-25T06:53:29","slug":"attention-folle-nuit-du-court-trois-partir-23h35-samedi","status":"publish","type":"post","link":"https:\/\/w-l-c.be\/fr\/attention-folle-nuit-du-court-trois-partir-23h35-samedi\/","title":{"rendered":"Attention : folle nuit du court sur la Trois \u00e0 partir de 23h35 samedi."},"content":{"rendered":"<p>A vos magn\u00e9tos et autre enregistreurs num\u00e9riques. La nuit sera longue et passionnante.<\/p>\n<p>Le court m\u00e9trage 100% belge est \u00e0 l&rsquo;honneur ce samedi soir sur La Trois avec 22 films qui s&rsquo;encha\u00eeneront \u00a0de 23h35 \u00e0 6 heures du matin, \u00e0 l\u2019occasion du Brussels Short Film Festival 2014 qui se tient \u00e0 Bruxelles jusqu&rsquo;au 3 mai dans diff\u00e9rents lieux, au BOZAR, \u00e0 Flagey, au Petit Th\u00e9\u00e2tre Mercelis, sous chapiteau et au Vend\u00f4me (lire <a href=\"http:\/\/www.cinevox.be\/plus-de-300-films-au-brussels-short-film-festival\/\">ici<\/a>).<!--more--><\/p>\n<p>&nbsp;<\/p>\n<p>&nbsp;<\/p>\n<p>&nbsp;<\/p>\n<p>&nbsp;<\/p>\n<p>1. LA TERRE OU LE CIEL de Fran\u00e7oise Dupal 19\u201908<\/p>\n<p>2. LE SYNDROME DU CORNICHON de G\u00e9raldine Doignon 20\u201942<\/p>\n<p>3. BIZNESS de Manu Coemans 14\u201922<\/p>\n<p>4. A NEW OLD STORY d\u2019Antoine Cuypers 22\u201936<\/p>\n<p>5. LEGENDE DE JEAN L\u2019INVERSE de Philippe Lamensch 17\u201908<\/p>\n<p>&nbsp;<\/p>\n<p><a href=\"http:\/\/www.cinevox.be\/attention-folle-nuit-du-court-trois-partir-23h35-samedi\/soudain-2\/\" rel=\"attachment wp-att-55606\"><img loading=\"lazy\" decoding=\"async\" class=\"aligncenter size-full wp-image-55606\" alt=\"\" src=\"http:\/\/www.cinevox.be\/wp-content\/uploads\/2014\/04\/soudain.jpg\" width=\"720\" height=\"406\" srcset=\"https:\/\/w-l-c.be\/wp-content\/uploads\/2014\/04\/soudain.jpg 720w, https:\/\/w-l-c.be\/wp-content\/uploads\/2014\/04\/soudain-200x113.jpg 200w, https:\/\/w-l-c.be\/wp-content\/uploads\/2014\/04\/soudain-480x270.jpg 480w, https:\/\/w-l-c.be\/wp-content\/uploads\/2014\/04\/soudain-300x169.jpg 300w, https:\/\/w-l-c.be\/wp-content\/uploads\/2014\/04\/soudain-620x350.jpg 620w\" sizes=\"auto, (max-width: 720px) 100vw, 720px\" \/><\/a><\/p>\n<p>&nbsp;<\/p>\n<p>6. SOUDAIN ON SONNE de Maria K\u00f6rkel 7\u201948<\/p>\n<p>7. CHECKPOINT de Ruben Amar 19\u2019<\/p>\n<p>8. FAUTE DE TEMPS de Zaven Najjar 09\u201908<\/p>\n<p>&nbsp;<\/p>\n<p><a href=\"http:\/\/www.cinevox.be\/attention-folle-nuit-du-court-trois-partir-23h35-samedi\/faveurmoineaux-3\/\" rel=\"attachment wp-att-55607\"><img loading=\"lazy\" decoding=\"async\" class=\"aligncenter size-full wp-image-55607\" alt=\"\" src=\"http:\/\/www.cinevox.be\/wp-content\/uploads\/2014\/04\/faveurmoineaux.jpg\" width=\"714\" height=\"282\" srcset=\"https:\/\/w-l-c.be\/wp-content\/uploads\/2014\/04\/faveurmoineaux.jpg 714w, https:\/\/w-l-c.be\/wp-content\/uploads\/2014\/04\/faveurmoineaux-480x189.jpg 480w\" sizes=\"auto, (max-width: 714px) 100vw, 714px\" \/><\/a><\/p>\n<p>&nbsp;<\/p>\n<p>9. LA FAVEUR DES MOINEAUX de Serge Mirzabekiantz 21\u201933<\/p>\n<p>10. NIEUWPOORT EN JUIN de Geoffrey Couanon 31\u201912<\/p>\n<p>&nbsp;<\/p>\n<p><a href=\"http:\/\/www.cinevox.be\/attention-folle-nuit-du-court-trois-partir-23h35-samedi\/badpakje-46-4\/\" rel=\"attachment wp-att-55604\"><img loading=\"lazy\" decoding=\"async\" class=\"aligncenter size-full wp-image-55604\" alt=\"\" src=\"http:\/\/www.cinevox.be\/wp-content\/uploads\/2014\/04\/badpakje-46.png\" width=\"633\" height=\"329\" srcset=\"https:\/\/w-l-c.be\/wp-content\/uploads\/2014\/04\/badpakje-46.png 633w, https:\/\/w-l-c.be\/wp-content\/uploads\/2014\/04\/badpakje-46-480x249.png 480w\" sizes=\"auto, (max-width: 633px) 100vw, 633px\" \/><\/a><\/p>\n<p>&nbsp;<\/p>\n<p>11. MAILLOT DE BAIN 46 de Wannes Destoop 14\u201956<\/p>\n<p>12. LUNEVILLE de S\u00e9bastien Petit 9\u201907<\/p>\n<p>&nbsp;<\/p>\n<p><a href=\"http:\/\/www.cinevox.be\/attention-folle-nuit-du-court-trois-partir-23h35-samedi\/samuel-feller-passagers-2\/\" rel=\"attachment wp-att-55608\"><img loading=\"lazy\" decoding=\"async\" class=\"aligncenter size-large wp-image-55608\" alt=\"\" src=\"http:\/\/www.cinevox.be\/wp-content\/uploads\/2014\/04\/samuel-feller-passagers-800x450.jpg\" width=\"640\" height=\"360\" srcset=\"https:\/\/w-l-c.be\/wp-content\/uploads\/2014\/04\/samuel-feller-passagers-800x450.jpg 800w, https:\/\/w-l-c.be\/wp-content\/uploads\/2014\/04\/samuel-feller-passagers-200x113.jpg 200w, https:\/\/w-l-c.be\/wp-content\/uploads\/2014\/04\/samuel-feller-passagers-480x270.jpg 480w, https:\/\/w-l-c.be\/wp-content\/uploads\/2014\/04\/samuel-feller-passagers-300x169.jpg 300w, https:\/\/w-l-c.be\/wp-content\/uploads\/2014\/04\/samuel-feller-passagers-620x350.jpg 620w, https:\/\/w-l-c.be\/wp-content\/uploads\/2014\/04\/samuel-feller-passagers.jpg 1012w\" sizes=\"auto, (max-width: 640px) 100vw, 640px\" \/><\/a><\/p>\n<p>&nbsp;<\/p>\n<p>13. PASSAGERS de Samuel Feller 12\u201955<\/p>\n<p>14. I LOVE LUCY de Colin Kennedy 12\u201927<\/p>\n<p>15. LE PETIT CHEVALIER d\u2019Emmanuel Marre 36\u201930<\/p>\n<p>16. PORQUE HAY COSAS\u2026.. de Lucas Figueroa 22\u2019<\/p>\n<p>17. PREMIERS PAS de Gr\u00e9gory Lecocq 17\u201921<\/p>\n<p>18. UN MONDE MEILLEUR de Sacha Feiner 23\u201926<\/p>\n<p>&nbsp;<\/p>\n<p><a href=\"http:\/\/www.cinevox.be\/attention-folle-nuit-du-court-trois-partir-23h35-samedi\/bettyblues_hd1-9\/\" rel=\"attachment wp-att-55605\"><img loading=\"lazy\" decoding=\"async\" class=\"aligncenter size-full wp-image-55605\" alt=\"\" src=\"http:\/\/www.cinevox.be\/wp-content\/uploads\/2014\/04\/bettyblues_hd1.jpg\" width=\"714\" height=\"282\" srcset=\"https:\/\/w-l-c.be\/wp-content\/uploads\/2014\/04\/bettyblues_hd1.jpg 714w, https:\/\/w-l-c.be\/wp-content\/uploads\/2014\/04\/bettyblues_hd1-480x189.jpg 480w\" sizes=\"auto, (max-width: 714px) 100vw, 714px\" \/><\/a><\/p>\n<p>&nbsp;<\/p>\n<p>19. BETTY\u2019S BLUES de R\u00e9mi Vandenitte 11\u201944<\/p>\n<p>20. TROIS PECHEURS d\u2019Axel Dubus 5\u201950<\/p>\n<p>21. LE MULOT MENTEUR d\u2019Andr\u00e9a Kiss 19\u201921<\/p>\n<p>22. L\u2019HISTOIRE DU PETIT PAOLO de Nicolas Liguori 21\u201947<\/p>\n","protected":false},"excerpt":{"rendered":"<p>A vos magn\u00e9tos et autre enregistreurs num\u00e9riques. La nuit sera longue et passionnante. Le court m\u00e9trage 100% belge est \u00e0 l&rsquo;honneur ce samedi soir sur La Trois avec 22 films qui s&rsquo;encha\u00eeneront \u00a0de 23h35 \u00e0 6 heures du matin, \u00e0 l\u2019occasion du Brussels Short Film Festival 2014 qui se tient \u00e0 Bruxelles jusqu&rsquo;au 3 mai &hellip;<\/p>\n","protected":false},"author":7,"featured_media":55610,"comment_status":"closed","ping_status":"closed","sticky":false,"template":"","format":"standard","meta":{"ngg_post_thumbnail":0,"footnotes":""},"categories":[14],"tags":[],"class_list":["post-55603","post","type-post","status-publish","format-standard","has-post-thumbnail","","category-home-cinema"],"yoast_head":"<!-- This site is optimized with the Yoast SEO plugin v20.4 - https:\/\/yoast.com\/wordpress\/plugins\/seo\/ -->\n<title>Attention : folle nuit du court sur la Trois \u00e0 partir de 23h35 samedi. - w-l-c<\/title>\n<meta name=\"robots\" content=\"noindex, follow, max-snippet:-1, max-image-preview:large, max-video-preview:-1\" \/>\n<meta property=\"og:locale\" content=\"fr_FR\" \/>\n<meta property=\"og:type\" content=\"article\" \/>\n<meta property=\"og:title\" content=\"Attention : folle nuit du court sur la Trois \u00e0 partir de 23h35 samedi. - w-l-c\" \/>\n<meta property=\"og:description\" content=\"A vos magn\u00e9tos et autre enregistreurs num\u00e9riques. La nuit sera longue et passionnante. Le court m\u00e9trage 100% belge est \u00e0 l&rsquo;honneur ce samedi soir sur La Trois avec 22 films qui s&rsquo;encha\u00eeneront \u00a0de 23h35 \u00e0 6 heures du matin, \u00e0 l\u2019occasion du Brussels Short Film Festival 2014 qui se tient \u00e0 Bruxelles jusqu&rsquo;au 3 mai &hellip;\" \/>\n<meta property=\"og:url\" content=\"https:\/\/w-l-c.be\/fr\/attention-folle-nuit-du-court-trois-partir-23h35-samedi\/\" \/>\n<meta property=\"og:site_name\" content=\"w-l-c\" \/>\n<meta property=\"article:published_time\" content=\"2014-04-24T06:27:54+00:00\" \/>\n<meta property=\"article:modified_time\" content=\"2014-04-25T06:53:29+00:00\" \/>\n<meta property=\"og:image\" content=\"https:\/\/w-l-c.be\/wp-content\/uploads\/2014\/04\/A-New-Old-Story.jpg\" \/>\n\t<meta property=\"og:image:width\" content=\"1118\" \/>\n\t<meta property=\"og:image:height\" content=\"472\" \/>\n\t<meta property=\"og:image:type\" content=\"image\/jpeg\" \/>\n<meta name=\"author\" content=\"Philippe.Pierquin\" \/>\n<meta name=\"twitter:card\" content=\"summary_large_image\" \/>\n<meta name=\"twitter:label1\" content=\"\u00c9crit par\" \/>\n\t<meta name=\"twitter:data1\" content=\"Philippe.Pierquin\" \/>\n\t<meta name=\"twitter:label2\" content=\"Dur\u00e9e de lecture estim\u00e9e\" \/>\n\t<meta name=\"twitter:data2\" content=\"1 minute\" \/>\n<script type=\"application\/ld+json\" class=\"yoast-schema-graph\">{\"@context\":\"https:\/\/schema.org\",\"@graph\":[{\"@type\":\"WebPage\",\"@id\":\"https:\/\/w-l-c.be\/fr\/attention-folle-nuit-du-court-trois-partir-23h35-samedi\/\",\"url\":\"https:\/\/w-l-c.be\/fr\/attention-folle-nuit-du-court-trois-partir-23h35-samedi\/\",\"name\":\"Attention : folle nuit du court sur la Trois \u00e0 partir de 23h35 samedi. - w-l-c\",\"isPartOf\":{\"@id\":\"https:\/\/w-l-c.be\/fr\/#website\"},\"datePublished\":\"2014-04-24T06:27:54+00:00\",\"dateModified\":\"2014-04-25T06:53:29+00:00\",\"author\":{\"@id\":\"https:\/\/w-l-c.be\/fr\/#\/schema\/person\/4b9b1d857f0943453a38a7c2859ef756\"},\"breadcrumb\":{\"@id\":\"https:\/\/w-l-c.be\/fr\/attention-folle-nuit-du-court-trois-partir-23h35-samedi\/#breadcrumb\"},\"inLanguage\":\"fr-FR\",\"potentialAction\":[{\"@type\":\"ReadAction\",\"target\":[\"https:\/\/w-l-c.be\/fr\/attention-folle-nuit-du-court-trois-partir-23h35-samedi\/\"]}]},{\"@type\":\"BreadcrumbList\",\"@id\":\"https:\/\/w-l-c.be\/fr\/attention-folle-nuit-du-court-trois-partir-23h35-samedi\/#breadcrumb\",\"itemListElement\":[{\"@type\":\"ListItem\",\"position\":1,\"name\":\"Accueil\",\"item\":\"https:\/\/w-l-c.be\/fr\/\"},{\"@type\":\"ListItem\",\"position\":2,\"name\":\"Attention : folle nuit du court sur la Trois \u00e0 partir de 23h35 samedi.\"}]},{\"@type\":\"WebSite\",\"@id\":\"https:\/\/w-l-c.be\/fr\/#website\",\"url\":\"https:\/\/w-l-c.be\/fr\/\",\"name\":\"w-l-c\",\"description\":\"Le cin\u00e9ma vu par les belges\",\"potentialAction\":[{\"@type\":\"SearchAction\",\"target\":{\"@type\":\"EntryPoint\",\"urlTemplate\":\"https:\/\/w-l-c.be\/fr\/?s={search_term_string}\"},\"query-input\":\"required name=search_term_string\"}],\"inLanguage\":\"fr-FR\"},{\"@type\":\"Person\",\"@id\":\"https:\/\/w-l-c.be\/fr\/#\/schema\/person\/4b9b1d857f0943453a38a7c2859ef756\",\"name\":\"Philippe.Pierquin\",\"url\":\"https:\/\/w-l-c.be\/fr\/author\/philippe-pierquin\/\"}]}<\/script>\n<!-- \/ Yoast SEO plugin. -->","yoast_head_json":{"title":"Attention : folle nuit du court sur la Trois \u00e0 partir de 23h35 samedi. - w-l-c","robots":{"index":"noindex","follow":"follow","max-snippet":"max-snippet:-1","max-image-preview":"max-image-preview:large","max-video-preview":"max-video-preview:-1"},"og_locale":"fr_FR","og_type":"article","og_title":"Attention : folle nuit du court sur la Trois \u00e0 partir de 23h35 samedi. - w-l-c","og_description":"A vos magn\u00e9tos et autre enregistreurs num\u00e9riques. La nuit sera longue et passionnante. Le court m\u00e9trage 100% belge est \u00e0 l&rsquo;honneur ce samedi soir sur La Trois avec 22 films qui s&rsquo;encha\u00eeneront \u00a0de 23h35 \u00e0 6 heures du matin, \u00e0 l\u2019occasion du Brussels Short Film Festival 2014 qui se tient \u00e0 Bruxelles jusqu&rsquo;au 3 mai &hellip;","og_url":"https:\/\/w-l-c.be\/fr\/attention-folle-nuit-du-court-trois-partir-23h35-samedi\/","og_site_name":"w-l-c","article_published_time":"2014-04-24T06:27:54+00:00","article_modified_time":"2014-04-25T06:53:29+00:00","og_image":[{"width":1118,"height":472,"url":"https:\/\/w-l-c.be\/wp-content\/uploads\/2014\/04\/A-New-Old-Story.jpg","type":"image\/jpeg"}],"author":"Philippe.Pierquin","twitter_card":"summary_large_image","twitter_misc":{"\u00c9crit par":"Philippe.Pierquin","Dur\u00e9e de lecture estim\u00e9e":"1 minute"},"schema":{"@context":"https:\/\/schema.org","@graph":[{"@type":"WebPage","@id":"https:\/\/w-l-c.be\/fr\/attention-folle-nuit-du-court-trois-partir-23h35-samedi\/","url":"https:\/\/w-l-c.be\/fr\/attention-folle-nuit-du-court-trois-partir-23h35-samedi\/","name":"Attention : folle nuit du court sur la Trois \u00e0 partir de 23h35 samedi. - w-l-c","isPartOf":{"@id":"https:\/\/w-l-c.be\/fr\/#website"},"datePublished":"2014-04-24T06:27:54+00:00","dateModified":"2014-04-25T06:53:29+00:00","author":{"@id":"https:\/\/w-l-c.be\/fr\/#\/schema\/person\/4b9b1d857f0943453a38a7c2859ef756"},"breadcrumb":{"@id":"https:\/\/w-l-c.be\/fr\/attention-folle-nuit-du-court-trois-partir-23h35-samedi\/#breadcrumb"},"inLanguage":"fr-FR","potentialAction":[{"@type":"ReadAction","target":["https:\/\/w-l-c.be\/fr\/attention-folle-nuit-du-court-trois-partir-23h35-samedi\/"]}]},{"@type":"BreadcrumbList","@id":"https:\/\/w-l-c.be\/fr\/attention-folle-nuit-du-court-trois-partir-23h35-samedi\/#breadcrumb","itemListElement":[{"@type":"ListItem","position":1,"name":"Accueil","item":"https:\/\/w-l-c.be\/fr\/"},{"@type":"ListItem","position":2,"name":"Attention : folle nuit du court sur la Trois \u00e0 partir de 23h35 samedi."}]},{"@type":"WebSite","@id":"https:\/\/w-l-c.be\/fr\/#website","url":"https:\/\/w-l-c.be\/fr\/","name":"w-l-c","description":"Le cin\u00e9ma vu par les belges","potentialAction":[{"@type":"SearchAction","target":{"@type":"EntryPoint","urlTemplate":"https:\/\/w-l-c.be\/fr\/?s={search_term_string}"},"query-input":"required name=search_term_string"}],"inLanguage":"fr-FR"},{"@type":"Person","@id":"https:\/\/w-l-c.be\/fr\/#\/schema\/person\/4b9b1d857f0943453a38a7c2859ef756","name":"Philippe.Pierquin","url":"https:\/\/w-l-c.be\/fr\/author\/philippe-pierquin\/"}]}},"_links":{"self":[{"href":"https:\/\/w-l-c.be\/fr\/wp-json\/wp\/v2\/posts\/55603","targetHints":{"allow":["GET"]}}],"collection":[{"href":"https:\/\/w-l-c.be\/fr\/wp-json\/wp\/v2\/posts"}],"about":[{"href":"https:\/\/w-l-c.be\/fr\/wp-json\/wp\/v2\/types\/post"}],"author":[{"embeddable":true,"href":"https:\/\/w-l-c.be\/fr\/wp-json\/wp\/v2\/users\/7"}],"replies":[{"embeddable":true,"href":"https:\/\/w-l-c.be\/fr\/wp-json\/wp\/v2\/comments?post=55603"}],"version-history":[{"count":0,"href":"https:\/\/w-l-c.be\/fr\/wp-json\/wp\/v2\/posts\/55603\/revisions"}],"wp:featuredmedia":[{"embeddable":true,"href":"https:\/\/w-l-c.be\/fr\/wp-json\/wp\/v2\/media\/55610"}],"wp:attachment":[{"href":"https:\/\/w-l-c.be\/fr\/wp-json\/wp\/v2\/media?parent=55603"}],"wp:term":[{"taxonomy":"category","embeddable":true,"href":"https:\/\/w-l-c.be\/fr\/wp-json\/wp\/v2\/categories?post=55603"},{"taxonomy":"post_tag","embeddable":true,"href":"https:\/\/w-l-c.be\/fr\/wp-json\/wp\/v2\/tags?post=55603"}],"curies":[{"name":"wp","href":"https:\/\/api.w.org\/{rel}","templated":true}]}}