
{"id":55636,"date":"2014-04-24T10:31:09","date_gmt":"2014-04-24T08:31:09","guid":{"rendered":"http:\/\/www.cinevox.be\/?p=55636"},"modified":"2014-04-24T12:13:32","modified_gmt":"2014-04-24T10:13:32","slug":"liege-nouveau-tensions-policieres","status":"publish","type":"post","link":"https:\/\/w-l-c.be\/fr\/liege-nouveau-tensions-policieres\/","title":{"rendered":"Li\u00e8ge, \u00e0 nouveau sous tensions polici\u00e8res"},"content":{"rendered":"<p>Pendant quatre jours, Li\u00e8ge se transforme en ville du polar. C\u2019est une vieille habitude. Une bonne habitude. Le festival commence aujourd\u2019hui et se cl\u00f4turera d\u00e9j\u00e0 dimanche.<\/p>\n<p>&nbsp;<\/p>\n<p><!--more--><\/p>\n<p>Concentr\u00e9e sur un long week-end, la programmation est riche et nous y \u00e9pinglerons naturellement la production belge avec en avant-premi\u00e8re <i>13.12.11<\/i> que <b>Patrick Allen<\/b> a r\u00e9alis\u00e9 avec <b>Marc Duret, Isabelle Jonniaux<\/b> et les 9 \u00e9l\u00e8ves de l\u2019atelier de production ABC Cin\u00e9ma Belgique.<\/p>\n<p>&nbsp;<\/p>\n<p><a href=\"http:\/\/www.cinevox.be\/liege-nouveau-tensions-policieres\/attachment\/131211\/\" rel=\"attachment wp-att-55637\"><img loading=\"lazy\" decoding=\"async\" class=\"aligncenter size-large wp-image-55637\" alt=\"\" src=\"http:\/\/www.cinevox.be\/wp-content\/uploads\/2014\/04\/131211-800x246.jpg\" width=\"640\" height=\"196\" srcset=\"https:\/\/w-l-c.be\/wp-content\/uploads\/2014\/04\/131211-800x246.jpg 800w, https:\/\/w-l-c.be\/wp-content\/uploads\/2014\/04\/131211-480x148.jpg 480w\" sizes=\"auto, (max-width: 640px) 100vw, 640px\" \/><\/a><\/p>\n<p>&nbsp;<\/p>\n<p>Cruellement d\u2019actualit\u00e9, le film revient sur les \u00e9v\u00e8nements qui ont marqu\u00e9 la cit\u00e9 ardente le \u00a013 d\u00e9cembre 2011, lorsque Nordine Amrani tire dans la foule, Place Saint-Lamber,t faisant de nombreuses victimes et plongeant toute la population li\u00e9geoise dans le Chaos le plus total.<\/p>\n<p>&nbsp;<\/p>\n<p>&nbsp;<\/p>\n<p><a href=\"http:\/\/www.cinevox.be\/liege-nouveau-tensions-policieres\/diamant\/\" rel=\"attachment wp-att-55638\"><img loading=\"lazy\" decoding=\"async\" class=\"aligncenter size-full wp-image-55638\" alt=\"\" src=\"http:\/\/www.cinevox.be\/wp-content\/uploads\/2014\/04\/diamant.jpg\" width=\"640\" height=\"390\" srcset=\"https:\/\/w-l-c.be\/wp-content\/uploads\/2014\/04\/diamant.jpg 640w, https:\/\/w-l-c.be\/wp-content\/uploads\/2014\/04\/diamant-443x270.jpg 443w\" sizes=\"auto, (max-width: 640px) 100vw, 640px\" \/><\/a><\/p>\n<p>&nbsp;<\/p>\n<p>\u00c9galement en avant-premi\u00e8re, <i>Le dernier Diamant<\/i>, une coproduction belge (Scope Pictures) tourn\u00e9e en partie \u00e0 Bruxelles dans laquelle on d\u00e9couvre un s\u00e9millant <b>Charlie Dupont <\/b>aux c\u00f4t\u00e9s de<b> B\u00e9r\u00e9nice B\u00e9jo\u00a0<\/b>et<b> Yvan Attal.<\/b><\/p>\n<p>Le pitch de ce film d\u2019arnaque ne manque pas de piquant : Simon, sorti de prison et en libert\u00e9 surveill\u00e9e, est approch\u00e9 par son associ\u00e9 pour monter sur la plus belle affaire qui leur ait jamais \u00e9t\u00e9 propos\u00e9e : le vol du Florentin, diamant mythique, disparu depuis la R\u00e9volution, miraculeusement retrouv\u00e9 et mis en vente par ses propri\u00e9taires. Pour r\u00e9ussir le casse, Simon devra approcher Julia, l\u2019experte en diamant charg\u00e9e de la vente.<\/p>\n<p>&nbsp;<\/p>\n<p>La comp\u00e9tition internationale ne manquera pas d\u2019int\u00e9r\u00eat avec huit films prometteurs (sur le papier en tous cas) dont une coproduction belgo-suisse, <i>Milky Way<\/i> avec notamment <b>Jan Hammenecker<\/b><\/p>\n<p>Le jury compos\u00e9 de personnalit\u00e9s venues d\u2019horizons tr\u00e8s diff\u00e9rents remettra quatre \u00ab\u2009Insignes de Cristal\u2009\u00bb au meilleur film, au meilleur com\u00e9dien, \u00e0 la meilleure com\u00e9dienne et au meilleur sc\u00e9nario.<\/p>\n<p>Ce Jury officiel est compos\u00e9 de Francis Perrin (Pr\u00e9sident du Jury), Pierre Simenon, Mylene Demongeot, Bernard Le Coq, Henry Guybet, Firmine Richard, <b>Fabrizio Rongione<\/b>, Lou Bohringer et Laura Hamisultane<\/p>\n<p>Les spectateurs attribueront le Prix du public au film le plus populaire de la manifestation.<\/p>\n<p>&nbsp;<\/p>\n<p><a href=\"http:\/\/www.cinevox.be\/liege-nouveau-tensions-policieres\/ion-2\/\" rel=\"attachment wp-att-55643\"><img loading=\"lazy\" decoding=\"async\" class=\"aligncenter size-large wp-image-55643\" alt=\"\" src=\"http:\/\/www.cinevox.be\/wp-content\/uploads\/2014\/04\/ion-800x449.jpg\" width=\"640\" height=\"359\" srcset=\"https:\/\/w-l-c.be\/wp-content\/uploads\/2014\/04\/ion-800x449.jpg 800w, https:\/\/w-l-c.be\/wp-content\/uploads\/2014\/04\/ion-200x113.jpg 200w, https:\/\/w-l-c.be\/wp-content\/uploads\/2014\/04\/ion-480x270.jpg 480w, https:\/\/w-l-c.be\/wp-content\/uploads\/2014\/04\/ion-300x169.jpg 300w, https:\/\/w-l-c.be\/wp-content\/uploads\/2014\/04\/ion.jpg 1515w\" sizes=\"auto, (max-width: 640px) 100vw, 640px\" \/><\/a><\/p>\n<p>&nbsp;<\/p>\n<p>Une section docu permettra de d\u00e9couvrir <i>Crimes d\u2019artistes<\/i> de <b>Nicolas Crousse<\/b> et <b>Thomas Van Zuylen<\/b> ou de revoir <i>Ion<\/i> d\u2019<b>Olivier Magis <\/b>tandis que la section Focus qui \u00e9gr\u00e8ne des films toujours in\u00e9dits chez nous proposera <i>Ludo <\/i>de <b>Khourban Cassam-Chena\u00ef<\/b>.<\/p>\n<p>&nbsp;<\/p>\n<p><a href=\"http:\/\/www.cinevox.be\/liege-nouveau-tensions-policieres\/ludo-2\/\" rel=\"attachment wp-att-55647\"><img loading=\"lazy\" decoding=\"async\" class=\"aligncenter size-large wp-image-55647\" alt=\"\" src=\"http:\/\/www.cinevox.be\/wp-content\/uploads\/2014\/04\/ludo-800x306.jpg\" width=\"640\" height=\"244\" srcset=\"https:\/\/w-l-c.be\/wp-content\/uploads\/2014\/04\/ludo-800x306.jpg 800w, https:\/\/w-l-c.be\/wp-content\/uploads\/2014\/04\/ludo-480x184.jpg 480w, https:\/\/w-l-c.be\/wp-content\/uploads\/2014\/04\/ludo.jpg 850w\" sizes=\"auto, (max-width: 640px) 100vw, 640px\" \/><\/a><\/p>\n<p>&nbsp;<\/p>\n<p>Projet\u00e9 tr\u00e8s r\u00e9cemment au BIFFF, <i>Ludo<\/i> raconte l\u2019histoire de six amis d\u2019enfance qui se retrouvent r\u00e9guli\u00e8rement dans des lieux atypiques pour prolonger leurs parties de cache-cache.<\/p>\n<p>Cette ann\u00e9e, l\u2019un d\u2019eux a trouv\u00e9 un manoir en cours de r\u00e9novation. Il a \u00e9galement amen\u00e9 une nouvelle recrue : Ludo, un homme d\u2019une quarantaine d\u2019ann\u00e9es qui para\u00eet \u00eatre un gamin, fade mais \u00e9nigmatique.<\/p>\n<p>Est-ce Ludo, cette atmosph\u00e8re \u00e9trange dans ce ch\u00e2teau ou tout simplement le temps qui passe\u00a0qui fait que les tensions et les secrets finissent par se r\u00e9v\u00e9ler ?&#8230;<\/p>\n<p>Un premier long avec \u00e0 l\u2019affiche <b>Myriam Bourguignon, Yoli Fuller, Thomas Ancora, Lionel Bereni, Helena Coppejans, Koraline de Baere <\/b>et<b> C\u00e9line Charlier.<\/b><\/p>\n<p>&nbsp;<br \/>\nEnfin, au rayon des courts m\u00e9trages (section \u00e9galement comp\u00e9titive), on d\u00e9couvrira <i>Pilate 53<\/i> de <b>Luc Bourgeois<\/b>, emmen\u00e9 par <b>Bernard Yerl\u00e8s <\/b>et <i>Titre ind\u00e9termin\u00e9<\/i> de <b>St\u00e9phane Papet<\/b><\/p>\n<p>&nbsp;<\/p>\n<p>Tous les d\u00e9tails sont \u00e0 trouver sur le site officiel, tr\u00e8s sympathique, que vous pouvez consulter <a href=\"http:\/\/festivaliege.be\/\">ICI<\/a>.<\/p>\n","protected":false},"excerpt":{"rendered":"<p>Pendant quatre jours, Li\u00e8ge se transforme en ville du polar. C\u2019est une vieille habitude. Une bonne habitude. Le festival commence aujourd\u2019hui et se cl\u00f4turera d\u00e9j\u00e0 dimanche. &nbsp;<\/p>\n","protected":false},"author":7,"featured_media":55649,"comment_status":"closed","ping_status":"closed","sticky":false,"template":"","format":"standard","meta":{"ngg_post_thumbnail":0,"footnotes":""},"categories":[12],"tags":[],"class_list":["post-55636","post","type-post","status-publish","format-standard","has-post-thumbnail","","category-awards"],"yoast_head":"<!-- This site is optimized with the Yoast SEO plugin v20.4 - https:\/\/yoast.com\/wordpress\/plugins\/seo\/ -->\n<title>Li\u00e8ge, \u00e0 nouveau sous tensions polici\u00e8res - w-l-c<\/title>\n<meta name=\"robots\" content=\"noindex, follow, max-snippet:-1, max-image-preview:large, max-video-preview:-1\" \/>\n<meta property=\"og:locale\" content=\"fr_FR\" \/>\n<meta property=\"og:type\" content=\"article\" \/>\n<meta property=\"og:title\" content=\"Li\u00e8ge, \u00e0 nouveau sous tensions polici\u00e8res - w-l-c\" \/>\n<meta property=\"og:description\" content=\"Pendant quatre jours, Li\u00e8ge se transforme en ville du polar. C\u2019est une vieille habitude. Une bonne habitude. Le festival commence aujourd\u2019hui et se cl\u00f4turera d\u00e9j\u00e0 dimanche. &nbsp;\" \/>\n<meta property=\"og:url\" content=\"https:\/\/w-l-c.be\/fr\/liege-nouveau-tensions-policieres\/\" \/>\n<meta property=\"og:site_name\" content=\"w-l-c\" \/>\n<meta property=\"article:published_time\" content=\"2014-04-24T08:31:09+00:00\" \/>\n<meta property=\"article:modified_time\" content=\"2014-04-24T10:13:32+00:00\" \/>\n<meta property=\"og:image\" content=\"https:\/\/w-l-c.be\/wp-content\/uploads\/2014\/04\/pol-2.jpg\" \/>\n\t<meta property=\"og:image:width\" content=\"1206\" \/>\n\t<meta property=\"og:image:height\" content=\"593\" \/>\n\t<meta property=\"og:image:type\" content=\"image\/jpeg\" \/>\n<meta name=\"author\" content=\"Philippe.Pierquin\" \/>\n<meta name=\"twitter:card\" content=\"summary_large_image\" \/>\n<meta name=\"twitter:label1\" content=\"\u00c9crit par\" \/>\n\t<meta name=\"twitter:data1\" content=\"Philippe.Pierquin\" \/>\n\t<meta name=\"twitter:label2\" content=\"Dur\u00e9e de lecture estim\u00e9e\" \/>\n\t<meta name=\"twitter:data2\" content=\"3 minutes\" \/>\n<script type=\"application\/ld+json\" class=\"yoast-schema-graph\">{\"@context\":\"https:\/\/schema.org\",\"@graph\":[{\"@type\":\"WebPage\",\"@id\":\"https:\/\/w-l-c.be\/fr\/liege-nouveau-tensions-policieres\/\",\"url\":\"https:\/\/w-l-c.be\/fr\/liege-nouveau-tensions-policieres\/\",\"name\":\"Li\u00e8ge, \u00e0 nouveau sous tensions polici\u00e8res - w-l-c\",\"isPartOf\":{\"@id\":\"https:\/\/w-l-c.be\/fr\/#website\"},\"datePublished\":\"2014-04-24T08:31:09+00:00\",\"dateModified\":\"2014-04-24T10:13:32+00:00\",\"author\":{\"@id\":\"https:\/\/w-l-c.be\/fr\/#\/schema\/person\/4b9b1d857f0943453a38a7c2859ef756\"},\"breadcrumb\":{\"@id\":\"https:\/\/w-l-c.be\/fr\/liege-nouveau-tensions-policieres\/#breadcrumb\"},\"inLanguage\":\"fr-FR\",\"potentialAction\":[{\"@type\":\"ReadAction\",\"target\":[\"https:\/\/w-l-c.be\/fr\/liege-nouveau-tensions-policieres\/\"]}]},{\"@type\":\"BreadcrumbList\",\"@id\":\"https:\/\/w-l-c.be\/fr\/liege-nouveau-tensions-policieres\/#breadcrumb\",\"itemListElement\":[{\"@type\":\"ListItem\",\"position\":1,\"name\":\"Accueil\",\"item\":\"https:\/\/w-l-c.be\/fr\/\"},{\"@type\":\"ListItem\",\"position\":2,\"name\":\"Li\u00e8ge, \u00e0 nouveau sous tensions polici\u00e8res\"}]},{\"@type\":\"WebSite\",\"@id\":\"https:\/\/w-l-c.be\/fr\/#website\",\"url\":\"https:\/\/w-l-c.be\/fr\/\",\"name\":\"w-l-c\",\"description\":\"Le cin\u00e9ma vu par les belges\",\"potentialAction\":[{\"@type\":\"SearchAction\",\"target\":{\"@type\":\"EntryPoint\",\"urlTemplate\":\"https:\/\/w-l-c.be\/fr\/?s={search_term_string}\"},\"query-input\":\"required name=search_term_string\"}],\"inLanguage\":\"fr-FR\"},{\"@type\":\"Person\",\"@id\":\"https:\/\/w-l-c.be\/fr\/#\/schema\/person\/4b9b1d857f0943453a38a7c2859ef756\",\"name\":\"Philippe.Pierquin\",\"url\":\"https:\/\/w-l-c.be\/fr\/author\/philippe-pierquin\/\"}]}<\/script>\n<!-- \/ Yoast SEO plugin. -->","yoast_head_json":{"title":"Li\u00e8ge, \u00e0 nouveau sous tensions polici\u00e8res - w-l-c","robots":{"index":"noindex","follow":"follow","max-snippet":"max-snippet:-1","max-image-preview":"max-image-preview:large","max-video-preview":"max-video-preview:-1"},"og_locale":"fr_FR","og_type":"article","og_title":"Li\u00e8ge, \u00e0 nouveau sous tensions polici\u00e8res - w-l-c","og_description":"Pendant quatre jours, Li\u00e8ge se transforme en ville du polar. C\u2019est une vieille habitude. Une bonne habitude. Le festival commence aujourd\u2019hui et se cl\u00f4turera d\u00e9j\u00e0 dimanche. &nbsp;","og_url":"https:\/\/w-l-c.be\/fr\/liege-nouveau-tensions-policieres\/","og_site_name":"w-l-c","article_published_time":"2014-04-24T08:31:09+00:00","article_modified_time":"2014-04-24T10:13:32+00:00","og_image":[{"width":1206,"height":593,"url":"https:\/\/w-l-c.be\/wp-content\/uploads\/2014\/04\/pol-2.jpg","type":"image\/jpeg"}],"author":"Philippe.Pierquin","twitter_card":"summary_large_image","twitter_misc":{"\u00c9crit par":"Philippe.Pierquin","Dur\u00e9e de lecture estim\u00e9e":"3 minutes"},"schema":{"@context":"https:\/\/schema.org","@graph":[{"@type":"WebPage","@id":"https:\/\/w-l-c.be\/fr\/liege-nouveau-tensions-policieres\/","url":"https:\/\/w-l-c.be\/fr\/liege-nouveau-tensions-policieres\/","name":"Li\u00e8ge, \u00e0 nouveau sous tensions polici\u00e8res - w-l-c","isPartOf":{"@id":"https:\/\/w-l-c.be\/fr\/#website"},"datePublished":"2014-04-24T08:31:09+00:00","dateModified":"2014-04-24T10:13:32+00:00","author":{"@id":"https:\/\/w-l-c.be\/fr\/#\/schema\/person\/4b9b1d857f0943453a38a7c2859ef756"},"breadcrumb":{"@id":"https:\/\/w-l-c.be\/fr\/liege-nouveau-tensions-policieres\/#breadcrumb"},"inLanguage":"fr-FR","potentialAction":[{"@type":"ReadAction","target":["https:\/\/w-l-c.be\/fr\/liege-nouveau-tensions-policieres\/"]}]},{"@type":"BreadcrumbList","@id":"https:\/\/w-l-c.be\/fr\/liege-nouveau-tensions-policieres\/#breadcrumb","itemListElement":[{"@type":"ListItem","position":1,"name":"Accueil","item":"https:\/\/w-l-c.be\/fr\/"},{"@type":"ListItem","position":2,"name":"Li\u00e8ge, \u00e0 nouveau sous tensions polici\u00e8res"}]},{"@type":"WebSite","@id":"https:\/\/w-l-c.be\/fr\/#website","url":"https:\/\/w-l-c.be\/fr\/","name":"w-l-c","description":"Le cin\u00e9ma vu par les belges","potentialAction":[{"@type":"SearchAction","target":{"@type":"EntryPoint","urlTemplate":"https:\/\/w-l-c.be\/fr\/?s={search_term_string}"},"query-input":"required name=search_term_string"}],"inLanguage":"fr-FR"},{"@type":"Person","@id":"https:\/\/w-l-c.be\/fr\/#\/schema\/person\/4b9b1d857f0943453a38a7c2859ef756","name":"Philippe.Pierquin","url":"https:\/\/w-l-c.be\/fr\/author\/philippe-pierquin\/"}]}},"_links":{"self":[{"href":"https:\/\/w-l-c.be\/fr\/wp-json\/wp\/v2\/posts\/55636","targetHints":{"allow":["GET"]}}],"collection":[{"href":"https:\/\/w-l-c.be\/fr\/wp-json\/wp\/v2\/posts"}],"about":[{"href":"https:\/\/w-l-c.be\/fr\/wp-json\/wp\/v2\/types\/post"}],"author":[{"embeddable":true,"href":"https:\/\/w-l-c.be\/fr\/wp-json\/wp\/v2\/users\/7"}],"replies":[{"embeddable":true,"href":"https:\/\/w-l-c.be\/fr\/wp-json\/wp\/v2\/comments?post=55636"}],"version-history":[{"count":0,"href":"https:\/\/w-l-c.be\/fr\/wp-json\/wp\/v2\/posts\/55636\/revisions"}],"wp:featuredmedia":[{"embeddable":true,"href":"https:\/\/w-l-c.be\/fr\/wp-json\/wp\/v2\/media\/55649"}],"wp:attachment":[{"href":"https:\/\/w-l-c.be\/fr\/wp-json\/wp\/v2\/media?parent=55636"}],"wp:term":[{"taxonomy":"category","embeddable":true,"href":"https:\/\/w-l-c.be\/fr\/wp-json\/wp\/v2\/categories?post=55636"},{"taxonomy":"post_tag","embeddable":true,"href":"https:\/\/w-l-c.be\/fr\/wp-json\/wp\/v2\/tags?post=55636"}],"curies":[{"name":"wp","href":"https:\/\/api.w.org\/{rel}","templated":true}]}}