
{"id":55712,"date":"2014-04-29T08:44:59","date_gmt":"2014-04-29T06:44:59","guid":{"rendered":"http:\/\/www.cinevox.be\/?p=55712"},"modified":"2014-04-25T08:54:08","modified_gmt":"2014-04-25T06:54:08","slug":"zinneke-parade-trois","status":"publish","type":"post","link":"https:\/\/w-l-c.be\/fr\/zinneke-parade-trois\/","title":{"rendered":"Zinneke parade sur la Trois"},"content":{"rendered":"<p>Encore une premi\u00e8re \u00e0 <i>Tout Court<\/i>, celle du fort sympathique <i>Zinneke<\/i>, grand prix de la 4e \u00e9dition du mini-film bruxellois. Un court 100% made in la Capitale qui s\u2019appuie \u00e0 la fois sur une ambiance typique et un duo d\u2019acteurs absolument \u00e9patant : <b>Sam Louwijck, Wim Willaert<\/b>. Plus un gamin d\u2019une folle \u00e9nergie qu\u2019on devrait revoir sous peu, <b>Nissim Renard.<\/b><br \/>\n<b style=\"font-size: 16px;\"><!--more--><\/b><\/p>\n<p>&nbsp;<\/p>\n<p>Pour continuer le programme, deux \u00ab\u00a0classiques\u00a0\u00bb de l\u2019\u00e9mission: un des rares courts \u00e0 suspense du r\u00e9pertoire belge qui joue \u00e0 la fois sur la tension et sur un joli st\u00fb\u00fb\u00fb\u00fbt (<i>Keroz\u00e8ne<\/i>) et <i>U.H.T.,<\/i> nomm\u00e9 aux Magritte en 2013 avec la d\u00e9licieuse Catherine Sal\u00e9e et C\u00e9dric Vieira.<br \/>\nRendez-vous sur la Trois, mercredi \u00e0 partir de 23\u00a0h\u00a010. M\u00eame les fans de foot auront fini de visionner Chelsea-Atletico. Bon timing, donc (sauf prolongation, \u00e7a va de soi).<\/p>\n<p>&nbsp;<\/p>\n<p>&nbsp;<\/p>\n<p><a href=\"http:\/\/www.cinevox.be\/zinneke-parade-trois\/zinneke-2\/\" rel=\"attachment wp-att-55713\"><img loading=\"lazy\" decoding=\"async\" class=\"aligncenter size-large wp-image-55713\" alt=\"\" src=\"http:\/\/www.cinevox.be\/wp-content\/uploads\/2014\/04\/ZINNEKE1-800x334.jpg\" width=\"640\" height=\"267\" srcset=\"https:\/\/w-l-c.be\/wp-content\/uploads\/2014\/04\/ZINNEKE1-800x334.jpg 800w, https:\/\/w-l-c.be\/wp-content\/uploads\/2014\/04\/ZINNEKE1-480x200.jpg 480w, https:\/\/w-l-c.be\/wp-content\/uploads\/2014\/04\/ZINNEKE1.jpg 1117w\" sizes=\"auto, (max-width: 640px) 100vw, 640px\" \/><\/a><\/p>\n<p>&nbsp;<\/p>\n<p>&nbsp;<\/p>\n<p>23\u00a0h\u00a010 \u2013 ZINNEKE<\/p>\n<p>&nbsp;<\/p>\n<p>Dur\u00e9e: 0\u00a0h\u00a019<\/p>\n<p>Thomas, 9 ans, passe le plus clair de son temps sur le march\u00e9 aux puces \u00e0 observer les adultes. A trop vouloir tra\u00eener avec les grands, il se retrouve, le temps d\u2019une nuit, embarqu\u00e9 dans une aventure qui le d\u00e9passe<\/p>\n<p>&nbsp;<\/p>\n<p>Prix et r\u00e9compenses :<\/p>\n<p>&nbsp;<\/p>\n<p>Festival Film Gand\u00a02013 : meilleur court \u00e9tudiant<\/p>\n<p>&nbsp;<\/p>\n<p>R\u00e9alisateur: R\u00e9mi Allier<\/p>\n<p>Sc\u00e9nariste: R\u00e9mi Allier<\/p>\n<p>Compositeur: L\u00e9o Dupleix<\/p>\n<p>Acteur\/Actrice: Nissim Renard, Sam Louwijck, Wim Willaert<\/p>\n<p>&nbsp;<\/p>\n<p><a href=\"http:\/\/www.cinevox.be\/zinneke-parade-trois\/kerosene-3\/\" rel=\"attachment wp-att-55715\"><img loading=\"lazy\" decoding=\"async\" class=\"aligncenter size-full wp-image-55715\" alt=\"\" src=\"http:\/\/www.cinevox.be\/wp-content\/uploads\/2014\/04\/kerosene.jpg\" width=\"714\" height=\"286\" srcset=\"https:\/\/w-l-c.be\/wp-content\/uploads\/2014\/04\/kerosene.jpg 714w, https:\/\/w-l-c.be\/wp-content\/uploads\/2014\/04\/kerosene-480x192.jpg 480w\" sizes=\"auto, (max-width: 714px) 100vw, 714px\" \/><\/a><\/p>\n<p>&nbsp;<\/p>\n<p>23\u00a0h\u00a030 &#8211; KEROZENE<\/p>\n<p>Dur\u00e9e: 0\u00a0h\u00a026<\/p>\n<p>Clara, 25 ans suit une psychoth\u00e9rapie pour vaincre sa phobie de l\u2019avion.<\/p>\n<p>Afin de surmonter sa peur, elle se fait engager comme technicienne de surface \u00e0 bord des avions en escale.<\/p>\n<p>Alors qu\u2019elle est occup\u00e9e \u00e0 nettoyer, elle tombe sur un roman appartenant \u00e0 un des passagers, dans lequel elle laissera, par jeu, un message. Contre toute attente, elle re\u00e7oit une r\u00e9ponse. La machine est lanc\u00e9e.<\/p>\n<p>Une femme de m\u00e9nage qui rencontre un passager de business class, de fa\u00e7on \u00e9pistolaire, par romans interpos\u00e9s, \u00e7a ressemble \u00e0 du Marc L\u00e9vy. \u00c7a tombe mal, Clara d\u00e9teste Marc L\u00e9vy. Quoi qu\u2019il en soit, il y a de fortes chances pour que cette histoire soit bien plus qu\u2019une com\u00e9die romantique.<\/p>\n<p>&nbsp;<\/p>\n<p>Prix et r\u00e9compenses :<\/p>\n<p>&nbsp;<\/p>\n<p>Prix F\u00e9d\u00e9ration Wallonie-Bruxelles M\u00e9dia 10-10 2011<\/p>\n<p>FIFF Namur\u00a02011 : Prix meilleur court m\u00e9trage de fiction et Prix du Public<\/p>\n<p>Prix Coup de Coeur BeTV Festival Le court en dit long, Paris\u00a02011<\/p>\n<p>R\u00e9alisateur: Joachim Weissman<\/p>\n<p>Sc\u00e9nariste: Joachim Weissman<\/p>\n<p>Acteur\/Actrice: Amandine Nova, Jacky Druaux, Philippe R\u00e9simont, Eric De Staercke, Mich\u00e8le Cocheteux<\/p>\n<p>&nbsp;<\/p>\n<p><a href=\"http:\/\/www.cinevox.be\/zinneke-parade-trois\/uht-4\/\" rel=\"attachment wp-att-55716\"><img loading=\"lazy\" decoding=\"async\" class=\"aligncenter size-full wp-image-55716\" alt=\"\" src=\"http:\/\/www.cinevox.be\/wp-content\/uploads\/2014\/04\/UHT.jpg\" width=\"640\" height=\"384\" srcset=\"https:\/\/w-l-c.be\/wp-content\/uploads\/2014\/04\/UHT.jpg 640w, https:\/\/w-l-c.be\/wp-content\/uploads\/2014\/04\/UHT-450x270.jpg 450w\" sizes=\"auto, (max-width: 640px) 100vw, 640px\" \/><\/a><\/p>\n<p>&nbsp;<\/p>\n<p>23\u00a0h\u00a055 &#8211; \u00a0UHT<\/p>\n<p>Dur\u00e9e: 0\u00a0h\u00a018<\/p>\n<p>Sophie voit tous les jours son mari Augustin partir travailler pour sa petite exploitation laiti\u00e8re. Il y travaille corps et \u00e2me. Pourtant depuis quelque temps, la production de sa ferme ne suffit plus \u00e0 assurer la p\u00e9rennit\u00e9 financi\u00e8re de sa famille. Sophie ne se doute de rien, mais pour combien de temps encore&#8230;<\/p>\n<p>&nbsp;<\/p>\n<p>Prix et r\u00e9compenses :<\/p>\n<p>&nbsp;<\/p>\n<p>Meilleur court 27e FIFF Namur<\/p>\n<p>Festival JCarmet Moulins\u00a02012: prix interpr\u00e9tation CSal\u00e9e et CViera<\/p>\n<p>&nbsp;<\/p>\n<p>R\u00e9alisateur: Guillaume Senez<\/p>\n<p>Sc\u00e9nariste: Guillaume Senez, Gr\u00e9gory Lecocq<\/p>\n<p>Acteur\/Actrice: Catherine Sal\u00e9e, C\u00e9dric Vieira<\/p>\n<p>&nbsp;<\/p>\n","protected":false},"excerpt":{"rendered":"<p>Encore une premi\u00e8re \u00e0 Tout Court, celle du fort sympathique Zinneke, grand prix de la 4e \u00e9dition du mini-film bruxellois. Un court 100% made in la Capitale qui s\u2019appuie \u00e0 la fois sur une ambiance typique et un duo d\u2019acteurs absolument \u00e9patant : Sam Louwijck, Wim Willaert. Plus un gamin d\u2019une folle \u00e9nergie qu\u2019on devrait &hellip;<\/p>\n","protected":false},"author":7,"featured_media":55718,"comment_status":"closed","ping_status":"closed","sticky":false,"template":"","format":"standard","meta":{"ngg_post_thumbnail":0,"footnotes":""},"categories":[14],"tags":[],"class_list":["post-55712","post","type-post","status-publish","format-standard","has-post-thumbnail","","category-home-cinema"],"yoast_head":"<!-- This site is optimized with the Yoast SEO plugin v20.4 - https:\/\/yoast.com\/wordpress\/plugins\/seo\/ -->\n<title>Zinneke parade sur la Trois - w-l-c<\/title>\n<meta name=\"robots\" content=\"noindex, follow, max-snippet:-1, max-image-preview:large, max-video-preview:-1\" \/>\n<meta property=\"og:locale\" content=\"fr_FR\" \/>\n<meta property=\"og:type\" content=\"article\" \/>\n<meta property=\"og:title\" content=\"Zinneke parade sur la Trois - w-l-c\" \/>\n<meta property=\"og:description\" content=\"Encore une premi\u00e8re \u00e0 Tout Court, celle du fort sympathique Zinneke, grand prix de la 4e \u00e9dition du mini-film bruxellois. Un court 100% made in la Capitale qui s\u2019appuie \u00e0 la fois sur une ambiance typique et un duo d\u2019acteurs absolument \u00e9patant : Sam Louwijck, Wim Willaert. Plus un gamin d\u2019une folle \u00e9nergie qu\u2019on devrait &hellip;\" \/>\n<meta property=\"og:url\" content=\"https:\/\/w-l-c.be\/fr\/zinneke-parade-trois\/\" \/>\n<meta property=\"og:site_name\" content=\"w-l-c\" \/>\n<meta property=\"article:published_time\" content=\"2014-04-29T06:44:59+00:00\" \/>\n<meta property=\"article:modified_time\" content=\"2014-04-25T06:54:08+00:00\" \/>\n<meta property=\"og:image\" content=\"https:\/\/w-l-c.be\/wp-content\/uploads\/2010\/04\/zinneke-2.jpg\" \/>\n\t<meta property=\"og:image:width\" content=\"895\" \/>\n\t<meta property=\"og:image:height\" content=\"379\" \/>\n\t<meta property=\"og:image:type\" content=\"image\/jpeg\" \/>\n<meta name=\"author\" content=\"Philippe.Pierquin\" \/>\n<meta name=\"twitter:card\" content=\"summary_large_image\" \/>\n<meta name=\"twitter:label1\" content=\"\u00c9crit par\" \/>\n\t<meta name=\"twitter:data1\" content=\"Philippe.Pierquin\" \/>\n\t<meta name=\"twitter:label2\" content=\"Dur\u00e9e de lecture estim\u00e9e\" \/>\n\t<meta name=\"twitter:data2\" content=\"3 minutes\" \/>\n<script type=\"application\/ld+json\" class=\"yoast-schema-graph\">{\"@context\":\"https:\/\/schema.org\",\"@graph\":[{\"@type\":\"WebPage\",\"@id\":\"https:\/\/w-l-c.be\/fr\/zinneke-parade-trois\/\",\"url\":\"https:\/\/w-l-c.be\/fr\/zinneke-parade-trois\/\",\"name\":\"Zinneke parade sur la Trois - w-l-c\",\"isPartOf\":{\"@id\":\"https:\/\/w-l-c.be\/fr\/#website\"},\"datePublished\":\"2014-04-29T06:44:59+00:00\",\"dateModified\":\"2014-04-25T06:54:08+00:00\",\"author\":{\"@id\":\"https:\/\/w-l-c.be\/fr\/#\/schema\/person\/4b9b1d857f0943453a38a7c2859ef756\"},\"breadcrumb\":{\"@id\":\"https:\/\/w-l-c.be\/fr\/zinneke-parade-trois\/#breadcrumb\"},\"inLanguage\":\"fr-FR\",\"potentialAction\":[{\"@type\":\"ReadAction\",\"target\":[\"https:\/\/w-l-c.be\/fr\/zinneke-parade-trois\/\"]}]},{\"@type\":\"BreadcrumbList\",\"@id\":\"https:\/\/w-l-c.be\/fr\/zinneke-parade-trois\/#breadcrumb\",\"itemListElement\":[{\"@type\":\"ListItem\",\"position\":1,\"name\":\"Accueil\",\"item\":\"https:\/\/w-l-c.be\/fr\/\"},{\"@type\":\"ListItem\",\"position\":2,\"name\":\"Zinneke parade sur la Trois\"}]},{\"@type\":\"WebSite\",\"@id\":\"https:\/\/w-l-c.be\/fr\/#website\",\"url\":\"https:\/\/w-l-c.be\/fr\/\",\"name\":\"w-l-c\",\"description\":\"Le cin\u00e9ma vu par les belges\",\"potentialAction\":[{\"@type\":\"SearchAction\",\"target\":{\"@type\":\"EntryPoint\",\"urlTemplate\":\"https:\/\/w-l-c.be\/fr\/?s={search_term_string}\"},\"query-input\":\"required name=search_term_string\"}],\"inLanguage\":\"fr-FR\"},{\"@type\":\"Person\",\"@id\":\"https:\/\/w-l-c.be\/fr\/#\/schema\/person\/4b9b1d857f0943453a38a7c2859ef756\",\"name\":\"Philippe.Pierquin\",\"url\":\"https:\/\/w-l-c.be\/fr\/author\/philippe-pierquin\/\"}]}<\/script>\n<!-- \/ Yoast SEO plugin. -->","yoast_head_json":{"title":"Zinneke parade sur la Trois - w-l-c","robots":{"index":"noindex","follow":"follow","max-snippet":"max-snippet:-1","max-image-preview":"max-image-preview:large","max-video-preview":"max-video-preview:-1"},"og_locale":"fr_FR","og_type":"article","og_title":"Zinneke parade sur la Trois - w-l-c","og_description":"Encore une premi\u00e8re \u00e0 Tout Court, celle du fort sympathique Zinneke, grand prix de la 4e \u00e9dition du mini-film bruxellois. Un court 100% made in la Capitale qui s\u2019appuie \u00e0 la fois sur une ambiance typique et un duo d\u2019acteurs absolument \u00e9patant : Sam Louwijck, Wim Willaert. Plus un gamin d\u2019une folle \u00e9nergie qu\u2019on devrait &hellip;","og_url":"https:\/\/w-l-c.be\/fr\/zinneke-parade-trois\/","og_site_name":"w-l-c","article_published_time":"2014-04-29T06:44:59+00:00","article_modified_time":"2014-04-25T06:54:08+00:00","og_image":[{"width":895,"height":379,"url":"https:\/\/w-l-c.be\/wp-content\/uploads\/2010\/04\/zinneke-2.jpg","type":"image\/jpeg"}],"author":"Philippe.Pierquin","twitter_card":"summary_large_image","twitter_misc":{"\u00c9crit par":"Philippe.Pierquin","Dur\u00e9e de lecture estim\u00e9e":"3 minutes"},"schema":{"@context":"https:\/\/schema.org","@graph":[{"@type":"WebPage","@id":"https:\/\/w-l-c.be\/fr\/zinneke-parade-trois\/","url":"https:\/\/w-l-c.be\/fr\/zinneke-parade-trois\/","name":"Zinneke parade sur la Trois - w-l-c","isPartOf":{"@id":"https:\/\/w-l-c.be\/fr\/#website"},"datePublished":"2014-04-29T06:44:59+00:00","dateModified":"2014-04-25T06:54:08+00:00","author":{"@id":"https:\/\/w-l-c.be\/fr\/#\/schema\/person\/4b9b1d857f0943453a38a7c2859ef756"},"breadcrumb":{"@id":"https:\/\/w-l-c.be\/fr\/zinneke-parade-trois\/#breadcrumb"},"inLanguage":"fr-FR","potentialAction":[{"@type":"ReadAction","target":["https:\/\/w-l-c.be\/fr\/zinneke-parade-trois\/"]}]},{"@type":"BreadcrumbList","@id":"https:\/\/w-l-c.be\/fr\/zinneke-parade-trois\/#breadcrumb","itemListElement":[{"@type":"ListItem","position":1,"name":"Accueil","item":"https:\/\/w-l-c.be\/fr\/"},{"@type":"ListItem","position":2,"name":"Zinneke parade sur la Trois"}]},{"@type":"WebSite","@id":"https:\/\/w-l-c.be\/fr\/#website","url":"https:\/\/w-l-c.be\/fr\/","name":"w-l-c","description":"Le cin\u00e9ma vu par les belges","potentialAction":[{"@type":"SearchAction","target":{"@type":"EntryPoint","urlTemplate":"https:\/\/w-l-c.be\/fr\/?s={search_term_string}"},"query-input":"required name=search_term_string"}],"inLanguage":"fr-FR"},{"@type":"Person","@id":"https:\/\/w-l-c.be\/fr\/#\/schema\/person\/4b9b1d857f0943453a38a7c2859ef756","name":"Philippe.Pierquin","url":"https:\/\/w-l-c.be\/fr\/author\/philippe-pierquin\/"}]}},"_links":{"self":[{"href":"https:\/\/w-l-c.be\/fr\/wp-json\/wp\/v2\/posts\/55712","targetHints":{"allow":["GET"]}}],"collection":[{"href":"https:\/\/w-l-c.be\/fr\/wp-json\/wp\/v2\/posts"}],"about":[{"href":"https:\/\/w-l-c.be\/fr\/wp-json\/wp\/v2\/types\/post"}],"author":[{"embeddable":true,"href":"https:\/\/w-l-c.be\/fr\/wp-json\/wp\/v2\/users\/7"}],"replies":[{"embeddable":true,"href":"https:\/\/w-l-c.be\/fr\/wp-json\/wp\/v2\/comments?post=55712"}],"version-history":[{"count":0,"href":"https:\/\/w-l-c.be\/fr\/wp-json\/wp\/v2\/posts\/55712\/revisions"}],"wp:featuredmedia":[{"embeddable":true,"href":"https:\/\/w-l-c.be\/fr\/wp-json\/wp\/v2\/media\/55718"}],"wp:attachment":[{"href":"https:\/\/w-l-c.be\/fr\/wp-json\/wp\/v2\/media?parent=55712"}],"wp:term":[{"taxonomy":"category","embeddable":true,"href":"https:\/\/w-l-c.be\/fr\/wp-json\/wp\/v2\/categories?post=55712"},{"taxonomy":"post_tag","embeddable":true,"href":"https:\/\/w-l-c.be\/fr\/wp-json\/wp\/v2\/tags?post=55712"}],"curies":[{"name":"wp","href":"https:\/\/api.w.org\/{rel}","templated":true}]}}