
{"id":55831,"date":"2014-04-29T14:33:37","date_gmt":"2014-04-29T12:33:37","guid":{"rendered":"http:\/\/www.cinevox.be\/?p=55831"},"modified":"2014-04-29T14:48:06","modified_gmt":"2014-04-29T12:48:06","slug":"les-100-festivals-delectric-indigo","status":"publish","type":"post","link":"https:\/\/w-l-c.be\/fr\/les-100-festivals-delectric-indigo\/","title":{"rendered":"Les 100 festivals d&rsquo;Electric Indigo"},"content":{"rendered":"<p>Avec \u00ab One Shot \u00bb, le festival international du court m\u00e9trage en Arm\u00e9nie, <i>Electric Indigo\u00a0<\/i>f\u00eatera sa\u2026 centi\u00e8me s\u00e9lection en festivals.<!--more--><\/p>\n<p>&nbsp;<\/p>\n<p>Produit par Cookies Film, le film de Jean Julien Colette, fr\u00e9quente les festivals depuis un an. Son succ\u00e8s repose certainement sur le parcours atypique de son personnage principal, <i>Indigo,<\/i> \u00e9lev\u00e9e au sein d&rsquo;une famille compos\u00e9e de deux p\u00e8res\u2026 h\u00e9t\u00e9rosexuels, Ruben, l&rsquo;Espagnol et Tony, l&rsquo;Am\u00e9ricain, unis par les liens du mariage non charnel, et d&rsquo;une m\u00e8re porteuse.<\/p>\n<p>&nbsp;<\/p>\n<p><a href=\"http:\/\/www.cinevox.be\/les-100-festivals-delectric-indigo\/electric-indigo-3-3\/\" rel=\"attachment wp-att-55834\"><img loading=\"lazy\" decoding=\"async\" class=\"aligncenter size-large wp-image-55834\" alt=\"\" src=\"http:\/\/www.cinevox.be\/wp-content\/uploads\/2014\/04\/electric-indigo-31-800x341.jpg\" width=\"640\" height=\"272\" srcset=\"https:\/\/w-l-c.be\/wp-content\/uploads\/2014\/04\/electric-indigo-31-800x341.jpg 800w, https:\/\/w-l-c.be\/wp-content\/uploads\/2014\/04\/electric-indigo-31-480x204.jpg 480w, https:\/\/w-l-c.be\/wp-content\/uploads\/2014\/04\/electric-indigo-31.jpg 1022w\" sizes=\"auto, (max-width: 640px) 100vw, 640px\" \/><\/a><\/p>\n<p>&nbsp;<\/p>\n<p>Christelle Cornil y est terriblement touchante et ses deux papas , Tony Denman et Ruben Tomas sont parfaits.<\/p>\n<p>&nbsp;<\/p>\n<p><a href=\"http:\/\/www.cinevox.be\/les-100-festivals-delectric-indigo\/electric-indigo-2-2\/\" rel=\"attachment wp-att-55832\"><img loading=\"lazy\" decoding=\"async\" class=\"aligncenter size-large wp-image-55832\" alt=\"\" src=\"http:\/\/www.cinevox.be\/wp-content\/uploads\/2014\/04\/electric-indigo-2-800x341.jpg\" width=\"640\" height=\"272\" srcset=\"https:\/\/w-l-c.be\/wp-content\/uploads\/2014\/04\/electric-indigo-2-800x341.jpg 800w, https:\/\/w-l-c.be\/wp-content\/uploads\/2014\/04\/electric-indigo-2-480x204.jpg 480w, https:\/\/w-l-c.be\/wp-content\/uploads\/2014\/04\/electric-indigo-2.jpg 1022w\" sizes=\"auto, (max-width: 640px) 100vw, 640px\" \/><\/a><\/p>\n<p>&nbsp;<\/p>\n<p>Le film a su s\u00e9duire des festivals internationaux importants (MECAL Barcelone, Cleveland, Thess Intl Short Film Fest \u00e0 Ath\u00e8nes, Newport Beach\u2026 ). Mais \u00e9galement beaucoup de festivals sp\u00e9cialis\u00e9s, int\u00e9ress\u00e9s par des personnages et une th\u00e9matique peu explor\u00e9s.<\/p>\n<p>C\u2019est le cas du Sicilia Queer (Italie), de LiberCine (Argentine) ou de LesGayCineMad (Espagne).<\/p>\n<p>&nbsp;<\/p>\n<p><a href=\"http:\/\/www.cinevox.be\/les-100-festivals-delectric-indigo\/electric-indigo-3-2\/\" rel=\"attachment wp-att-55833\"><img loading=\"lazy\" decoding=\"async\" class=\"aligncenter size-large wp-image-55833\" alt=\"\" src=\"http:\/\/www.cinevox.be\/wp-content\/uploads\/2014\/04\/electric-indigo-3-800x271.jpg\" width=\"640\" height=\"216\" srcset=\"https:\/\/w-l-c.be\/wp-content\/uploads\/2014\/04\/electric-indigo-3-800x271.jpg 800w, https:\/\/w-l-c.be\/wp-content\/uploads\/2014\/04\/electric-indigo-3-480x162.jpg 480w, https:\/\/w-l-c.be\/wp-content\/uploads\/2014\/04\/electric-indigo-3.jpg 1920w\" sizes=\"auto, (max-width: 640px) 100vw, 640px\" \/><\/a><\/p>\n<p>&nbsp;<\/p>\n<p>En tout, ce sont pr\u00e8s de 30 pays diff\u00e9rents qu\u2019a parcourus <em>Electric Indigo,<\/em> du Br\u00e9sil \u00e0 Taiwan, en passant par la Turquie. De ces diff\u00e9rentes s\u00e9lections, <em>Electric Indig<\/em>o a emport\u00e9 20 prix\u2026! Parmi ces derniers, celui du public au Festival Off Courts, en France ou encore le prix du meilleur court et du meilleur acteur \u00e0 Vila de Noia, en Espagne (voir liste compl\u00e8te ci-dessous).<\/p>\n<p>On murmure depuis longtemps que ce court pourrait devenir un long et \u00e7a semble plus que jamais une excellente id\u00e9e. Car loin de devoir \u00e9tendre une mati\u00e8re \u00e9triqu\u00e9e, le sc\u00e9nariste pourrait au contraire d\u00e9velopper des situations tout juste \u00e9voqu\u00e9es qui le m\u00e9riteraient vraiment et sans doute enrichir cette situation vraiment originale.<\/p>\n<p>Bravo, donc. Et vite, la suite !<\/p>\n<p>&nbsp;<\/p>\n<p style=\"text-align: right;\"><em>\u00a0(Merci \u00e0 Wallonie Bruxelles Images pour l&rsquo;info !)<\/em><\/p>\n<p>&nbsp;<\/p>\n<p>LES 20 PRIX<\/p>\n<p>&nbsp;<\/p>\n<p>&#8211; Prix du public au Brussels Short Film Festival<\/p>\n<p>&#8211; Prix de la Trois (RTBF) au Brussels Short Film Festival<\/p>\n<p>&#8211; Prix du public au Festival Le court en dit long<\/p>\n<p>&#8211; Prix du public\/Prix EurOffrancophonie au Off Court de Trouville<\/p>\n<p>&#8211; Prix Etudiants aux Rencontres du Court de Montpellier<\/p>\n<p>&#8211; Special Award \u201cIl Sogno di Ulisse\u201d at Visioni Corti<\/p>\n<p>&#8211; Mention sp\u00e9ciale du Jury Jeunes au Festival du Film de Saint-Paul-Trois-Ch\u00e2teaux<\/p>\n<p>&#8211; Mention sp\u00e9ciale du jury au Fano Film Festival<\/p>\n<p>&#8211; Amarcort Award at Amarcort Film Festival<\/p>\n<p>&#8211; Mejor Cortometraje at LesGaiCineMad<\/p>\n<p>&#8211; Prix du public au Festival Du Grain \u00e0 D\u00e9moudre<\/p>\n<p>&#8211; Prix des Lyc\u00e9ens au Festival du Grain \u00e0 D\u00e9moudre<\/p>\n<p>&#8211; Cinematic Achievement Award at Thess International Short Film Festival<\/p>\n<p>&#8211; Grand Prix at Mostra de Curtas \u2018Vila de Noia\u2019<\/p>\n<p>&#8211; Double prix d\u2019interpr\u00e9tation pour Tony Denman et Rub\u00e9n Tom\u00e0s at Mostra de Curtas \u2018Vila de Noia\u2019<\/p>\n<p>&#8211; Best Short Film at Omovies- Festival di Cinema omosessuale &amp; questionning<\/p>\n<p>&#8211; Best Director @ Por Amor al Arte Short Film Festival, Coruna<\/p>\n<p>&#8211; 2nd Best Audience Award @ Ascona Film and Video Art Festival<\/p>\n<p>&#8211; Best Short @ La Pedrera Short Film Festival<\/p>\n<p>&#8211; Best Director @ La Pedrera Short Film Festival<\/p>\n","protected":false},"excerpt":{"rendered":"<p>Avec \u00ab One Shot \u00bb, le festival international du court m\u00e9trage en Arm\u00e9nie, Electric Indigo\u00a0f\u00eatera sa\u2026 centi\u00e8me s\u00e9lection en festivals.<\/p>\n","protected":false},"author":7,"featured_media":55836,"comment_status":"closed","ping_status":"closed","sticky":false,"template":"","format":"standard","meta":{"ngg_post_thumbnail":0,"footnotes":""},"categories":[12],"tags":[],"class_list":["post-55831","post","type-post","status-publish","format-standard","has-post-thumbnail","","category-awards"],"yoast_head":"<!-- This site is optimized with the Yoast SEO plugin v20.4 - https:\/\/yoast.com\/wordpress\/plugins\/seo\/ -->\n<title>Les 100 festivals d&#039;Electric Indigo - w-l-c<\/title>\n<meta name=\"robots\" content=\"noindex, follow, max-snippet:-1, max-image-preview:large, max-video-preview:-1\" \/>\n<meta property=\"og:locale\" content=\"fr_FR\" \/>\n<meta property=\"og:type\" content=\"article\" \/>\n<meta property=\"og:title\" content=\"Les 100 festivals d&#039;Electric Indigo - w-l-c\" \/>\n<meta property=\"og:description\" content=\"Avec \u00ab One Shot \u00bb, le festival international du court m\u00e9trage en Arm\u00e9nie, Electric Indigo\u00a0f\u00eatera sa\u2026 centi\u00e8me s\u00e9lection en festivals.\" \/>\n<meta property=\"og:url\" content=\"https:\/\/w-l-c.be\/fr\/les-100-festivals-delectric-indigo\/\" \/>\n<meta property=\"og:site_name\" content=\"w-l-c\" \/>\n<meta property=\"article:published_time\" content=\"2014-04-29T12:33:37+00:00\" \/>\n<meta property=\"article:modified_time\" content=\"2014-04-29T12:48:06+00:00\" \/>\n<meta property=\"og:image\" content=\"https:\/\/w-l-c.be\/wp-content\/uploads\/2014\/04\/electric_indigo_.jpg\" \/>\n\t<meta property=\"og:image:width\" content=\"1397\" \/>\n\t<meta property=\"og:image:height\" content=\"707\" \/>\n\t<meta property=\"og:image:type\" content=\"image\/jpeg\" \/>\n<meta name=\"author\" content=\"Philippe.Pierquin\" \/>\n<meta name=\"twitter:card\" content=\"summary_large_image\" \/>\n<meta name=\"twitter:label1\" content=\"\u00c9crit par\" \/>\n\t<meta name=\"twitter:data1\" content=\"Philippe.Pierquin\" \/>\n\t<meta name=\"twitter:label2\" content=\"Dur\u00e9e de lecture estim\u00e9e\" \/>\n\t<meta name=\"twitter:data2\" content=\"3 minutes\" \/>\n<script type=\"application\/ld+json\" class=\"yoast-schema-graph\">{\"@context\":\"https:\/\/schema.org\",\"@graph\":[{\"@type\":\"WebPage\",\"@id\":\"https:\/\/w-l-c.be\/fr\/les-100-festivals-delectric-indigo\/\",\"url\":\"https:\/\/w-l-c.be\/fr\/les-100-festivals-delectric-indigo\/\",\"name\":\"Les 100 festivals d'Electric Indigo - w-l-c\",\"isPartOf\":{\"@id\":\"https:\/\/w-l-c.be\/fr\/#website\"},\"datePublished\":\"2014-04-29T12:33:37+00:00\",\"dateModified\":\"2014-04-29T12:48:06+00:00\",\"author\":{\"@id\":\"https:\/\/w-l-c.be\/fr\/#\/schema\/person\/4b9b1d857f0943453a38a7c2859ef756\"},\"breadcrumb\":{\"@id\":\"https:\/\/w-l-c.be\/fr\/les-100-festivals-delectric-indigo\/#breadcrumb\"},\"inLanguage\":\"fr-FR\",\"potentialAction\":[{\"@type\":\"ReadAction\",\"target\":[\"https:\/\/w-l-c.be\/fr\/les-100-festivals-delectric-indigo\/\"]}]},{\"@type\":\"BreadcrumbList\",\"@id\":\"https:\/\/w-l-c.be\/fr\/les-100-festivals-delectric-indigo\/#breadcrumb\",\"itemListElement\":[{\"@type\":\"ListItem\",\"position\":1,\"name\":\"Accueil\",\"item\":\"https:\/\/w-l-c.be\/fr\/\"},{\"@type\":\"ListItem\",\"position\":2,\"name\":\"Les 100 festivals d&rsquo;Electric Indigo\"}]},{\"@type\":\"WebSite\",\"@id\":\"https:\/\/w-l-c.be\/fr\/#website\",\"url\":\"https:\/\/w-l-c.be\/fr\/\",\"name\":\"w-l-c\",\"description\":\"Le cin\u00e9ma vu par les belges\",\"potentialAction\":[{\"@type\":\"SearchAction\",\"target\":{\"@type\":\"EntryPoint\",\"urlTemplate\":\"https:\/\/w-l-c.be\/fr\/?s={search_term_string}\"},\"query-input\":\"required name=search_term_string\"}],\"inLanguage\":\"fr-FR\"},{\"@type\":\"Person\",\"@id\":\"https:\/\/w-l-c.be\/fr\/#\/schema\/person\/4b9b1d857f0943453a38a7c2859ef756\",\"name\":\"Philippe.Pierquin\",\"url\":\"https:\/\/w-l-c.be\/fr\/author\/philippe-pierquin\/\"}]}<\/script>\n<!-- \/ Yoast SEO plugin. -->","yoast_head_json":{"title":"Les 100 festivals d'Electric Indigo - w-l-c","robots":{"index":"noindex","follow":"follow","max-snippet":"max-snippet:-1","max-image-preview":"max-image-preview:large","max-video-preview":"max-video-preview:-1"},"og_locale":"fr_FR","og_type":"article","og_title":"Les 100 festivals d'Electric Indigo - w-l-c","og_description":"Avec \u00ab One Shot \u00bb, le festival international du court m\u00e9trage en Arm\u00e9nie, Electric Indigo\u00a0f\u00eatera sa\u2026 centi\u00e8me s\u00e9lection en festivals.","og_url":"https:\/\/w-l-c.be\/fr\/les-100-festivals-delectric-indigo\/","og_site_name":"w-l-c","article_published_time":"2014-04-29T12:33:37+00:00","article_modified_time":"2014-04-29T12:48:06+00:00","og_image":[{"width":1397,"height":707,"url":"https:\/\/w-l-c.be\/wp-content\/uploads\/2014\/04\/electric_indigo_.jpg","type":"image\/jpeg"}],"author":"Philippe.Pierquin","twitter_card":"summary_large_image","twitter_misc":{"\u00c9crit par":"Philippe.Pierquin","Dur\u00e9e de lecture estim\u00e9e":"3 minutes"},"schema":{"@context":"https:\/\/schema.org","@graph":[{"@type":"WebPage","@id":"https:\/\/w-l-c.be\/fr\/les-100-festivals-delectric-indigo\/","url":"https:\/\/w-l-c.be\/fr\/les-100-festivals-delectric-indigo\/","name":"Les 100 festivals d'Electric Indigo - w-l-c","isPartOf":{"@id":"https:\/\/w-l-c.be\/fr\/#website"},"datePublished":"2014-04-29T12:33:37+00:00","dateModified":"2014-04-29T12:48:06+00:00","author":{"@id":"https:\/\/w-l-c.be\/fr\/#\/schema\/person\/4b9b1d857f0943453a38a7c2859ef756"},"breadcrumb":{"@id":"https:\/\/w-l-c.be\/fr\/les-100-festivals-delectric-indigo\/#breadcrumb"},"inLanguage":"fr-FR","potentialAction":[{"@type":"ReadAction","target":["https:\/\/w-l-c.be\/fr\/les-100-festivals-delectric-indigo\/"]}]},{"@type":"BreadcrumbList","@id":"https:\/\/w-l-c.be\/fr\/les-100-festivals-delectric-indigo\/#breadcrumb","itemListElement":[{"@type":"ListItem","position":1,"name":"Accueil","item":"https:\/\/w-l-c.be\/fr\/"},{"@type":"ListItem","position":2,"name":"Les 100 festivals d&rsquo;Electric Indigo"}]},{"@type":"WebSite","@id":"https:\/\/w-l-c.be\/fr\/#website","url":"https:\/\/w-l-c.be\/fr\/","name":"w-l-c","description":"Le cin\u00e9ma vu par les belges","potentialAction":[{"@type":"SearchAction","target":{"@type":"EntryPoint","urlTemplate":"https:\/\/w-l-c.be\/fr\/?s={search_term_string}"},"query-input":"required name=search_term_string"}],"inLanguage":"fr-FR"},{"@type":"Person","@id":"https:\/\/w-l-c.be\/fr\/#\/schema\/person\/4b9b1d857f0943453a38a7c2859ef756","name":"Philippe.Pierquin","url":"https:\/\/w-l-c.be\/fr\/author\/philippe-pierquin\/"}]}},"_links":{"self":[{"href":"https:\/\/w-l-c.be\/fr\/wp-json\/wp\/v2\/posts\/55831","targetHints":{"allow":["GET"]}}],"collection":[{"href":"https:\/\/w-l-c.be\/fr\/wp-json\/wp\/v2\/posts"}],"about":[{"href":"https:\/\/w-l-c.be\/fr\/wp-json\/wp\/v2\/types\/post"}],"author":[{"embeddable":true,"href":"https:\/\/w-l-c.be\/fr\/wp-json\/wp\/v2\/users\/7"}],"replies":[{"embeddable":true,"href":"https:\/\/w-l-c.be\/fr\/wp-json\/wp\/v2\/comments?post=55831"}],"version-history":[{"count":0,"href":"https:\/\/w-l-c.be\/fr\/wp-json\/wp\/v2\/posts\/55831\/revisions"}],"wp:featuredmedia":[{"embeddable":true,"href":"https:\/\/w-l-c.be\/fr\/wp-json\/wp\/v2\/media\/55836"}],"wp:attachment":[{"href":"https:\/\/w-l-c.be\/fr\/wp-json\/wp\/v2\/media?parent=55831"}],"wp:term":[{"taxonomy":"category","embeddable":true,"href":"https:\/\/w-l-c.be\/fr\/wp-json\/wp\/v2\/categories?post=55831"},{"taxonomy":"post_tag","embeddable":true,"href":"https:\/\/w-l-c.be\/fr\/wp-json\/wp\/v2\/tags?post=55831"}],"curies":[{"name":"wp","href":"https:\/\/api.w.org\/{rel}","templated":true}]}}