
{"id":58813,"date":"2014-07-17T08:18:48","date_gmt":"2014-07-17T06:18:48","guid":{"rendered":"http:\/\/www.cinevox.be\/?p=58813"},"modified":"2014-07-17T13:31:45","modified_gmt":"2014-07-17T11:31:45","slug":"fabrice-du-welz-degaine-colt-45","status":"publish","type":"post","link":"https:\/\/w-l-c.be\/fr\/fabrice-du-welz-degaine-colt-45\/","title":{"rendered":"Fabrice Du Welz d\u00e9gaine son Colt .45"},"content":{"rendered":"<p>On vous parle depuis de longtemps d\u2019<i>Alleluia<\/i>, le quatri\u00e8me long m\u00e9trage de <b>Fabrice Du Welz<\/b>. Vous avez d\u00e9j\u00e0 sans doute vu <i>Calvaire<\/i> et <i>Vinyan<\/i>, mais vous cherchez peut-\u00eatre le cha\u00eenon manquant.<\/p>\n<p>Un peu de surf sur notre site vous apprendra (ou rappellera) que Fabrice a entre-temps r\u00e9alis\u00e9 en France un polar muscl\u00e9 baptis\u00e9 <i>Colt.45<\/i>. Les voies du cin\u00e9ma \u00e9tant parfois imp\u00e9n\u00e9trables, le thriller, pourtant pr\u00e9sent\u00e9 au march\u00e9 du film du dernier festival de Berlin, est toujours in\u00e9dit en salles. Plus pour longtemps puisque Warner France annonce sa sortie pour le 6 ao\u00fbt prochain.<!--more--><\/p>\n<p>&nbsp;<\/p>\n<p><a href=\"http:\/\/www.cinevox.be\/fabrice-du-welz-degaine-colt-45\/photo-kris-dewitte-1\/\" rel=\"attachment wp-att-59129\"><img loading=\"lazy\" decoding=\"async\" class=\"aligncenter size-full wp-image-59129\" alt=\"\" src=\"http:\/\/www.cinevox.be\/wp-content\/uploads\/2014\/07\/Photo-Kris-Dewitte-1.jpg\" width=\"2048\" height=\"1401\" srcset=\"https:\/\/w-l-c.be\/wp-content\/uploads\/2014\/07\/Photo-Kris-Dewitte-1.jpg 2048w, https:\/\/w-l-c.be\/wp-content\/uploads\/2014\/07\/Photo-Kris-Dewitte-1-394x270.jpg 394w, https:\/\/w-l-c.be\/wp-content\/uploads\/2014\/07\/Photo-Kris-Dewitte-1-800x547.jpg 800w\" sizes=\"auto, (max-width: 2048px) 100vw, 2048px\" \/><\/a><\/p>\n<p style=\"text-align: right;\"><em>Photo Kris Dewitte\u00a0<\/em><\/p>\n<p>&nbsp;<\/p>\n<p><b>\u00c9ric Franssen<\/b>, responsable de Wallonie Bruxelles Images, qui l\u2019a d\u00e9couvert en Allemagne nous a dit qu\u2019il avait \u00e9t\u00e9 impressionn\u00e9 par l\u2019\u00e2pret\u00e9 et l\u2019efficacit\u00e9 de ce film de genre. Au casting, on retrouve deux acteurs badass \u2013 G\u00e9rard Lanvin et JoeyStarr \u2013 qui pr\u00e9sagent \u00e0 eux seuls de la violence de ce \u00ab film de pulsions \u00bb, comme le qualifiait r\u00e9cemment Fathi Beddiar (sc\u00e9nariste) dans une interview.<\/p>\n<p>&nbsp;<\/p>\n<p><a href=\"http:\/\/www.cinevox.be\/fabrice-du-welz-degaine-colt-45\/alexandre-brasseur\/\" rel=\"attachment wp-att-58814\"><img loading=\"lazy\" decoding=\"async\" class=\"aligncenter size-full wp-image-58814\" alt=\"\" src=\"http:\/\/www.cinevox.be\/wp-content\/uploads\/2014\/07\/Alexandre-Brasseur.jpg\" width=\"960\" height=\"960\" srcset=\"https:\/\/w-l-c.be\/wp-content\/uploads\/2014\/07\/Alexandre-Brasseur.jpg 960w, https:\/\/w-l-c.be\/wp-content\/uploads\/2014\/07\/Alexandre-Brasseur-270x270.jpg 270w, https:\/\/w-l-c.be\/wp-content\/uploads\/2014\/07\/Alexandre-Brasseur-600x600.jpg 600w, https:\/\/w-l-c.be\/wp-content\/uploads\/2014\/07\/Alexandre-Brasseur-87x87.jpg 87w\" sizes=\"auto, (max-width: 960px) 100vw, 960px\" \/><\/a><\/p>\n<p style=\"text-align: right;\"><em>Photo\u00a0Alexandre Brasseur<\/em><\/p>\n<p>&nbsp;<\/p>\n<p>Avec <i>Colt 45, <\/i><b>Fabrice Du Welz<\/b> semble \u00eatre rest\u00e9 fid\u00e8le \u00e0 l\u2019audace de ses productions plus personnelles tout en touchant du doigt le cin\u00e9ma populaire avec lequel il a grandi et \u00ab pour lequel [il a] tellement d\u2019amour \u00bb, comme il nous le confiait il y a quelques mois.<\/p>\n<p>\u00c0 mi-chemin entre film de genre et \u0153uvre grand public, <i>Colt 45<\/i> devrait frapper les esprits avec son intrigue l\u00e9ch\u00e9e qui prend vie gr\u00e2ce au coup de pouce de Thomas Langmann (The Artist), initiateur du projet via sa soci\u00e9t\u00e9 de production, La Petite Reine.<\/p>\n<p>&nbsp;<\/p>\n<p><a href=\"http:\/\/www.cinevox.be\/fabrice-du-welz-degaine-colt-45\/photo-kris-dewitte-5\/\" rel=\"attachment wp-att-59130\"><img loading=\"lazy\" decoding=\"async\" class=\"aligncenter size-full wp-image-59130\" alt=\"\" src=\"http:\/\/www.cinevox.be\/wp-content\/uploads\/2014\/07\/Photo-Kris-Dewitte-5.jpg\" width=\"2048\" height=\"1386\" srcset=\"https:\/\/w-l-c.be\/wp-content\/uploads\/2014\/07\/Photo-Kris-Dewitte-5.jpg 2048w, https:\/\/w-l-c.be\/wp-content\/uploads\/2014\/07\/Photo-Kris-Dewitte-5-398x270.jpg 398w, https:\/\/w-l-c.be\/wp-content\/uploads\/2014\/07\/Photo-Kris-Dewitte-5-800x541.jpg 800w\" sizes=\"auto, (max-width: 2048px) 100vw, 2048px\" \/><\/a><\/p>\n<p>&nbsp;<\/p>\n<p style=\"text-align: right;\"><em>Photo Kris Dewitte\u00a0<\/em><\/p>\n<p>&nbsp;<\/p>\n<p>Sc\u00e9naris\u00e9e par Fathi Beddiar, ex-critique chez Mad Movies, l\u2019histoire suit la descente aux enfers de Vincent Mil\u00e8s (Ymanol Perset), un expert en tir de combat de 25 ans, qui travaille comme armurier au sein de la Police Nationale. Entra\u00een\u00e9 vers le fond par un obscur coll\u00e8gue, Milo Cardena (JoeyStarr), Vincent se retrouve m\u00eal\u00e9 \u00e0 une guerre des polices qui le d\u00e9passe et qui le conduit \u00e0 commettre des crimes aussi violents que condamnables\u2026 Dans l\u2019\u0153il du cyclone, il va devoir faire face \u00e0 son parrain, le commandant de la BRB Chavez (G\u00e9rard Lanvin). Parviendra-t-il \u00e0 se d\u00e9douaner de l\u2019influence destructrice de Cardena sans franchir la ligne rouge ?<\/p>\n<p>&nbsp;<\/p>\n<p><a href=\"http:\/\/www.cinevox.be\/fabrice-du-welz-degaine-colt-45\/7378148678_a741bb8350_b-2\/\" rel=\"attachment wp-att-58815\"><img loading=\"lazy\" decoding=\"async\" class=\"aligncenter size-full wp-image-58815\" alt=\"\" src=\"http:\/\/www.cinevox.be\/wp-content\/uploads\/2014\/07\/7378148678_a741bb8350_b.jpg\" width=\"1024\" height=\"1024\" srcset=\"https:\/\/w-l-c.be\/wp-content\/uploads\/2014\/07\/7378148678_a741bb8350_b.jpg 1024w, https:\/\/w-l-c.be\/wp-content\/uploads\/2014\/07\/7378148678_a741bb8350_b-270x270.jpg 270w, https:\/\/w-l-c.be\/wp-content\/uploads\/2014\/07\/7378148678_a741bb8350_b-600x600.jpg 600w, https:\/\/w-l-c.be\/wp-content\/uploads\/2014\/07\/7378148678_a741bb8350_b-87x87.jpg 87w\" sizes=\"auto, (max-width: 1024px) 100vw, 1024px\" \/><\/a><\/p>\n<p style=\"text-align: right;\"><em>Photo\u00a0Alexandre Brasseur<\/em><\/p>\n<p>&nbsp;<\/p>\n<p>Rompu \u00e0 l\u2019exercice du polar muscl\u00e9 \u2013 comme son partenaire, laur\u00e9at du Prix Patrick Dewaere pour son r\u00f4le de flic sur la br\u00e8che dans Polisse (2012) \u2013 G\u00e9rard Lanvin partage avec JoeyStarr un face-\u00e0-face qui ravira les fans du genre. Pour autant, le tandem chevronn\u00e9 c\u00e8de le premier r\u00f4le \u00e0 un com\u00e9dien d\u00e9butant, \u00e0 la maturit\u00e9 \u00e9tonnante.<\/p>\n<p>&nbsp;<\/p>\n<p>R\u00e9v\u00e9l\u00e9 dans <i>Le Monde nous appartient<\/i> de <b>Stephan Strecker<\/b> o\u00f9 il tenait la vedette avec Vincent Rothiers, \u00a0<b>Ymanol Perset<\/b> campa ensuite le r\u00f4le de composition d\u2019un djihadiste dans La D\u00e9sint\u00e9gration (2012). Il prouve une fois encore qu\u2019il ne craint pas les r\u00f4les exigeants en pr\u00eatant ses traits \u00e0 Vincent. Ancien militaire, il conna\u00eet le maniement des armes et poss\u00e8de un jeu instinctif qu\u2019il a acquis en autodidacte.<\/p>\n<p>&nbsp;<\/p>\n<p><a href=\"http:\/\/www.cinevox.be\/fabrice-du-welz-degaine-colt-45\/ymanol-1d\/\" rel=\"attachment wp-att-58816\"><img loading=\"lazy\" decoding=\"async\" class=\"aligncenter size-full wp-image-58816\" alt=\"\" src=\"http:\/\/www.cinevox.be\/wp-content\/uploads\/2014\/07\/Ymanol-1d.jpg\" width=\"960\" height=\"633\" srcset=\"https:\/\/w-l-c.be\/wp-content\/uploads\/2014\/07\/Ymanol-1d.jpg 960w, https:\/\/w-l-c.be\/wp-content\/uploads\/2014\/07\/Ymanol-1d-409x270.jpg 409w, https:\/\/w-l-c.be\/wp-content\/uploads\/2014\/07\/Ymanol-1d-800x527.jpg 800w\" sizes=\"auto, (max-width: 960px) 100vw, 960px\" \/><\/a><\/p>\n<p>&nbsp;<\/p>\n<p>Aux c\u00f4t\u00e9s de ce diamant brut, d\u2019autres talentueux com\u00e9diens compl\u00e8tent le casting ; \u00e0 l\u2019instar d\u2019Alice Taglioni (La Proie), Simon Abkarian (Les Beaux mecs), Michel Ferracci (Mafiosa) ou encore de Mika&rsquo;Ela Fisher, dont l\u2019incarnation d\u2019une implacable tueuse dans <i>Ne le dis \u00e0 personne<\/i> (2006) aura glac\u00e9 le sang de plus d\u2019un spectateur !<\/p>\n<p>&nbsp;<\/p>\n<p><a href=\"http:\/\/www.cinevox.be\/fabrice-du-welz-degaine-colt-45\/photo-kris-dewitte-7\/\" rel=\"attachment wp-att-59131\"><img loading=\"lazy\" decoding=\"async\" class=\"aligncenter size-full wp-image-59131\" alt=\"\" src=\"http:\/\/www.cinevox.be\/wp-content\/uploads\/2014\/07\/Photo-Kris-Dewitte-7.jpg\" width=\"2048\" height=\"1395\" srcset=\"https:\/\/w-l-c.be\/wp-content\/uploads\/2014\/07\/Photo-Kris-Dewitte-7.jpg 2048w, https:\/\/w-l-c.be\/wp-content\/uploads\/2014\/07\/Photo-Kris-Dewitte-7-396x270.jpg 396w, https:\/\/w-l-c.be\/wp-content\/uploads\/2014\/07\/Photo-Kris-Dewitte-7-800x544.jpg 800w\" sizes=\"auto, (max-width: 2048px) 100vw, 2048px\" \/><\/a><\/p>\n<p>&nbsp;<\/p>\n<p style=\"text-align: right;\"><em>Photo Kris Dewitte\u00a0<\/em><\/p>\n<p>&nbsp;<\/p>\n<p>Retenu en s\u00e9lection de la Quinzaine des R\u00e9alisateurs lors du dernier Festival de Cannes, avec <i>All\u00e9luia<\/i>, Fabrice Du Welz s\u2019impose plus que jamais comme l\u2019une des figures de proue de la renaissance du cin\u00e9ma de genre en Belgique et en France. Il devrait, une nouvelle fois, faire sensation avec <i>Colt 45.<\/i><\/p>\n<p>&nbsp;<\/p>\n","protected":false},"excerpt":{"rendered":"<p>On vous parle depuis de longtemps d\u2019Alleluia, le quatri\u00e8me long m\u00e9trage de Fabrice Du Welz. Vous avez d\u00e9j\u00e0 sans doute vu Calvaire et Vinyan, mais vous cherchez peut-\u00eatre le cha\u00eenon manquant. Un peu de surf sur notre site vous apprendra (ou rappellera) que Fabrice a entre-temps r\u00e9alis\u00e9 en France un polar muscl\u00e9 baptis\u00e9 Colt.45. Les &hellip;<\/p>\n","protected":false},"author":7,"featured_media":58818,"comment_status":"closed","ping_status":"closed","sticky":false,"template":"","format":"standard","meta":{"ngg_post_thumbnail":0,"footnotes":""},"categories":[53],"tags":[],"class_list":["post-58813","post","type-post","status-publish","format-standard","has-post-thumbnail","","category-coming-soon"],"yoast_head":"<!-- This site is optimized with the Yoast SEO plugin v20.4 - https:\/\/yoast.com\/wordpress\/plugins\/seo\/ -->\n<title>Fabrice Du Welz d\u00e9gaine son Colt .45 - w-l-c<\/title>\n<meta name=\"robots\" content=\"noindex, follow, max-snippet:-1, max-image-preview:large, max-video-preview:-1\" \/>\n<meta property=\"og:locale\" content=\"fr_FR\" \/>\n<meta property=\"og:type\" content=\"article\" \/>\n<meta property=\"og:title\" content=\"Fabrice Du Welz d\u00e9gaine son Colt .45 - w-l-c\" \/>\n<meta property=\"og:description\" content=\"On vous parle depuis de longtemps d\u2019Alleluia, le quatri\u00e8me long m\u00e9trage de Fabrice Du Welz. Vous avez d\u00e9j\u00e0 sans doute vu Calvaire et Vinyan, mais vous cherchez peut-\u00eatre le cha\u00eenon manquant. Un peu de surf sur notre site vous apprendra (ou rappellera) que Fabrice a entre-temps r\u00e9alis\u00e9 en France un polar muscl\u00e9 baptis\u00e9 Colt.45. Les &hellip;\" \/>\n<meta property=\"og:url\" content=\"https:\/\/w-l-c.be\/fr\/fabrice-du-welz-degaine-colt-45\/\" \/>\n<meta property=\"og:site_name\" content=\"w-l-c\" \/>\n<meta property=\"article:published_time\" content=\"2014-07-17T06:18:48+00:00\" \/>\n<meta property=\"article:modified_time\" content=\"2014-07-17T11:31:45+00:00\" \/>\n<meta property=\"og:image\" content=\"https:\/\/w-l-c.be\/wp-content\/uploads\/2010\/07\/colt-45-fdw.jpg\" \/>\n\t<meta property=\"og:image:width\" content=\"595\" \/>\n\t<meta property=\"og:image:height\" content=\"320\" \/>\n\t<meta property=\"og:image:type\" content=\"image\/jpeg\" \/>\n<meta name=\"author\" content=\"Philippe.Pierquin\" \/>\n<meta name=\"twitter:card\" content=\"summary_large_image\" \/>\n<meta name=\"twitter:label1\" content=\"\u00c9crit par\" \/>\n\t<meta name=\"twitter:data1\" content=\"Philippe.Pierquin\" \/>\n\t<meta name=\"twitter:label2\" content=\"Dur\u00e9e de lecture estim\u00e9e\" \/>\n\t<meta name=\"twitter:data2\" content=\"3 minutes\" \/>\n<script type=\"application\/ld+json\" class=\"yoast-schema-graph\">{\"@context\":\"https:\/\/schema.org\",\"@graph\":[{\"@type\":\"WebPage\",\"@id\":\"https:\/\/w-l-c.be\/fr\/fabrice-du-welz-degaine-colt-45\/\",\"url\":\"https:\/\/w-l-c.be\/fr\/fabrice-du-welz-degaine-colt-45\/\",\"name\":\"Fabrice Du Welz d\u00e9gaine son Colt .45 - w-l-c\",\"isPartOf\":{\"@id\":\"https:\/\/w-l-c.be\/fr\/#website\"},\"datePublished\":\"2014-07-17T06:18:48+00:00\",\"dateModified\":\"2014-07-17T11:31:45+00:00\",\"author\":{\"@id\":\"https:\/\/w-l-c.be\/fr\/#\/schema\/person\/4b9b1d857f0943453a38a7c2859ef756\"},\"breadcrumb\":{\"@id\":\"https:\/\/w-l-c.be\/fr\/fabrice-du-welz-degaine-colt-45\/#breadcrumb\"},\"inLanguage\":\"fr-FR\",\"potentialAction\":[{\"@type\":\"ReadAction\",\"target\":[\"https:\/\/w-l-c.be\/fr\/fabrice-du-welz-degaine-colt-45\/\"]}]},{\"@type\":\"BreadcrumbList\",\"@id\":\"https:\/\/w-l-c.be\/fr\/fabrice-du-welz-degaine-colt-45\/#breadcrumb\",\"itemListElement\":[{\"@type\":\"ListItem\",\"position\":1,\"name\":\"Accueil\",\"item\":\"https:\/\/w-l-c.be\/fr\/\"},{\"@type\":\"ListItem\",\"position\":2,\"name\":\"Fabrice Du Welz d\u00e9gaine son Colt .45\"}]},{\"@type\":\"WebSite\",\"@id\":\"https:\/\/w-l-c.be\/fr\/#website\",\"url\":\"https:\/\/w-l-c.be\/fr\/\",\"name\":\"w-l-c\",\"description\":\"Le cin\u00e9ma vu par les belges\",\"potentialAction\":[{\"@type\":\"SearchAction\",\"target\":{\"@type\":\"EntryPoint\",\"urlTemplate\":\"https:\/\/w-l-c.be\/fr\/?s={search_term_string}\"},\"query-input\":\"required name=search_term_string\"}],\"inLanguage\":\"fr-FR\"},{\"@type\":\"Person\",\"@id\":\"https:\/\/w-l-c.be\/fr\/#\/schema\/person\/4b9b1d857f0943453a38a7c2859ef756\",\"name\":\"Philippe.Pierquin\",\"url\":\"https:\/\/w-l-c.be\/fr\/author\/philippe-pierquin\/\"}]}<\/script>\n<!-- \/ Yoast SEO plugin. -->","yoast_head_json":{"title":"Fabrice Du Welz d\u00e9gaine son Colt .45 - w-l-c","robots":{"index":"noindex","follow":"follow","max-snippet":"max-snippet:-1","max-image-preview":"max-image-preview:large","max-video-preview":"max-video-preview:-1"},"og_locale":"fr_FR","og_type":"article","og_title":"Fabrice Du Welz d\u00e9gaine son Colt .45 - w-l-c","og_description":"On vous parle depuis de longtemps d\u2019Alleluia, le quatri\u00e8me long m\u00e9trage de Fabrice Du Welz. Vous avez d\u00e9j\u00e0 sans doute vu Calvaire et Vinyan, mais vous cherchez peut-\u00eatre le cha\u00eenon manquant. Un peu de surf sur notre site vous apprendra (ou rappellera) que Fabrice a entre-temps r\u00e9alis\u00e9 en France un polar muscl\u00e9 baptis\u00e9 Colt.45. Les &hellip;","og_url":"https:\/\/w-l-c.be\/fr\/fabrice-du-welz-degaine-colt-45\/","og_site_name":"w-l-c","article_published_time":"2014-07-17T06:18:48+00:00","article_modified_time":"2014-07-17T11:31:45+00:00","og_image":[{"width":595,"height":320,"url":"https:\/\/w-l-c.be\/wp-content\/uploads\/2010\/07\/colt-45-fdw.jpg","type":"image\/jpeg"}],"author":"Philippe.Pierquin","twitter_card":"summary_large_image","twitter_misc":{"\u00c9crit par":"Philippe.Pierquin","Dur\u00e9e de lecture estim\u00e9e":"3 minutes"},"schema":{"@context":"https:\/\/schema.org","@graph":[{"@type":"WebPage","@id":"https:\/\/w-l-c.be\/fr\/fabrice-du-welz-degaine-colt-45\/","url":"https:\/\/w-l-c.be\/fr\/fabrice-du-welz-degaine-colt-45\/","name":"Fabrice Du Welz d\u00e9gaine son Colt .45 - w-l-c","isPartOf":{"@id":"https:\/\/w-l-c.be\/fr\/#website"},"datePublished":"2014-07-17T06:18:48+00:00","dateModified":"2014-07-17T11:31:45+00:00","author":{"@id":"https:\/\/w-l-c.be\/fr\/#\/schema\/person\/4b9b1d857f0943453a38a7c2859ef756"},"breadcrumb":{"@id":"https:\/\/w-l-c.be\/fr\/fabrice-du-welz-degaine-colt-45\/#breadcrumb"},"inLanguage":"fr-FR","potentialAction":[{"@type":"ReadAction","target":["https:\/\/w-l-c.be\/fr\/fabrice-du-welz-degaine-colt-45\/"]}]},{"@type":"BreadcrumbList","@id":"https:\/\/w-l-c.be\/fr\/fabrice-du-welz-degaine-colt-45\/#breadcrumb","itemListElement":[{"@type":"ListItem","position":1,"name":"Accueil","item":"https:\/\/w-l-c.be\/fr\/"},{"@type":"ListItem","position":2,"name":"Fabrice Du Welz d\u00e9gaine son Colt .45"}]},{"@type":"WebSite","@id":"https:\/\/w-l-c.be\/fr\/#website","url":"https:\/\/w-l-c.be\/fr\/","name":"w-l-c","description":"Le cin\u00e9ma vu par les belges","potentialAction":[{"@type":"SearchAction","target":{"@type":"EntryPoint","urlTemplate":"https:\/\/w-l-c.be\/fr\/?s={search_term_string}"},"query-input":"required name=search_term_string"}],"inLanguage":"fr-FR"},{"@type":"Person","@id":"https:\/\/w-l-c.be\/fr\/#\/schema\/person\/4b9b1d857f0943453a38a7c2859ef756","name":"Philippe.Pierquin","url":"https:\/\/w-l-c.be\/fr\/author\/philippe-pierquin\/"}]}},"_links":{"self":[{"href":"https:\/\/w-l-c.be\/fr\/wp-json\/wp\/v2\/posts\/58813","targetHints":{"allow":["GET"]}}],"collection":[{"href":"https:\/\/w-l-c.be\/fr\/wp-json\/wp\/v2\/posts"}],"about":[{"href":"https:\/\/w-l-c.be\/fr\/wp-json\/wp\/v2\/types\/post"}],"author":[{"embeddable":true,"href":"https:\/\/w-l-c.be\/fr\/wp-json\/wp\/v2\/users\/7"}],"replies":[{"embeddable":true,"href":"https:\/\/w-l-c.be\/fr\/wp-json\/wp\/v2\/comments?post=58813"}],"version-history":[{"count":0,"href":"https:\/\/w-l-c.be\/fr\/wp-json\/wp\/v2\/posts\/58813\/revisions"}],"wp:featuredmedia":[{"embeddable":true,"href":"https:\/\/w-l-c.be\/fr\/wp-json\/wp\/v2\/media\/58818"}],"wp:attachment":[{"href":"https:\/\/w-l-c.be\/fr\/wp-json\/wp\/v2\/media?parent=58813"}],"wp:term":[{"taxonomy":"category","embeddable":true,"href":"https:\/\/w-l-c.be\/fr\/wp-json\/wp\/v2\/categories?post=58813"},{"taxonomy":"post_tag","embeddable":true,"href":"https:\/\/w-l-c.be\/fr\/wp-json\/wp\/v2\/tags?post=58813"}],"curies":[{"name":"wp","href":"https:\/\/api.w.org\/{rel}","templated":true}]}}