
{"id":59305,"date":"2014-07-12T19:54:17","date_gmt":"2014-07-12T17:54:17","guid":{"rendered":"http:\/\/www.cinevox.be\/?p=59305"},"modified":"2014-07-14T09:39:05","modified_gmt":"2014-07-14T07:39:05","slug":"prix-dinterpretation-suis-toi-karlovy-vary","status":"publish","type":"post","link":"https:\/\/w-l-c.be\/fr\/prix-dinterpretation-suis-toi-karlovy-vary\/","title":{"rendered":"Prix d\u2019interpr\u00e9tation pour Je suis \u00e0 toi \u00e0 Karlovy Vary"},"content":{"rendered":"<p>On vous l\u2019avait racont\u00e9 en d\u00e9but de semaine, <em>Je suis \u00e0 toi,<\/em> deuxi\u00e8me long m\u00e9trage de David Lambert, produit en Belgique par Frakas, avait fait sensation au festival de Karlovy Vary (lire<a href=\"http:\/\/www.cinevox.be\/?p=59078\" target=\"_blank\"> ici<\/a>).<\/p>\n<p>M\u00eame l\u2019\u00e9quipe ne s\u2019attendait pas \u00e0 un accueil aussi chaleureux pour cette com\u00e9die dramatique amoureuse, l\u2019histoire tr\u00e8s particuli\u00e8re d\u2019un triangle amoureux\u00a0: deux hommes, une femme, chabadabada. Ou pas.<\/p>\n<p><span style=\"font-size: 16px;\"><br \/>\n<!--more--><\/span><\/p>\n<p>&nbsp;<\/p>\n<p>Parfois les ovations enthousiastes ne se concr\u00e9tisent pas au palmar\u00e8s. Les fr\u00e8res Dardenne en savent quelque chose apr\u00e8s leur r\u00e9cente et inattendue d\u00e9convenue cannoise. Mais dans le cas de <i>Je suis \u00e0 toi<\/i>, une belle r\u00e9compense est venue confirmer que le jury comme le public tch\u00e8que avait vraiment appr\u00e9ci\u00e9 ce film os\u00e9, et dr\u00f4le aussi.<\/p>\n<p>&nbsp;<\/p>\n<p><a href=\"http:\/\/www.cinevox.be\/prix-dinterpretation-suis-toi-karlovy-vary\/fu5a0952b-3\/\" rel=\"attachment wp-att-59306\"><img loading=\"lazy\" decoding=\"async\" class=\"aligncenter size-large wp-image-59306\" alt=\"\" src=\"http:\/\/www.cinevox.be\/wp-content\/uploads\/2014\/07\/FU5A0952b-800x533.jpg\" width=\"640\" height=\"426\" srcset=\"https:\/\/w-l-c.be\/wp-content\/uploads\/2014\/07\/FU5A0952b-800x533.jpg 800w, https:\/\/w-l-c.be\/wp-content\/uploads\/2014\/07\/FU5A0952b-404x270.jpg 404w, https:\/\/w-l-c.be\/wp-content\/uploads\/2014\/07\/FU5A0952b.jpg 1276w\" sizes=\"auto, (max-width: 640px) 100vw, 640px\" \/><\/a><\/p>\n<p>&nbsp;<\/p>\n<p><b>Nahuel Perez Biscayart<\/b>, l\u2019acteur argentin qui incarne Lucas le jeune escort boy argentin qui d\u00e9barque en Belgique dans la boulangerie d\u2019Henry (Jean-Michel Balthazar), vient tout juste de d\u00e9crocher le prix d\u2019interpr\u00e9tation masculine de cette 49e \u00e9dition.<\/p>\n<p>&nbsp;<\/p>\n<p>Une formidable r\u00e9compense dans un festival qui, rappelons-le, est le plus prestigieux de toute l\u2019Europe de l\u2019Est, un des cinq plus pris\u00e9s d\u2019Europe, sans aucun doute.<\/p>\n<p>&nbsp;<\/p>\n<p><a href=\"http:\/\/www.cinevox.be\/prix-dinterpretation-suis-toi-karlovy-vary\/10517428_10152498177808070_7117846491486026836_o\/\" rel=\"attachment wp-att-59352\"><img loading=\"lazy\" decoding=\"async\" class=\"aligncenter size-large wp-image-59352\" alt=\"\" src=\"http:\/\/www.cinevox.be\/wp-content\/uploads\/2014\/07\/10517428_10152498177808070_7117846491486026836_o-800x531.jpg\" width=\"640\" height=\"424\" srcset=\"https:\/\/w-l-c.be\/wp-content\/uploads\/2014\/07\/10517428_10152498177808070_7117846491486026836_o-800x531.jpg 800w, https:\/\/w-l-c.be\/wp-content\/uploads\/2014\/07\/10517428_10152498177808070_7117846491486026836_o-406x270.jpg 406w, https:\/\/w-l-c.be\/wp-content\/uploads\/2014\/07\/10517428_10152498177808070_7117846491486026836_o.jpg 1024w\" sizes=\"auto, (max-width: 640px) 100vw, 640px\" \/><\/a><\/p>\n<p>&nbsp;<\/p>\n<p>Lors de notre visite sur le tournage, cet acteur tr\u00e8s sympa et charismatique nous avait notamment racont\u00e9 comment il avait rencontr\u00e9 David Lambert.<\/p>\n<p>&nbsp;<\/p>\n<p>&nbsp;<\/p>\n<p><iframe loading=\"lazy\" src=\"\/\/www.youtube.com\/embed\/MbVu4kJ7kT8\" height=\"350\" width=\"620\" allowfullscreen=\"\" frameborder=\"0\"><\/iframe><\/p>\n","protected":false},"excerpt":{"rendered":"<p>On vous l\u2019avait racont\u00e9 en d\u00e9but de semaine, Je suis \u00e0 toi, deuxi\u00e8me long m\u00e9trage de David Lambert, produit en Belgique par Frakas, avait fait sensation au festival de Karlovy Vary (lire ici). M\u00eame l\u2019\u00e9quipe ne s\u2019attendait pas \u00e0 un accueil aussi chaleureux pour cette com\u00e9die dramatique amoureuse, l\u2019histoire tr\u00e8s particuli\u00e8re d\u2019un triangle amoureux\u00a0: deux &hellip;<\/p>\n","protected":false},"author":7,"featured_media":59354,"comment_status":"closed","ping_status":"closed","sticky":false,"template":"","format":"standard","meta":{"ngg_post_thumbnail":0,"footnotes":""},"categories":[12],"tags":[],"class_list":["post-59305","post","type-post","status-publish","format-standard","has-post-thumbnail","","category-awards"],"yoast_head":"<!-- This site is optimized with the Yoast SEO plugin v20.4 - https:\/\/yoast.com\/wordpress\/plugins\/seo\/ -->\n<title>Prix d\u2019interpr\u00e9tation pour Je suis \u00e0 toi \u00e0 Karlovy Vary - w-l-c<\/title>\n<meta name=\"robots\" content=\"noindex, follow, max-snippet:-1, max-image-preview:large, max-video-preview:-1\" \/>\n<meta property=\"og:locale\" content=\"fr_FR\" \/>\n<meta property=\"og:type\" content=\"article\" \/>\n<meta property=\"og:title\" content=\"Prix d\u2019interpr\u00e9tation pour Je suis \u00e0 toi \u00e0 Karlovy Vary - w-l-c\" \/>\n<meta property=\"og:description\" content=\"On vous l\u2019avait racont\u00e9 en d\u00e9but de semaine, Je suis \u00e0 toi, deuxi\u00e8me long m\u00e9trage de David Lambert, produit en Belgique par Frakas, avait fait sensation au festival de Karlovy Vary (lire ici). M\u00eame l\u2019\u00e9quipe ne s\u2019attendait pas \u00e0 un accueil aussi chaleureux pour cette com\u00e9die dramatique amoureuse, l\u2019histoire tr\u00e8s particuli\u00e8re d\u2019un triangle amoureux\u00a0: deux &hellip;\" \/>\n<meta property=\"og:url\" content=\"https:\/\/w-l-c.be\/fr\/prix-dinterpretation-suis-toi-karlovy-vary\/\" \/>\n<meta property=\"og:site_name\" content=\"w-l-c\" \/>\n<meta property=\"article:published_time\" content=\"2014-07-12T17:54:17+00:00\" \/>\n<meta property=\"article:modified_time\" content=\"2014-07-14T07:39:05+00:00\" \/>\n<meta property=\"og:image\" content=\"https:\/\/w-l-c.be\/wp-content\/uploads\/2014\/07\/10556855_10152588433064434_7132739594618241020_o.jpg\" \/>\n\t<meta property=\"og:image:width\" content=\"1024\" \/>\n\t<meta property=\"og:image:height\" content=\"680\" \/>\n\t<meta property=\"og:image:type\" content=\"image\/jpeg\" \/>\n<meta name=\"author\" content=\"Philippe.Pierquin\" \/>\n<meta name=\"twitter:card\" content=\"summary_large_image\" \/>\n<meta name=\"twitter:label1\" content=\"\u00c9crit par\" \/>\n\t<meta name=\"twitter:data1\" content=\"Philippe.Pierquin\" \/>\n\t<meta name=\"twitter:label2\" content=\"Dur\u00e9e de lecture estim\u00e9e\" \/>\n\t<meta name=\"twitter:data2\" content=\"1 minute\" \/>\n<script type=\"application\/ld+json\" class=\"yoast-schema-graph\">{\"@context\":\"https:\/\/schema.org\",\"@graph\":[{\"@type\":\"WebPage\",\"@id\":\"https:\/\/w-l-c.be\/fr\/prix-dinterpretation-suis-toi-karlovy-vary\/\",\"url\":\"https:\/\/w-l-c.be\/fr\/prix-dinterpretation-suis-toi-karlovy-vary\/\",\"name\":\"Prix d\u2019interpr\u00e9tation pour Je suis \u00e0 toi \u00e0 Karlovy Vary - w-l-c\",\"isPartOf\":{\"@id\":\"https:\/\/w-l-c.be\/fr\/#website\"},\"datePublished\":\"2014-07-12T17:54:17+00:00\",\"dateModified\":\"2014-07-14T07:39:05+00:00\",\"author\":{\"@id\":\"https:\/\/w-l-c.be\/fr\/#\/schema\/person\/4b9b1d857f0943453a38a7c2859ef756\"},\"breadcrumb\":{\"@id\":\"https:\/\/w-l-c.be\/fr\/prix-dinterpretation-suis-toi-karlovy-vary\/#breadcrumb\"},\"inLanguage\":\"fr-FR\",\"potentialAction\":[{\"@type\":\"ReadAction\",\"target\":[\"https:\/\/w-l-c.be\/fr\/prix-dinterpretation-suis-toi-karlovy-vary\/\"]}]},{\"@type\":\"BreadcrumbList\",\"@id\":\"https:\/\/w-l-c.be\/fr\/prix-dinterpretation-suis-toi-karlovy-vary\/#breadcrumb\",\"itemListElement\":[{\"@type\":\"ListItem\",\"position\":1,\"name\":\"Accueil\",\"item\":\"https:\/\/w-l-c.be\/fr\/\"},{\"@type\":\"ListItem\",\"position\":2,\"name\":\"Prix d\u2019interpr\u00e9tation pour Je suis \u00e0 toi \u00e0 Karlovy Vary\"}]},{\"@type\":\"WebSite\",\"@id\":\"https:\/\/w-l-c.be\/fr\/#website\",\"url\":\"https:\/\/w-l-c.be\/fr\/\",\"name\":\"w-l-c\",\"description\":\"Le cin\u00e9ma vu par les belges\",\"potentialAction\":[{\"@type\":\"SearchAction\",\"target\":{\"@type\":\"EntryPoint\",\"urlTemplate\":\"https:\/\/w-l-c.be\/fr\/?s={search_term_string}\"},\"query-input\":\"required name=search_term_string\"}],\"inLanguage\":\"fr-FR\"},{\"@type\":\"Person\",\"@id\":\"https:\/\/w-l-c.be\/fr\/#\/schema\/person\/4b9b1d857f0943453a38a7c2859ef756\",\"name\":\"Philippe.Pierquin\",\"url\":\"https:\/\/w-l-c.be\/fr\/author\/philippe-pierquin\/\"}]}<\/script>\n<!-- \/ Yoast SEO plugin. -->","yoast_head_json":{"title":"Prix d\u2019interpr\u00e9tation pour Je suis \u00e0 toi \u00e0 Karlovy Vary - w-l-c","robots":{"index":"noindex","follow":"follow","max-snippet":"max-snippet:-1","max-image-preview":"max-image-preview:large","max-video-preview":"max-video-preview:-1"},"og_locale":"fr_FR","og_type":"article","og_title":"Prix d\u2019interpr\u00e9tation pour Je suis \u00e0 toi \u00e0 Karlovy Vary - w-l-c","og_description":"On vous l\u2019avait racont\u00e9 en d\u00e9but de semaine, Je suis \u00e0 toi, deuxi\u00e8me long m\u00e9trage de David Lambert, produit en Belgique par Frakas, avait fait sensation au festival de Karlovy Vary (lire ici). M\u00eame l\u2019\u00e9quipe ne s\u2019attendait pas \u00e0 un accueil aussi chaleureux pour cette com\u00e9die dramatique amoureuse, l\u2019histoire tr\u00e8s particuli\u00e8re d\u2019un triangle amoureux\u00a0: deux &hellip;","og_url":"https:\/\/w-l-c.be\/fr\/prix-dinterpretation-suis-toi-karlovy-vary\/","og_site_name":"w-l-c","article_published_time":"2014-07-12T17:54:17+00:00","article_modified_time":"2014-07-14T07:39:05+00:00","og_image":[{"width":1024,"height":680,"url":"https:\/\/w-l-c.be\/wp-content\/uploads\/2014\/07\/10556855_10152588433064434_7132739594618241020_o.jpg","type":"image\/jpeg"}],"author":"Philippe.Pierquin","twitter_card":"summary_large_image","twitter_misc":{"\u00c9crit par":"Philippe.Pierquin","Dur\u00e9e de lecture estim\u00e9e":"1 minute"},"schema":{"@context":"https:\/\/schema.org","@graph":[{"@type":"WebPage","@id":"https:\/\/w-l-c.be\/fr\/prix-dinterpretation-suis-toi-karlovy-vary\/","url":"https:\/\/w-l-c.be\/fr\/prix-dinterpretation-suis-toi-karlovy-vary\/","name":"Prix d\u2019interpr\u00e9tation pour Je suis \u00e0 toi \u00e0 Karlovy Vary - w-l-c","isPartOf":{"@id":"https:\/\/w-l-c.be\/fr\/#website"},"datePublished":"2014-07-12T17:54:17+00:00","dateModified":"2014-07-14T07:39:05+00:00","author":{"@id":"https:\/\/w-l-c.be\/fr\/#\/schema\/person\/4b9b1d857f0943453a38a7c2859ef756"},"breadcrumb":{"@id":"https:\/\/w-l-c.be\/fr\/prix-dinterpretation-suis-toi-karlovy-vary\/#breadcrumb"},"inLanguage":"fr-FR","potentialAction":[{"@type":"ReadAction","target":["https:\/\/w-l-c.be\/fr\/prix-dinterpretation-suis-toi-karlovy-vary\/"]}]},{"@type":"BreadcrumbList","@id":"https:\/\/w-l-c.be\/fr\/prix-dinterpretation-suis-toi-karlovy-vary\/#breadcrumb","itemListElement":[{"@type":"ListItem","position":1,"name":"Accueil","item":"https:\/\/w-l-c.be\/fr\/"},{"@type":"ListItem","position":2,"name":"Prix d\u2019interpr\u00e9tation pour Je suis \u00e0 toi \u00e0 Karlovy Vary"}]},{"@type":"WebSite","@id":"https:\/\/w-l-c.be\/fr\/#website","url":"https:\/\/w-l-c.be\/fr\/","name":"w-l-c","description":"Le cin\u00e9ma vu par les belges","potentialAction":[{"@type":"SearchAction","target":{"@type":"EntryPoint","urlTemplate":"https:\/\/w-l-c.be\/fr\/?s={search_term_string}"},"query-input":"required name=search_term_string"}],"inLanguage":"fr-FR"},{"@type":"Person","@id":"https:\/\/w-l-c.be\/fr\/#\/schema\/person\/4b9b1d857f0943453a38a7c2859ef756","name":"Philippe.Pierquin","url":"https:\/\/w-l-c.be\/fr\/author\/philippe-pierquin\/"}]}},"_links":{"self":[{"href":"https:\/\/w-l-c.be\/fr\/wp-json\/wp\/v2\/posts\/59305","targetHints":{"allow":["GET"]}}],"collection":[{"href":"https:\/\/w-l-c.be\/fr\/wp-json\/wp\/v2\/posts"}],"about":[{"href":"https:\/\/w-l-c.be\/fr\/wp-json\/wp\/v2\/types\/post"}],"author":[{"embeddable":true,"href":"https:\/\/w-l-c.be\/fr\/wp-json\/wp\/v2\/users\/7"}],"replies":[{"embeddable":true,"href":"https:\/\/w-l-c.be\/fr\/wp-json\/wp\/v2\/comments?post=59305"}],"version-history":[{"count":0,"href":"https:\/\/w-l-c.be\/fr\/wp-json\/wp\/v2\/posts\/59305\/revisions"}],"wp:featuredmedia":[{"embeddable":true,"href":"https:\/\/w-l-c.be\/fr\/wp-json\/wp\/v2\/media\/59354"}],"wp:attachment":[{"href":"https:\/\/w-l-c.be\/fr\/wp-json\/wp\/v2\/media?parent=59305"}],"wp:term":[{"taxonomy":"category","embeddable":true,"href":"https:\/\/w-l-c.be\/fr\/wp-json\/wp\/v2\/categories?post=59305"},{"taxonomy":"post_tag","embeddable":true,"href":"https:\/\/w-l-c.be\/fr\/wp-json\/wp\/v2\/tags?post=59305"}],"curies":[{"name":"wp","href":"https:\/\/api.w.org\/{rel}","templated":true}]}}