
{"id":59496,"date":"2014-07-17T13:45:46","date_gmt":"2014-07-17T11:45:46","guid":{"rendered":"http:\/\/www.cinevox.be\/?p=59496"},"modified":"2014-07-17T13:45:46","modified_gmt":"2014-07-17T11:45:46","slug":"documentaire-florence","status":"publish","type":"post","link":"https:\/\/w-l-c.be\/fr\/documentaire-florence\/","title":{"rendered":"Votre documentaire \u00e0 Florence?"},"content":{"rendered":"<p>Alberto Lastrucci, directeur et programmateur du\u00a0<a href=\"http:\/\/url.snd13.ch\/url-82956156-1777165-16072014.html\" target=\"_blank\">Festival dei Popoli<\/a>\u00a0(Florence, Italie), viendra \u00e0 Wallonie Bruxelles Images le\u00a01er Ao\u00fbt 2014\u00a0afin d&rsquo;y visionner vos derni\u00e8res productions documentaires.<!--more--><\/p>\n<p>Vos DVD doivent nous parvenir imp\u00e9rativement avant le\u00a0jeudi 24 juillet.<br \/>\nNotre adresse :\u00a018 place Flagey, 1050 Ixelles.<\/p>\n<p>Il n&rsquo;est pas n\u00e9cessaire d&rsquo;inscrire votre film au festival \u00e0 ce stade.<\/p>\n<p>Une rencontre Mr.\u00a0Lastrucci\u00a0est pr\u00e9vue le 01\/08 \u00e0 14h au WBI.<br \/>\nMerci de confirmer votre participation \u00e0\u00a0<a href=\"mailto:alice.lemaire@wbimages.be?subject=Rencontre%20Dei%20Popoli\" target=\"_blank\">alice.lemaire@wbimages.be<\/a>\u00a0<wbr \/>avant le 28\/07.<\/p>\n<p>La 55\u00e8me \u00e9dition du Festival dei Popoli aura lieu du 28 novembre au 5 d\u00e9cembre 2014. Il s\u2019agit d\u2019un des plus anciens festivals de cin\u00e9ma en Europe et le premier \u00e0 se sp\u00e9cialiser dans le documentaire.<\/p>\n","protected":false},"excerpt":{"rendered":"<p>Alberto Lastrucci, directeur et programmateur du\u00a0Festival dei Popoli\u00a0(Florence, Italie), viendra \u00e0 Wallonie Bruxelles Images le\u00a01er Ao\u00fbt 2014\u00a0afin d&rsquo;y visionner vos derni\u00e8res productions documentaires.<\/p>\n","protected":false},"author":7,"featured_media":59498,"comment_status":"closed","ping_status":"closed","sticky":false,"template":"","format":"standard","meta":{"ngg_post_thumbnail":0,"footnotes":""},"categories":[12],"tags":[],"class_list":["post-59496","post","type-post","status-publish","format-standard","has-post-thumbnail","","category-awards"],"yoast_head":"<!-- This site is optimized with the Yoast SEO plugin v20.4 - https:\/\/yoast.com\/wordpress\/plugins\/seo\/ -->\n<title>Votre documentaire \u00e0 Florence?  - w-l-c<\/title>\n<meta name=\"robots\" content=\"noindex, follow, max-snippet:-1, max-image-preview:large, max-video-preview:-1\" \/>\n<meta property=\"og:locale\" content=\"fr_FR\" \/>\n<meta property=\"og:type\" content=\"article\" \/>\n<meta property=\"og:title\" content=\"Votre documentaire \u00e0 Florence?  - w-l-c\" \/>\n<meta property=\"og:description\" content=\"Alberto Lastrucci, directeur et programmateur du\u00a0Festival dei Popoli\u00a0(Florence, Italie), viendra \u00e0 Wallonie Bruxelles Images le\u00a01er Ao\u00fbt 2014\u00a0afin d&rsquo;y visionner vos derni\u00e8res productions documentaires.\" \/>\n<meta property=\"og:url\" content=\"https:\/\/w-l-c.be\/fr\/documentaire-florence\/\" \/>\n<meta property=\"og:site_name\" content=\"w-l-c\" \/>\n<meta property=\"article:published_time\" content=\"2014-07-17T11:45:46+00:00\" \/>\n<meta property=\"og:image\" content=\"https:\/\/w-l-c.be\/wp-content\/uploads\/2014\/07\/2014-07-17_13h45_28.jpg\" \/>\n\t<meta property=\"og:image:width\" content=\"591\" \/>\n\t<meta property=\"og:image:height\" content=\"334\" \/>\n\t<meta property=\"og:image:type\" content=\"image\/jpeg\" \/>\n<meta name=\"author\" content=\"Philippe.Pierquin\" \/>\n<meta name=\"twitter:card\" content=\"summary_large_image\" \/>\n<meta name=\"twitter:label1\" content=\"\u00c9crit par\" \/>\n\t<meta name=\"twitter:data1\" content=\"Philippe.Pierquin\" \/>\n\t<meta name=\"twitter:label2\" content=\"Dur\u00e9e de lecture estim\u00e9e\" \/>\n\t<meta name=\"twitter:data2\" content=\"1 minute\" \/>\n<script type=\"application\/ld+json\" class=\"yoast-schema-graph\">{\"@context\":\"https:\/\/schema.org\",\"@graph\":[{\"@type\":\"WebPage\",\"@id\":\"https:\/\/w-l-c.be\/fr\/documentaire-florence\/\",\"url\":\"https:\/\/w-l-c.be\/fr\/documentaire-florence\/\",\"name\":\"Votre documentaire \u00e0 Florence? - w-l-c\",\"isPartOf\":{\"@id\":\"https:\/\/w-l-c.be\/fr\/#website\"},\"datePublished\":\"2014-07-17T11:45:46+00:00\",\"dateModified\":\"2014-07-17T11:45:46+00:00\",\"author\":{\"@id\":\"https:\/\/w-l-c.be\/fr\/#\/schema\/person\/4b9b1d857f0943453a38a7c2859ef756\"},\"breadcrumb\":{\"@id\":\"https:\/\/w-l-c.be\/fr\/documentaire-florence\/#breadcrumb\"},\"inLanguage\":\"fr-FR\",\"potentialAction\":[{\"@type\":\"ReadAction\",\"target\":[\"https:\/\/w-l-c.be\/fr\/documentaire-florence\/\"]}]},{\"@type\":\"BreadcrumbList\",\"@id\":\"https:\/\/w-l-c.be\/fr\/documentaire-florence\/#breadcrumb\",\"itemListElement\":[{\"@type\":\"ListItem\",\"position\":1,\"name\":\"Accueil\",\"item\":\"https:\/\/w-l-c.be\/fr\/\"},{\"@type\":\"ListItem\",\"position\":2,\"name\":\"Votre documentaire \u00e0 Florence?\"}]},{\"@type\":\"WebSite\",\"@id\":\"https:\/\/w-l-c.be\/fr\/#website\",\"url\":\"https:\/\/w-l-c.be\/fr\/\",\"name\":\"w-l-c\",\"description\":\"Le cin\u00e9ma vu par les belges\",\"potentialAction\":[{\"@type\":\"SearchAction\",\"target\":{\"@type\":\"EntryPoint\",\"urlTemplate\":\"https:\/\/w-l-c.be\/fr\/?s={search_term_string}\"},\"query-input\":\"required name=search_term_string\"}],\"inLanguage\":\"fr-FR\"},{\"@type\":\"Person\",\"@id\":\"https:\/\/w-l-c.be\/fr\/#\/schema\/person\/4b9b1d857f0943453a38a7c2859ef756\",\"name\":\"Philippe.Pierquin\",\"url\":\"https:\/\/w-l-c.be\/fr\/author\/philippe-pierquin\/\"}]}<\/script>\n<!-- \/ Yoast SEO plugin. -->","yoast_head_json":{"title":"Votre documentaire \u00e0 Florence?  - w-l-c","robots":{"index":"noindex","follow":"follow","max-snippet":"max-snippet:-1","max-image-preview":"max-image-preview:large","max-video-preview":"max-video-preview:-1"},"og_locale":"fr_FR","og_type":"article","og_title":"Votre documentaire \u00e0 Florence?  - w-l-c","og_description":"Alberto Lastrucci, directeur et programmateur du\u00a0Festival dei Popoli\u00a0(Florence, Italie), viendra \u00e0 Wallonie Bruxelles Images le\u00a01er Ao\u00fbt 2014\u00a0afin d&rsquo;y visionner vos derni\u00e8res productions documentaires.","og_url":"https:\/\/w-l-c.be\/fr\/documentaire-florence\/","og_site_name":"w-l-c","article_published_time":"2014-07-17T11:45:46+00:00","og_image":[{"width":591,"height":334,"url":"https:\/\/w-l-c.be\/wp-content\/uploads\/2014\/07\/2014-07-17_13h45_28.jpg","type":"image\/jpeg"}],"author":"Philippe.Pierquin","twitter_card":"summary_large_image","twitter_misc":{"\u00c9crit par":"Philippe.Pierquin","Dur\u00e9e de lecture estim\u00e9e":"1 minute"},"schema":{"@context":"https:\/\/schema.org","@graph":[{"@type":"WebPage","@id":"https:\/\/w-l-c.be\/fr\/documentaire-florence\/","url":"https:\/\/w-l-c.be\/fr\/documentaire-florence\/","name":"Votre documentaire \u00e0 Florence? - w-l-c","isPartOf":{"@id":"https:\/\/w-l-c.be\/fr\/#website"},"datePublished":"2014-07-17T11:45:46+00:00","dateModified":"2014-07-17T11:45:46+00:00","author":{"@id":"https:\/\/w-l-c.be\/fr\/#\/schema\/person\/4b9b1d857f0943453a38a7c2859ef756"},"breadcrumb":{"@id":"https:\/\/w-l-c.be\/fr\/documentaire-florence\/#breadcrumb"},"inLanguage":"fr-FR","potentialAction":[{"@type":"ReadAction","target":["https:\/\/w-l-c.be\/fr\/documentaire-florence\/"]}]},{"@type":"BreadcrumbList","@id":"https:\/\/w-l-c.be\/fr\/documentaire-florence\/#breadcrumb","itemListElement":[{"@type":"ListItem","position":1,"name":"Accueil","item":"https:\/\/w-l-c.be\/fr\/"},{"@type":"ListItem","position":2,"name":"Votre documentaire \u00e0 Florence?"}]},{"@type":"WebSite","@id":"https:\/\/w-l-c.be\/fr\/#website","url":"https:\/\/w-l-c.be\/fr\/","name":"w-l-c","description":"Le cin\u00e9ma vu par les belges","potentialAction":[{"@type":"SearchAction","target":{"@type":"EntryPoint","urlTemplate":"https:\/\/w-l-c.be\/fr\/?s={search_term_string}"},"query-input":"required name=search_term_string"}],"inLanguage":"fr-FR"},{"@type":"Person","@id":"https:\/\/w-l-c.be\/fr\/#\/schema\/person\/4b9b1d857f0943453a38a7c2859ef756","name":"Philippe.Pierquin","url":"https:\/\/w-l-c.be\/fr\/author\/philippe-pierquin\/"}]}},"_links":{"self":[{"href":"https:\/\/w-l-c.be\/fr\/wp-json\/wp\/v2\/posts\/59496","targetHints":{"allow":["GET"]}}],"collection":[{"href":"https:\/\/w-l-c.be\/fr\/wp-json\/wp\/v2\/posts"}],"about":[{"href":"https:\/\/w-l-c.be\/fr\/wp-json\/wp\/v2\/types\/post"}],"author":[{"embeddable":true,"href":"https:\/\/w-l-c.be\/fr\/wp-json\/wp\/v2\/users\/7"}],"replies":[{"embeddable":true,"href":"https:\/\/w-l-c.be\/fr\/wp-json\/wp\/v2\/comments?post=59496"}],"version-history":[{"count":0,"href":"https:\/\/w-l-c.be\/fr\/wp-json\/wp\/v2\/posts\/59496\/revisions"}],"wp:featuredmedia":[{"embeddable":true,"href":"https:\/\/w-l-c.be\/fr\/wp-json\/wp\/v2\/media\/59498"}],"wp:attachment":[{"href":"https:\/\/w-l-c.be\/fr\/wp-json\/wp\/v2\/media?parent=59496"}],"wp:term":[{"taxonomy":"category","embeddable":true,"href":"https:\/\/w-l-c.be\/fr\/wp-json\/wp\/v2\/categories?post=59496"},{"taxonomy":"post_tag","embeddable":true,"href":"https:\/\/w-l-c.be\/fr\/wp-json\/wp\/v2\/tags?post=59496"}],"curies":[{"name":"wp","href":"https:\/\/api.w.org\/{rel}","templated":true}]}}