
{"id":61064,"date":"2014-08-29T14:55:08","date_gmt":"2014-08-29T12:55:08","guid":{"rendered":"http:\/\/www.cinevox.be\/?p=61064"},"modified":"2014-09-10T07:45:25","modified_gmt":"2014-09-10T05:45:25","slug":"casting-on-recherche-acteur-role-principal","status":"publish","type":"post","link":"https:\/\/w-l-c.be\/fr\/casting-on-recherche-acteur-role-principal\/","title":{"rendered":"Casting : on recherche un acteur pour un r\u00f4le principal"},"content":{"rendered":"<p>Pour le casting du prochain court-m\u00e9trage de Vladilen Vierny, produit par Hautlesmains Productions, soutenu par Hainaut Cin\u00e9ma et la Fondation Mons 2015, la production est \u00e0 la recherche d&rsquo;un jeune acteur francophone de type caucasien, entre 20 et 30 ans, qui incarnera le r\u00f4le principal du film (un travailleur social).<!--more--><\/p>\n<p>&nbsp;<\/p>\n<p>Le tournage se d\u00e9roulera \u00e0 la mi-octobre sur une semaine dans la r\u00e9gion de Mons. Pour pouvoir jouer ais\u00e9ment toutes les sc\u00e8nes \u00e9crites, il est n\u00e9cessaire que le com\u00e9dien soit en possession d&rsquo;un permis de conduire de type B.<\/p>\n<p>&nbsp;<\/p>\n<p>Si vous \u00eates int\u00e9ress\u00e9s, vous pouvez envoyer deux photos (portrait et silhouette), un CV et une bande-d\u00e9mo \u00e0 l&rsquo;adresse : castingmarcasse@gmail.com.<\/p>\n<p>&nbsp;<\/p>\n<p><strong>Projet : r\u00e9mun\u00e9r\u00e9<\/strong><\/p>\n<p>http:\/\/www.hautlesmainsproductions.fr\/<\/p>\n<p>&nbsp;<\/p>\n<p><i>NDLR. Cinevox relaie volontiers et gratuitement des annonces qui semblent s\u00e9rieuses et peuvent permettre \u00e0 nos lecteurs de plonger dans le monde du cin\u00e9ma. Nous ne faisons n\u00e9anmoins que mettre en contact une production ou une soci\u00e9t\u00e9 avec notre communaut\u00e9. Pour tous renseignements compl\u00e9mentaires et revendications \u00e9ventuelles, merci de vous adresser \u00e0 l\u2019adresse pr\u00e9sente dans l\u2019annonce.\u00a0<\/i><\/p>\n","protected":false},"excerpt":{"rendered":"<p>Pour le casting du prochain court-m\u00e9trage de Vladilen Vierny, produit par Hautlesmains Productions, soutenu par Hainaut Cin\u00e9ma et la Fondation Mons 2015, la production est \u00e0 la recherche d&rsquo;un jeune acteur francophone de type caucasien, entre 20 et 30 ans, qui incarnera le r\u00f4le principal du film (un travailleur social).<\/p>\n","protected":false},"author":7,"featured_media":61066,"comment_status":"closed","ping_status":"closed","sticky":false,"template":"","format":"standard","meta":{"ngg_post_thumbnail":0,"footnotes":""},"categories":[20,7],"tags":[],"class_list":["post-61064","post","type-post","status-publish","format-standard","has-post-thumbnail","","category-cinejobs","category-actualites"],"yoast_head":"<!-- This site is optimized with the Yoast SEO plugin v20.4 - https:\/\/yoast.com\/wordpress\/plugins\/seo\/ -->\n<title>Casting : on recherche un acteur pour un r\u00f4le principal - w-l-c<\/title>\n<meta name=\"robots\" content=\"noindex, follow, max-snippet:-1, max-image-preview:large, max-video-preview:-1\" \/>\n<meta property=\"og:locale\" content=\"fr_FR\" \/>\n<meta property=\"og:type\" content=\"article\" \/>\n<meta property=\"og:title\" content=\"Casting : on recherche un acteur pour un r\u00f4le principal - w-l-c\" \/>\n<meta property=\"og:description\" content=\"Pour le casting du prochain court-m\u00e9trage de Vladilen Vierny, produit par Hautlesmains Productions, soutenu par Hainaut Cin\u00e9ma et la Fondation Mons 2015, la production est \u00e0 la recherche d&rsquo;un jeune acteur francophone de type caucasien, entre 20 et 30 ans, qui incarnera le r\u00f4le principal du film (un travailleur social).\" \/>\n<meta property=\"og:url\" content=\"https:\/\/w-l-c.be\/fr\/casting-on-recherche-acteur-role-principal\/\" \/>\n<meta property=\"og:site_name\" content=\"w-l-c\" \/>\n<meta property=\"article:published_time\" content=\"2014-08-29T12:55:08+00:00\" \/>\n<meta property=\"article:modified_time\" content=\"2014-09-10T05:45:25+00:00\" \/>\n<meta property=\"og:image\" content=\"https:\/\/w-l-c.be\/wp-content\/uploads\/2014\/08\/mons.jpg\" \/>\n\t<meta property=\"og:image:width\" content=\"623\" \/>\n\t<meta property=\"og:image:height\" content=\"341\" \/>\n\t<meta property=\"og:image:type\" content=\"image\/jpeg\" \/>\n<meta name=\"author\" content=\"Philippe.Pierquin\" \/>\n<meta name=\"twitter:card\" content=\"summary_large_image\" \/>\n<meta name=\"twitter:label1\" content=\"\u00c9crit par\" \/>\n\t<meta name=\"twitter:data1\" content=\"Philippe.Pierquin\" \/>\n\t<meta name=\"twitter:label2\" content=\"Dur\u00e9e de lecture estim\u00e9e\" \/>\n\t<meta name=\"twitter:data2\" content=\"1 minute\" \/>\n<script type=\"application\/ld+json\" class=\"yoast-schema-graph\">{\"@context\":\"https:\/\/schema.org\",\"@graph\":[{\"@type\":\"WebPage\",\"@id\":\"https:\/\/w-l-c.be\/fr\/casting-on-recherche-acteur-role-principal\/\",\"url\":\"https:\/\/w-l-c.be\/fr\/casting-on-recherche-acteur-role-principal\/\",\"name\":\"Casting : on recherche un acteur pour un r\u00f4le principal - w-l-c\",\"isPartOf\":{\"@id\":\"https:\/\/w-l-c.be\/fr\/#website\"},\"datePublished\":\"2014-08-29T12:55:08+00:00\",\"dateModified\":\"2014-09-10T05:45:25+00:00\",\"author\":{\"@id\":\"https:\/\/w-l-c.be\/fr\/#\/schema\/person\/4b9b1d857f0943453a38a7c2859ef756\"},\"breadcrumb\":{\"@id\":\"https:\/\/w-l-c.be\/fr\/casting-on-recherche-acteur-role-principal\/#breadcrumb\"},\"inLanguage\":\"fr-FR\",\"potentialAction\":[{\"@type\":\"ReadAction\",\"target\":[\"https:\/\/w-l-c.be\/fr\/casting-on-recherche-acteur-role-principal\/\"]}]},{\"@type\":\"BreadcrumbList\",\"@id\":\"https:\/\/w-l-c.be\/fr\/casting-on-recherche-acteur-role-principal\/#breadcrumb\",\"itemListElement\":[{\"@type\":\"ListItem\",\"position\":1,\"name\":\"Accueil\",\"item\":\"https:\/\/w-l-c.be\/fr\/\"},{\"@type\":\"ListItem\",\"position\":2,\"name\":\"Casting : on recherche un acteur pour un r\u00f4le principal\"}]},{\"@type\":\"WebSite\",\"@id\":\"https:\/\/w-l-c.be\/fr\/#website\",\"url\":\"https:\/\/w-l-c.be\/fr\/\",\"name\":\"w-l-c\",\"description\":\"Le cin\u00e9ma vu par les belges\",\"potentialAction\":[{\"@type\":\"SearchAction\",\"target\":{\"@type\":\"EntryPoint\",\"urlTemplate\":\"https:\/\/w-l-c.be\/fr\/?s={search_term_string}\"},\"query-input\":\"required name=search_term_string\"}],\"inLanguage\":\"fr-FR\"},{\"@type\":\"Person\",\"@id\":\"https:\/\/w-l-c.be\/fr\/#\/schema\/person\/4b9b1d857f0943453a38a7c2859ef756\",\"name\":\"Philippe.Pierquin\",\"url\":\"https:\/\/w-l-c.be\/fr\/author\/philippe-pierquin\/\"}]}<\/script>\n<!-- \/ Yoast SEO plugin. -->","yoast_head_json":{"title":"Casting : on recherche un acteur pour un r\u00f4le principal - w-l-c","robots":{"index":"noindex","follow":"follow","max-snippet":"max-snippet:-1","max-image-preview":"max-image-preview:large","max-video-preview":"max-video-preview:-1"},"og_locale":"fr_FR","og_type":"article","og_title":"Casting : on recherche un acteur pour un r\u00f4le principal - w-l-c","og_description":"Pour le casting du prochain court-m\u00e9trage de Vladilen Vierny, produit par Hautlesmains Productions, soutenu par Hainaut Cin\u00e9ma et la Fondation Mons 2015, la production est \u00e0 la recherche d&rsquo;un jeune acteur francophone de type caucasien, entre 20 et 30 ans, qui incarnera le r\u00f4le principal du film (un travailleur social).","og_url":"https:\/\/w-l-c.be\/fr\/casting-on-recherche-acteur-role-principal\/","og_site_name":"w-l-c","article_published_time":"2014-08-29T12:55:08+00:00","article_modified_time":"2014-09-10T05:45:25+00:00","og_image":[{"width":623,"height":341,"url":"https:\/\/w-l-c.be\/wp-content\/uploads\/2014\/08\/mons.jpg","type":"image\/jpeg"}],"author":"Philippe.Pierquin","twitter_card":"summary_large_image","twitter_misc":{"\u00c9crit par":"Philippe.Pierquin","Dur\u00e9e de lecture estim\u00e9e":"1 minute"},"schema":{"@context":"https:\/\/schema.org","@graph":[{"@type":"WebPage","@id":"https:\/\/w-l-c.be\/fr\/casting-on-recherche-acteur-role-principal\/","url":"https:\/\/w-l-c.be\/fr\/casting-on-recherche-acteur-role-principal\/","name":"Casting : on recherche un acteur pour un r\u00f4le principal - w-l-c","isPartOf":{"@id":"https:\/\/w-l-c.be\/fr\/#website"},"datePublished":"2014-08-29T12:55:08+00:00","dateModified":"2014-09-10T05:45:25+00:00","author":{"@id":"https:\/\/w-l-c.be\/fr\/#\/schema\/person\/4b9b1d857f0943453a38a7c2859ef756"},"breadcrumb":{"@id":"https:\/\/w-l-c.be\/fr\/casting-on-recherche-acteur-role-principal\/#breadcrumb"},"inLanguage":"fr-FR","potentialAction":[{"@type":"ReadAction","target":["https:\/\/w-l-c.be\/fr\/casting-on-recherche-acteur-role-principal\/"]}]},{"@type":"BreadcrumbList","@id":"https:\/\/w-l-c.be\/fr\/casting-on-recherche-acteur-role-principal\/#breadcrumb","itemListElement":[{"@type":"ListItem","position":1,"name":"Accueil","item":"https:\/\/w-l-c.be\/fr\/"},{"@type":"ListItem","position":2,"name":"Casting : on recherche un acteur pour un r\u00f4le principal"}]},{"@type":"WebSite","@id":"https:\/\/w-l-c.be\/fr\/#website","url":"https:\/\/w-l-c.be\/fr\/","name":"w-l-c","description":"Le cin\u00e9ma vu par les belges","potentialAction":[{"@type":"SearchAction","target":{"@type":"EntryPoint","urlTemplate":"https:\/\/w-l-c.be\/fr\/?s={search_term_string}"},"query-input":"required name=search_term_string"}],"inLanguage":"fr-FR"},{"@type":"Person","@id":"https:\/\/w-l-c.be\/fr\/#\/schema\/person\/4b9b1d857f0943453a38a7c2859ef756","name":"Philippe.Pierquin","url":"https:\/\/w-l-c.be\/fr\/author\/philippe-pierquin\/"}]}},"_links":{"self":[{"href":"https:\/\/w-l-c.be\/fr\/wp-json\/wp\/v2\/posts\/61064","targetHints":{"allow":["GET"]}}],"collection":[{"href":"https:\/\/w-l-c.be\/fr\/wp-json\/wp\/v2\/posts"}],"about":[{"href":"https:\/\/w-l-c.be\/fr\/wp-json\/wp\/v2\/types\/post"}],"author":[{"embeddable":true,"href":"https:\/\/w-l-c.be\/fr\/wp-json\/wp\/v2\/users\/7"}],"replies":[{"embeddable":true,"href":"https:\/\/w-l-c.be\/fr\/wp-json\/wp\/v2\/comments?post=61064"}],"version-history":[{"count":0,"href":"https:\/\/w-l-c.be\/fr\/wp-json\/wp\/v2\/posts\/61064\/revisions"}],"wp:featuredmedia":[{"embeddable":true,"href":"https:\/\/w-l-c.be\/fr\/wp-json\/wp\/v2\/media\/61066"}],"wp:attachment":[{"href":"https:\/\/w-l-c.be\/fr\/wp-json\/wp\/v2\/media?parent=61064"}],"wp:term":[{"taxonomy":"category","embeddable":true,"href":"https:\/\/w-l-c.be\/fr\/wp-json\/wp\/v2\/categories?post=61064"},{"taxonomy":"post_tag","embeddable":true,"href":"https:\/\/w-l-c.be\/fr\/wp-json\/wp\/v2\/tags?post=61064"}],"curies":[{"name":"wp","href":"https:\/\/api.w.org\/{rel}","templated":true}]}}