
{"id":61381,"date":"2014-09-03T11:45:44","date_gmt":"2014-09-03T09:45:44","guid":{"rendered":"http:\/\/www.cinevox.be\/?p=61381"},"modified":"2014-09-08T15:53:03","modified_gmt":"2014-09-08T13:53:03","slug":"prix-cinevox-au-fiff-voila-jury","status":"publish","type":"post","link":"https:\/\/w-l-c.be\/fr\/prix-cinevox-au-fiff-voila-jury\/","title":{"rendered":"Prix Cinevox 2014 au FIFF : voil\u00e0 le jury !"},"content":{"rendered":"<p>Pour la troisi\u00e8me\u00a0ann\u00e9e cons\u00e9cutive, Cinevox est presenting sponsor du FIFF aux c\u00f4t\u00e9s de la RTBF.<\/p>\n<p>Et pour cause: le Festival international du film francophone de Namur est un des grands \u00e9v\u00e9nements cin\u00e9matographiques de la rentr\u00e9e avec le FFO \u00e0 Ostende et les BNP Paribas Fortis Film Days. Cinevox est donc un partenaire actif et enthousiaste des trois manifestations.<!--more--><\/p>\n<p>&nbsp;<\/p>\n<p>Pour formaliser cette collaboration namuroise, un Jury Cinevox compos\u00e9 de quatre passionn\u00e9s de cin\u00e9ma belge d\u00e9cerne depuis 2012 un prix tr\u00e8s sp\u00e9cial au meilleur long m\u00e9trage belge francophone in\u00e9dit projet\u00e9 \u00e0 Namur pendant cette semaine. Le vainqueur remporte une semaine de promotion gratuite en salles, offerte par Brightfish, la r\u00e9gie publicitaire du cin\u00e9ma qui a imagin\u00e9 le projet Cinevox, en partenariat avec BNP Paribas Fortis.<\/p>\n<p>&nbsp;<\/p>\n<p>Le jury de ce prix Cinevox est toujours compos\u00e9 de cin\u00e9philes non professionnels, de tout \u00e2ge, qui<b> pourront <\/b>voir tous les films du festival, mais <b>devront<\/b> naturellement assister aux projections des longs m\u00e9trages belges qui peuvent pr\u00e9tendre au prix. \u00c0 l\u2019issue du festival, ils se r\u00e9uniront avec leur parrain pour d\u00e9cider du titre qu\u2019ils d\u00e9sirent mettre en valeur.<\/p>\n<p>M\u00eame si le prix s\u2019appelle Cinevox, il est totalement ind\u00e9pendant de notre \u00e9quipe.<\/p>\n<p>Cette ann\u00e9e, ce jury sera encadr\u00e9 par l\u2019excellent journaliste <b>Eric Russon<\/b> (<i>ARTE Belgique<\/i>). Il succ\u00e8de \u00e0 <b>Christine Pinchart<\/b> qui a accompli un superbe travail d&rsquo;accompagnement l&rsquo;an dernier.<\/p>\n<p>&nbsp;<\/p>\n<p><a href=\"http:\/\/www.cinevox.be\/prix-cinevox-au-fiff-voila-jury\/2012-10-04-fdr-fiff-4717bis\/\" rel=\"attachment wp-att-61382\"><img loading=\"lazy\" decoding=\"async\" class=\"aligncenter size-large wp-image-61382\" alt=\"\" src=\"http:\/\/www.cinevox.be\/wp-content\/uploads\/2014\/09\/2012-10-04-fdr-fiff-4717bis-800x470.jpg\" width=\"640\" height=\"376\" srcset=\"https:\/\/w-l-c.be\/wp-content\/uploads\/2014\/09\/2012-10-04-fdr-fiff-4717bis-800x470.jpg 800w, https:\/\/w-l-c.be\/wp-content\/uploads\/2014\/09\/2012-10-04-fdr-fiff-4717bis-458x270.jpg 458w\" sizes=\"auto, (max-width: 640px) 100vw, 640px\" \/><\/a><\/p>\n<p style=\"text-align: right;\"><em>\u00a0Prix 2012 &#8211; photo FIFF<\/em><\/p>\n<p>&nbsp;<\/p>\n<p>En 2012, c\u2019est<i> Hors les murs <\/i>de David Lambert qui a remport\u00e9 le prix Cinevox. L\u2019an dernier, c\u2019est <i>Yam dam<\/i> de Vivian Goffette qui a coiff\u00e9 tous les favoris de l\u2019\u00e9preuve. Cinevox a ensuite accompagn\u00e9 ces deux films en proposant notamment des Cinevox Happenings.<\/p>\n<p>Celui de <i>Yam dam<\/i> aura lieu ce 24 septembre \u00e0 Bruxelles dans le cadre des BNP Paribas Fortis Film Days. En pr\u00e9sence de l\u2019\u00e9quipe.<\/p>\n<p>&nbsp;<\/p>\n<p><a href=\"http:\/\/www.cinevox.be\/prix-cinevox-au-fiff-voila-jury\/10076244846_2e3861911a_b-3\/\" rel=\"attachment wp-att-61383\"><img loading=\"lazy\" decoding=\"async\" class=\"aligncenter size-large wp-image-61383\" alt=\"\" src=\"http:\/\/www.cinevox.be\/wp-content\/uploads\/2014\/09\/10076244846_2e3861911a_b-800x565.jpg\" width=\"640\" height=\"452\" srcset=\"https:\/\/w-l-c.be\/wp-content\/uploads\/2014\/09\/10076244846_2e3861911a_b-800x565.jpg 800w, https:\/\/w-l-c.be\/wp-content\/uploads\/2014\/09\/10076244846_2e3861911a_b-381x270.jpg 381w, https:\/\/w-l-c.be\/wp-content\/uploads\/2014\/09\/10076244846_2e3861911a_b.jpg 1024w\" sizes=\"auto, (max-width: 640px) 100vw, 640px\" \/><\/a><\/p>\n<p style=\"text-align: right;\">\u00a0<em>\u00a0Prix 2013 &#8211; photo FIFF &#8211; Yam dam sort le 24 septembre<\/em><\/p>\n<p>&nbsp;<\/p>\n<p>Le 20 ao\u00fbt, nous vous avions offert de postuler \u00e0 ce jury et vous avez \u00e9t\u00e9 deux fois plus nombreux qu&rsquo;en 2013 \u00e0 nous solliciter. Une augmentation d\u2019autant plus positive que ce travail demande pas mal de disponibilit\u00e9s pendant une semaine (du 3 au 9 octobre), ce qui n\u2019est pas forc\u00e9ment \u00e9vident pour tout le monde.<\/p>\n<p>&nbsp;<\/p>\n<p>&nbsp;<\/p>\n<p>Comme d\u2019habitude, ce sont les responsables du FIFF qui ont choisi les quatre jur\u00e9s. Ils ont \u00e9t\u00e9 retenus sur base d\u2019une critique de film envoy\u00e9e par mail, selon des crit\u00e8res permettant de repr\u00e9senter le mieux possible le spectre des cin\u00e9philes int\u00e9ress\u00e9s par le cin\u00e9ma belge : deux hommes, deux femmes, des \u00e2ges et des univers vari\u00e9s, etc\u2026.<\/p>\n<p>&nbsp;<\/p>\n<p>Voici les heureux \u00e9lus :<\/p>\n<p>&nbsp;<\/p>\n<p><b><a href=\"http:\/\/www.cinevox.be\/prix-cinevox-au-fiff-voila-jury\/mad-art\/\" rel=\"attachment wp-att-61387\"><img loading=\"lazy\" decoding=\"async\" class=\"alignleft  wp-image-61387\" alt=\"\" src=\"http:\/\/www.cinevox.be\/wp-content\/uploads\/2014\/09\/mad-art.jpg\" width=\"266\" height=\"266\" srcset=\"https:\/\/w-l-c.be\/wp-content\/uploads\/2014\/09\/mad-art.jpg 332w, https:\/\/w-l-c.be\/wp-content\/uploads\/2014\/09\/mad-art-270x270.jpg 270w, https:\/\/w-l-c.be\/wp-content\/uploads\/2014\/09\/mad-art-87x87.jpg 87w\" sizes=\"auto, (max-width: 266px) 100vw, 266px\" \/><\/a>Madyson Herbrecht<\/b> aura 22 ans le 17 septembre. Elle est originaire du Borinage et \u00e9tudie \u00e0 Bruxelles depuis 3 ans. Elle d\u00e9vore le cin\u00e9ma avec avidit\u00e9, et l\u2019\u00e9criture est chez elle une seconde nature.<\/p>\n<p>Elle est actuellement \u00e0 l\u2019Insas, \u00e9cole de cin\u00e9ma, o\u00f9 elle suit une formation d\u2019op\u00e9rateur son. Par la suite, elle compte entreprendre des \u00e9tudes de communication, afin de devenir agent artistique dans la musique.<br \/>\nPour convaincre les s\u00e9lectionneurs, elle a d\u00e9cortiqu\u00e9 le film d\u2019H\u00e9l\u00e8ne Cattet et Bruno Forzani, <i>L\u2019\u00e9trange couleur des larmes de ton corps<\/i><\/p>\n<p>&nbsp;<\/p>\n<p>&nbsp;<\/p>\n<p>&nbsp;<\/p>\n<p>&nbsp;<\/p>\n<p>&nbsp;<\/p>\n<p><b><a href=\"http:\/\/www.cinevox.be\/prix-cinevox-au-fiff-voila-jury\/mat-art\/\" rel=\"attachment wp-att-61385\"><img loading=\"lazy\" decoding=\"async\" class=\"alignright  wp-image-61385\" alt=\"\" src=\"http:\/\/www.cinevox.be\/wp-content\/uploads\/2014\/09\/mat-art.jpg\" width=\"266\" height=\"266\" srcset=\"https:\/\/w-l-c.be\/wp-content\/uploads\/2014\/09\/mat-art.jpg 332w, https:\/\/w-l-c.be\/wp-content\/uploads\/2014\/09\/mat-art-270x270.jpg 270w, https:\/\/w-l-c.be\/wp-content\/uploads\/2014\/09\/mat-art-87x87.jpg 87w\" sizes=\"auto, (max-width: 266px) 100vw, 266px\" \/><\/a>Mathieu Didembourg<\/b> a trente ans. Il est chauffeur de direction \u00e0 l\u2019Universit\u00e9 de Namur, passionn\u00e9 de cin\u00e9ma\u2026 et de volley-ball. Il entra\u00eene d\u2019ailleurs une \u00e9quipe f\u00e9minine.<\/p>\n<p>Cin\u00e9phile boulimique, il poss\u00e8de une vid\u00e9oth\u00e8que de plus de 1000 titres et passe pour une v\u00e9ritable encyclop\u00e9die sur le 7e art entre 1985 et aujourd\u2019hui.<\/p>\n<p>Il a d\u00e9fendu sa candidature en d\u00e9cortiquant deux films qu\u2019on aime tout particuli\u00e8rement : <i>Mobile Home<\/i> et <i>Dead man Talking.<\/i><\/p>\n<p>&nbsp;<\/p>\n<p>&nbsp;<\/p>\n<p>&nbsp;<\/p>\n<p>&nbsp;<\/p>\n<p><a href=\"http:\/\/www.cinevox.be\/prix-cinevox-au-fiff-voila-jury\/chantal-2\/\" rel=\"attachment wp-att-61386\"><img loading=\"lazy\" decoding=\"async\" class=\"alignleft  wp-image-61386\" alt=\"\" src=\"http:\/\/www.cinevox.be\/wp-content\/uploads\/2014\/09\/chantal1.jpg\" width=\"266\" height=\"266\" srcset=\"https:\/\/w-l-c.be\/wp-content\/uploads\/2014\/09\/chantal1.jpg 332w, https:\/\/w-l-c.be\/wp-content\/uploads\/2014\/09\/chantal1-270x270.jpg 270w, https:\/\/w-l-c.be\/wp-content\/uploads\/2014\/09\/chantal1-87x87.jpg 87w\" sizes=\"auto, (max-width: 266px) 100vw, 266px\" \/><\/a>Ce n\u2019est pas trahir un secret que de r\u00e9v\u00e9ler que <b>Chantal Donceel-Bordet<\/b> sera l\u2019a\u00een\u00e9e du jury. Passionn\u00e9e de cin\u00e9ma et de th\u00e9\u00e2tre depuis longtemps, elle aime partager avec d\u2019autres son point de vue sur les films qu\u2019elle visionne au cin\u00e9ma avec des amis.<\/p>\n<p>Les relations interculturelles l\u2019int\u00e9ressent beaucoup. Ses pr\u00e9f\u00e9rences vont aux films d\u2019auteur francophones, africains (elle a v\u00e9cu au Rwanda) et asiatiques. Enseignante pendant 35 ans, elle a eu tr\u00e8s souvent le plaisir de proposer \u00e0 ses \u00e9l\u00e8ves des films \u00ab\u00a0forums\u00a0\u00bb qui \u00e9taient ensuite analys\u00e9s et diss\u00e9qu\u00e9s.<\/p>\n<p>Dans son mail, elle nous a parl\u00e9 de <i>The broken circle breakdown.<\/i><\/p>\n<p>&nbsp;<\/p>\n<p>&nbsp;<\/p>\n<p>&nbsp;<\/p>\n<p><b><a href=\"http:\/\/www.cinevox.be\/prix-cinevox-au-fiff-voila-jury\/jer-art\/\" rel=\"attachment wp-att-61388\"><img loading=\"lazy\" decoding=\"async\" class=\" wp-image-61388 alignright\" alt=\"\" src=\"http:\/\/www.cinevox.be\/wp-content\/uploads\/2014\/09\/jer-art.jpg\" width=\"266\" height=\"265\" srcset=\"https:\/\/w-l-c.be\/wp-content\/uploads\/2014\/09\/jer-art.jpg 332w, https:\/\/w-l-c.be\/wp-content\/uploads\/2014\/09\/jer-art-270x270.jpg 270w, https:\/\/w-l-c.be\/wp-content\/uploads\/2014\/09\/jer-art-87x87.jpg 87w\" sizes=\"auto, (max-width: 266px) 100vw, 266px\" \/><\/a>Jeremy Van Cromphaut<\/b>, 27 ans ne nous a, jusqu\u2019ici pas appris grand-chose de lui. On sait simplement qu\u2019il est assistant social, tr\u00e8s int\u00e9ress\u00e9 par les m\u00e9dias et qu\u2019il r\u00e9side \u00e0 Uccle.<\/p>\n<p>Par contre, il s\u2019est fendu pour d\u00e9fendre sa candidature d\u2019une analyse enthousiaste et tr\u00e8s pertinente d\u2019<i>Au nom du fils<\/i>, l\u2019avant-dernier film de Vincent Lannoo avec une prestation m\u00e9morable d\u2019Astrid Whettnall.<\/p>\n<p>Un texte qui a s\u00e9duit les s\u00e9lectionneurs du FIFF; et nous avec, m\u00eame s\u2019il est important de rappeler que nous n\u2019avons pas particip\u00e9 \u00e0 la s\u00e9lection.<\/p>\n<p>&nbsp;<\/p>\n<p>&nbsp;<\/p>\n<p>&nbsp;<\/p>\n<p>&nbsp;<\/p>\n<p>&nbsp;<\/p>\n<p>Les quatre heureux \u00e9lus deviendront les ambassadeurs de notre projet et remettront le prix au laur\u00e9at lors d\u2019une soir\u00e9e tr\u00e8s sp\u00e9ciale, organis\u00e9e dans le cadre du Festival \u00e0 Namur, le jeudi 9 octobre en pr\u00e9sence de nombreux professionnels. Un moment de grande convivialit\u00e9 comme vous le confirmeront ceux qui y ont assist\u00e9 l\u2019an dernier.<\/p>\n<p>D\u2019ici l\u00e0, ils passeront une semaine forc\u00e9ment inoubliable dans une des manifestations les plus sympathiques de la plan\u00e8te cin\u00e9. Que du plaisir, donc.<\/p>\n","protected":false},"excerpt":{"rendered":"<p>Pour la troisi\u00e8me\u00a0ann\u00e9e cons\u00e9cutive, Cinevox est presenting sponsor du FIFF aux c\u00f4t\u00e9s de la RTBF. Et pour cause: le Festival international du film francophone de Namur est un des grands \u00e9v\u00e9nements cin\u00e9matographiques de la rentr\u00e9e avec le FFO \u00e0 Ostende et les BNP Paribas Fortis Film Days. Cinevox est donc un partenaire actif et enthousiaste &hellip;<\/p>\n","protected":false},"author":7,"featured_media":61390,"comment_status":"closed","ping_status":"closed","sticky":false,"template":"","format":"standard","meta":{"ngg_post_thumbnail":0,"footnotes":""},"categories":[1923,7],"tags":[],"class_list":["post-61381","post","type-post","status-publish","format-standard","has-post-thumbnail","","category-en-bref","category-actualites"],"yoast_head":"<!-- This site is optimized with the Yoast SEO plugin v20.4 - https:\/\/yoast.com\/wordpress\/plugins\/seo\/ -->\n<title>Prix Cinevox 2014 au FIFF : voil\u00e0 le jury ! - w-l-c<\/title>\n<meta name=\"robots\" content=\"noindex, follow, max-snippet:-1, max-image-preview:large, max-video-preview:-1\" \/>\n<meta property=\"og:locale\" content=\"fr_FR\" \/>\n<meta property=\"og:type\" content=\"article\" \/>\n<meta property=\"og:title\" content=\"Prix Cinevox 2014 au FIFF : voil\u00e0 le jury ! - w-l-c\" \/>\n<meta property=\"og:description\" content=\"Pour la troisi\u00e8me\u00a0ann\u00e9e cons\u00e9cutive, Cinevox est presenting sponsor du FIFF aux c\u00f4t\u00e9s de la RTBF. Et pour cause: le Festival international du film francophone de Namur est un des grands \u00e9v\u00e9nements cin\u00e9matographiques de la rentr\u00e9e avec le FFO \u00e0 Ostende et les BNP Paribas Fortis Film Days. Cinevox est donc un partenaire actif et enthousiaste &hellip;\" \/>\n<meta property=\"og:url\" content=\"https:\/\/w-l-c.be\/fr\/prix-cinevox-au-fiff-voila-jury\/\" \/>\n<meta property=\"og:site_name\" content=\"w-l-c\" \/>\n<meta property=\"article:published_time\" content=\"2014-09-03T09:45:44+00:00\" \/>\n<meta property=\"article:modified_time\" content=\"2014-09-08T13:53:03+00:00\" \/>\n<meta property=\"og:image\" content=\"https:\/\/w-l-c.be\/wp-content\/uploads\/2014\/09\/IMG_7004.jpg\" \/>\n\t<meta property=\"og:image:width\" content=\"5184\" \/>\n\t<meta property=\"og:image:height\" content=\"3456\" \/>\n\t<meta property=\"og:image:type\" content=\"image\/jpeg\" \/>\n<meta name=\"author\" content=\"Philippe.Pierquin\" \/>\n<meta name=\"twitter:card\" content=\"summary_large_image\" \/>\n<meta name=\"twitter:label1\" content=\"\u00c9crit par\" \/>\n\t<meta name=\"twitter:data1\" content=\"Philippe.Pierquin\" \/>\n\t<meta name=\"twitter:label2\" content=\"Dur\u00e9e de lecture estim\u00e9e\" \/>\n\t<meta name=\"twitter:data2\" content=\"5 minutes\" \/>\n<script type=\"application\/ld+json\" class=\"yoast-schema-graph\">{\"@context\":\"https:\/\/schema.org\",\"@graph\":[{\"@type\":\"WebPage\",\"@id\":\"https:\/\/w-l-c.be\/fr\/prix-cinevox-au-fiff-voila-jury\/\",\"url\":\"https:\/\/w-l-c.be\/fr\/prix-cinevox-au-fiff-voila-jury\/\",\"name\":\"Prix Cinevox 2014 au FIFF : voil\u00e0 le jury ! - w-l-c\",\"isPartOf\":{\"@id\":\"https:\/\/w-l-c.be\/fr\/#website\"},\"datePublished\":\"2014-09-03T09:45:44+00:00\",\"dateModified\":\"2014-09-08T13:53:03+00:00\",\"author\":{\"@id\":\"https:\/\/w-l-c.be\/fr\/#\/schema\/person\/4b9b1d857f0943453a38a7c2859ef756\"},\"breadcrumb\":{\"@id\":\"https:\/\/w-l-c.be\/fr\/prix-cinevox-au-fiff-voila-jury\/#breadcrumb\"},\"inLanguage\":\"fr-FR\",\"potentialAction\":[{\"@type\":\"ReadAction\",\"target\":[\"https:\/\/w-l-c.be\/fr\/prix-cinevox-au-fiff-voila-jury\/\"]}]},{\"@type\":\"BreadcrumbList\",\"@id\":\"https:\/\/w-l-c.be\/fr\/prix-cinevox-au-fiff-voila-jury\/#breadcrumb\",\"itemListElement\":[{\"@type\":\"ListItem\",\"position\":1,\"name\":\"Accueil\",\"item\":\"https:\/\/w-l-c.be\/fr\/\"},{\"@type\":\"ListItem\",\"position\":2,\"name\":\"Prix Cinevox 2014 au FIFF : voil\u00e0 le jury !\"}]},{\"@type\":\"WebSite\",\"@id\":\"https:\/\/w-l-c.be\/fr\/#website\",\"url\":\"https:\/\/w-l-c.be\/fr\/\",\"name\":\"w-l-c\",\"description\":\"Le cin\u00e9ma vu par les belges\",\"potentialAction\":[{\"@type\":\"SearchAction\",\"target\":{\"@type\":\"EntryPoint\",\"urlTemplate\":\"https:\/\/w-l-c.be\/fr\/?s={search_term_string}\"},\"query-input\":\"required name=search_term_string\"}],\"inLanguage\":\"fr-FR\"},{\"@type\":\"Person\",\"@id\":\"https:\/\/w-l-c.be\/fr\/#\/schema\/person\/4b9b1d857f0943453a38a7c2859ef756\",\"name\":\"Philippe.Pierquin\",\"url\":\"https:\/\/w-l-c.be\/fr\/author\/philippe-pierquin\/\"}]}<\/script>\n<!-- \/ Yoast SEO plugin. -->","yoast_head_json":{"title":"Prix Cinevox 2014 au FIFF : voil\u00e0 le jury ! - w-l-c","robots":{"index":"noindex","follow":"follow","max-snippet":"max-snippet:-1","max-image-preview":"max-image-preview:large","max-video-preview":"max-video-preview:-1"},"og_locale":"fr_FR","og_type":"article","og_title":"Prix Cinevox 2014 au FIFF : voil\u00e0 le jury ! - w-l-c","og_description":"Pour la troisi\u00e8me\u00a0ann\u00e9e cons\u00e9cutive, Cinevox est presenting sponsor du FIFF aux c\u00f4t\u00e9s de la RTBF. Et pour cause: le Festival international du film francophone de Namur est un des grands \u00e9v\u00e9nements cin\u00e9matographiques de la rentr\u00e9e avec le FFO \u00e0 Ostende et les BNP Paribas Fortis Film Days. Cinevox est donc un partenaire actif et enthousiaste &hellip;","og_url":"https:\/\/w-l-c.be\/fr\/prix-cinevox-au-fiff-voila-jury\/","og_site_name":"w-l-c","article_published_time":"2014-09-03T09:45:44+00:00","article_modified_time":"2014-09-08T13:53:03+00:00","og_image":[{"width":5184,"height":3456,"url":"https:\/\/w-l-c.be\/wp-content\/uploads\/2014\/09\/IMG_7004.jpg","type":"image\/jpeg"}],"author":"Philippe.Pierquin","twitter_card":"summary_large_image","twitter_misc":{"\u00c9crit par":"Philippe.Pierquin","Dur\u00e9e de lecture estim\u00e9e":"5 minutes"},"schema":{"@context":"https:\/\/schema.org","@graph":[{"@type":"WebPage","@id":"https:\/\/w-l-c.be\/fr\/prix-cinevox-au-fiff-voila-jury\/","url":"https:\/\/w-l-c.be\/fr\/prix-cinevox-au-fiff-voila-jury\/","name":"Prix Cinevox 2014 au FIFF : voil\u00e0 le jury ! - w-l-c","isPartOf":{"@id":"https:\/\/w-l-c.be\/fr\/#website"},"datePublished":"2014-09-03T09:45:44+00:00","dateModified":"2014-09-08T13:53:03+00:00","author":{"@id":"https:\/\/w-l-c.be\/fr\/#\/schema\/person\/4b9b1d857f0943453a38a7c2859ef756"},"breadcrumb":{"@id":"https:\/\/w-l-c.be\/fr\/prix-cinevox-au-fiff-voila-jury\/#breadcrumb"},"inLanguage":"fr-FR","potentialAction":[{"@type":"ReadAction","target":["https:\/\/w-l-c.be\/fr\/prix-cinevox-au-fiff-voila-jury\/"]}]},{"@type":"BreadcrumbList","@id":"https:\/\/w-l-c.be\/fr\/prix-cinevox-au-fiff-voila-jury\/#breadcrumb","itemListElement":[{"@type":"ListItem","position":1,"name":"Accueil","item":"https:\/\/w-l-c.be\/fr\/"},{"@type":"ListItem","position":2,"name":"Prix Cinevox 2014 au FIFF : voil\u00e0 le jury !"}]},{"@type":"WebSite","@id":"https:\/\/w-l-c.be\/fr\/#website","url":"https:\/\/w-l-c.be\/fr\/","name":"w-l-c","description":"Le cin\u00e9ma vu par les belges","potentialAction":[{"@type":"SearchAction","target":{"@type":"EntryPoint","urlTemplate":"https:\/\/w-l-c.be\/fr\/?s={search_term_string}"},"query-input":"required name=search_term_string"}],"inLanguage":"fr-FR"},{"@type":"Person","@id":"https:\/\/w-l-c.be\/fr\/#\/schema\/person\/4b9b1d857f0943453a38a7c2859ef756","name":"Philippe.Pierquin","url":"https:\/\/w-l-c.be\/fr\/author\/philippe-pierquin\/"}]}},"_links":{"self":[{"href":"https:\/\/w-l-c.be\/fr\/wp-json\/wp\/v2\/posts\/61381","targetHints":{"allow":["GET"]}}],"collection":[{"href":"https:\/\/w-l-c.be\/fr\/wp-json\/wp\/v2\/posts"}],"about":[{"href":"https:\/\/w-l-c.be\/fr\/wp-json\/wp\/v2\/types\/post"}],"author":[{"embeddable":true,"href":"https:\/\/w-l-c.be\/fr\/wp-json\/wp\/v2\/users\/7"}],"replies":[{"embeddable":true,"href":"https:\/\/w-l-c.be\/fr\/wp-json\/wp\/v2\/comments?post=61381"}],"version-history":[{"count":0,"href":"https:\/\/w-l-c.be\/fr\/wp-json\/wp\/v2\/posts\/61381\/revisions"}],"wp:featuredmedia":[{"embeddable":true,"href":"https:\/\/w-l-c.be\/fr\/wp-json\/wp\/v2\/media\/61390"}],"wp:attachment":[{"href":"https:\/\/w-l-c.be\/fr\/wp-json\/wp\/v2\/media?parent=61381"}],"wp:term":[{"taxonomy":"category","embeddable":true,"href":"https:\/\/w-l-c.be\/fr\/wp-json\/wp\/v2\/categories?post=61381"},{"taxonomy":"post_tag","embeddable":true,"href":"https:\/\/w-l-c.be\/fr\/wp-json\/wp\/v2\/tags?post=61381"}],"curies":[{"name":"wp","href":"https:\/\/api.w.org\/{rel}","templated":true}]}}