
{"id":61545,"date":"2014-09-05T08:31:21","date_gmt":"2014-09-05T06:31:21","guid":{"rendered":"http:\/\/www.cinevox.be\/?p=61545"},"modified":"2014-09-05T08:44:17","modified_gmt":"2014-09-05T06:44:17","slug":"dream-team-belge-toronto","status":"publish","type":"post","link":"https:\/\/w-l-c.be\/fr\/dream-team-belge-toronto\/","title":{"rendered":"Dream team belge \u00e0 Toronto"},"content":{"rendered":"<p>Consid\u00e9r\u00e9 par beaucoup comme la deuxi\u00e8me plus importante manifestation cin\u00e9matographique au monde apr\u00e8s Cannes, le festival de Toronto (TIFF) accueille cette ann\u00e9e encore un grand nombre de Premi\u00e8res de prestige ainsi qu\u2019un march\u00e9 dynamique qui en font LE rendez-vous incontournable d\u2019Am\u00e9rique du Nord.<\/p>\n<p>Comme lors du festival des films du monde qui s&rsquo;est achev\u00e9 lundi \u00e0 Montr\u00e9al, les productions belges y brilleront tout particuli\u00e8rement.<!--more--><\/p>\n<p>&nbsp;<\/p>\n<p>&nbsp;<\/p>\n<p><a href=\"http:\/\/www.cinevox.be\/dream-team-belge-toronto\/image-2-2\/\" rel=\"attachment wp-att-61553\"><img loading=\"lazy\" decoding=\"async\" class=\"aligncenter size-large wp-image-61553\" alt=\"\" src=\"http:\/\/www.cinevox.be\/wp-content\/uploads\/2014\/09\/image-2-800x441.jpg\" width=\"640\" height=\"352\" srcset=\"https:\/\/w-l-c.be\/wp-content\/uploads\/2014\/09\/image-2-800x441.jpg 800w, https:\/\/w-l-c.be\/wp-content\/uploads\/2014\/09\/image-2-480x264.jpg 480w, https:\/\/w-l-c.be\/wp-content\/uploads\/2014\/09\/image-2.jpg 1000w\" sizes=\"auto, (max-width: 640px) 100vw, 640px\" \/><\/a><\/p>\n<p>&nbsp;<\/p>\n<p><i>All\u00e9luia <\/i>de <b>Fabrice du Welz<\/b>, pr\u00e9sent\u00e9 en premi\u00e8re mondiale \u00e0 la Quinzaine des R\u00e9alisateurs \u00e0 Cannes fera l\u00e0 ses d\u00e9buts sur le continent am\u00e9ricain. Le quatri\u00e8me long m\u00e9trage de Fabrice du Welz qui raconte la folle course en avant d&rsquo;un couple de tueurs en s\u00e9rie est interpr\u00e9t\u00e9 par Lola Due\u00f1as et Laurent Lucas. Il s&rsquo;inspire tr\u00e8s librement de Martha Beck et Raymond Fernandez qui d\u00e9fray\u00e8rent la chronique aux \u00c9tats-Unis dans les ann\u00e9es 1940. Mais, croyez-nous sur parole, le film est tout sauf un remake des <i>Amants de la lune de miel.<\/i><\/p>\n<p>&nbsp;<\/p>\n<p><a href=\"http:\/\/www.cinevox.be\/dream-team-belge-toronto\/09_wl_street\/\" rel=\"attachment wp-att-61554\"><img loading=\"lazy\" decoding=\"async\" class=\"aligncenter size-large wp-image-61554\" alt=\"\" src=\"http:\/\/www.cinevox.be\/wp-content\/uploads\/2014\/09\/09_wl_street-800x524.jpg\" width=\"640\" height=\"419\" srcset=\"https:\/\/w-l-c.be\/wp-content\/uploads\/2014\/09\/09_wl_street-800x524.jpg 800w, https:\/\/w-l-c.be\/wp-content\/uploads\/2014\/09\/09_wl_street-412x270.jpg 412w\" sizes=\"auto, (max-width: 640px) 100vw, 640px\" \/><\/a><\/p>\n<p>&nbsp;<\/p>\n<p>Autre film piment\u00e9 \u00e9pingl\u00e9 \u00e0 Toronto, <i>Waste Land<\/i> est le troisi\u00e8me long m\u00e9trage de <b>Pieter Van Hees<\/b> et le dernier \u00e9l\u00e9ment de son triptyque <i>Anatomie de l\u2019Amour et de la Douleur<\/i>. Il sera \u00e9galement programm\u00e9 dans la section Vanguard qui fait la part belle aux films \u2018provocateurs, sexy\u2026 et potentiellement dangereux\u2019.<\/p>\n<p>&nbsp;<\/p>\n<p>Apr\u00e8s l\u2019intrigant <i>Linkeroever (Left Bank)<\/i> (2008) et <i>Dirty Mind<\/i> (2009), Pieter Van Hees revient aux affaires avec un thriller psychologique dans lequel un inspecteur de police interpr\u00e9t\u00e9 par<b> J\u00e9r\u00e9mie R\u00e9nier <\/b>enqu\u00eate sur une mort myst\u00e9rieuse \u00e0 Bruxelles. Une plong\u00e9e en apn\u00e9e dans une Bruxelles inconnue et mena\u00e7ante qui s&rsquo;apparente pour le policier \u00e0 une descente aux enfers. Lorsque sa compagne lui apprend qu\u2019elle est enceinte, il perd compl\u00e8tement les p\u00e9dales.<\/p>\n<p>&nbsp;<\/p>\n<p><i>Waste Land<\/i> et <i>Alleluia<\/i> ont d\u00e9j\u00e0 \u00e9t\u00e9 propos\u00e9s dans des capsules Cinevox diffus\u00e9es en salles que vous pouvez retrouver <a href=\"http:\/\/www.cinevox.be\/cinevox-27-novembredecembre-2013-alleluia-marche-concours\">ICI<\/a> et <a href=\"http:\/\/www.cinevox.be\/cinevox-23-juillet-2013-waste-land-etre\">ICI<\/a><\/p>\n<p>&nbsp;<\/p>\n<p><a href=\"http:\/\/www.cinevox.be\/dream-team-belge-toronto\/maurice-luijten-is-sam-in-welpcub-jonas-govaertspotemkino-2014-2\/\" rel=\"attachment wp-att-61555\"><img loading=\"lazy\" decoding=\"async\" class=\"aligncenter size-large wp-image-61555\" alt=\"\" src=\"http:\/\/www.cinevox.be\/wp-content\/uploads\/2014\/09\/CUB_1_scope-thumb-2000x833-41306-800x333.jpg\" width=\"640\" height=\"266\" srcset=\"https:\/\/w-l-c.be\/wp-content\/uploads\/2014\/09\/CUB_1_scope-thumb-2000x833-41306-800x333.jpg 800w, https:\/\/w-l-c.be\/wp-content\/uploads\/2014\/09\/CUB_1_scope-thumb-2000x833-41306-480x199.jpg 480w, https:\/\/w-l-c.be\/wp-content\/uploads\/2014\/09\/CUB_1_scope-thumb-2000x833-41306.jpg 2000w\" sizes=\"auto, (max-width: 640px) 100vw, 640px\" \/><\/a><\/p>\n<p>&nbsp;<\/p>\n<p><i>Welp<\/i>, qui sera diffus\u00e9 dans les pays anglo-saxons sous le titre de Cub, a trouv\u00e9 sa place au sein du programme Midnight Madness, des s\u00e9ances de minuit qui proposent des films de genre.<\/p>\n<p>Le personnage principal est Sam, un jeune scout de 12 ans. Lorsqu\u2019il arrive \u00e0 son camp, Sam se rend vite compte que quelque chose ne tourne pas rond. Dans le bois, il d\u00e9couvre un enfant masqu\u00e9 qui se cache dans une cabane \u00e9trange. Cependant personne ne le croit quand il raconte son histoire. Du moins jusqu\u2019\u00e0 ce que le r\u00f4deur ne se rapproche et d\u00e9cime la troupe de louveteaux un \u00e0 un\u2026<\/p>\n<p>&nbsp;<\/p>\n<p>Les r\u00f4les principaux sont tenus par Maurice Luyten et Gill Eeckelaert aux c\u00f4t\u00e9s de Titus De Voogdt (<i>Ben X, 22 mai<\/i>), Stef Aerts (<i>Cordon, Adem\/Oxygen<\/i>), Evelien Bosmans (<i>Marina, Groenten uit Balen\/Germaine<\/i>) et Jan Hammenecker (<i>Ex Drummer, 22 mai, Max et Bobo, Tango Libre<\/i>).<\/p>\n<p>&nbsp;<\/p>\n<p>Ceux qui n&rsquo;ont pas encore vu la fulgurante bande-annonce du premier long m\u00e9trage de Jonas Govaerts, sans doute une des meilleures de l&rsquo;ann\u00e9e, peuvent cliquer <a href=\"http:\/\/www.cinevox.be\/welp-trailer\">ici<\/a>.<\/p>\n<p>&nbsp;<\/p>\n<p><a href=\"http:\/\/www.cinevox.be\/dream-team-belge-toronto\/1483948_560405517385865_259514126_o-3\/\" rel=\"attachment wp-att-61556\"><img loading=\"lazy\" decoding=\"async\" class=\"aligncenter size-large wp-image-61556\" alt=\"\" src=\"http:\/\/www.cinevox.be\/wp-content\/uploads\/2014\/09\/1483948_560405517385865_259514126_o-800x335.jpg\" width=\"640\" height=\"268\" srcset=\"https:\/\/w-l-c.be\/wp-content\/uploads\/2014\/09\/1483948_560405517385865_259514126_o-800x335.jpg 800w, https:\/\/w-l-c.be\/wp-content\/uploads\/2014\/09\/1483948_560405517385865_259514126_o-480x201.jpg 480w, https:\/\/w-l-c.be\/wp-content\/uploads\/2014\/09\/1483948_560405517385865_259514126_o.jpg 2048w\" sizes=\"auto, (max-width: 640px) 100vw, 640px\" \/><\/a><\/p>\n<p>&nbsp;<\/p>\n<p>Autre premier film belge, sign\u00e9 Douglas Boswell<i>, \u00a0Labyrinthus<\/i> sera, lui, \u00e0 l\u2019affiche de TIFF Kids, une section qui offre au public des \u0153uvres familiales venues du monde entier. Le film d&rsquo;aventures virtuelles sorti en Belgique d\u00e9but juillet effectuera l\u00e0 ses premiers pas sur le continent am\u00e9ricain o\u00f9 on est habitu\u00e9 \u00e0 ce genre de d\u00e9lassements spectaculaires. Le test sera donc fort int\u00e9ressant pour tous les observateurs.<\/p>\n<p>&nbsp;<\/p>\n<p>&nbsp;<\/p>\n<p>\u00c0 c\u00f4t\u00e9 de ces (nombreux) films \u00ab\u00a0de genre\u00a0\u00bb, autrefois rares dans le cin\u00e9ma belge, mais aujourd&rsquo;hui de plus en plus fr\u00e9quents (chouette !), le TIFF proposera \u00e9galement un visage beaucoup plus traditionnel de notre production. Du tr\u00e8s haut de gamme.<\/p>\n<p>&nbsp;<\/p>\n<p><a href=\"http:\/\/www.cinevox.be\/dream-team-belge-toronto\/tokyo-fiancee-2-2\/\" rel=\"attachment wp-att-61557\"><img loading=\"lazy\" decoding=\"async\" class=\"aligncenter size-large wp-image-61557\" alt=\"\" src=\"http:\/\/www.cinevox.be\/wp-content\/uploads\/2014\/09\/Tokyo-fiancee-2-800x443.jpg\" width=\"640\" height=\"354\" srcset=\"https:\/\/w-l-c.be\/wp-content\/uploads\/2014\/09\/Tokyo-fiancee-2-800x443.jpg 800w, https:\/\/w-l-c.be\/wp-content\/uploads\/2014\/09\/Tokyo-fiancee-2-480x266.jpg 480w\" sizes=\"auto, (max-width: 640px) 100vw, 640px\" \/><\/a><\/p>\n<p>&nbsp;<\/p>\n<p><i>Tokyo Fianc\u00e9e<\/i>, troisi\u00e8me long m\u00e9trage pour le cin\u00e9ma de <b>Stefan Liberski, <\/b>y sera projet\u00e9 en Premi\u00e8re Mondiale. Il sera pr\u00e9sent\u00e9 dans la section Cin\u00e9ma du Monde contemporain. Le public canadien d\u00e9couvrira donc avant les Belges une <b>Pauline \u00c9tienne<\/b> rayonnante dans cette adaptation J-pop du roman autobiographique d\u2019Am\u00e9lie Nothomb <i>Ni d\u2019\u00c8ve ni d\u2019Adam.<\/i><\/p>\n<p>Mais de ces d\u00e9tails, vous n\u2019ignorez presque plus rien puisque <b>Cinevox<\/b> vous propose depuis quelques semaines, des extraits d\u2019une interview 100% exclusive que nous avons eu la chance de r\u00e9aliser \u00e0 Paris avec le cin\u00e9aste et l\u2019\u00e9crivaine. Pour ceux qui ont manqu\u00e9 le train, une s\u00e9ance de rattrapage est possible en cliquant <a href=\"http:\/\/www.cinevox.be\/?s=tokyo+&amp;lang=fr\">ici<\/a>. <i>Tokyo Fianc\u00e9e<\/i> est aussi le film vedette de notre capsule actuellement diffus\u00e9e dans toutes les salles de cin\u00e9ma belges (voir <a href=\"http:\/\/www.cinevox.be\/cinevox-34-tokyo-fiancee-bnp-paribas-fortis-film-days\">ici<\/a>).<\/p>\n<p>Le film qui sort en Belgique le 8 octobre apr\u00e8s une Premi\u00e8re en ouverture du FIFF namurois le 3 sera d\u00e9cortiqu\u00e9 dans nos pages d\u00e8s lundi.<\/p>\n<p>&nbsp;<\/p>\n<p><a href=\"http:\/\/www.cinevox.be\/dream-team-belge-toronto\/agat-films-cie13\/\" rel=\"attachment wp-att-61558\"><img loading=\"lazy\" decoding=\"async\" class=\"aligncenter size-full wp-image-61558\" alt=\"\" src=\"http:\/\/www.cinevox.be\/wp-content\/uploads\/2014\/09\/\u00a9-Agat-Films-Cie13.jpg\" width=\"640\" height=\"427\" srcset=\"https:\/\/w-l-c.be\/wp-content\/uploads\/2014\/09\/\u00a9-Agat-Films-Cie13.jpg 640w, https:\/\/w-l-c.be\/wp-content\/uploads\/2014\/09\/\u00a9-Agat-Films-Cie13-404x270.jpg 404w\" sizes=\"auto, (max-width: 640px) 100vw, 640px\" \/><\/a><\/p>\n<p>&nbsp;<\/p>\n<p>Dans la m\u00eame section, <i>Pas son genre,<\/i> de <b>Lucas Belvaux <\/b>f\u00eatera sa Premi\u00e8re outre-Atlantique. Une belle d\u00e9couverte pour les spectateurs am\u00e9ricains qui risquent de se r\u00e9galer de cette love story atypique, craquante et (Lucas Belvaux oblige) impr\u00e9visible. Un film l\u00e9ger, dr\u00f4le, p\u00e9tillant, mais n\u00e9anmoins profond, un de nos musts de l\u2019ann\u00e9e, faut-il le r\u00e9p\u00e9ter (capsule <a href=\"http:\/\/www.cinevox.be\/cinevox-24-aout-2013-pas-son-genre-bnp-paribas-fortis-film-days\">ICI<\/a>, interviews <a href=\"http:\/\/www.cinevox.be\/?s=%22corbery%22&amp;lang=fr\">ICI<\/a>).<\/p>\n<p>&nbsp;<\/p>\n<p><a href=\"http:\/\/www.cinevox.be\/dream-team-belge-toronto\/2j1n_photo9_copyright-christine-plenus-5\/\" rel=\"attachment wp-att-61559\"><img loading=\"lazy\" decoding=\"async\" class=\"aligncenter size-large wp-image-61559\" alt=\"\" src=\"http:\/\/www.cinevox.be\/wp-content\/uploads\/2014\/09\/2J1N_photo9_copyright-christine-plenus1-800x532.jpg\" width=\"640\" height=\"425\" srcset=\"https:\/\/w-l-c.be\/wp-content\/uploads\/2014\/09\/2J1N_photo9_copyright-christine-plenus1-800x532.jpg 800w, https:\/\/w-l-c.be\/wp-content\/uploads\/2014\/09\/2J1N_photo9_copyright-christine-plenus1-405x270.jpg 405w\" sizes=\"auto, (max-width: 640px) 100vw, 640px\" \/><\/a><\/p>\n<p>&nbsp;<\/p>\n<p>Pl\u00e9biscit\u00e9 en mai \u00e0 Cannes, <i>Deux jours, une nuit<\/i> de Luc et <b>Jean-Pierre Dardenne<\/b> sera lui aussi de la partie gr\u00e2ce \u00e0 une pr\u00e9sentation sp\u00e9ciale, hors comp\u00e9tition. Pour le film des fr\u00e8res, il s&rsquo;agira d&rsquo;un premier pas sur le nouveau continent. Le premier d&rsquo;une longue s\u00e9rie, peut-\u00eatre qui pourrait mener \u00a0Marion Cotillard et Fabrizio Rongione jusqu&rsquo;aux Oscars. Sait-on jamais\u2026<\/p>\n<p>&nbsp;<\/p>\n<p><a href=\"http:\/\/www.cinevox.be\/dream-team-belge-toronto\/td-02-2\/\" rel=\"attachment wp-att-61560\"><img loading=\"lazy\" decoding=\"async\" class=\"aligncenter size-full wp-image-61560\" alt=\"\" src=\"http:\/\/www.cinevox.be\/wp-content\/uploads\/2014\/09\/TD-02.jpg\" width=\"640\" height=\"400\" srcset=\"https:\/\/w-l-c.be\/wp-content\/uploads\/2014\/09\/TD-02.jpg 640w, https:\/\/w-l-c.be\/wp-content\/uploads\/2014\/09\/TD-02-432x270.jpg 432w\" sizes=\"auto, (max-width: 640px) 100vw, 640px\" \/><\/a><\/p>\n<p>&nbsp;<\/p>\n<p>Parmi les autres films qui seront pr\u00e9sent\u00e9s lors du Festival de Toronto, on note encore deux titres li\u00e9s au cin\u00e9ma belge : <i>The Drop<\/i> qui sera projet\u00e9 en premi\u00e8re mondiale dans la section Special Presentations, a \u00e9t\u00e9 r\u00e9alis\u00e9 par le Belge <b>Micha\u00ebl R. Roskam, <\/b>l&rsquo;auteur de <i>Rundskop\/Bullhead<\/i>.<\/p>\n<p>Au g\u00e9n\u00e9rique, on retrouve <b>Tom Hardy, Noomi Rapace<\/b>, <b>James Gandolfini<\/b> et <b>Matthias Schoenaerts<\/b>, un acteur omnipr\u00e9sent, d\u00e9sormais bien implant\u00e9 dans l&rsquo;univers anglo-saxon qui tient \u00e9galement le r\u00f4le principal de<i> A Little Chaos <\/i>aux c\u00f4t\u00e9s de <b>Kate Winslet.<\/b> Il s\u2019agit d\u2019un drame historique dirig\u00e9 par l\u2019acteur-r\u00e9alisateur britannique Alan Rickman. Au Canada, il sera \u00e0 l&rsquo;affiche des Gala Presentations.<\/p>\n","protected":false},"excerpt":{"rendered":"<p>Consid\u00e9r\u00e9 par beaucoup comme la deuxi\u00e8me plus importante manifestation cin\u00e9matographique au monde apr\u00e8s Cannes, le festival de Toronto (TIFF) accueille cette ann\u00e9e encore un grand nombre de Premi\u00e8res de prestige ainsi qu\u2019un march\u00e9 dynamique qui en font LE rendez-vous incontournable d\u2019Am\u00e9rique du Nord. Comme lors du festival des films du monde qui s&rsquo;est achev\u00e9 lundi &hellip;<\/p>\n","protected":false},"author":7,"featured_media":61580,"comment_status":"closed","ping_status":"closed","sticky":false,"template":"","format":"standard","meta":{"ngg_post_thumbnail":0,"footnotes":""},"categories":[12],"tags":[],"class_list":["post-61545","post","type-post","status-publish","format-standard","has-post-thumbnail","","category-awards"],"yoast_head":"<!-- This site is optimized with the Yoast SEO plugin v20.4 - https:\/\/yoast.com\/wordpress\/plugins\/seo\/ -->\n<title>Dream team belge \u00e0 Toronto - w-l-c<\/title>\n<meta name=\"robots\" content=\"noindex, follow, max-snippet:-1, max-image-preview:large, max-video-preview:-1\" \/>\n<meta property=\"og:locale\" content=\"fr_FR\" \/>\n<meta property=\"og:type\" content=\"article\" \/>\n<meta property=\"og:title\" content=\"Dream team belge \u00e0 Toronto - w-l-c\" \/>\n<meta property=\"og:description\" content=\"Consid\u00e9r\u00e9 par beaucoup comme la deuxi\u00e8me plus importante manifestation cin\u00e9matographique au monde apr\u00e8s Cannes, le festival de Toronto (TIFF) accueille cette ann\u00e9e encore un grand nombre de Premi\u00e8res de prestige ainsi qu\u2019un march\u00e9 dynamique qui en font LE rendez-vous incontournable d\u2019Am\u00e9rique du Nord. Comme lors du festival des films du monde qui s&rsquo;est achev\u00e9 lundi &hellip;\" \/>\n<meta property=\"og:url\" content=\"https:\/\/w-l-c.be\/fr\/dream-team-belge-toronto\/\" \/>\n<meta property=\"og:site_name\" content=\"w-l-c\" \/>\n<meta property=\"article:published_time\" content=\"2014-09-05T06:31:21+00:00\" \/>\n<meta property=\"article:modified_time\" content=\"2014-09-05T06:44:17+00:00\" \/>\n<meta property=\"og:image\" content=\"https:\/\/w-l-c.be\/wp-content\/uploads\/2014\/09\/1380274_168384513358192_66840126_n.jpg\" \/>\n\t<meta property=\"og:image:width\" content=\"960\" \/>\n\t<meta property=\"og:image:height\" content=\"960\" \/>\n\t<meta property=\"og:image:type\" content=\"image\/jpeg\" \/>\n<meta name=\"author\" content=\"Philippe.Pierquin\" \/>\n<meta name=\"twitter:card\" content=\"summary_large_image\" \/>\n<meta name=\"twitter:label1\" content=\"\u00c9crit par\" \/>\n\t<meta name=\"twitter:data1\" content=\"Philippe.Pierquin\" \/>\n\t<meta name=\"twitter:label2\" content=\"Dur\u00e9e de lecture estim\u00e9e\" \/>\n\t<meta name=\"twitter:data2\" content=\"5 minutes\" \/>\n<script type=\"application\/ld+json\" class=\"yoast-schema-graph\">{\"@context\":\"https:\/\/schema.org\",\"@graph\":[{\"@type\":\"WebPage\",\"@id\":\"https:\/\/w-l-c.be\/fr\/dream-team-belge-toronto\/\",\"url\":\"https:\/\/w-l-c.be\/fr\/dream-team-belge-toronto\/\",\"name\":\"Dream team belge \u00e0 Toronto - w-l-c\",\"isPartOf\":{\"@id\":\"https:\/\/w-l-c.be\/fr\/#website\"},\"datePublished\":\"2014-09-05T06:31:21+00:00\",\"dateModified\":\"2014-09-05T06:44:17+00:00\",\"author\":{\"@id\":\"https:\/\/w-l-c.be\/fr\/#\/schema\/person\/4b9b1d857f0943453a38a7c2859ef756\"},\"breadcrumb\":{\"@id\":\"https:\/\/w-l-c.be\/fr\/dream-team-belge-toronto\/#breadcrumb\"},\"inLanguage\":\"fr-FR\",\"potentialAction\":[{\"@type\":\"ReadAction\",\"target\":[\"https:\/\/w-l-c.be\/fr\/dream-team-belge-toronto\/\"]}]},{\"@type\":\"BreadcrumbList\",\"@id\":\"https:\/\/w-l-c.be\/fr\/dream-team-belge-toronto\/#breadcrumb\",\"itemListElement\":[{\"@type\":\"ListItem\",\"position\":1,\"name\":\"Accueil\",\"item\":\"https:\/\/w-l-c.be\/fr\/\"},{\"@type\":\"ListItem\",\"position\":2,\"name\":\"Dream team belge \u00e0 Toronto\"}]},{\"@type\":\"WebSite\",\"@id\":\"https:\/\/w-l-c.be\/fr\/#website\",\"url\":\"https:\/\/w-l-c.be\/fr\/\",\"name\":\"w-l-c\",\"description\":\"Le cin\u00e9ma vu par les belges\",\"potentialAction\":[{\"@type\":\"SearchAction\",\"target\":{\"@type\":\"EntryPoint\",\"urlTemplate\":\"https:\/\/w-l-c.be\/fr\/?s={search_term_string}\"},\"query-input\":\"required name=search_term_string\"}],\"inLanguage\":\"fr-FR\"},{\"@type\":\"Person\",\"@id\":\"https:\/\/w-l-c.be\/fr\/#\/schema\/person\/4b9b1d857f0943453a38a7c2859ef756\",\"name\":\"Philippe.Pierquin\",\"url\":\"https:\/\/w-l-c.be\/fr\/author\/philippe-pierquin\/\"}]}<\/script>\n<!-- \/ Yoast SEO plugin. -->","yoast_head_json":{"title":"Dream team belge \u00e0 Toronto - w-l-c","robots":{"index":"noindex","follow":"follow","max-snippet":"max-snippet:-1","max-image-preview":"max-image-preview:large","max-video-preview":"max-video-preview:-1"},"og_locale":"fr_FR","og_type":"article","og_title":"Dream team belge \u00e0 Toronto - w-l-c","og_description":"Consid\u00e9r\u00e9 par beaucoup comme la deuxi\u00e8me plus importante manifestation cin\u00e9matographique au monde apr\u00e8s Cannes, le festival de Toronto (TIFF) accueille cette ann\u00e9e encore un grand nombre de Premi\u00e8res de prestige ainsi qu\u2019un march\u00e9 dynamique qui en font LE rendez-vous incontournable d\u2019Am\u00e9rique du Nord. Comme lors du festival des films du monde qui s&rsquo;est achev\u00e9 lundi &hellip;","og_url":"https:\/\/w-l-c.be\/fr\/dream-team-belge-toronto\/","og_site_name":"w-l-c","article_published_time":"2014-09-05T06:31:21+00:00","article_modified_time":"2014-09-05T06:44:17+00:00","og_image":[{"width":960,"height":960,"url":"https:\/\/w-l-c.be\/wp-content\/uploads\/2014\/09\/1380274_168384513358192_66840126_n.jpg","type":"image\/jpeg"}],"author":"Philippe.Pierquin","twitter_card":"summary_large_image","twitter_misc":{"\u00c9crit par":"Philippe.Pierquin","Dur\u00e9e de lecture estim\u00e9e":"5 minutes"},"schema":{"@context":"https:\/\/schema.org","@graph":[{"@type":"WebPage","@id":"https:\/\/w-l-c.be\/fr\/dream-team-belge-toronto\/","url":"https:\/\/w-l-c.be\/fr\/dream-team-belge-toronto\/","name":"Dream team belge \u00e0 Toronto - w-l-c","isPartOf":{"@id":"https:\/\/w-l-c.be\/fr\/#website"},"datePublished":"2014-09-05T06:31:21+00:00","dateModified":"2014-09-05T06:44:17+00:00","author":{"@id":"https:\/\/w-l-c.be\/fr\/#\/schema\/person\/4b9b1d857f0943453a38a7c2859ef756"},"breadcrumb":{"@id":"https:\/\/w-l-c.be\/fr\/dream-team-belge-toronto\/#breadcrumb"},"inLanguage":"fr-FR","potentialAction":[{"@type":"ReadAction","target":["https:\/\/w-l-c.be\/fr\/dream-team-belge-toronto\/"]}]},{"@type":"BreadcrumbList","@id":"https:\/\/w-l-c.be\/fr\/dream-team-belge-toronto\/#breadcrumb","itemListElement":[{"@type":"ListItem","position":1,"name":"Accueil","item":"https:\/\/w-l-c.be\/fr\/"},{"@type":"ListItem","position":2,"name":"Dream team belge \u00e0 Toronto"}]},{"@type":"WebSite","@id":"https:\/\/w-l-c.be\/fr\/#website","url":"https:\/\/w-l-c.be\/fr\/","name":"w-l-c","description":"Le cin\u00e9ma vu par les belges","potentialAction":[{"@type":"SearchAction","target":{"@type":"EntryPoint","urlTemplate":"https:\/\/w-l-c.be\/fr\/?s={search_term_string}"},"query-input":"required name=search_term_string"}],"inLanguage":"fr-FR"},{"@type":"Person","@id":"https:\/\/w-l-c.be\/fr\/#\/schema\/person\/4b9b1d857f0943453a38a7c2859ef756","name":"Philippe.Pierquin","url":"https:\/\/w-l-c.be\/fr\/author\/philippe-pierquin\/"}]}},"_links":{"self":[{"href":"https:\/\/w-l-c.be\/fr\/wp-json\/wp\/v2\/posts\/61545","targetHints":{"allow":["GET"]}}],"collection":[{"href":"https:\/\/w-l-c.be\/fr\/wp-json\/wp\/v2\/posts"}],"about":[{"href":"https:\/\/w-l-c.be\/fr\/wp-json\/wp\/v2\/types\/post"}],"author":[{"embeddable":true,"href":"https:\/\/w-l-c.be\/fr\/wp-json\/wp\/v2\/users\/7"}],"replies":[{"embeddable":true,"href":"https:\/\/w-l-c.be\/fr\/wp-json\/wp\/v2\/comments?post=61545"}],"version-history":[{"count":0,"href":"https:\/\/w-l-c.be\/fr\/wp-json\/wp\/v2\/posts\/61545\/revisions"}],"wp:featuredmedia":[{"embeddable":true,"href":"https:\/\/w-l-c.be\/fr\/wp-json\/wp\/v2\/media\/61580"}],"wp:attachment":[{"href":"https:\/\/w-l-c.be\/fr\/wp-json\/wp\/v2\/media?parent=61545"}],"wp:term":[{"taxonomy":"category","embeddable":true,"href":"https:\/\/w-l-c.be\/fr\/wp-json\/wp\/v2\/categories?post=61545"},{"taxonomy":"post_tag","embeddable":true,"href":"https:\/\/w-l-c.be\/fr\/wp-json\/wp\/v2\/tags?post=61545"}],"curies":[{"name":"wp","href":"https:\/\/api.w.org\/{rel}","templated":true}]}}