
{"id":61690,"date":"2014-09-11T09:17:30","date_gmt":"2014-09-11T07:17:30","guid":{"rendered":"http:\/\/www.cinevox.be\/?p=61690"},"modified":"2014-09-12T10:44:22","modified_gmt":"2014-09-12T08:44:22","slug":"arnaud-demuynck-sanime-les-planches","status":"publish","type":"post","link":"https:\/\/w-l-c.be\/fr\/arnaud-demuynck-sanime-les-planches\/","title":{"rendered":"Arnaud Demuynck s&rsquo;anime sur les planches"},"content":{"rendered":"<p><b>Arnaud Demuynck,<\/b> est un incroyable auteur-r\u00e9alisateur, sc\u00e9nariste et producteur, qui en quelques ann\u00e9es et projets a apport\u00e9 de belles lettres de noblesse au court m\u00e9trage d&rsquo;animation. Il est aujourd&rsquo;hui une r\u00e9f\u00e9rence dans ce secteur auquel il se consacre depuis les ann\u00e9es\u00a02000. Les techniques d\u2019animation, utilis\u00e9es dans ses films sont vari\u00e9es (volume, aquarelle, dessins anim\u00e9s, image de synth\u00e8se\u00a02D\/3D etc\u2026) et beaucoup de ses \u0153uvres sont s\u00e9lectionn\u00e9es et prim\u00e9es dans divers festivals internationaux.<\/p>\n<p>&nbsp;<\/p>\n<p style=\"text-align: right;\"><strong>par Maryline Laurin<\/strong><\/p>\n<p><!--more--><\/p>\n<p>&nbsp;<\/p>\n<p>\u00c0 c\u00f4t\u00e9 de son travail personnel, Arnaud Demuynck a d\u00e9couvert des r\u00e9alisateurs de talent que vous retrouvez fr\u00e9quemment dans les pages de Cinevox \u00e0 la rubrique palmar\u00e8s et dans Tout Court l&rsquo;\u00e9mission-culte de la Trois (chaque mercredi en fin de soir\u00e9e) : C\u00e9cilia Marreiros Maru, Nicolas Liguori (<i>L\u2019histoire du petit Paolo<\/i>), Hugo Frassetto (<i>Braise<\/i>), Vincent Bierrewaerts (<i>Le portefeuille<\/i>), R\u00e9mi Durin (<i>De si pr\u00e9s<\/i>), R\u00e9mi Vandenitte (<i>Betty\u2019s Blues<\/i>).<\/p>\n<p>&nbsp;<\/p>\n<p><a href=\"http:\/\/www.cinevox.be\/arnaud-demuynck-sanime-les-planches\/935192_817359698278371_1718629145_n\/\" rel=\"attachment wp-att-61691\"><img loading=\"lazy\" decoding=\"async\" class=\"alignright  wp-image-61691\" src=\"http:\/\/www.cinevox.be\/wp-content\/uploads\/2014\/09\/935192_817359698278371_1718629145_n-503x600.jpg\" alt=\"\" width=\"402\" height=\"480\" srcset=\"https:\/\/w-l-c.be\/wp-content\/uploads\/2014\/09\/935192_817359698278371_1718629145_n-503x600.jpg 503w, https:\/\/w-l-c.be\/wp-content\/uploads\/2014\/09\/935192_817359698278371_1718629145_n-226x270.jpg 226w, https:\/\/w-l-c.be\/wp-content\/uploads\/2014\/09\/935192_817359698278371_1718629145_n.jpg 641w\" sizes=\"auto, (max-width: 402px) 100vw, 402px\" \/><\/a>Bien avant les Ch\u2019tis , il y a presque vingt ans Arnaud Demuynck a mis le Nord dans la lumi\u00e8re et dans sa bo\u00eete de production: les Films du Nord. Personnage charismatique, il sait d\u00e9fendre ses passions et charmer son auditoire. Il a aussi le don de rassembler les \u00e9nergies. En premier lieu sur ses r\u00e9gions transfrontali\u00e8res : Les Films du Nord \u00e0 Roubaix, La Bo\u00eete,&#8230; Productions \u00e0 Bruxelles, Digit Anima \u00e0 Tournai et le Studio Eyeland \u00e0 Gand. Il a d\u2019ailleurs regroup\u00e9 toutes ces structures sous l\u2019appellation euroanima.net afin d\u2019assurer la cr\u00e9ation et la promotion (via l\u2019association Suivez Mon regard \u00e0 Mouscron) de ses films de divertissement ou de recherche dans le monde entier.<\/p>\n<p>&nbsp;<\/p>\n<p>Structurant son activit\u00e9 gr\u00e2ce \u00e0 cette dynamique transfrontali\u00e8re il est aussi connu en France qu\u2019en Belgique, avec des coproductions r\u00e9unissant des fonds des deux pays. Un de ses points forts est s\u00fbrement cette fameuse coproduction pour le court m\u00e9trage qui se pratique habituellement plut\u00f4t dans le long. Il travaille r\u00e9guli\u00e8rement avec des soci\u00e9t\u00e9s comme Folimage \u00e0 Valence, Vivement lundi \u00e0 Rennes, l\u2019Enclume \u00e0 Bruxelles, Digital Graphics \u00e0 Alleur, Lunanime \u00e0 Gand, Les Trois Ours \u00e0 Angoul\u00eame&#8230;<\/p>\n<p>&nbsp;<\/p>\n<p>Figure embl\u00e9matique du genre, Arnaud Demuynck a h\u00e9rit\u00e9 de plusieurs cartes blanches dans divers festivals pris\u00e9s comme Anima en 2007, ou Itin\u00e9rances \u00e0 Al\u00e8s \u2026 Il vient d\u2019\u00eatre nomin\u00e9 pour le Lutin du meilleur film en tant que producteur, pour <i>Betty\u2019s Blues<\/i> de R\u00e9mi Vandenitte et pour Braise de Hugo Frassetto!<\/p>\n<p>&nbsp;<\/p>\n<p><a href=\"http:\/\/www.cinevox.be\/arnaud-demuynck-sanime-les-planches\/signe\/\" rel=\"attachment wp-att-61692\"><img loading=\"lazy\" decoding=\"async\" class=\"alignright size-large wp-image-61692\" src=\"http:\/\/www.cinevox.be\/wp-content\/uploads\/2014\/09\/signe-800x478.jpg\" alt=\"\" width=\"640\" height=\"382\" srcset=\"https:\/\/w-l-c.be\/wp-content\/uploads\/2014\/09\/signe-800x478.jpg 800w, https:\/\/w-l-c.be\/wp-content\/uploads\/2014\/09\/signe-451x270.jpg 451w\" sizes=\"auto, (max-width: 640px) 100vw, 640px\" \/><\/a><\/p>\n<p>&nbsp;<\/p>\n<p>En qualit\u00e9 de r\u00e9alisateur, personne n\u2019a oubli\u00e9 son sublime <i>Signes de vie (photo ci-dessus)<\/i> sur le th\u00e8me du suicide, aux lignes \u00e9pur\u00e9es et au message subtilement positif. Pr\u00e9sent\u00e9 \u00e0 la Semaine de la critique \u00e0 Cannes en 2004 il a \u00e9t\u00e9 prim\u00e9 dans plusieurs manifestations cin\u00e9matographiques dont celle\u00a0de Namur. D\u2019autres, eux aussi centr\u00e9s sur des sujets d\u2019actualit\u00e9 ont suivi : <i>A l\u2019ombre du voile, M\u00e9moire fossile (ci-dessous).<\/i><\/p>\n<p>&nbsp;<\/p>\n<p><a href=\"http:\/\/www.cinevox.be\/arnaud-demuynck-sanime-les-planches\/memoire-2\/\" rel=\"attachment wp-att-61705\"><img loading=\"lazy\" decoding=\"async\" class=\"aligncenter size-full wp-image-61705\" src=\"http:\/\/www.cinevox.be\/wp-content\/uploads\/2014\/09\/m\u00e9moire1.jpg\" alt=\"\" width=\"640\" height=\"480\" srcset=\"https:\/\/w-l-c.be\/wp-content\/uploads\/2014\/09\/m\u00e9moire1.jpg 640w, https:\/\/w-l-c.be\/wp-content\/uploads\/2014\/09\/m\u00e9moire1-360x270.jpg 360w, https:\/\/w-l-c.be\/wp-content\/uploads\/2014\/09\/m\u00e9moire1-300x225.jpg 300w\" sizes=\"auto, (max-width: 640px) 100vw, 640px\" \/><\/a><\/p>\n<p>&nbsp;<\/p>\n<p>Le parfum de la carotte, le petit dernier, qui est sorti en salles en mars 2014 a remport\u00e9 le prix du jury, pour un sp\u00e9cial TV, au festival d\u2019Annecy en juin !\u00a0 Nous aurions pu penser qu\u2019avec une telle carte de visite et un tel palmar\u00e8s ce r\u00e9alisateur et producteur hyper prolifique pouvait \u00eatre un homme combl\u00e9 depuis longtemps, mais \u00e7a c\u2019\u00e9tait avant que nous le rencontrions et qu\u2019il nous d\u00e9voile au d\u00e9tour d\u2019une phrase son r\u00eave d\u2019adolescent, qu\u2019il a r\u00e9alis\u00e9 en partie cet \u00e9t\u00e9 : retourner au spectacle vivant !<\/p>\n<p>&nbsp;<\/p>\n<p><a href=\"http:\/\/www.cinevox.be\/arnaud-demuynck-sanime-les-planches\/le-directeur-de-lutopia-et-arnaud-demuynck-laurence-deydier-2\/\" rel=\"attachment wp-att-61694\"><img loading=\"lazy\" decoding=\"async\" class=\"aligncenter size-full wp-image-61694\" src=\"http:\/\/www.cinevox.be\/wp-content\/uploads\/2014\/09\/le-directeur-de-lUtopia-et-Arnaud-Demuynck-\u00a9Laurence-Deydier.1.jpg\" alt=\"\" width=\"640\" height=\"479\" srcset=\"https:\/\/w-l-c.be\/wp-content\/uploads\/2014\/09\/le-directeur-de-lUtopia-et-Arnaud-Demuynck-\u00a9Laurence-Deydier.1.jpg 640w, https:\/\/w-l-c.be\/wp-content\/uploads\/2014\/09\/le-directeur-de-lUtopia-et-Arnaud-Demuynck-\u00a9Laurence-Deydier.1-360x270.jpg 360w, https:\/\/w-l-c.be\/wp-content\/uploads\/2014\/09\/le-directeur-de-lUtopia-et-Arnaud-Demuynck-\u00a9Laurence-Deydier.1-300x225.jpg 300w\" sizes=\"auto, (max-width: 640px) 100vw, 640px\" \/><\/a><\/p>\n<p style=\"text-align: right;\"><em>Arnaud avec le directeur du cin\u00e9ma Utopia d&rsquo;Avignon\u00a0<\/em><\/p>\n<p>&nbsp;<\/p>\n<p>Le 21 juillet, Arnaud Demuynck \u00e9tait donc \u00e0 Avignon pour une projection exceptionnelle, de son dernier court <i>Le parfum de la carotte.<\/i> Exceptionnelle, car elle se faisait dans le cadre de la programmation du gargantuesque festival d\u2019Avignon.\u00a0 Au c\u0153ur du \u00ab\u00a0In\u00a0\u00bb !<\/p>\n<p>&nbsp;<\/p>\n<p>\u00ab\u00a0Olivier Py veut mettre plus de jeune public dans le In et cr\u00e9er entre autres des partenariats avec le cin\u00e9ma\u00a0\u00bb, explique Arnaud, heureux comme un pape (\u00e0 Avignon, \u00e7a fait sens). \u00ab\u00a0Le cin\u00e9ma Utopia a s\u00e9lectionn\u00e9 des programmes enfants avec certains courts comme <i>Les contes de la m\u00e8re poule<\/i> \u2026et <i>Le parfum de la carotte<\/i> en rapport avec ce d\u00e9sir d\u2019Olivier Py. Ce qui est une bonne chose, car le jeune public est aussi le parent pauvre du court m\u00e9trage (d\u00e9j\u00e0 pas riche, comme on sait). Heureusement que c\u2019est en train de changer. \u00bb.<\/p>\n<p>Nous savions que le c\u00e9l\u00e8bre cin\u00e9ma Art et essai Utopia avait l\u2019habitude de proposer durant le festival une programmation qui collait \u00e0 l\u2019actualit\u00e9 de certains artistes dans le In ou le Of , assortie d\u2019une s\u00e9rie d\u2019avant-premi\u00e8res. Ce fut le cas, l\u2019ann\u00e9e derni\u00e8re, pour <i>Henri <\/i>de Yolande Moreau pr\u00e9sent\u00e9 par Pipo Delbonno et <b>Gwen Berrou.<\/b><\/p>\n<p>&nbsp;<\/p>\n<p>Mais cette ann\u00e9e il s\u2019agissait surtout d\u2019initier ce fameux programme, <i>Les territoires cin\u00e9matographiques du In<\/i> qui avait pour but \u00ab\u00a0de mettre en lien avec la programmation du Festival d\u2019Avignon, des films et des concerts propos\u00e9s pour le jeune public, de la petite enfance \u00e0 l\u2019adolescence. Si le Festival d\u2019Avignon c\u00e9l\u00e8bre d\u2019abord le texte, la parole et le corps en sc\u00e8ne, l\u2019art vient aussi \u2013 et peut-\u00eatre d\u2019abord \u2013 aux enfants par le chemin des images et des sons.\u00a0\u00bb <i>Ernest et C\u00e9lestine<\/i> a \u00e9galement \u00e9t\u00e9 pr\u00e9sent\u00e9 dans ce cadre-l\u00e0.<\/p>\n<p>&nbsp;<\/p>\n<p><a href=\"http:\/\/www.cinevox.be\/arnaud-demuynck-sanime-les-planches\/parfum\/\" rel=\"attachment wp-att-61695\"><img loading=\"lazy\" decoding=\"async\" class=\"aligncenter size-full wp-image-61695\" src=\"http:\/\/www.cinevox.be\/wp-content\/uploads\/2014\/09\/parfum.jpg\" alt=\"\" width=\"800\" height=\"449\" srcset=\"https:\/\/w-l-c.be\/wp-content\/uploads\/2014\/09\/parfum.jpg 800w, https:\/\/w-l-c.be\/wp-content\/uploads\/2014\/09\/parfum-200x113.jpg 200w, https:\/\/w-l-c.be\/wp-content\/uploads\/2014\/09\/parfum-480x270.jpg 480w, https:\/\/w-l-c.be\/wp-content\/uploads\/2014\/09\/parfum-300x169.jpg 300w\" sizes=\"auto, (max-width: 800px) 100vw, 800px\" \/><\/a><\/p>\n<p>&nbsp;<\/p>\n<p>Arnaud Demuynck est ravi de sa participation \u00e0 ce projet et du dr\u00f4le de clin d\u2019\u0153il que lui a adress\u00e9 la vie. Mais on n\u2019\u00e9crit pas un film comme <i>Signes de vie<\/i> si on ne croit pas aux signes du destin !<\/p>\n<p>&nbsp;<\/p>\n<p>\u00a0\u00bb Le 21 juillet, je suis all\u00e9 pr\u00e9senter le film \u00e0 Avignon avec Laurence Deydier et nous avons fait une petite ambiance musicale, avec la guitare. Alexandre Brouillard, le compositeur \u00e9tait l\u00e0, aussi. Nous avons chant\u00e9, nous avons fait chanter les enfants Tout le monde \u00e9tait ravi, les enfants, les parents, le cin\u00e9ma Utopia \u2026 \u00a0\u00bb<\/p>\n<p>&nbsp;<\/p>\n<p>Et le plus \u00e9trange est que l\u2019id\u00e9e de faire une com\u00e9die musicale avec son projet <i>Le Parfum de la carotte <\/i>a \u00e9t\u00e9 inspir\u00e9e par Avignon.<\/p>\n<p>\u00ab\u00a0J\u2019avais \u00e9crit cette histoire pour ma fille. C\u2019\u00e9tait un conte oral que je lui racontais le soir dans son lit. Puis, il y a trois ans, je suis all\u00e9 \u00e0 Avignon avec elle. Elle avait 4 ans et je n\u2019ai vu que des spectacles pour enfants, dont des spectacles musicaux ! Quand je suis parti du Festival d\u2019Avignon j\u2019ai tout d\u2019un coup repens\u00e9 \u00e0 mon histoire et une chanson a commenc\u00e9 \u00e0 na\u00eetre dans mon esprit. Ensuite, j\u2019ai \u00e9crit cinq chansons et Laurence (Deydier), mon \u00e9pouse, en a cr\u00e9\u00e9 deux autres. De fil en aiguille, c\u2019est devenu une com\u00e9die musicale parce que durant tout ce festival d\u2019Avignon, j\u2019avais \u00e9t\u00e9 p\u00e9tri d\u2019ambiance th\u00e9\u00e2trale \u00e0 la mode com\u00e9die musicale.<\/p>\n<p>Une fois que le sc\u00e9nario a \u00e9t\u00e9 \u00e9crit et les chansons aussi, j\u2019ai demand\u00e9 \u00e0 un copain compositeur Alexandre Brouillard, un mec du Nord, de composer la musique. Il est super bon en jazz, or mon\u00a0 travail \u00e9tait une r\u00e9f\u00e9rence aux <i>Aristochats, Le livre de la jungle<\/i>, ces musiques-l\u00e0 \u2026 J\u2019avais vraiment \u00e9crit les chansons dans ce tempo-l\u00e0, un tempo jazzy dans ma t\u00eate. Fallait que \u00e7a swingue, fallait qu\u2019il y ait du gospel.<\/p>\n<p>&nbsp;<\/p>\n<p>Je suis revenu \u00e0 Bruxelles, j\u2019ai essay\u00e9 de d\u00e9velopper le projet, je suis all\u00e9 voir le studio d\u2019animation de L\u2019Enclume, R\u00e9mi Durin, Paul Jadoul, avec qui je bosse r\u00e9guli\u00e8rement aussi. J\u2019ai demand\u00e9 \u00e0 Remi d&rsquo;\u00eatre mon premier assistant, pour le story-board. Comme il s\u2019implique tellement, qu\u2019il est tellement meilleur que moi en mise en sc\u00e8ne (sourire) je lui ai dit que \u00e7a serait chouette qu\u2019il r\u00e9alise ce film avec moi. D\u2019autant plus que, cette fois-ci, j\u2019avais plut\u00f4t envie de m\u2019occuper de la musique, des voix, du casting.<\/p>\n<p>Cela s\u2019est super bien pass\u00e9, nous nous sommes r\u00e9parti le travail. R\u00e9mi a fait une super mise en sc\u00e8ne avec Paul Jadoul au graphisme et moi je me suis occup\u00e9 de tout ce qui \u00e9tait cr\u00e9ation sonore, voix, chant, direction des com\u00e9diens. \u00bb<\/p>\n<p>&nbsp;<\/p>\n<p><a href=\"http:\/\/www.cinevox.be\/arnaud-demuynck-sanime-les-planches\/parfum-4\/\" rel=\"attachment wp-att-61697\"><img loading=\"lazy\" decoding=\"async\" class=\"aligncenter size-full wp-image-61697\" src=\"http:\/\/www.cinevox.be\/wp-content\/uploads\/2014\/09\/parfum-4.jpg\" alt=\"\" width=\"800\" height=\"433\" srcset=\"https:\/\/w-l-c.be\/wp-content\/uploads\/2014\/09\/parfum-4.jpg 800w, https:\/\/w-l-c.be\/wp-content\/uploads\/2014\/09\/parfum-4-480x259.jpg 480w\" sizes=\"auto, (max-width: 800px) 100vw, 800px\" \/><\/a><\/p>\n<p>&nbsp;<\/p>\n<p>Pour ceux qui ne l\u2019auraient pas encore vu <i>Le parfum de la carotte<\/i> est un programme, de quatre courts m\u00e9trages <i>La confiture de la carotte<\/i> d\u2019Anne Viel (6mn), <i>La carotte g\u00e9ante<\/i> de Pascale Hecquet (6mn), <i>Le petit h\u00e9risson partageur<\/i> de Marjorie Caup (5 mn) et <i>Le parfum de la carotte<\/i> d\u2019Arnaud Demuynck et R\u00e9mi Durin.\u00a0\u00bb<\/p>\n<p>&nbsp;<\/p>\n<p>Dans ce dernier, les r\u00e9alisateurs s\u2019attaquent \u00e0 l\u2019\u00e9pineuse question de l\u2019alimentation chez les enfants et les plus grands par le biais d\u2019une histoire de lapin et d\u2019\u00e9cureuil, voisins et amis, gourmands et bons vivants. Leurs diff\u00e9rences en mati\u00e8re de go\u00fbt culinaire les m\u00e8neront \u00e0 la dispute. L\u2019\u00e9cureuil, f\u00e2ch\u00e9\u0301, d\u00e9m\u00e9nage de nuit et se fait attraper par un renard. Qui va manger qui et quoi ?<\/p>\n<p>C\u2019est ludique et amusant au lieu d\u2019\u00eatre p\u00e9dagogique et moralisateur pour un identique r\u00e9sultat, la prise de conscience et l\u2019appel \u00e0 la tol\u00e9rance.<\/p>\n<p>&nbsp;<\/p>\n<p>\u00ab Assez de ce tapage olfactif !\u00bb Ici pas de langage simpliste : le vocabulaire s\u2019apprend comme une chanson et l\u2019on fait la part belle \u00e0 la langue, \u00e0 l\u2019image de la renarde qui s\u2019exprime en alexandrins et \u00e0 laquelle Agn\u00e8s Jaoui pr\u00eate sa voix (elle a d\u00e9j\u00e0 plusieurs collaborations avec Arnaud). On finit par se demander, que l\u2019on soit enfant ou pas, v\u00e9g\u00e9tarien ou pas, pourquoi le cake d\u2019amabilit\u00e9 n\u2019est pas le petit d\u00e9jeuner impos\u00e9 du monde entier !<\/p>\n<p>&nbsp;<\/p>\n<p><a href=\"http:\/\/www.cinevox.be\/arnaud-demuynck-sanime-les-planches\/parfum-2\/\" rel=\"attachment wp-att-61696\"><img loading=\"lazy\" decoding=\"async\" class=\"aligncenter size-large wp-image-61696\" src=\"http:\/\/www.cinevox.be\/wp-content\/uploads\/2014\/09\/parfum-2-800x450.png\" alt=\"\" width=\"640\" height=\"360\" srcset=\"https:\/\/w-l-c.be\/wp-content\/uploads\/2014\/09\/parfum-2-800x450.png 800w, https:\/\/w-l-c.be\/wp-content\/uploads\/2014\/09\/parfum-2-200x113.png 200w, https:\/\/w-l-c.be\/wp-content\/uploads\/2014\/09\/parfum-2-480x270.png 480w, https:\/\/w-l-c.be\/wp-content\/uploads\/2014\/09\/parfum-2-300x169.png 300w, https:\/\/w-l-c.be\/wp-content\/uploads\/2014\/09\/parfum-2-620x350.png 620w, https:\/\/w-l-c.be\/wp-content\/uploads\/2014\/09\/parfum-2.png 1024w\" sizes=\"auto, (max-width: 640px) 100vw, 640px\" \/><\/a><\/p>\n<p>&nbsp;<\/p>\n<p>Dans <i>La confiture de carotte,<\/i> c\u2019est la voix off qui est tout en rime. Il est ind\u00e9niable que film d\u2019animation, po\u00e9sie et carotte se marient \u00e0 merveille.<\/p>\n<p>&nbsp;<\/p>\n<p>\u00ab\u00a0Finalement, l\u2019origine de ce film est ancr\u00e9e dans le spectacle vivant\u00a0\u00bb, explique Arnaud. \u00ab\u00a0Il est assez litt\u00e9raire, il y a parfois des moments o\u00f9 les personnages, comme le lapin, parlent au public\u2026un peu comme cela se fait au th\u00e9\u00e2tre pour enfants.<\/p>\n<p>En fait, je viens du th\u00e9\u00e2tre. J\u2019ai fait du th\u00e9\u00e2tre lorsque j\u2019\u00e9tais gamin, pendant plusieurs ann\u00e9es et je voulais faire du th\u00e9\u00e2tre, ma vie. Puis les \u00e9v\u00e8nements en ont d\u00e9cid\u00e9 autrement et je me suis retrouv\u00e9 sur une autre voie : j\u2019ai commenc\u00e9 \u00e0 \u00e9crire et \u00e0 faire du cin\u00e9ma. Si on regarde bien, tous mes films sont d\u2019ailleurs assez litt\u00e9raires.<\/p>\n<p>&nbsp;<\/p>\n<p><a href=\"http:\/\/www.cinevox.be\/arnaud-demuynck-sanime-les-planches\/ombre-du-voile\/\" rel=\"attachment wp-att-61702\"><img loading=\"lazy\" decoding=\"async\" class=\"aligncenter size-full wp-image-61702\" src=\"http:\/\/www.cinevox.be\/wp-content\/uploads\/2014\/09\/ombre-du-voile.jpg\" alt=\"\" width=\"800\" height=\"482\" srcset=\"https:\/\/w-l-c.be\/wp-content\/uploads\/2014\/09\/ombre-du-voile.jpg 800w, https:\/\/w-l-c.be\/wp-content\/uploads\/2014\/09\/ombre-du-voile-448x270.jpg 448w\" sizes=\"auto, (max-width: 800px) 100vw, 800px\" \/><\/a><\/p>\n<p>&nbsp;<\/p>\n<p>Dans <i>L\u2019\u00e9cluse<\/i>, mon premier film de fiction, il y avait d\u00e9j\u00e0 de la danse et des r\u00e9f\u00e9rences avec le th\u00e9\u00e2tre tr\u00e8s fortes. <i>Signes de vie <\/i>c\u2019est aussi la danse (ainsi que toute la Trilogie chor\u00e9graphique, avec <i>\u00c0 l\u2019Ombre du voile &#8211; photo ci dessus &#8211;\u00a0<\/i>et <i>L\u2019\u00c9vasion<\/i>). <i>La Vita Nuova<\/i>, c\u2019est la litt\u00e9rature au cin\u00e9ma et toute la Trilogie Romantique avec <i>Le Concile lunatique<\/i> et <i>Le Spectacle interrompu<\/i>, est directement inspir\u00e9e de la sph\u00e8re po\u00e9tique du 19e si\u00e8cle.<\/p>\n<p>Mon univers personnel, c\u2019est la litt\u00e9rature, le th\u00e9\u00e2tre, le spectacle vivant apr\u00e8s j\u2019ai fait du cin\u00e9ma et c\u2019est devenu mon m\u00e9tier.<\/p>\n<p>Lorsque j\u2019ai \u00e9t\u00e9 s\u00e9lectionn\u00e9 \u00e0 Avignon pour <i>le parfum de la carotte<\/i>, je me suis dit \u00ab Ha! Chouette la boucle se boucle !\u00a0\u00bb.<\/p>\n<p>&nbsp;<\/p>\n<p>\u00ab\u00a0J\u2019ai plein de projets de films d\u2018animation, mais il devient de plus en plus difficile de monter le financement des films, surtout pour du court m\u00e9trage jeune public, malgr\u00e9 les qualit\u00e9s et le succ\u00e8s ind\u00e9niable du secteur. Devant la lourdeur parfois mortif\u00e8re de la partie administrative de la production, j\u2019imagine une \u00e9volution revitalisante : je commence aussi \u00e0 \u00e9crire pour le spectacle vivant. Une pi\u00e8ce de th\u00e9\u00e2tre, des contes, des chansons, avec l\u2019intention de monter sur les planches !<\/p>\n<p>&nbsp;<\/p>\n<p><a href=\"http:\/\/www.cinevox.be\/arnaud-demuynck-sanime-les-planches\/alexandre-brouillard-et-a-demuynck-laurence-deydier-2\/\" rel=\"attachment wp-att-61698\"><img loading=\"lazy\" decoding=\"async\" class=\"alignleft size-large wp-image-61698\" src=\"http:\/\/www.cinevox.be\/wp-content\/uploads\/2014\/09\/Alexandre-Brouillard-et-A-Demuynck-\u00a9Laurence-Deydier.-2-450x600.jpg\" alt=\"\" width=\"450\" height=\"600\" srcset=\"https:\/\/w-l-c.be\/wp-content\/uploads\/2014\/09\/Alexandre-Brouillard-et-A-Demuynck-\u00a9Laurence-Deydier.-2-450x600.jpg 450w, https:\/\/w-l-c.be\/wp-content\/uploads\/2014\/09\/Alexandre-Brouillard-et-A-Demuynck-\u00a9Laurence-Deydier.-2-202x270.jpg 202w\" sizes=\"auto, (max-width: 450px) 100vw, 450px\" \/><\/a>Le premier sujet c\u2019est une journ\u00e9e avec Jules Laforgue. Une journ\u00e9e \u00e0 \u00e9couter les nouvelles et \u00e0 \u00eatre dans la m\u00e9lancolie \u2026oui une pi\u00e8ce sur la m\u00e9lancolie universelle et intemporelle confront\u00e9e \u00e0 temporalit\u00e9 du quotidien. Comme quoi cette m\u00e9lancolie du 19e me touche beaucoup. Elle correspond tout \u00e0 fait \u00e0 ma nature\u2026 \u00c7a sera une pi\u00e8ce pour un com\u00e9dien. Je l\u2019\u00e9cris pour moi : je veux la jouer !<\/p>\n<p>&nbsp;<\/p>\n<p>Je suis venu au cin\u00e9ma parce que j\u2019\u00e9tais frustr\u00e9 de ne pas jouer au th\u00e9\u00e2tre, c\u2019est comme cela que j\u2019ai commenc\u00e9 \u00e0 \u00e9crire. En \u00e9crivant, je suis devenu sc\u00e9nariste et en devenant sc\u00e9nariste je suis devenu cin\u00e9aste et producteur. Mais \u00e0 l\u2019origine, mon objectif c\u2019\u00e9tait d\u2019\u00eatre sur les planches. J\u2019adorerais retourner aux planches, retourner d\u2019o\u00f9 je viens au niveau du c\u0153ur.<\/p>\n<p>&nbsp;<\/p>\n<p>Mon prof de th\u00e9\u00e2tre, qui \u00e9tait mon prof de fran\u00e7ais, a pris sa retraite \u00e0 Avignon Daniel Dessy. Et c\u2019est lui, il y a trois ans, qui m\u2019a invit\u00e9 l\u00e0-bas chez lui. Je suis donc venu au Festival et voil\u00e0 comment le d\u00e9but de la boucle s\u2019est amorc\u00e9.<\/p>\n<p>Il m\u2019a dit que si je voulais, il me ferait bosser les textes, donc pourquoi pas! C\u2019est un tr\u00e8s grand lecteur de textes de th\u00e9\u00e2tre. J\u2019ajouterai alors \u00e0 l\u2019\u00e9criture et \u00e0 la production cin\u00e9ma que je diminuerai un peu, l\u2019\u00e9criture pour le spectacle vivant. L\u2019un enrichira l\u2019autre et cela me fera du bien.\u00a0\u00bb<\/p>\n<p>&nbsp;<\/p>\n<p>&nbsp;<\/p>\n<p>&nbsp;<\/p>\n<p>&nbsp;<\/p>\n<p>&nbsp;<\/p>\n<p>&nbsp;<\/p>\n","protected":false},"excerpt":{"rendered":"<p>Arnaud Demuynck, est un incroyable auteur-r\u00e9alisateur, sc\u00e9nariste et producteur, qui en quelques ann\u00e9es et projets a apport\u00e9 de belles lettres de noblesse au court m\u00e9trage d&rsquo;animation. Il est aujourd&rsquo;hui une r\u00e9f\u00e9rence dans ce secteur auquel il se consacre depuis les ann\u00e9es\u00a02000. Les techniques d\u2019animation, utilis\u00e9es dans ses films sont vari\u00e9es (volume, aquarelle, dessins anim\u00e9s, image &hellip;<\/p>\n","protected":false},"author":7,"featured_media":61700,"comment_status":"closed","ping_status":"closed","sticky":false,"template":"","format":"standard","meta":{"ngg_post_thumbnail":0,"footnotes":""},"categories":[1978],"tags":[1720],"class_list":["post-61690","post","type-post","status-publish","format-standard","has-post-thumbnail","","category-interviews","tag-projets"],"yoast_head":"<!-- This site is optimized with the Yoast SEO plugin v20.4 - https:\/\/yoast.com\/wordpress\/plugins\/seo\/ -->\n<title>Arnaud Demuynck s&#039;anime sur les planches - w-l-c<\/title>\n<meta name=\"robots\" content=\"noindex, follow, max-snippet:-1, max-image-preview:large, max-video-preview:-1\" \/>\n<meta property=\"og:locale\" content=\"fr_FR\" \/>\n<meta property=\"og:type\" content=\"article\" \/>\n<meta property=\"og:title\" content=\"Arnaud Demuynck s&#039;anime sur les planches - w-l-c\" \/>\n<meta property=\"og:description\" content=\"Arnaud Demuynck, est un incroyable auteur-r\u00e9alisateur, sc\u00e9nariste et producteur, qui en quelques ann\u00e9es et projets a apport\u00e9 de belles lettres de noblesse au court m\u00e9trage d&rsquo;animation. Il est aujourd&rsquo;hui une r\u00e9f\u00e9rence dans ce secteur auquel il se consacre depuis les ann\u00e9es\u00a02000. Les techniques d\u2019animation, utilis\u00e9es dans ses films sont vari\u00e9es (volume, aquarelle, dessins anim\u00e9s, image &hellip;\" \/>\n<meta property=\"og:url\" content=\"https:\/\/w-l-c.be\/fr\/arnaud-demuynck-sanime-les-planches\/\" \/>\n<meta property=\"og:site_name\" content=\"w-l-c\" \/>\n<meta property=\"article:published_time\" content=\"2014-09-11T07:17:30+00:00\" \/>\n<meta property=\"article:modified_time\" content=\"2014-09-12T08:44:22+00:00\" \/>\n<meta property=\"og:image\" content=\"https:\/\/w-l-c.be\/wp-content\/uploads\/2014\/09\/tete.jpg\" \/>\n\t<meta property=\"og:image:width\" content=\"3000\" \/>\n\t<meta property=\"og:image:height\" content=\"1670\" \/>\n\t<meta property=\"og:image:type\" content=\"image\/jpeg\" \/>\n<meta name=\"author\" content=\"Philippe.Pierquin\" \/>\n<meta name=\"twitter:card\" content=\"summary_large_image\" \/>\n<meta name=\"twitter:label1\" content=\"\u00c9crit par\" \/>\n\t<meta name=\"twitter:data1\" content=\"Philippe.Pierquin\" \/>\n\t<meta name=\"twitter:label2\" content=\"Dur\u00e9e de lecture estim\u00e9e\" \/>\n\t<meta name=\"twitter:data2\" content=\"12 minutes\" \/>\n<script type=\"application\/ld+json\" class=\"yoast-schema-graph\">{\"@context\":\"https:\/\/schema.org\",\"@graph\":[{\"@type\":\"WebPage\",\"@id\":\"https:\/\/w-l-c.be\/fr\/arnaud-demuynck-sanime-les-planches\/\",\"url\":\"https:\/\/w-l-c.be\/fr\/arnaud-demuynck-sanime-les-planches\/\",\"name\":\"Arnaud Demuynck s'anime sur les planches - w-l-c\",\"isPartOf\":{\"@id\":\"https:\/\/w-l-c.be\/fr\/#website\"},\"datePublished\":\"2014-09-11T07:17:30+00:00\",\"dateModified\":\"2014-09-12T08:44:22+00:00\",\"author\":{\"@id\":\"https:\/\/w-l-c.be\/fr\/#\/schema\/person\/4b9b1d857f0943453a38a7c2859ef756\"},\"breadcrumb\":{\"@id\":\"https:\/\/w-l-c.be\/fr\/arnaud-demuynck-sanime-les-planches\/#breadcrumb\"},\"inLanguage\":\"fr-FR\",\"potentialAction\":[{\"@type\":\"ReadAction\",\"target\":[\"https:\/\/w-l-c.be\/fr\/arnaud-demuynck-sanime-les-planches\/\"]}]},{\"@type\":\"BreadcrumbList\",\"@id\":\"https:\/\/w-l-c.be\/fr\/arnaud-demuynck-sanime-les-planches\/#breadcrumb\",\"itemListElement\":[{\"@type\":\"ListItem\",\"position\":1,\"name\":\"Accueil\",\"item\":\"https:\/\/w-l-c.be\/fr\/\"},{\"@type\":\"ListItem\",\"position\":2,\"name\":\"Arnaud Demuynck s&rsquo;anime sur les planches\"}]},{\"@type\":\"WebSite\",\"@id\":\"https:\/\/w-l-c.be\/fr\/#website\",\"url\":\"https:\/\/w-l-c.be\/fr\/\",\"name\":\"w-l-c\",\"description\":\"Le cin\u00e9ma vu par les belges\",\"potentialAction\":[{\"@type\":\"SearchAction\",\"target\":{\"@type\":\"EntryPoint\",\"urlTemplate\":\"https:\/\/w-l-c.be\/fr\/?s={search_term_string}\"},\"query-input\":\"required name=search_term_string\"}],\"inLanguage\":\"fr-FR\"},{\"@type\":\"Person\",\"@id\":\"https:\/\/w-l-c.be\/fr\/#\/schema\/person\/4b9b1d857f0943453a38a7c2859ef756\",\"name\":\"Philippe.Pierquin\",\"url\":\"https:\/\/w-l-c.be\/fr\/author\/philippe-pierquin\/\"}]}<\/script>\n<!-- \/ Yoast SEO plugin. -->","yoast_head_json":{"title":"Arnaud Demuynck s'anime sur les planches - w-l-c","robots":{"index":"noindex","follow":"follow","max-snippet":"max-snippet:-1","max-image-preview":"max-image-preview:large","max-video-preview":"max-video-preview:-1"},"og_locale":"fr_FR","og_type":"article","og_title":"Arnaud Demuynck s'anime sur les planches - w-l-c","og_description":"Arnaud Demuynck, est un incroyable auteur-r\u00e9alisateur, sc\u00e9nariste et producteur, qui en quelques ann\u00e9es et projets a apport\u00e9 de belles lettres de noblesse au court m\u00e9trage d&rsquo;animation. Il est aujourd&rsquo;hui une r\u00e9f\u00e9rence dans ce secteur auquel il se consacre depuis les ann\u00e9es\u00a02000. Les techniques d\u2019animation, utilis\u00e9es dans ses films sont vari\u00e9es (volume, aquarelle, dessins anim\u00e9s, image &hellip;","og_url":"https:\/\/w-l-c.be\/fr\/arnaud-demuynck-sanime-les-planches\/","og_site_name":"w-l-c","article_published_time":"2014-09-11T07:17:30+00:00","article_modified_time":"2014-09-12T08:44:22+00:00","og_image":[{"width":3000,"height":1670,"url":"https:\/\/w-l-c.be\/wp-content\/uploads\/2014\/09\/tete.jpg","type":"image\/jpeg"}],"author":"Philippe.Pierquin","twitter_card":"summary_large_image","twitter_misc":{"\u00c9crit par":"Philippe.Pierquin","Dur\u00e9e de lecture estim\u00e9e":"12 minutes"},"schema":{"@context":"https:\/\/schema.org","@graph":[{"@type":"WebPage","@id":"https:\/\/w-l-c.be\/fr\/arnaud-demuynck-sanime-les-planches\/","url":"https:\/\/w-l-c.be\/fr\/arnaud-demuynck-sanime-les-planches\/","name":"Arnaud Demuynck s'anime sur les planches - w-l-c","isPartOf":{"@id":"https:\/\/w-l-c.be\/fr\/#website"},"datePublished":"2014-09-11T07:17:30+00:00","dateModified":"2014-09-12T08:44:22+00:00","author":{"@id":"https:\/\/w-l-c.be\/fr\/#\/schema\/person\/4b9b1d857f0943453a38a7c2859ef756"},"breadcrumb":{"@id":"https:\/\/w-l-c.be\/fr\/arnaud-demuynck-sanime-les-planches\/#breadcrumb"},"inLanguage":"fr-FR","potentialAction":[{"@type":"ReadAction","target":["https:\/\/w-l-c.be\/fr\/arnaud-demuynck-sanime-les-planches\/"]}]},{"@type":"BreadcrumbList","@id":"https:\/\/w-l-c.be\/fr\/arnaud-demuynck-sanime-les-planches\/#breadcrumb","itemListElement":[{"@type":"ListItem","position":1,"name":"Accueil","item":"https:\/\/w-l-c.be\/fr\/"},{"@type":"ListItem","position":2,"name":"Arnaud Demuynck s&rsquo;anime sur les planches"}]},{"@type":"WebSite","@id":"https:\/\/w-l-c.be\/fr\/#website","url":"https:\/\/w-l-c.be\/fr\/","name":"w-l-c","description":"Le cin\u00e9ma vu par les belges","potentialAction":[{"@type":"SearchAction","target":{"@type":"EntryPoint","urlTemplate":"https:\/\/w-l-c.be\/fr\/?s={search_term_string}"},"query-input":"required name=search_term_string"}],"inLanguage":"fr-FR"},{"@type":"Person","@id":"https:\/\/w-l-c.be\/fr\/#\/schema\/person\/4b9b1d857f0943453a38a7c2859ef756","name":"Philippe.Pierquin","url":"https:\/\/w-l-c.be\/fr\/author\/philippe-pierquin\/"}]}},"_links":{"self":[{"href":"https:\/\/w-l-c.be\/fr\/wp-json\/wp\/v2\/posts\/61690","targetHints":{"allow":["GET"]}}],"collection":[{"href":"https:\/\/w-l-c.be\/fr\/wp-json\/wp\/v2\/posts"}],"about":[{"href":"https:\/\/w-l-c.be\/fr\/wp-json\/wp\/v2\/types\/post"}],"author":[{"embeddable":true,"href":"https:\/\/w-l-c.be\/fr\/wp-json\/wp\/v2\/users\/7"}],"replies":[{"embeddable":true,"href":"https:\/\/w-l-c.be\/fr\/wp-json\/wp\/v2\/comments?post=61690"}],"version-history":[{"count":0,"href":"https:\/\/w-l-c.be\/fr\/wp-json\/wp\/v2\/posts\/61690\/revisions"}],"wp:featuredmedia":[{"embeddable":true,"href":"https:\/\/w-l-c.be\/fr\/wp-json\/wp\/v2\/media\/61700"}],"wp:attachment":[{"href":"https:\/\/w-l-c.be\/fr\/wp-json\/wp\/v2\/media?parent=61690"}],"wp:term":[{"taxonomy":"category","embeddable":true,"href":"https:\/\/w-l-c.be\/fr\/wp-json\/wp\/v2\/categories?post=61690"},{"taxonomy":"post_tag","embeddable":true,"href":"https:\/\/w-l-c.be\/fr\/wp-json\/wp\/v2\/tags?post=61690"}],"curies":[{"name":"wp","href":"https:\/\/api.w.org\/{rel}","templated":true}]}}