
{"id":61724,"date":"2014-09-16T10:05:34","date_gmt":"2014-09-16T08:05:34","guid":{"rendered":"http:\/\/www.cinevox.be\/?p=61724"},"modified":"2014-09-12T09:15:08","modified_gmt":"2014-09-12T07:15:08","slug":"passe-leurs-vacances-7-garrigue-regarder-films-belges","status":"publish","type":"post","link":"https:\/\/w-l-c.be\/fr\/passe-leurs-vacances-7-garrigue-regarder-films-belges\/","title":{"rendered":"O\u00f9 ont-ils pass\u00e9 leurs vacances (7) ? Dans la garrigue \u00e0 regarder des films belges !"},"content":{"rendered":"<p>N\u00eemes est une ville du Gard connue pour ses ar\u00e8nes et ses corridas. Le tout jeune et tr\u00e8s prometteur Festival du cin\u00e9ma belge \u00e0 N\u00eemes et en Garrigue y a \u00e9lu domicile du 16 au 21 juillet dernier, pour sa deuxi\u00e8me \u00e9dition. Pour les n\u00e9ophytes, la garrigue est une sorte de maquis, elle d\u00e9signe ici la campagne environnante autour de N\u00eemes, peupl\u00e9e de petits villages typiques comme Collorgues ou Blauzac.<\/p>\n<p>&nbsp;<\/p>\n<p style=\"text-align: right;\"><strong>Par Maryline Laurin<\/strong><\/p>\n<p style=\"text-align: right;\"><em>Photo initiale : St\u00e9phanie Dubus<\/em><\/p>\n<p><i style=\"font-size: 1em; line-height: 1.5em;\"><!--more--><\/i><\/p>\n<p>&nbsp;<\/p>\n<p>&nbsp;<\/p>\n<p>Peu de pub, une annonce FB, de la presse locale\u2026en fait peu de moyens pour la com. Ce n\u2019est donc pas le tapage m\u00e9diatique qui nous a conduit jusqu\u2019au festival de N\u00eemes, mais bel et bien la curiosit\u00e9.<\/p>\n<p>Comment un festival consacr\u00e9 au cin\u00e9ma belge peut-il int\u00e9resser les habitants d\u2019un petit village du sud de la France de tout juste 500 habitants ou ceux de N\u00eemes en pleine saison culturelle estivale et \u00e0 deux pas des propositions all\u00e9chantes d\u2019Arles, Avignon, Montpellier \u2026\u00a0?<\/p>\n<p>&nbsp;<\/p>\n<p><a href=\"http:\/\/www.cinevox.be\/passe-leurs-vacances-7-garrigue-regarder-films-belges\/maryline-laurin-meryl-louis-fred-anne-3\/\" rel=\"attachment wp-att-61729\"><img loading=\"lazy\" decoding=\"async\" class=\"aligncenter size-full wp-image-61729\" src=\"http:\/\/www.cinevox.be\/wp-content\/uploads\/2014\/09\/\u00a9Maryline-Laurin-M\u00e9ryl-Louis-Fred-Anne-3.jpg\" alt=\"\" width=\"800\" height=\"600\" srcset=\"https:\/\/w-l-c.be\/wp-content\/uploads\/2014\/09\/\u00a9Maryline-Laurin-M\u00e9ryl-Louis-Fred-Anne-3.jpg 800w, https:\/\/w-l-c.be\/wp-content\/uploads\/2014\/09\/\u00a9Maryline-Laurin-M\u00e9ryl-Louis-Fred-Anne-3-360x270.jpg 360w, https:\/\/w-l-c.be\/wp-content\/uploads\/2014\/09\/\u00a9Maryline-Laurin-M\u00e9ryl-Louis-Fred-Anne-3-300x225.jpg 300w\" sizes=\"auto, (max-width: 800px) 100vw, 800px\" \/><\/a><\/p>\n<p style=\"text-align: right;\"><em>Meryl Fortunat-Rossi,\u00a0Louis H\u00e9liot, Fr\u00e9d\u00e9ric Fonteyne, Anne Paulicevich<\/em><\/p>\n<p style=\"text-align: right;\"><em>(Photo Maryline Laurin)<\/em><\/p>\n<p>&nbsp;<\/p>\n<p>Tout simplement parce que ce<b> <\/b>festival est sp\u00e9cial et unique !<\/p>\n<p>L\u2019infatigable <b>Louis H\u00e9liot<\/b>, t\u00eate chercheuse de nouveaux projets, ainsi que quelques collectivit\u00e9s locales fran\u00e7aises ont \u00e9t\u00e9 bien inspir\u00e9s d\u2019accompagner ce projet. Pr\u00e9sent lors de l\u2019ouverture, celui que beaucoup de cin\u00e9astes belges consid\u00e8rent comme un guide sur le territoire fran\u00e7ais nous en explique les raisons\u00a0:<\/p>\n<p>&nbsp;<\/p>\n<p style=\"text-align: center;\"><a href=\"http:\/\/www.cinevox.be\/passe-leurs-vacances-7-garrigue-regarder-films-belges\/justine-montagner-2-2\/\" rel=\"attachment wp-att-61753\"><img loading=\"lazy\" decoding=\"async\" class=\"size-large wp-image-61753 aligncenter\" src=\"http:\/\/www.cinevox.be\/wp-content\/uploads\/2010\/09\/\u00a9Justine-Montagner-2-800x530.jpg\" alt=\"\" width=\"640\" height=\"424\" srcset=\"https:\/\/w-l-c.be\/wp-content\/uploads\/2010\/09\/\u00a9Justine-Montagner-2-800x530.jpg 800w, https:\/\/w-l-c.be\/wp-content\/uploads\/2010\/09\/\u00a9Justine-Montagner-2-406x270.jpg 406w, https:\/\/w-l-c.be\/wp-content\/uploads\/2010\/09\/\u00a9Justine-Montagner-2.jpg 960w\" sizes=\"auto, (max-width: 640px) 100vw, 640px\" \/><\/a><\/p>\n<p style=\"text-align: right;\"><em>Louis H\u00e9liot avec notre collaboratrice Maryline Laurin, devant l&rsquo;appareil de Pablo Munoz Gomez Photo :\u00a0Justine Montagner<\/em><\/p>\n<p>&nbsp;<\/p>\n<p>\u00ab\u00a0Pr\u00e9senter des courts et longs m\u00e9trages belges francophones en plein air \u00e0 N\u00eemes et dans des petits villages de garrigue, c&rsquo;est une proposition culturelle diff\u00e9rente des festivals traditionnels port\u00e9e \u00e0 la fois par <b>Meryl Fortunat-Rossi<\/b>, le r\u00e9gional de l&rsquo;\u00e9tape et une partie de l\u2019\u00e9quipe du Brussel Short Film Festival (BSFF), soit <b>Pascal Hologne<\/b> et <b>C\u00e9line Masset). <\/b><\/p>\n<p>Apr\u00e8s l&rsquo;exp\u00e9rience d\u2019<i>Un soir un grain, <\/i>nous avons jug\u00e9, avec <b>Anne Lenoir<\/b>, directrice du Centre Wallonie-Bruxelles \u00e0 Paris et nos coll\u00e8gues de WBInternational qu&rsquo;il fallait soutenir cette initiative culturelle. C&rsquo;est important ,car il appara\u00eet clairement que les r\u00e9alisateurs se d\u00e9couvrent aussi entre eux et que des projets naissent lors de ces rencontres loin de Bruxelles! Rien de plus plaisant que de pouvoir pr\u00e9senter l&rsquo;ann\u00e9e prochaine des films qui auront \u00e9t\u00e9 imagin\u00e9s dans la cour de l&rsquo;h\u00f4tel Imperator ou au Bar du Prol\u00e9 \u00e0 N\u00eemes!\u00a0\u00bb.<\/p>\n<p>&nbsp;<\/p>\n<p><a href=\"http:\/\/www.cinevox.be\/passe-leurs-vacances-7-garrigue-regarder-films-belges\/attachment\/61738\/\" rel=\"attachment wp-att-61738\"><img loading=\"lazy\" decoding=\"async\" class=\"aligncenter size-large wp-image-61738\" src=\"http:\/\/www.cinevox.be\/wp-content\/uploads\/2014\/09\/\u00a9Maryline-Laurin-projection-hoel-Imperator-ouverture-Pablo-Munoz-700x600.jpg\" alt=\"\" width=\"640\" height=\"548\" srcset=\"https:\/\/w-l-c.be\/wp-content\/uploads\/2014\/09\/\u00a9Maryline-Laurin-projection-hoel-Imperator-ouverture-Pablo-Munoz-700x600.jpg 700w, https:\/\/w-l-c.be\/wp-content\/uploads\/2014\/09\/\u00a9Maryline-Laurin-projection-hoel-Imperator-ouverture-Pablo-Munoz-315x270.jpg 315w\" sizes=\"auto, (max-width: 640px) 100vw, 640px\" \/><\/a><\/p>\n<p>Projection dans la cour de l&rsquo;Imperator. Avec Pablo Munoz Gomez.(photo Maryline Laurin)<\/p>\n<p>&nbsp;<\/p>\n<p>&nbsp;<\/p>\n<p>\u00c0 l\u2019initiative du projet<b> <\/b>nous trouvons donc<b> Meryl Fortunat-Rossi<\/b>, jeune r\u00e9alisateur de documentaires notamment sur la corrida (<i>3 vueltas, Esperando<\/i>) et co-r\u00e9alisateur de la plupart des courts m\u00e9trages les plus fous de <b><i>Xavier Seron<\/i><\/b> (<i>Mauvaise lune<\/i>, le r\u00e9cent <i>Ours noir<\/i> ). Il a aussi un projet de long m\u00e9trage <i>A moiti\u00e9 vide<\/i>. Tout cela dans la maison de production tr\u00e8s en vogue actuellement, H\u00e9licotronc d\u2019Anthony Rey.<\/p>\n<p>&nbsp;<\/p>\n<p><b>Meryl<\/b>, en homme du Sud, bien qu\u2019install\u00e9 depuis quelques ann\u00e9es \u00e0 Bruxelles, ne \u201ccraint degun\u201d et surtout pas d\u2019arriver \u00e0 rendre la population sudiste accro au cin\u00e9ma belge ! (photo cin\u00e9 concert)<\/p>\n<p>Il s\u2019est associ\u00e9 au redoutable tandem<b> C\u00e9line Masset<\/b>\u00a0 et<b> Pascal Hologne <\/b>et \u00e0 sa compagne<b> Stephanie Dubus,<i> <\/i><\/b>talentueuse photographe pour l\u2019aider dans sa croisade.<\/p>\n<p>Une partie de l\u2019\u00e9quipe du festival Les Enfants terribles \u00e9tait aussi au rendez-vous<b><i>.<\/i><\/b><\/p>\n<p>&nbsp;<\/p>\n<p><a href=\"http:\/\/www.cinevox.be\/passe-leurs-vacances-7-garrigue-regarder-films-belges\/stephanie-par-justine\/\" rel=\"attachment wp-att-61799\"><img loading=\"lazy\" decoding=\"async\" class=\"aligncenter size-large wp-image-61799\" src=\"http:\/\/www.cinevox.be\/wp-content\/uploads\/2014\/09\/STEPHANIE-PAR-JUSTINE-800x530.jpg\" alt=\"\" width=\"640\" height=\"424\" srcset=\"https:\/\/w-l-c.be\/wp-content\/uploads\/2014\/09\/STEPHANIE-PAR-JUSTINE-800x530.jpg 800w, https:\/\/w-l-c.be\/wp-content\/uploads\/2014\/09\/STEPHANIE-PAR-JUSTINE-406x270.jpg 406w, https:\/\/w-l-c.be\/wp-content\/uploads\/2014\/09\/STEPHANIE-PAR-JUSTINE.jpg 960w\" sizes=\"auto, (max-width: 640px) 100vw, 640px\" \/><\/a><\/p>\n<p>&nbsp;<\/p>\n<p>&nbsp;<\/p>\n<p>Sollicit\u00e9 pour \u00eatre le parrain de cette deuxi\u00e8me \u00e9dition, <i>Fr\u00e9deric Fonteyne<\/i> \u00a0(pr\u00e9c\u00e9demment parrain au Be Film Festival) actuellement en train d&rsquo;\u00e9crire un nouveau long m\u00e9trage avec sa compagne <b>Anne Paulicevich <\/b>a imm\u00e9diatement accept\u00e9<b> : \u00ab\u00a0J<\/b>e venais en confiance. Pascal et C\u00e9line, je les connais depuis 20 ans ainsi que leur festival du court m\u00e9trage \u00e0 Bruxelles. Ce sont des gens consciencieux qui avec le temps ont r\u00e9ussi a cr\u00e9er un \u00e9v\u00e9nement vraiment essentiel \u00e0 Bruxelles autour du court m\u00e9trage, autour du cin\u00e9ma, autour des jeunes cin\u00e9astes , o\u00f9 le public vient \u2026\u00a0Pascal et C\u00e9line finissent toujours par cr\u00e9er des endroits , des espaces o\u00f9 l&rsquo;ambiance est cr\u00e9ative, o\u00f9 les gens se rencontrent. Ce n&rsquo;est pas juste un rassemblement de gens qui sont invit\u00e9s et point\u00a0!\u201d<i><\/i><\/p>\n<p>&nbsp;<\/p>\n<p><b>S\u00e9bastien Petit<\/b>, r\u00e9alisateur de<b> <\/b><a href=\"https:\/\/www.google.fr\/url?sa=t&amp;rct=j&amp;q=&amp;esrc=s&amp;source=web&amp;cd=1&amp;cad=rja&amp;uact=8&amp;ved=0CCEQFjAA&amp;url=http%3A%2F%2Fwww.bowlingkillers.com%2F&amp;ei=PekIVLi6INDPaOmbgagE&amp;usg=AFQjCNEaZzXshN3gz5naOb9wbgfoZS3mxw&amp;bvm=bv.74649129,d.d2s\"><b><i>Bowling Killers<\/i><\/b><\/a><b> <\/b>n\u2019en d\u00e9mord pas. Pour lui, c&rsquo;est le <i>\u00ab\u00a0Best festival ever!\u00a0\u00bb\u00a0<\/i>Et d&rsquo;illustrer les propos de Fred Fonteyne\u00a0:<i><\/i><\/p>\n<p><i>\u00a0<\/i><\/p>\n<p><a href=\"http:\/\/www.cinevox.be\/passe-leurs-vacances-7-garrigue-regarder-films-belges\/stephanie-dubus-11\/\" rel=\"attachment wp-att-61739\"><img loading=\"lazy\" decoding=\"async\" class=\"aligncenter size-large wp-image-61739\" src=\"http:\/\/www.cinevox.be\/wp-content\/uploads\/2014\/09\/\u00a9Stephanie-Dubus-11-800x450.jpg\" alt=\"\" width=\"640\" height=\"360\" srcset=\"https:\/\/w-l-c.be\/wp-content\/uploads\/2014\/09\/\u00a9Stephanie-Dubus-11-800x450.jpg 800w, https:\/\/w-l-c.be\/wp-content\/uploads\/2014\/09\/\u00a9Stephanie-Dubus-11-200x113.jpg 200w, https:\/\/w-l-c.be\/wp-content\/uploads\/2014\/09\/\u00a9Stephanie-Dubus-11-480x270.jpg 480w, https:\/\/w-l-c.be\/wp-content\/uploads\/2014\/09\/\u00a9Stephanie-Dubus-11-300x169.jpg 300w, https:\/\/w-l-c.be\/wp-content\/uploads\/2014\/09\/\u00a9Stephanie-Dubus-11-620x350.jpg 620w, https:\/\/w-l-c.be\/wp-content\/uploads\/2014\/09\/\u00a9Stephanie-Dubus-11.jpg 960w\" sizes=\"auto, (max-width: 640px) 100vw, 640px\" \/><\/a><\/p>\n<p style=\"text-align: right;\"><em>Photo :\u00a0Stephanie Dubus\u00a0<\/em><\/p>\n<p>&nbsp;<\/p>\n<p>\u00ab\u00a0Les festivals de films belges qui se d\u00e9roulent \u00e0 l&rsquo;\u00e9tranger ont un petit truc en plus que les autres n&rsquo;ont pas : ils cr\u00e9ent des liens forts entre les cin\u00e9astes qui y pr\u00e9sentent leur film. J&rsquo;avais d\u00e9j\u00e0 ressenti \u00e7a au festival <i>Le court en dit long<\/i> \u00e0 Paris. <i>Le festival du film belge \u00e0 N\u00eemes et en Garrigue<\/i> pousse encore plus loin ce ressenti. Nous nous connaissions plus ou moins tous, mais apr\u00e8s avoir pass\u00e9 8 jours \u00e0 vivre ensemble \u00e0 une vingtaine, et \u00e0 pr\u00e9senter ensemble nos films le soir, les liens se sont renforc\u00e9s. Pour ma part, je suis rentr\u00e9 avec des potes pleins les poches.<\/p>\n<p>&nbsp;<\/p>\n<p><a href=\"http:\/\/www.cinevox.be\/passe-leurs-vacances-7-garrigue-regarder-films-belges\/stephanie-dubus-2-2\/\" rel=\"attachment wp-att-61749\"><img loading=\"lazy\" decoding=\"async\" class=\"alignleft  wp-image-61749\" src=\"http:\/\/www.cinevox.be\/wp-content\/uploads\/2014\/09\/\u00a9Stephanie-Dubus-2-600x600.jpg\" alt=\"\" width=\"480\" height=\"480\" srcset=\"https:\/\/w-l-c.be\/wp-content\/uploads\/2014\/09\/\u00a9Stephanie-Dubus-2-600x600.jpg 600w, https:\/\/w-l-c.be\/wp-content\/uploads\/2014\/09\/\u00a9Stephanie-Dubus-2-270x270.jpg 270w, https:\/\/w-l-c.be\/wp-content\/uploads\/2014\/09\/\u00a9Stephanie-Dubus-2-87x87.jpg 87w, https:\/\/w-l-c.be\/wp-content\/uploads\/2014\/09\/\u00a9Stephanie-Dubus-2.jpg 960w\" sizes=\"auto, (max-width: 480px) 100vw, 480px\" \/><\/a><\/p>\n<p>Du coup, les projets naissent et les futures collaborations fusent. Le fait aussi que chaque jour nous allions vers le public en installant notre \u00e9cran dans des villages plus beaux les uns que les autres ajoute \u00e0 la magie de l\u2019\u00e9v\u00e9nement. On a eu beaucoup de retours du public souvent tr\u00e8s enthousiaste apr\u00e8s la projection en buvant un verre avec eux \u00e0 la buvette. Il y avait de tout, c&rsquo;\u00e9tait tr\u00e8s h\u00e9t\u00e9roclite, des amateurs de cin\u00e9, des gens qui n&rsquo;y vont jamais, des habitants, des touristes &#8230;<\/p>\n<p>&nbsp;<\/p>\n<p>Ils n&rsquo;en sont qu&rsquo;\u00e0 leur 2e \u00e9dition, et je ne vois m\u00eame pas comment <b>M\u00e9ryl Fortunat Rossi<\/b>, <b>St\u00e9phanie Dubus<\/b>, <b>Pascal Hologne<\/b> et <b>C\u00e9line Masset<\/b> vont pouvoir am\u00e9liorer leur concept tant il est d\u00e9j\u00e0 g\u00e9nial, mais je leur fais confiance. Je n&rsquo;aurai donc qu&rsquo;un seul mot : essentiel !\u00a0\u00bb<\/p>\n<p>&nbsp;<\/p>\n<p>Comme le souligne, S\u00e9bastien un des objectifs du Festival de N\u00eemes est de toucher un autre public que celui qui va en festival ou se rend r\u00e9guli\u00e8rement dans les salles obscures. L\u2019id\u00e9e de l\u2019\u00e9quipe du festival est d\u2019aller \u00e0 la rencontre des gens dans les villages plut\u00f4t qu\u2019eux se d\u00e9placent dans un cin\u00e9ma. Cependant, au lieu des traditionnels cin\u00e9mas de plein air que l\u2019on retrouve fr\u00e9quemment en \u00e9t\u00e9, c\u2019est ici un v\u00e9ritable festival avec des invit\u00e9s et une programmation des derniers courts m\u00e9trages de l\u2019ann\u00e9e et de quelques films marquants qui peuvent plaire aux locaux.<\/p>\n<p>&nbsp;<\/p>\n<p><a href=\"http:\/\/www.cinevox.be\/passe-leurs-vacances-7-garrigue-regarder-films-belges\/justine-montagner-6\/\" rel=\"attachment wp-att-61747\"><img loading=\"lazy\" decoding=\"async\" class=\"alignright size-large wp-image-61747\" src=\"http:\/\/www.cinevox.be\/wp-content\/uploads\/2014\/09\/\u00a9Justine-Montagner-6-800x530.jpg\" alt=\"\" width=\"640\" height=\"424\" srcset=\"https:\/\/w-l-c.be\/wp-content\/uploads\/2014\/09\/\u00a9Justine-Montagner-6-800x530.jpg 800w, https:\/\/w-l-c.be\/wp-content\/uploads\/2014\/09\/\u00a9Justine-Montagner-6-406x270.jpg 406w, https:\/\/w-l-c.be\/wp-content\/uploads\/2014\/09\/\u00a9Justine-Montagner-6.jpg 960w\" sizes=\"auto, (max-width: 640px) 100vw, 640px\" \/><\/a><\/p>\n<p style=\"text-align: right;\">\u00a0<em>Photo :\u00a0Justine Montagner<\/em><\/p>\n<p>&nbsp;<\/p>\n<p>M\u00eame si N\u00eemes reste le p\u00f4le d\u2019attraction pour les m\u00e9dias, c\u2019est dans les petits villages que l\u2019essentiel du festival se passe. Loin des discours pompeux, ici s\u2019affiche clairement, la mise en place d\u2019une culture pour tous et d\u2019une forme d\u2019\u00e9ducation \u00e0 l\u2019image. \u00c0 l\u2019instar d\u2019un Cin\u00e9ma Paradiso, le cin\u00e9ma redevient populaire. Sans \u00eatre commercial.<\/p>\n<p>&nbsp;<\/p>\n<p>La gratuit\u00e9 des s\u00e9ances auquel l\u2019\u00e9quipe tient beaucoup et le dispositif l\u00e9ger qui l\u2019accompagne permettent une proximit\u00e9 et une convivialit\u00e9 qui aident \u00e0 la rencontre et \u00e0 la d\u00e9couverte. Et rappelle aux plus anciens, comme \u00e0 Collorgues, le temps o\u00f9 on bloquait la rue et on tendait un drap \u00e0 la va-vite et on improvisait un cin\u00e9ma, chacun emmenant sa chaise pour y assister \u00e0 la projection.<\/p>\n<p>Maintenant le nez dans les \u00e9toiles, sortis de derri\u00e8re leurs \u00e9crans de t\u00e9l\u00e9 ou d\u2019ordinateur ils viennent retrouver le grand \u00e9cran anim\u00e9 de la place, au cot\u00e9 des touristes et des aficionados du cin\u00e9ma du plat pays.<\/p>\n<p>&nbsp;<\/p>\n<p>Les villageois sont heureux, de ce renouveau, de cet int\u00e9r\u00eat pour leur lieu et ils manifestent leur reconnaissance par mains t\u00e9moignages que nous conte M\u00e9ryl, l\u2019enfant du coin\u00a0:<i>\u00a0<\/i><\/p>\n<p>\u00ab\u00a0Nous avons beau \u00eatre habitu\u00e9 \u00e0 l\u2019image, il reste toujours quelque chose de magique dans le fait de projeter une image dans un lieu non appropri\u00e9 \u00e0 cela. Nous sommes tous ravis de ce qui s\u2019est pass\u00e9 au festival cette ann\u00e9e. Et les r\u00e9alisateurs \u00e9galement comme <em><b>Micha\u00ebl<\/b><\/em><b><i>\u00a0<\/i><\/b><b><i>Bier<\/i><\/b>\u00a0 (ci-dessous,\u00a0<i>Une s\u00e9paration<\/i>) dont c\u2019\u00e9tait la premi\u00e8re projection en plein air sous l\u2019\u00e9glise de Blauzac. Il y avait du monde et comme on dit ici <i>il s\u2019est r\u00e9gal\u00e9<\/i>.<\/p>\n<p>&nbsp;<\/p>\n<p><a href=\"http:\/\/www.cinevox.be\/passe-leurs-vacances-7-garrigue-regarder-films-belges\/stephanie-dubus-7\/\" rel=\"attachment wp-att-61730\"><img loading=\"lazy\" decoding=\"async\" class=\"aligncenter size-large wp-image-61730\" src=\"http:\/\/www.cinevox.be\/wp-content\/uploads\/2014\/09\/\u00a9Stephanie-Dubus-7-800x600.jpg\" alt=\"\" width=\"640\" height=\"480\" srcset=\"https:\/\/w-l-c.be\/wp-content\/uploads\/2014\/09\/\u00a9Stephanie-Dubus-7-800x600.jpg 800w, https:\/\/w-l-c.be\/wp-content\/uploads\/2014\/09\/\u00a9Stephanie-Dubus-7-360x270.jpg 360w, https:\/\/w-l-c.be\/wp-content\/uploads\/2014\/09\/\u00a9Stephanie-Dubus-7-300x225.jpg 300w, https:\/\/w-l-c.be\/wp-content\/uploads\/2014\/09\/\u00a9Stephanie-Dubus-7.jpg 960w\" sizes=\"auto, (max-width: 640px) 100vw, 640px\" \/><\/a><\/p>\n<p style=\"text-align: right;\"><em>\u00a0Photo :\u00a0Stephanie Dubus\u00a0<\/em><i><\/i><\/p>\n<p>&nbsp;<\/p>\n<p>Collorgues c\u2019est un peu le c\u0153ur de la manifestation. Lorsqu\u2019un village de 500 habitants, o\u00f9 il n\u2019y a pas un magasin, affiche complet tous les soirs, avec un peu plus de 200 personnes dans la salle, en moyenne c\u2019est quand m\u00eame \u00e9norme.\u00a0\u00bb<\/p>\n<p>&nbsp;<\/p>\n<p>La m\u00e9thode employ\u00e9e est simple : propositions de qualit\u00e9, rencontres, \u00e9changes, partage et convivialit\u00e9.<\/p>\n<p><em id=\"__mceDel\"> Et le pac \u00e0 l\u2019eau (mais pas que)\u00a0qui d\u00e9lie les langues et c\u00f4toie la Chimay sur les comptoirs o\u00f9 au coude \u00e0 coude, le monde se refait, le cin\u00e9ma se parle.<\/em><\/p>\n<p>&nbsp;<\/p>\n<p>\u00ab\u00a0L\u2019ann\u00e9e derni\u00e8re\u00a0\u00bb, reprend <b>M\u00e9ryl, \u00ab\u00a0<\/b>nous avons pass\u00e9 <i>Merci <\/i>de Christine Rabette et les gens de Collorgues racontaient le film \u00e0 ceux qui n\u2019\u00e9tait pas venus, en disant que c\u2019\u00e9tait un super film. De m\u00eame nous avons beaucoup parl\u00e9 avec Pablo et S\u00e9bastien de l\u2019accueil de leur film par le public de N\u00eemes, qu\u2019ils pensaient mitig\u00e9 car il n\u2019y avait pas eu beaucoup de rire. Mais c\u2019\u00e9tait en fait l\u2019inverse, les gens m\u2019ont \u00e9norm\u00e9ment parl\u00e9 de <i>Welkom<\/i> qui a \u00e9t\u00e9 rebaptis\u00e9 le\u00a0 <i>film de la poule.<\/i> Il a aliment\u00e9 nombre de conversations et entre eux ils se sont racont\u00e9 le film comme une bonne blague. Le film a ainsi rejoint la tradition orale.<\/p>\n<p>Il se passe plein de belles histoires, ici.<\/p>\n<p>Un jour des gens sont venus de Collias en v\u00e9lo, ils ne savaient pas o\u00f9 dormir, ils se sont arr\u00eat\u00e9s l\u00e0 parce qu\u2019il y avait le festival. Naturellement les gens du village leur ont trouv\u00e9 une chambre.<\/p>\n<p>Les habitants de Collorgues font l\u2019effort de participer et de venir au festival parce que \u00e7a leur fait plaisir, que \u00e7a se passe chez eux, que le village bouge.<\/p>\n<p>&nbsp;<\/p>\n<p><a href=\"http:\/\/www.cinevox.be\/passe-leurs-vacances-7-garrigue-regarder-films-belges\/justine-montagner-7\/\" rel=\"attachment wp-att-61731\"><img loading=\"lazy\" decoding=\"async\" class=\"aligncenter size-large wp-image-61731\" src=\"http:\/\/www.cinevox.be\/wp-content\/uploads\/2014\/09\/\u00a9Justine-Montagner-7-800x530.jpg\" alt=\"\" width=\"640\" height=\"424\" srcset=\"https:\/\/w-l-c.be\/wp-content\/uploads\/2014\/09\/\u00a9Justine-Montagner-7-800x530.jpg 800w, https:\/\/w-l-c.be\/wp-content\/uploads\/2014\/09\/\u00a9Justine-Montagner-7-406x270.jpg 406w, https:\/\/w-l-c.be\/wp-content\/uploads\/2014\/09\/\u00a9Justine-Montagner-7.jpg 960w\" sizes=\"auto, (max-width: 640px) 100vw, 640px\" \/><\/a><\/p>\n<p style=\"text-align: right;\"><em>Photo :\u00a0Justine Montagner<\/em><\/p>\n<p>&nbsp;<\/p>\n<p>Nous avons fait un concours de p\u00e9tanque franco\/belge qui \u00e9tait fantastique (avec en guise de cochonnet un bouchon de Chimay et pour troph\u00e9e un <em>Manneken<\/em>&#8211;<em>Pis<\/em> !). Certains sont venus juste pour le jeu, en disant que le cin\u00e9ma belge ne les int\u00e9ressait pas forc\u00e9ment.<\/p>\n<p>Du coup nous les avons incit\u00e9s \u00e0 rester pour voir le film et, naturellement, ils ont aim\u00e9. De la m\u00eame mani\u00e8re, les habitants du village qui ont jou\u00e9 \u00e0 la p\u00e9tanque sont venus le soir voir non pas un film, mais le film du copain qu\u2019ils ont battu ou avec lequel ils ont jou\u00e9 dans l\u2019apr\u00e8s-midi. \u00c7a change tout.<\/p>\n<p>&nbsp;<\/p>\n<p><a href=\"http:\/\/www.cinevox.be\/passe-leurs-vacances-7-garrigue-regarder-films-belges\/justine-montagner-5\/\" rel=\"attachment wp-att-61732\"><img loading=\"lazy\" decoding=\"async\" class=\"aligncenter size-large wp-image-61732\" src=\"http:\/\/www.cinevox.be\/wp-content\/uploads\/2014\/09\/\u00a9Justine-Montagner-5-800x530.jpg\" alt=\"\" width=\"640\" height=\"424\" srcset=\"https:\/\/w-l-c.be\/wp-content\/uploads\/2014\/09\/\u00a9Justine-Montagner-5-800x530.jpg 800w, https:\/\/w-l-c.be\/wp-content\/uploads\/2014\/09\/\u00a9Justine-Montagner-5-406x270.jpg 406w, https:\/\/w-l-c.be\/wp-content\/uploads\/2014\/09\/\u00a9Justine-Montagner-5.jpg 960w\" sizes=\"auto, (max-width: 640px) 100vw, 640px\" \/><\/a><\/p>\n<p style=\"text-align: right;\"><em>Photo : Justine Montagner<\/em><\/p>\n<p>&nbsp;<\/p>\n<p>Un autre jour, nous sommes all\u00e9s faire une balade en garrigue o\u00f9 les gens nous expliquaient leur boulot de r\u00e9novation du patrimoine. \u00c0 cette occasion, des liens se sont nou\u00e9s. Par la suite, ils nous ont apport\u00e9 leurs salades du jardin pour participer au repas que nous pr\u00e9parions. Je pense que c\u2019est comme cela que l\u2019on arrive \u00e0 avoir une vraie rencontre avec du public et apr\u00e8s que les gens arrivent \u00e0 parler cin\u00e9ma et \u00e0 venir le voir projeter. Nous avons aussi fait une projection pour les enfants dans le temple de Collorgues. Il y avait une trentaine de jeunes spectateurs qui sont venus, c\u2019\u00e9tait super\u00a0!<\/p>\n<p>&nbsp;<\/p>\n<p><a href=\"http:\/\/www.cinevox.be\/passe-leurs-vacances-7-garrigue-regarder-films-belges\/justine-montagner-projection-pour-les-pictchounes-au-temple\/\" rel=\"attachment wp-att-61743\"><img loading=\"lazy\" decoding=\"async\" class=\"aligncenter size-large wp-image-61743\" src=\"http:\/\/www.cinevox.be\/wp-content\/uploads\/2014\/09\/\u00a9Justine-Montagner-Projection-pour-les-pictchounes-au-temple-800x530.jpg\" alt=\"\" width=\"640\" height=\"424\" srcset=\"https:\/\/w-l-c.be\/wp-content\/uploads\/2014\/09\/\u00a9Justine-Montagner-Projection-pour-les-pictchounes-au-temple-800x530.jpg 800w, https:\/\/w-l-c.be\/wp-content\/uploads\/2014\/09\/\u00a9Justine-Montagner-Projection-pour-les-pictchounes-au-temple-406x270.jpg 406w, https:\/\/w-l-c.be\/wp-content\/uploads\/2014\/09\/\u00a9Justine-Montagner-Projection-pour-les-pictchounes-au-temple.jpg 960w\" sizes=\"auto, (max-width: 640px) 100vw, 640px\" \/><\/a><\/p>\n<p style=\"text-align: right;\"><em>Projection pour les pictchounes au temple (photo :\u00a0\u00a0Justine Montagner )<\/em><\/p>\n<p>&nbsp;<\/p>\n<p>Mais le truc qui m\u2019a le plus touch\u00e9 c\u2019est un gars qui \u00e9tait l\u00e0 depuis deux jours et qui me dit\u00a0:\u00a0C\u2019est bien ce que vous faites, car c\u2019est gratos, mais surtout vous venez faire vivre le village.<\/p>\n<p>Je le vois hyper \u00e9mu apr\u00e8s le film de Val\u00e9rie Rosier <i>Silence radio.<\/i> Et il me confie\u00a0:\u00a0<i>mon p\u00e8re aimait le cin\u00e9ma. <\/i>Ensuite, il se tait. Il attend super longtemps avant de terminer : <i>Et il avait raison\u00a0! Merci pour ce que vous faites\u00a0!<\/i>.<\/p>\n<p>L\u00e0, tu te dis il a d\u00fb penser \u00e0 son p\u00e8re pendant tout le film.<\/p>\n<p>Ce genre de r\u00e9actions me touchent : c\u2019est quand m\u00eame pour \u00e7a que l\u2019on se bouge le cul.\u00a0\u00a0\u00bb (Grand sourire)<\/p>\n<p>&nbsp;<\/p>\n<p><a href=\"http:\/\/www.cinevox.be\/passe-leurs-vacances-7-garrigue-regarder-films-belges\/attachment\/61733\/\" rel=\"attachment wp-att-61733\"><img loading=\"lazy\" decoding=\"async\" class=\"aligncenter size-large wp-image-61733\" src=\"http:\/\/www.cinevox.be\/wp-content\/uploads\/2014\/09\/\u00a9Maryline-Laurin-Val\u00e9rie-Rosier-Anthony-Rey-800x517.jpg\" alt=\"\" width=\"640\" height=\"413\" srcset=\"https:\/\/w-l-c.be\/wp-content\/uploads\/2014\/09\/\u00a9Maryline-Laurin-Val\u00e9rie-Rosier-Anthony-Rey-800x517.jpg 800w, https:\/\/w-l-c.be\/wp-content\/uploads\/2014\/09\/\u00a9Maryline-Laurin-Val\u00e9rie-Rosier-Anthony-Rey-417x270.jpg 417w\" sizes=\"auto, (max-width: 640px) 100vw, 640px\" \/><\/a><\/p>\n<p style=\"text-align: right;\"><i>Val\u00e9ry Rosier avec Anthony Rey (Photo :\u00a0<i>\u00a0Maryline Laurin )<\/i><\/i><\/p>\n<p>&nbsp;<\/p>\n<p>&nbsp;<\/p>\n<p><b>Val\u00e9ry Rosier<\/b> qui revient pour la deuxi\u00e8me fois au festival et qui a assur\u00e9 un blind test m\u00e9morable nous parle de cette projection inoubliable\u00a0: \u00a0<i><\/i><\/p>\n<p>\u00ab\u00a0Le festival diffusait <i>Silence radio<\/i> sur la place de village typique pas loin de la ville d&rsquo;Uzes. Les 200 ou 300 si\u00e8ges \u00e9taient pris. Le film \u00e9tait diffus\u00e9 apr\u00e8s un tournoi de p\u00e9tanque organis\u00e9 entre les r\u00e9alisateurs belges et les villageois (NDLR. les r\u00e9alisateurs manquaient visiblement d&rsquo;entra\u00eenement et ont tr\u00e8s poliment laiss\u00e9 gagner les villageois). Je dois avouer que j&rsquo;ai v\u00e9cu ici une projection que je n&rsquo;avais jamais os\u00e9 imaginer : le public chantait les chansons que les protagonistes chantaient dans le film: <i>Les roses blanches, Le plus beau tango du monde, Mon vieux\u2026<\/i> Tous chantaient en c\u0153ur. C&rsquo;\u00e9tait une projection vraiment magique.<\/p>\n<p>&nbsp;<\/p>\n<p><a href=\"http:\/\/www.cinevox.be\/passe-leurs-vacances-7-garrigue-regarder-films-belges\/justine-montagner-2\/\" rel=\"attachment wp-att-61748\"><img loading=\"lazy\" decoding=\"async\" class=\"alignright size-large wp-image-61748\" src=\"http:\/\/www.cinevox.be\/wp-content\/uploads\/2014\/09\/\u00a9Justine-Montagner1-800x530.jpg\" alt=\"\" width=\"640\" height=\"424\" srcset=\"https:\/\/w-l-c.be\/wp-content\/uploads\/2014\/09\/\u00a9Justine-Montagner1-800x530.jpg 800w, https:\/\/w-l-c.be\/wp-content\/uploads\/2014\/09\/\u00a9Justine-Montagner1-406x270.jpg 406w, https:\/\/w-l-c.be\/wp-content\/uploads\/2014\/09\/\u00a9Justine-Montagner1.jpg 960w\" sizes=\"auto, (max-width: 640px) 100vw, 640px\" \/><\/a><\/p>\n<p>&nbsp;<\/p>\n<p style=\"text-align: right;\">\u00a0<em>Photo : Justine Montagner<\/em><\/p>\n<p>&nbsp;<\/p>\n<p>Ce festival est aussi une merveilleuse occasion de rencontrer d&rsquo;autres r\u00e9alisateurs belges dans un cadre diff\u00e9rent. L&rsquo;ann\u00e9e pass\u00e9e, j&rsquo;y ai d\u00e9couvert un r\u00e9alisateur que je ne connaissais qu&rsquo;un peu avant cela et cette ann\u00e9e il a accept\u00e9 de r\u00e9aliser un \u00e9pisode d&rsquo;une s\u00e9rie documentaire que j&rsquo;ai fait pour Arte et la RTBF qui s&rsquo;appelle Babel Express. Ce n&rsquo;est donc pas un projet qui a \u00e9merg\u00e9, mais plut\u00f4t une belle collaboration.\u00a0\u00bb<\/p>\n<p>&nbsp;<\/p>\n<p>Et <b>Anthony Rey, <\/b>l\u2019heureux producteur d\u2019Helicotronc\u00a0de conclure : \u00ab\u00a0Cin\u00e9ma, convivialit\u00e9, \u00e9changes et ripailles, les bons ingr\u00e9dients d&rsquo;un festival r\u00e9ussi !\u00a0\u00bb<\/p>\n<p>&nbsp;<\/p>\n<p><a href=\"http:\/\/www.cinevox.be\/passe-leurs-vacances-7-garrigue-regarder-films-belges\/justine-montagner\/\" rel=\"attachment wp-att-61734\"><img loading=\"lazy\" decoding=\"async\" class=\"aligncenter size-large wp-image-61734\" src=\"http:\/\/www.cinevox.be\/wp-content\/uploads\/2014\/09\/\u00a9Justine-Montagner-800x530.jpg\" alt=\"\" width=\"640\" height=\"424\" srcset=\"https:\/\/w-l-c.be\/wp-content\/uploads\/2014\/09\/\u00a9Justine-Montagner-800x530.jpg 800w, https:\/\/w-l-c.be\/wp-content\/uploads\/2014\/09\/\u00a9Justine-Montagner-406x270.jpg 406w, https:\/\/w-l-c.be\/wp-content\/uploads\/2014\/09\/\u00a9Justine-Montagner.jpg 960w\" sizes=\"auto, (max-width: 640px) 100vw, 640px\" \/><\/a><\/p>\n<p style=\"text-align: right;\"><em>Photo : Justine Montagner<\/em><\/p>\n<p>Ah\u00a0! Oui, car nous avons omis de vous parler d\u2019un \u00e9l\u00e9ment primordial du succ\u00e8s de ce festival, la cuisine de Pascal\u00a0<b><i>Hologne<\/i><\/b> \u2026Du barbecue g\u00e9ant aux carbonnades (photo) jusqu\u2019aux d\u00e9jeuners mitonn\u00e9s pour les invit\u00e9s, Pascal sait attirer le chaland et le r\u00e9galer.<\/p>\n<p>&nbsp;<\/p>\n<p><a href=\"http:\/\/www.cinevox.be\/passe-leurs-vacances-7-garrigue-regarder-films-belges\/stephanie-dubus-le-fameux-barbecue-de-pascal-hologne\/\" rel=\"attachment wp-att-61735\"><img loading=\"lazy\" decoding=\"async\" class=\"aligncenter size-large wp-image-61735\" src=\"http:\/\/www.cinevox.be\/wp-content\/uploads\/2014\/09\/\u00a9Stephanie-Dubus-Le-fameux-barbecue-de-Pascal-Hologne-800x450.jpg\" alt=\"\" width=\"640\" height=\"360\" srcset=\"https:\/\/w-l-c.be\/wp-content\/uploads\/2014\/09\/\u00a9Stephanie-Dubus-Le-fameux-barbecue-de-Pascal-Hologne-800x450.jpg 800w, https:\/\/w-l-c.be\/wp-content\/uploads\/2014\/09\/\u00a9Stephanie-Dubus-Le-fameux-barbecue-de-Pascal-Hologne-200x113.jpg 200w, https:\/\/w-l-c.be\/wp-content\/uploads\/2014\/09\/\u00a9Stephanie-Dubus-Le-fameux-barbecue-de-Pascal-Hologne-480x270.jpg 480w, https:\/\/w-l-c.be\/wp-content\/uploads\/2014\/09\/\u00a9Stephanie-Dubus-Le-fameux-barbecue-de-Pascal-Hologne-300x169.jpg 300w, https:\/\/w-l-c.be\/wp-content\/uploads\/2014\/09\/\u00a9Stephanie-Dubus-Le-fameux-barbecue-de-Pascal-Hologne-620x350.jpg 620w, https:\/\/w-l-c.be\/wp-content\/uploads\/2014\/09\/\u00a9Stephanie-Dubus-Le-fameux-barbecue-de-Pascal-Hologne.jpg 960w\" sizes=\"auto, (max-width: 640px) 100vw, 640px\" \/><\/a><\/p>\n<p style=\"text-align: right;\"><em>\u00a0Le fameux barbecue de Pascal Hologne (photo :\u00a0Stephanie Dubus )<\/em><\/p>\n<p>&nbsp;<\/p>\n<p>&nbsp;<\/p>\n<p>Que ce soit au festival ou en cuisine, tout le monde met la main \u00e0 la p\u00e2te:\u00a0 pas de hi\u00e9rarchie, chacun participe selon ses comp\u00e9tences dans la joie et la bonne humeur.<\/p>\n<p>&nbsp;<\/p>\n<p>Emball\u00e9,<b> M\u00e9ryl <\/b>\u00e9voque d\u00e9j\u00e0 l\u2019ann\u00e9e prochaine. Plusieurs pistes sont lanc\u00e9es, en forme de souhaits\u00a0:<\/p>\n<p>\u00ab\u00a0Un prix du public \u00e0 Collorgues, une des habitantes y tient absolument m\u00eame si tous les films ne passent pas \u00e0 Collorgues !\u00a0\u00bb<\/p>\n<p>Voil\u00e0 qui d\u00e9montre que le public s\u2019approprie le festival et apporte son avis artistique, \u00e0 son niveau.<\/p>\n<p>&nbsp;<\/p>\n<p><a href=\"http:\/\/www.cinevox.be\/passe-leurs-vacances-7-garrigue-regarder-films-belges\/attachment\/61736\/\" rel=\"attachment wp-att-61736\"><img loading=\"lazy\" decoding=\"async\" class=\"aligncenter size-large wp-image-61736\" src=\"http:\/\/www.cinevox.be\/wp-content\/uploads\/2014\/09\/\u00a9Maryline-Laurin-Cin\u00e9-concert-Le-Prol\u00e9-Thomas-Barriere-en-live-sur-3-Vueltas-de-M\u00e9ryl-800x600.jpg\" alt=\"\" width=\"640\" height=\"480\" srcset=\"https:\/\/w-l-c.be\/wp-content\/uploads\/2014\/09\/\u00a9Maryline-Laurin-Cin\u00e9-concert-Le-Prol\u00e9-Thomas-Barriere-en-live-sur-3-Vueltas-de-M\u00e9ryl-800x600.jpg 800w, https:\/\/w-l-c.be\/wp-content\/uploads\/2014\/09\/\u00a9Maryline-Laurin-Cin\u00e9-concert-Le-Prol\u00e9-Thomas-Barriere-en-live-sur-3-Vueltas-de-M\u00e9ryl-360x270.jpg 360w, https:\/\/w-l-c.be\/wp-content\/uploads\/2014\/09\/\u00a9Maryline-Laurin-Cin\u00e9-concert-Le-Prol\u00e9-Thomas-Barriere-en-live-sur-3-Vueltas-de-M\u00e9ryl-300x225.jpg 300w\" sizes=\"auto, (max-width: 640px) 100vw, 640px\" \/><\/a><\/p>\n<p style=\"text-align: right;\"><em>Photo : Maryline Laurin<\/em><\/p>\n<p>&nbsp;<\/p>\n<p>\u00a0\u00bb Cela pourrait se faire d\u2019autant plus que l\u2019on se rend compte que les villageois s\u2019habituent \u00e0 voir des films et peu \u00e0 peu ils acqui\u00e8rent un vrai \u0153il et commencent \u00e0 \u00eatre critiques par rapport \u00e0 des films et \u00e0 faire m\u00eame leur propre palmar\u00e8s.<\/p>\n<p>&nbsp;<\/p>\n<p><a href=\"http:\/\/www.cinevox.be\/passe-leurs-vacances-7-garrigue-regarder-films-belges\/stephanie-dubus-10\/\" rel=\"attachment wp-att-61737\"><img loading=\"lazy\" decoding=\"async\" class=\"aligncenter size-large wp-image-61737\" src=\"http:\/\/www.cinevox.be\/wp-content\/uploads\/2014\/09\/\u00a9Stephanie-Dubus-10-800x530.jpg\" alt=\"\" width=\"640\" height=\"424\" srcset=\"https:\/\/w-l-c.be\/wp-content\/uploads\/2014\/09\/\u00a9Stephanie-Dubus-10-800x530.jpg 800w, https:\/\/w-l-c.be\/wp-content\/uploads\/2014\/09\/\u00a9Stephanie-Dubus-10-407x270.jpg 407w, https:\/\/w-l-c.be\/wp-content\/uploads\/2014\/09\/\u00a9Stephanie-Dubus-10.jpg 960w\" sizes=\"auto, (max-width: 640px) 100vw, 640px\" \/><\/a><\/p>\n<p style=\"text-align: right;\"><em>photo :\u00a0Stephanie Dubus<\/em><\/p>\n<p>&nbsp;<\/p>\n<p>\u00a0\u00bb Amener les gens de Collorgues \u00e0 voir du documentaire peut sembler un d\u00e9fi. Nous avons commenc\u00e9 avec\u00a0<i>Silence radio<\/i> de Val\u00e9rie, maintenant je pense qu\u2019ils sont pr\u00eats et qu\u2019on peut aller vers quelque chose de plus pointu. J\u2019adorerais aussi leur montrer <i>Ernest et C\u00e9lestine.<\/i><\/p>\n<p>&nbsp;<\/p>\n<p>J\u2019aimerais bien proposer une carte blanche au festival Itin\u00e9rances d\u2019Ales, programmer une le\u00e7on de cin\u00e9ma donn\u00e9e par le parrain de l\u2019\u00e9dition au cin\u00e9ma le S\u00e9maphore \u00e0 N\u00eemes, peut-\u00eatre\u2026<\/p>\n<p><a href=\"http:\/\/www.cinevox.be\/passe-leurs-vacances-7-garrigue-regarder-films-belges\/stephanie-dubus-2\/\" rel=\"attachment wp-att-61744\"><img loading=\"lazy\" decoding=\"async\" class=\"alignright  wp-image-61744\" src=\"http:\/\/www.cinevox.be\/wp-content\/uploads\/2014\/09\/\u00a9Stephanie-Dubus.jpg\" alt=\"\" width=\"421\" height=\"421\" srcset=\"https:\/\/w-l-c.be\/wp-content\/uploads\/2014\/09\/\u00a9Stephanie-Dubus.jpg 526w, https:\/\/w-l-c.be\/wp-content\/uploads\/2014\/09\/\u00a9Stephanie-Dubus-270x270.jpg 270w, https:\/\/w-l-c.be\/wp-content\/uploads\/2014\/09\/\u00a9Stephanie-Dubus-87x87.jpg 87w\" sizes=\"auto, (max-width: 421px) 100vw, 421px\" \/><\/a>Ou accompagner des projets comme celui de ce gars qui est venu \u00e0 l\u2019Imperator, a fait un stage de musique pour les enfants. Nous lui avons pr\u00eat\u00e9 un film et il l&rsquo;a montr\u00e9 aux gamins. Les minots ont compos\u00e9 une musique dessus. L\u00e0, j\u2019ai le r\u00e9sultat et je vais bien s\u00fbr le faire parvenir au r\u00e9alisateur.<\/p>\n<p>Il y a plein de choses que l\u2019on peut mettre en place \u00e0 l\u2019image de cela\u00a0: il faut que le festival permette aux enfants de rencontrer les r\u00e9alisateurs, de faire la m\u00eame d\u00e9marche qu\u2019a entreprise cet homme avec eux. Ensuite, les enfants montrent cela devant les parents et on envoie une copie de la version finale au r\u00e9alisateur.\u00a0\u00bb<\/p>\n<p>&nbsp;<\/p>\n<p>Mille projets fourmillent dans l\u2019esprit de M\u00e9ryl et, sous son impulsion, nous nous sommes nous aussi mis \u00e0 r\u00eaver \u2026 \u00e0 une s\u00e9ance d\u2019<i>Henri <\/i>de Yolande Moreau \u00e0 Collorgues accompagn\u00e9e d\u2019un concert de Wim Willaert dont nous avions d\u00e9j\u00e0 eu un m\u00e9morable aper\u00e7u au Centre Wallonie Bruxelles \u00e0 Paris en septembre dernier).<\/p>\n<p>Wim, tout le monde le conna\u00eet maintenant dans les C\u00e9vennes depuis la projection de <i>Solo rex<\/i>. Il y est reconnu comme un des h\u00e9ros, non pas du Magritte du meilleur court m\u00e9trage 2014, mais d\u2019un des d\u00e9lires pr\u00e9f\u00e9r\u00e9s des habitants de Collorgues\u00a0: le film de la poule !<\/p>\n<p>&nbsp;<\/p>\n<p>Welkom !<\/p>\n<p>&nbsp;<\/p>\n<p>&nbsp;<\/p>\n<p><i>\u00a0<\/i><\/p>\n<p><i>\u00a0<\/i><\/p>\n<p><i>\u00a0<\/i><\/p>\n<p>* <b><i>Un soir un grain<\/i><\/b> a pour vocation de promouvoir l&rsquo;Art et le cin\u00e9ma en particulier en favorisant au maximum les rencontres entre le public et les professionnels.<i><\/i><\/p>\n","protected":false},"excerpt":{"rendered":"<p>N\u00eemes est une ville du Gard connue pour ses ar\u00e8nes et ses corridas. Le tout jeune et tr\u00e8s prometteur Festival du cin\u00e9ma belge \u00e0 N\u00eemes et en Garrigue y a \u00e9lu domicile du 16 au 21 juillet dernier, pour sa deuxi\u00e8me \u00e9dition. Pour les n\u00e9ophytes, la garrigue est une sorte de maquis, elle d\u00e9signe ici &hellip;<\/p>\n","protected":false},"author":7,"featured_media":61741,"comment_status":"closed","ping_status":"closed","sticky":false,"template":"","format":"standard","meta":{"ngg_post_thumbnail":0,"footnotes":""},"categories":[7],"tags":[],"class_list":["post-61724","post","type-post","status-publish","format-standard","has-post-thumbnail","","category-actualites"],"yoast_head":"<!-- This site is optimized with the Yoast SEO plugin v20.4 - https:\/\/yoast.com\/wordpress\/plugins\/seo\/ -->\n<title>O\u00f9 ont-ils pass\u00e9 leurs vacances (7) ? Dans la garrigue \u00e0 regarder des films belges ! - w-l-c<\/title>\n<meta name=\"robots\" content=\"noindex, follow, max-snippet:-1, max-image-preview:large, max-video-preview:-1\" \/>\n<meta property=\"og:locale\" content=\"fr_FR\" \/>\n<meta property=\"og:type\" content=\"article\" \/>\n<meta property=\"og:title\" content=\"O\u00f9 ont-ils pass\u00e9 leurs vacances (7) ? Dans la garrigue \u00e0 regarder des films belges ! - w-l-c\" \/>\n<meta property=\"og:description\" content=\"N\u00eemes est une ville du Gard connue pour ses ar\u00e8nes et ses corridas. Le tout jeune et tr\u00e8s prometteur Festival du cin\u00e9ma belge \u00e0 N\u00eemes et en Garrigue y a \u00e9lu domicile du 16 au 21 juillet dernier, pour sa deuxi\u00e8me \u00e9dition. Pour les n\u00e9ophytes, la garrigue est une sorte de maquis, elle d\u00e9signe ici &hellip;\" \/>\n<meta property=\"og:url\" content=\"https:\/\/w-l-c.be\/fr\/passe-leurs-vacances-7-garrigue-regarder-films-belges\/\" \/>\n<meta property=\"og:site_name\" content=\"w-l-c\" \/>\n<meta property=\"article:published_time\" content=\"2014-09-16T08:05:34+00:00\" \/>\n<meta property=\"article:modified_time\" content=\"2014-09-12T07:15:08+00:00\" \/>\n<meta property=\"og:image\" content=\"https:\/\/w-l-c.be\/wp-content\/uploads\/2014\/09\/\u00a9Stephanie-Dubus-Festival_cin\u00e9ma_belge_\u00e0_N\u00eemes_et_en_Guarrigue.jpg\" \/>\n\t<meta property=\"og:image:width\" content=\"2048\" \/>\n\t<meta property=\"og:image:height\" content=\"1152\" \/>\n\t<meta property=\"og:image:type\" content=\"image\/jpeg\" \/>\n<meta name=\"author\" content=\"Philippe.Pierquin\" \/>\n<meta name=\"twitter:card\" content=\"summary_large_image\" \/>\n<meta name=\"twitter:label1\" content=\"\u00c9crit par\" \/>\n\t<meta name=\"twitter:data1\" content=\"Philippe.Pierquin\" \/>\n\t<meta name=\"twitter:label2\" content=\"Dur\u00e9e de lecture estim\u00e9e\" \/>\n\t<meta name=\"twitter:data2\" content=\"15 minutes\" \/>\n<script type=\"application\/ld+json\" class=\"yoast-schema-graph\">{\"@context\":\"https:\/\/schema.org\",\"@graph\":[{\"@type\":\"WebPage\",\"@id\":\"https:\/\/w-l-c.be\/fr\/passe-leurs-vacances-7-garrigue-regarder-films-belges\/\",\"url\":\"https:\/\/w-l-c.be\/fr\/passe-leurs-vacances-7-garrigue-regarder-films-belges\/\",\"name\":\"O\u00f9 ont-ils pass\u00e9 leurs vacances (7) ? Dans la garrigue \u00e0 regarder des films belges ! - w-l-c\",\"isPartOf\":{\"@id\":\"https:\/\/w-l-c.be\/fr\/#website\"},\"datePublished\":\"2014-09-16T08:05:34+00:00\",\"dateModified\":\"2014-09-12T07:15:08+00:00\",\"author\":{\"@id\":\"https:\/\/w-l-c.be\/fr\/#\/schema\/person\/4b9b1d857f0943453a38a7c2859ef756\"},\"breadcrumb\":{\"@id\":\"https:\/\/w-l-c.be\/fr\/passe-leurs-vacances-7-garrigue-regarder-films-belges\/#breadcrumb\"},\"inLanguage\":\"fr-FR\",\"potentialAction\":[{\"@type\":\"ReadAction\",\"target\":[\"https:\/\/w-l-c.be\/fr\/passe-leurs-vacances-7-garrigue-regarder-films-belges\/\"]}]},{\"@type\":\"BreadcrumbList\",\"@id\":\"https:\/\/w-l-c.be\/fr\/passe-leurs-vacances-7-garrigue-regarder-films-belges\/#breadcrumb\",\"itemListElement\":[{\"@type\":\"ListItem\",\"position\":1,\"name\":\"Accueil\",\"item\":\"https:\/\/w-l-c.be\/fr\/\"},{\"@type\":\"ListItem\",\"position\":2,\"name\":\"O\u00f9 ont-ils pass\u00e9 leurs vacances (7) ? Dans la garrigue \u00e0 regarder des films belges !\"}]},{\"@type\":\"WebSite\",\"@id\":\"https:\/\/w-l-c.be\/fr\/#website\",\"url\":\"https:\/\/w-l-c.be\/fr\/\",\"name\":\"w-l-c\",\"description\":\"Le cin\u00e9ma vu par les belges\",\"potentialAction\":[{\"@type\":\"SearchAction\",\"target\":{\"@type\":\"EntryPoint\",\"urlTemplate\":\"https:\/\/w-l-c.be\/fr\/?s={search_term_string}\"},\"query-input\":\"required name=search_term_string\"}],\"inLanguage\":\"fr-FR\"},{\"@type\":\"Person\",\"@id\":\"https:\/\/w-l-c.be\/fr\/#\/schema\/person\/4b9b1d857f0943453a38a7c2859ef756\",\"name\":\"Philippe.Pierquin\",\"url\":\"https:\/\/w-l-c.be\/fr\/author\/philippe-pierquin\/\"}]}<\/script>\n<!-- \/ Yoast SEO plugin. -->","yoast_head_json":{"title":"O\u00f9 ont-ils pass\u00e9 leurs vacances (7) ? Dans la garrigue \u00e0 regarder des films belges ! - w-l-c","robots":{"index":"noindex","follow":"follow","max-snippet":"max-snippet:-1","max-image-preview":"max-image-preview:large","max-video-preview":"max-video-preview:-1"},"og_locale":"fr_FR","og_type":"article","og_title":"O\u00f9 ont-ils pass\u00e9 leurs vacances (7) ? Dans la garrigue \u00e0 regarder des films belges ! - w-l-c","og_description":"N\u00eemes est une ville du Gard connue pour ses ar\u00e8nes et ses corridas. Le tout jeune et tr\u00e8s prometteur Festival du cin\u00e9ma belge \u00e0 N\u00eemes et en Garrigue y a \u00e9lu domicile du 16 au 21 juillet dernier, pour sa deuxi\u00e8me \u00e9dition. Pour les n\u00e9ophytes, la garrigue est une sorte de maquis, elle d\u00e9signe ici &hellip;","og_url":"https:\/\/w-l-c.be\/fr\/passe-leurs-vacances-7-garrigue-regarder-films-belges\/","og_site_name":"w-l-c","article_published_time":"2014-09-16T08:05:34+00:00","article_modified_time":"2014-09-12T07:15:08+00:00","og_image":[{"width":2048,"height":1152,"url":"https:\/\/w-l-c.be\/wp-content\/uploads\/2014\/09\/\u00a9Stephanie-Dubus-Festival_cin\u00e9ma_belge_\u00e0_N\u00eemes_et_en_Guarrigue.jpg","type":"image\/jpeg"}],"author":"Philippe.Pierquin","twitter_card":"summary_large_image","twitter_misc":{"\u00c9crit par":"Philippe.Pierquin","Dur\u00e9e de lecture estim\u00e9e":"15 minutes"},"schema":{"@context":"https:\/\/schema.org","@graph":[{"@type":"WebPage","@id":"https:\/\/w-l-c.be\/fr\/passe-leurs-vacances-7-garrigue-regarder-films-belges\/","url":"https:\/\/w-l-c.be\/fr\/passe-leurs-vacances-7-garrigue-regarder-films-belges\/","name":"O\u00f9 ont-ils pass\u00e9 leurs vacances (7) ? Dans la garrigue \u00e0 regarder des films belges ! - w-l-c","isPartOf":{"@id":"https:\/\/w-l-c.be\/fr\/#website"},"datePublished":"2014-09-16T08:05:34+00:00","dateModified":"2014-09-12T07:15:08+00:00","author":{"@id":"https:\/\/w-l-c.be\/fr\/#\/schema\/person\/4b9b1d857f0943453a38a7c2859ef756"},"breadcrumb":{"@id":"https:\/\/w-l-c.be\/fr\/passe-leurs-vacances-7-garrigue-regarder-films-belges\/#breadcrumb"},"inLanguage":"fr-FR","potentialAction":[{"@type":"ReadAction","target":["https:\/\/w-l-c.be\/fr\/passe-leurs-vacances-7-garrigue-regarder-films-belges\/"]}]},{"@type":"BreadcrumbList","@id":"https:\/\/w-l-c.be\/fr\/passe-leurs-vacances-7-garrigue-regarder-films-belges\/#breadcrumb","itemListElement":[{"@type":"ListItem","position":1,"name":"Accueil","item":"https:\/\/w-l-c.be\/fr\/"},{"@type":"ListItem","position":2,"name":"O\u00f9 ont-ils pass\u00e9 leurs vacances (7) ? Dans la garrigue \u00e0 regarder des films belges !"}]},{"@type":"WebSite","@id":"https:\/\/w-l-c.be\/fr\/#website","url":"https:\/\/w-l-c.be\/fr\/","name":"w-l-c","description":"Le cin\u00e9ma vu par les belges","potentialAction":[{"@type":"SearchAction","target":{"@type":"EntryPoint","urlTemplate":"https:\/\/w-l-c.be\/fr\/?s={search_term_string}"},"query-input":"required name=search_term_string"}],"inLanguage":"fr-FR"},{"@type":"Person","@id":"https:\/\/w-l-c.be\/fr\/#\/schema\/person\/4b9b1d857f0943453a38a7c2859ef756","name":"Philippe.Pierquin","url":"https:\/\/w-l-c.be\/fr\/author\/philippe-pierquin\/"}]}},"_links":{"self":[{"href":"https:\/\/w-l-c.be\/fr\/wp-json\/wp\/v2\/posts\/61724","targetHints":{"allow":["GET"]}}],"collection":[{"href":"https:\/\/w-l-c.be\/fr\/wp-json\/wp\/v2\/posts"}],"about":[{"href":"https:\/\/w-l-c.be\/fr\/wp-json\/wp\/v2\/types\/post"}],"author":[{"embeddable":true,"href":"https:\/\/w-l-c.be\/fr\/wp-json\/wp\/v2\/users\/7"}],"replies":[{"embeddable":true,"href":"https:\/\/w-l-c.be\/fr\/wp-json\/wp\/v2\/comments?post=61724"}],"version-history":[{"count":0,"href":"https:\/\/w-l-c.be\/fr\/wp-json\/wp\/v2\/posts\/61724\/revisions"}],"wp:featuredmedia":[{"embeddable":true,"href":"https:\/\/w-l-c.be\/fr\/wp-json\/wp\/v2\/media\/61741"}],"wp:attachment":[{"href":"https:\/\/w-l-c.be\/fr\/wp-json\/wp\/v2\/media?parent=61724"}],"wp:term":[{"taxonomy":"category","embeddable":true,"href":"https:\/\/w-l-c.be\/fr\/wp-json\/wp\/v2\/categories?post=61724"},{"taxonomy":"post_tag","embeddable":true,"href":"https:\/\/w-l-c.be\/fr\/wp-json\/wp\/v2\/tags?post=61724"}],"curies":[{"name":"wp","href":"https:\/\/api.w.org\/{rel}","templated":true}]}}