
{"id":62053,"date":"2014-09-16T09:11:16","date_gmt":"2014-09-16T07:11:16","guid":{"rendered":"http:\/\/www.cinevox.be\/?p=62053"},"modified":"2014-09-15T09:14:53","modified_gmt":"2014-09-15T07:14:53","slug":"standard-film","status":"publish","type":"post","link":"https:\/\/w-l-c.be\/fr\/standard-film\/","title":{"rendered":"Standard, le film"},"content":{"rendered":"<p>R\u00e9alis\u00e9 par Benjamin MARQUET (LADS &amp; JOCKEYS), et co-\u00e9crit avec Brieux FEROT, contributeur historique du mensuel de football, culture et soci\u00e9t\u00e9 SOFOOT, STANDARD le film interroge le spectateur : \u00eates-vous pr\u00eats \u00e0 changer d\u2019avis sur les supporters <!--more-->?<\/p>\n<p>Avec le film, se dessine en creux d\u2019histoires individuelles un mythe populaire. Les r\u00e9alisateurs partent \u00e0 la rencontre de Nadine, professeure de comptabilit\u00e9 dans une prestigieuse \u00e9cole de commerce. Au stade, elle c\u00f4toie Roby, ultra historique et son ami Chris, leader du groupe hardcore belge Do or Die, accompagn\u00e9 de sa fille Lily.<\/p>\n<p>Il y a aussi le jeune Mafiosi, apprenti supporter, et Francis, le cowboy moderne. Et puis, il y a S\u00e9bastien, le \u201cplus grand supporter du Standard et de Belgique\u201d, avec le record de matchs vus du m\u00eame club, plus de deux mille d\u00e9sormais.<\/p>\n<p>Aujourd\u2019hui, atteint d\u2019une grave maladie, il ne peut plus se rendre au stade comme avant, mais qu\u2019importe: Amandine et Junior continuent de s\u2019y rendre pour perp\u00e9tuer la tradition familiale<\/p>\n","protected":false},"excerpt":{"rendered":"<p>R\u00e9alis\u00e9 par Benjamin MARQUET (LADS &amp; JOCKEYS), et co-\u00e9crit avec Brieux FEROT, contributeur historique du mensuel de football, culture et soci\u00e9t\u00e9 SOFOOT, STANDARD le film interroge le spectateur : \u00eates-vous pr\u00eats \u00e0 changer d\u2019avis sur les supporters<\/p>\n","protected":false},"author":7,"featured_media":62054,"comment_status":"closed","ping_status":"closed","sticky":false,"template":"","format":"standard","meta":{"ngg_post_thumbnail":0,"footnotes":""},"categories":[53],"tags":[],"class_list":["post-62053","post","type-post","status-publish","format-standard","has-post-thumbnail","","category-coming-soon"],"yoast_head":"<!-- This site is optimized with the Yoast SEO plugin v20.4 - https:\/\/yoast.com\/wordpress\/plugins\/seo\/ -->\n<title>Standard, le film - w-l-c<\/title>\n<meta name=\"robots\" content=\"noindex, follow, max-snippet:-1, max-image-preview:large, max-video-preview:-1\" \/>\n<meta property=\"og:locale\" content=\"fr_FR\" \/>\n<meta property=\"og:type\" content=\"article\" \/>\n<meta property=\"og:title\" content=\"Standard, le film - w-l-c\" \/>\n<meta property=\"og:description\" content=\"R\u00e9alis\u00e9 par Benjamin MARQUET (LADS &amp; JOCKEYS), et co-\u00e9crit avec Brieux FEROT, contributeur historique du mensuel de football, culture et soci\u00e9t\u00e9 SOFOOT, STANDARD le film interroge le spectateur : \u00eates-vous pr\u00eats \u00e0 changer d\u2019avis sur les supporters\" \/>\n<meta property=\"og:url\" content=\"https:\/\/w-l-c.be\/fr\/standard-film\/\" \/>\n<meta property=\"og:site_name\" content=\"w-l-c\" \/>\n<meta property=\"article:published_time\" content=\"2014-09-16T07:11:16+00:00\" \/>\n<meta property=\"article:modified_time\" content=\"2014-09-15T07:14:53+00:00\" \/>\n<meta property=\"og:image\" content=\"https:\/\/w-l-c.be\/wp-content\/uploads\/2014\/09\/2014-09-15_09h01_26.jpg\" \/>\n\t<meta property=\"og:image:width\" content=\"834\" \/>\n\t<meta property=\"og:image:height\" content=\"464\" \/>\n\t<meta property=\"og:image:type\" content=\"image\/jpeg\" \/>\n<meta name=\"author\" content=\"Philippe.Pierquin\" \/>\n<meta name=\"twitter:card\" content=\"summary_large_image\" \/>\n<meta name=\"twitter:label1\" content=\"\u00c9crit par\" \/>\n\t<meta name=\"twitter:data1\" content=\"Philippe.Pierquin\" \/>\n\t<meta name=\"twitter:label2\" content=\"Dur\u00e9e de lecture estim\u00e9e\" \/>\n\t<meta name=\"twitter:data2\" content=\"1 minute\" \/>\n<script type=\"application\/ld+json\" class=\"yoast-schema-graph\">{\"@context\":\"https:\/\/schema.org\",\"@graph\":[{\"@type\":\"WebPage\",\"@id\":\"https:\/\/w-l-c.be\/fr\/standard-film\/\",\"url\":\"https:\/\/w-l-c.be\/fr\/standard-film\/\",\"name\":\"Standard, le film - w-l-c\",\"isPartOf\":{\"@id\":\"https:\/\/w-l-c.be\/fr\/#website\"},\"datePublished\":\"2014-09-16T07:11:16+00:00\",\"dateModified\":\"2014-09-15T07:14:53+00:00\",\"author\":{\"@id\":\"https:\/\/w-l-c.be\/fr\/#\/schema\/person\/4b9b1d857f0943453a38a7c2859ef756\"},\"breadcrumb\":{\"@id\":\"https:\/\/w-l-c.be\/fr\/standard-film\/#breadcrumb\"},\"inLanguage\":\"fr-FR\",\"potentialAction\":[{\"@type\":\"ReadAction\",\"target\":[\"https:\/\/w-l-c.be\/fr\/standard-film\/\"]}]},{\"@type\":\"BreadcrumbList\",\"@id\":\"https:\/\/w-l-c.be\/fr\/standard-film\/#breadcrumb\",\"itemListElement\":[{\"@type\":\"ListItem\",\"position\":1,\"name\":\"Accueil\",\"item\":\"https:\/\/w-l-c.be\/fr\/\"},{\"@type\":\"ListItem\",\"position\":2,\"name\":\"Standard, le film\"}]},{\"@type\":\"WebSite\",\"@id\":\"https:\/\/w-l-c.be\/fr\/#website\",\"url\":\"https:\/\/w-l-c.be\/fr\/\",\"name\":\"w-l-c\",\"description\":\"Le cin\u00e9ma vu par les belges\",\"potentialAction\":[{\"@type\":\"SearchAction\",\"target\":{\"@type\":\"EntryPoint\",\"urlTemplate\":\"https:\/\/w-l-c.be\/fr\/?s={search_term_string}\"},\"query-input\":\"required name=search_term_string\"}],\"inLanguage\":\"fr-FR\"},{\"@type\":\"Person\",\"@id\":\"https:\/\/w-l-c.be\/fr\/#\/schema\/person\/4b9b1d857f0943453a38a7c2859ef756\",\"name\":\"Philippe.Pierquin\",\"url\":\"https:\/\/w-l-c.be\/fr\/author\/philippe-pierquin\/\"}]}<\/script>\n<!-- \/ Yoast SEO plugin. -->","yoast_head_json":{"title":"Standard, le film - w-l-c","robots":{"index":"noindex","follow":"follow","max-snippet":"max-snippet:-1","max-image-preview":"max-image-preview:large","max-video-preview":"max-video-preview:-1"},"og_locale":"fr_FR","og_type":"article","og_title":"Standard, le film - w-l-c","og_description":"R\u00e9alis\u00e9 par Benjamin MARQUET (LADS &amp; JOCKEYS), et co-\u00e9crit avec Brieux FEROT, contributeur historique du mensuel de football, culture et soci\u00e9t\u00e9 SOFOOT, STANDARD le film interroge le spectateur : \u00eates-vous pr\u00eats \u00e0 changer d\u2019avis sur les supporters","og_url":"https:\/\/w-l-c.be\/fr\/standard-film\/","og_site_name":"w-l-c","article_published_time":"2014-09-16T07:11:16+00:00","article_modified_time":"2014-09-15T07:14:53+00:00","og_image":[{"width":834,"height":464,"url":"https:\/\/w-l-c.be\/wp-content\/uploads\/2014\/09\/2014-09-15_09h01_26.jpg","type":"image\/jpeg"}],"author":"Philippe.Pierquin","twitter_card":"summary_large_image","twitter_misc":{"\u00c9crit par":"Philippe.Pierquin","Dur\u00e9e de lecture estim\u00e9e":"1 minute"},"schema":{"@context":"https:\/\/schema.org","@graph":[{"@type":"WebPage","@id":"https:\/\/w-l-c.be\/fr\/standard-film\/","url":"https:\/\/w-l-c.be\/fr\/standard-film\/","name":"Standard, le film - w-l-c","isPartOf":{"@id":"https:\/\/w-l-c.be\/fr\/#website"},"datePublished":"2014-09-16T07:11:16+00:00","dateModified":"2014-09-15T07:14:53+00:00","author":{"@id":"https:\/\/w-l-c.be\/fr\/#\/schema\/person\/4b9b1d857f0943453a38a7c2859ef756"},"breadcrumb":{"@id":"https:\/\/w-l-c.be\/fr\/standard-film\/#breadcrumb"},"inLanguage":"fr-FR","potentialAction":[{"@type":"ReadAction","target":["https:\/\/w-l-c.be\/fr\/standard-film\/"]}]},{"@type":"BreadcrumbList","@id":"https:\/\/w-l-c.be\/fr\/standard-film\/#breadcrumb","itemListElement":[{"@type":"ListItem","position":1,"name":"Accueil","item":"https:\/\/w-l-c.be\/fr\/"},{"@type":"ListItem","position":2,"name":"Standard, le film"}]},{"@type":"WebSite","@id":"https:\/\/w-l-c.be\/fr\/#website","url":"https:\/\/w-l-c.be\/fr\/","name":"w-l-c","description":"Le cin\u00e9ma vu par les belges","potentialAction":[{"@type":"SearchAction","target":{"@type":"EntryPoint","urlTemplate":"https:\/\/w-l-c.be\/fr\/?s={search_term_string}"},"query-input":"required name=search_term_string"}],"inLanguage":"fr-FR"},{"@type":"Person","@id":"https:\/\/w-l-c.be\/fr\/#\/schema\/person\/4b9b1d857f0943453a38a7c2859ef756","name":"Philippe.Pierquin","url":"https:\/\/w-l-c.be\/fr\/author\/philippe-pierquin\/"}]}},"_links":{"self":[{"href":"https:\/\/w-l-c.be\/fr\/wp-json\/wp\/v2\/posts\/62053","targetHints":{"allow":["GET"]}}],"collection":[{"href":"https:\/\/w-l-c.be\/fr\/wp-json\/wp\/v2\/posts"}],"about":[{"href":"https:\/\/w-l-c.be\/fr\/wp-json\/wp\/v2\/types\/post"}],"author":[{"embeddable":true,"href":"https:\/\/w-l-c.be\/fr\/wp-json\/wp\/v2\/users\/7"}],"replies":[{"embeddable":true,"href":"https:\/\/w-l-c.be\/fr\/wp-json\/wp\/v2\/comments?post=62053"}],"version-history":[{"count":0,"href":"https:\/\/w-l-c.be\/fr\/wp-json\/wp\/v2\/posts\/62053\/revisions"}],"wp:featuredmedia":[{"embeddable":true,"href":"https:\/\/w-l-c.be\/fr\/wp-json\/wp\/v2\/media\/62054"}],"wp:attachment":[{"href":"https:\/\/w-l-c.be\/fr\/wp-json\/wp\/v2\/media?parent=62053"}],"wp:term":[{"taxonomy":"category","embeddable":true,"href":"https:\/\/w-l-c.be\/fr\/wp-json\/wp\/v2\/categories?post=62053"},{"taxonomy":"post_tag","embeddable":true,"href":"https:\/\/w-l-c.be\/fr\/wp-json\/wp\/v2\/tags?post=62053"}],"curies":[{"name":"wp","href":"https:\/\/api.w.org\/{rel}","templated":true}]}}