
{"id":62073,"date":"2014-09-24T08:47:29","date_gmt":"2014-09-24T06:47:29","guid":{"rendered":"http:\/\/www.cinevox.be\/?p=62073"},"modified":"2014-09-25T10:42:37","modified_gmt":"2014-09-25T08:42:37","slug":"yam-dam-bande-annonce","status":"publish","type":"post","link":"https:\/\/w-l-c.be\/fr\/yam-dam-bande-annonce\/","title":{"rendered":"Yam dam : la bande-annonce"},"content":{"rendered":"<p>Christian m\u00e8ne une vie bourgeoise et sans relief de v\u00e9t\u00e9rinaire de province. Mari\u00e9, sans enfants, il a cr\u00e9\u00e9 avec sa femme une petite association d&rsquo;aide \u00e0 l&rsquo;Afrique dont il est le pr\u00e9sident. Mais cela ne suffit pas \u00e0 combler la monotonie de son existence. Alors Christian surfe. Sur le net, il s&rsquo;invente une deuxi\u00e8me vie et flirte avec de jeunes africaines en qu\u00eate d&rsquo;une vie meilleure. Jusqu&rsquo;au jour o\u00f9 Faustine, jeune burkinab\u00e9e de 26 ans, d\u00e9barque dans son cabinet&#8230;<!--more--><\/p>\n<p>&nbsp;<\/p>\n<p>&nbsp;<\/p>\n<p>Produit par Cin\u00e9astes Associ\u00e9s, le film a \u00e9t\u00e9 s\u00e9lectionn\u00e9 en Comp\u00e9tition Mondiale des Premi\u00e8res \u0152uvres au Festival des films du Monde de MONTR\u00c9AL 2013 ainsi que dans une douzaine d&rsquo;autres festivals internationaux et a remport\u00e9 trois prix : Prix Cin\u00e9vox du meilleur film belge au Festival International du Film Francophone de NAMUR, Grand Prix du Festival \u00ab Quintessence \u00bb de OUIDAH (B\u00e9nin) et Prix de l&rsquo;Union des R\u00e9alisateurs Bulgares au Festival Golden Linden (Bulgarie).<\/p>\n<p>&nbsp;<\/p>\n<p>23 SEPTEMBRE AP VIRTON<\/p>\n<p>24 SEPTEMBRE AP AVENTURE BRUXELLES &#8211; CINEVOX HAPPENING<\/p>\n<p>25 SEPTEMBRE &#8211; FETE COMMUNAUTE FRANCAISE &#8211; LIEGE<\/p>\n<p>26 SEPTEMBRE &#8211; AP GRIGNOUX NAMUR<\/p>\n","protected":false},"excerpt":{"rendered":"<p>Christian m\u00e8ne une vie bourgeoise et sans relief de v\u00e9t\u00e9rinaire de province. Mari\u00e9, sans enfants, il a cr\u00e9\u00e9 avec sa femme une petite association d&rsquo;aide \u00e0 l&rsquo;Afrique dont il est le pr\u00e9sident. Mais cela ne suffit pas \u00e0 combler la monotonie de son existence. Alors Christian surfe. Sur le net, il s&rsquo;invente une deuxi\u00e8me vie &hellip;<\/p>\n","protected":false},"author":7,"featured_media":62074,"comment_status":"closed","ping_status":"closed","sticky":false,"template":"","format":"standard","meta":{"ngg_post_thumbnail":0,"footnotes":""},"categories":[53],"tags":[],"class_list":["post-62073","post","type-post","status-publish","format-standard","has-post-thumbnail","","category-coming-soon"],"yoast_head":"<!-- This site is optimized with the Yoast SEO plugin v20.4 - https:\/\/yoast.com\/wordpress\/plugins\/seo\/ -->\n<title>Yam dam : la bande-annonce - w-l-c<\/title>\n<meta name=\"robots\" content=\"noindex, follow, max-snippet:-1, max-image-preview:large, max-video-preview:-1\" \/>\n<meta property=\"og:locale\" content=\"fr_FR\" \/>\n<meta property=\"og:type\" content=\"article\" \/>\n<meta property=\"og:title\" content=\"Yam dam : la bande-annonce - w-l-c\" \/>\n<meta property=\"og:description\" content=\"Christian m\u00e8ne une vie bourgeoise et sans relief de v\u00e9t\u00e9rinaire de province. Mari\u00e9, sans enfants, il a cr\u00e9\u00e9 avec sa femme une petite association d&rsquo;aide \u00e0 l&rsquo;Afrique dont il est le pr\u00e9sident. Mais cela ne suffit pas \u00e0 combler la monotonie de son existence. Alors Christian surfe. Sur le net, il s&rsquo;invente une deuxi\u00e8me vie &hellip;\" \/>\n<meta property=\"og:url\" content=\"https:\/\/w-l-c.be\/fr\/yam-dam-bande-annonce\/\" \/>\n<meta property=\"og:site_name\" content=\"w-l-c\" \/>\n<meta property=\"article:published_time\" content=\"2014-09-24T06:47:29+00:00\" \/>\n<meta property=\"article:modified_time\" content=\"2014-09-25T08:42:37+00:00\" \/>\n<meta property=\"og:image\" content=\"https:\/\/w-l-c.be\/wp-content\/uploads\/2014\/09\/YamDam04.jpg\" \/>\n\t<meta property=\"og:image:width\" content=\"1920\" \/>\n\t<meta property=\"og:image:height\" content=\"798\" \/>\n\t<meta property=\"og:image:type\" content=\"image\/jpeg\" \/>\n<meta name=\"author\" content=\"Philippe.Pierquin\" \/>\n<meta name=\"twitter:card\" content=\"summary_large_image\" \/>\n<meta name=\"twitter:label1\" content=\"\u00c9crit par\" \/>\n\t<meta name=\"twitter:data1\" content=\"Philippe.Pierquin\" \/>\n\t<meta name=\"twitter:label2\" content=\"Dur\u00e9e de lecture estim\u00e9e\" \/>\n\t<meta name=\"twitter:data2\" content=\"1 minute\" \/>\n<script type=\"application\/ld+json\" class=\"yoast-schema-graph\">{\"@context\":\"https:\/\/schema.org\",\"@graph\":[{\"@type\":\"WebPage\",\"@id\":\"https:\/\/w-l-c.be\/fr\/yam-dam-bande-annonce\/\",\"url\":\"https:\/\/w-l-c.be\/fr\/yam-dam-bande-annonce\/\",\"name\":\"Yam dam : la bande-annonce - w-l-c\",\"isPartOf\":{\"@id\":\"https:\/\/w-l-c.be\/fr\/#website\"},\"datePublished\":\"2014-09-24T06:47:29+00:00\",\"dateModified\":\"2014-09-25T08:42:37+00:00\",\"author\":{\"@id\":\"https:\/\/w-l-c.be\/fr\/#\/schema\/person\/4b9b1d857f0943453a38a7c2859ef756\"},\"breadcrumb\":{\"@id\":\"https:\/\/w-l-c.be\/fr\/yam-dam-bande-annonce\/#breadcrumb\"},\"inLanguage\":\"fr-FR\",\"potentialAction\":[{\"@type\":\"ReadAction\",\"target\":[\"https:\/\/w-l-c.be\/fr\/yam-dam-bande-annonce\/\"]}]},{\"@type\":\"BreadcrumbList\",\"@id\":\"https:\/\/w-l-c.be\/fr\/yam-dam-bande-annonce\/#breadcrumb\",\"itemListElement\":[{\"@type\":\"ListItem\",\"position\":1,\"name\":\"Accueil\",\"item\":\"https:\/\/w-l-c.be\/fr\/\"},{\"@type\":\"ListItem\",\"position\":2,\"name\":\"Yam dam : la bande-annonce\"}]},{\"@type\":\"WebSite\",\"@id\":\"https:\/\/w-l-c.be\/fr\/#website\",\"url\":\"https:\/\/w-l-c.be\/fr\/\",\"name\":\"w-l-c\",\"description\":\"Le cin\u00e9ma vu par les belges\",\"potentialAction\":[{\"@type\":\"SearchAction\",\"target\":{\"@type\":\"EntryPoint\",\"urlTemplate\":\"https:\/\/w-l-c.be\/fr\/?s={search_term_string}\"},\"query-input\":\"required name=search_term_string\"}],\"inLanguage\":\"fr-FR\"},{\"@type\":\"Person\",\"@id\":\"https:\/\/w-l-c.be\/fr\/#\/schema\/person\/4b9b1d857f0943453a38a7c2859ef756\",\"name\":\"Philippe.Pierquin\",\"url\":\"https:\/\/w-l-c.be\/fr\/author\/philippe-pierquin\/\"}]}<\/script>\n<!-- \/ Yoast SEO plugin. -->","yoast_head_json":{"title":"Yam dam : la bande-annonce - w-l-c","robots":{"index":"noindex","follow":"follow","max-snippet":"max-snippet:-1","max-image-preview":"max-image-preview:large","max-video-preview":"max-video-preview:-1"},"og_locale":"fr_FR","og_type":"article","og_title":"Yam dam : la bande-annonce - w-l-c","og_description":"Christian m\u00e8ne une vie bourgeoise et sans relief de v\u00e9t\u00e9rinaire de province. Mari\u00e9, sans enfants, il a cr\u00e9\u00e9 avec sa femme une petite association d&rsquo;aide \u00e0 l&rsquo;Afrique dont il est le pr\u00e9sident. Mais cela ne suffit pas \u00e0 combler la monotonie de son existence. Alors Christian surfe. Sur le net, il s&rsquo;invente une deuxi\u00e8me vie &hellip;","og_url":"https:\/\/w-l-c.be\/fr\/yam-dam-bande-annonce\/","og_site_name":"w-l-c","article_published_time":"2014-09-24T06:47:29+00:00","article_modified_time":"2014-09-25T08:42:37+00:00","og_image":[{"width":1920,"height":798,"url":"https:\/\/w-l-c.be\/wp-content\/uploads\/2014\/09\/YamDam04.jpg","type":"image\/jpeg"}],"author":"Philippe.Pierquin","twitter_card":"summary_large_image","twitter_misc":{"\u00c9crit par":"Philippe.Pierquin","Dur\u00e9e de lecture estim\u00e9e":"1 minute"},"schema":{"@context":"https:\/\/schema.org","@graph":[{"@type":"WebPage","@id":"https:\/\/w-l-c.be\/fr\/yam-dam-bande-annonce\/","url":"https:\/\/w-l-c.be\/fr\/yam-dam-bande-annonce\/","name":"Yam dam : la bande-annonce - w-l-c","isPartOf":{"@id":"https:\/\/w-l-c.be\/fr\/#website"},"datePublished":"2014-09-24T06:47:29+00:00","dateModified":"2014-09-25T08:42:37+00:00","author":{"@id":"https:\/\/w-l-c.be\/fr\/#\/schema\/person\/4b9b1d857f0943453a38a7c2859ef756"},"breadcrumb":{"@id":"https:\/\/w-l-c.be\/fr\/yam-dam-bande-annonce\/#breadcrumb"},"inLanguage":"fr-FR","potentialAction":[{"@type":"ReadAction","target":["https:\/\/w-l-c.be\/fr\/yam-dam-bande-annonce\/"]}]},{"@type":"BreadcrumbList","@id":"https:\/\/w-l-c.be\/fr\/yam-dam-bande-annonce\/#breadcrumb","itemListElement":[{"@type":"ListItem","position":1,"name":"Accueil","item":"https:\/\/w-l-c.be\/fr\/"},{"@type":"ListItem","position":2,"name":"Yam dam : la bande-annonce"}]},{"@type":"WebSite","@id":"https:\/\/w-l-c.be\/fr\/#website","url":"https:\/\/w-l-c.be\/fr\/","name":"w-l-c","description":"Le cin\u00e9ma vu par les belges","potentialAction":[{"@type":"SearchAction","target":{"@type":"EntryPoint","urlTemplate":"https:\/\/w-l-c.be\/fr\/?s={search_term_string}"},"query-input":"required name=search_term_string"}],"inLanguage":"fr-FR"},{"@type":"Person","@id":"https:\/\/w-l-c.be\/fr\/#\/schema\/person\/4b9b1d857f0943453a38a7c2859ef756","name":"Philippe.Pierquin","url":"https:\/\/w-l-c.be\/fr\/author\/philippe-pierquin\/"}]}},"_links":{"self":[{"href":"https:\/\/w-l-c.be\/fr\/wp-json\/wp\/v2\/posts\/62073","targetHints":{"allow":["GET"]}}],"collection":[{"href":"https:\/\/w-l-c.be\/fr\/wp-json\/wp\/v2\/posts"}],"about":[{"href":"https:\/\/w-l-c.be\/fr\/wp-json\/wp\/v2\/types\/post"}],"author":[{"embeddable":true,"href":"https:\/\/w-l-c.be\/fr\/wp-json\/wp\/v2\/users\/7"}],"replies":[{"embeddable":true,"href":"https:\/\/w-l-c.be\/fr\/wp-json\/wp\/v2\/comments?post=62073"}],"version-history":[{"count":0,"href":"https:\/\/w-l-c.be\/fr\/wp-json\/wp\/v2\/posts\/62073\/revisions"}],"wp:featuredmedia":[{"embeddable":true,"href":"https:\/\/w-l-c.be\/fr\/wp-json\/wp\/v2\/media\/62074"}],"wp:attachment":[{"href":"https:\/\/w-l-c.be\/fr\/wp-json\/wp\/v2\/media?parent=62073"}],"wp:term":[{"taxonomy":"category","embeddable":true,"href":"https:\/\/w-l-c.be\/fr\/wp-json\/wp\/v2\/categories?post=62073"},{"taxonomy":"post_tag","embeddable":true,"href":"https:\/\/w-l-c.be\/fr\/wp-json\/wp\/v2\/tags?post=62073"}],"curies":[{"name":"wp","href":"https:\/\/api.w.org\/{rel}","templated":true}]}}