
{"id":62459,"date":"2014-10-30T08:48:57","date_gmt":"2014-10-30T07:48:57","guid":{"rendered":"http:\/\/www.cinevox.be\/?p=62459"},"modified":"2014-10-29T09:19:54","modified_gmt":"2014-10-29T08:19:54","slug":"festival-du-mini-film-bruxellois-attend-vos-courts","status":"publish","type":"post","link":"https:\/\/w-l-c.be\/fr\/festival-du-mini-film-bruxellois-attend-vos-courts\/","title":{"rendered":"Le Festival du mini film bruxellois attend vos courts"},"content":{"rendered":"<p>La 5\u00e8me \u00e9dition du \u00a0Festival du mini film bruxelloisa ura lieu cette ann\u00e9e encore au Mirano, le jeudi 18\/12\/2014 . Le th\u00e8me de cette \u00e9dition 2014 sera \u00ab Tournage \u00e0 et dans Bruxelles \u00bb<\/p>\n<p><!--more--><\/p>\n<p>&nbsp;<\/p>\n<p>&nbsp;<\/p>\n<p>&nbsp;<\/p>\n<p>&nbsp;<\/p>\n<p>&nbsp;<\/p>\n<p><strong>Pour qui ?<\/strong><\/p>\n<p>Le Festival est ouvert aux amateurs, professionnels, collectivit\u00e9s, associations ou \u00e9coles de vid\u00e9o etc. L&rsquo;inscription est gratuite.<\/p>\n<p>&nbsp;<\/p>\n<p><strong>CRIT\u00c8RES<\/strong><\/p>\n<p>Les films propos\u00e9s \u00e0 la s\u00e9lection doivent r\u00e9pondre aux crit\u00e8res suivants : Les courts-m\u00e9trages doivent avoir \u00e9t\u00e9 tourn\u00e9s \u00e0 Bruxelles (19 communes).<\/p>\n<p>&nbsp;<\/p>\n<p><strong>DUR\u00c9E DES FILMS<\/strong><\/p>\n<p>Pour \u00eatre s\u00e9lectionnable un court m\u00e9trage doit avoir une dur\u00e9e inf\u00e9rieure \u00e0 20 minutes (g\u00e9n\u00e9riques inclus)<\/p>\n<p>&nbsp;<\/p>\n<p><strong><a href=\"http:\/\/www.cinevox.be\/festival-du-mini-film-bruxellois-attend-vos-courts\/1375734_406238796142381_1490077253_n\/\" rel=\"attachment wp-att-62460\"><img loading=\"lazy\" decoding=\"async\" class=\"alignright wp-image-62460 size-full\" src=\"http:\/\/www.cinevox.be\/wp-content\/uploads\/2014\/09\/1375734_406238796142381_1490077253_n.jpg\" alt=\"\" width=\"424\" height=\"600\" srcset=\"https:\/\/w-l-c.be\/wp-content\/uploads\/2014\/09\/1375734_406238796142381_1490077253_n.jpg 424w, https:\/\/w-l-c.be\/wp-content\/uploads\/2014\/09\/1375734_406238796142381_1490077253_n-190x270.jpg 190w\" sizes=\"auto, (max-width: 424px) 100vw, 424px\" \/><\/a>GENRE <\/strong><\/p>\n<p>Tous les genres, sauf clips musicaux, film interdit au moins de 18 ans, dessins anim\u00e9s et documentaires.<\/p>\n<p>&nbsp;<\/p>\n<p><strong>DATE LIMITE DES INSCRIPTIONS<\/strong><\/p>\n<p>La date limite des inscriptions de films propos\u00e9s \u00e0 la s\u00e9lection est fix\u00e9e au 09 Novembre 2014.<\/p>\n<p>Il est imp\u00e9ratif qu&rsquo;\u00e0 cette date, la fiche d&rsquo;inscription (\u00e0 demander par mail : artuniversel@yahoo.fr ) ai \u00e9t\u00e9 remplie et valid\u00e9e. Une copie, sous-format DVD ou sous cl\u00e9s USB des films propos\u00e9s \u00e0 la s\u00e9lection doit \u00eatre mis \u00e0 la disposition du festival avant le 09 novembre 2014.<\/p>\n<p>&nbsp;<\/p>\n<p><strong>SUPPORT<\/strong><\/p>\n<p>&nbsp;<\/p>\n<p>&#8211; DVD (DVD Standard, pas de Blu-Ray)<\/p>\n<p>&#8211; Cl\u00e9s USB (format MP4 &#8211; DIVX)<\/p>\n<p>&nbsp;<\/p>\n<p>Tout court m\u00e9trage envoy\u00e9 sur un autre support (mini DV, Beta,&#8230;) ne sera pas visionn\u00e9.<\/p>\n<p>Le film ne doit \u00eatre envoy\u00e9 qu&rsquo;une seule fois et sur un seul support.<\/p>\n<p>&nbsp;<\/p>\n<p><strong>SOUS-TITRAGE<\/strong><\/p>\n<p>Le Comit\u00e9 de S\u00e9lection pourra visionner un film :<\/p>\n<p>&nbsp;<\/p>\n<ul>\n<li>sans sous-titres si la langue originale du film est le fran\u00e7ais.<\/li>\n<li>avec des sous-titres en fran\u00e7ais pour les autres langues.<\/li>\n<\/ul>\n<p>&nbsp;<\/p>\n<p><a href=\"http:\/\/www.cinevox.be\/festival-du-mini-film-bruxellois-attend-vos-courts\/zinneke-2-3\/\" rel=\"attachment wp-att-62463\"><img loading=\"lazy\" decoding=\"async\" class=\"aligncenter size-large wp-image-62463\" src=\"http:\/\/www.cinevox.be\/wp-content\/uploads\/2014\/09\/zinneke-2-800x338.jpg\" alt=\"\" width=\"640\" height=\"270\" srcset=\"https:\/\/w-l-c.be\/wp-content\/uploads\/2014\/09\/zinneke-2-800x338.jpg 800w, https:\/\/w-l-c.be\/wp-content\/uploads\/2014\/09\/zinneke-2-480x203.jpg 480w, https:\/\/w-l-c.be\/wp-content\/uploads\/2014\/09\/zinneke-2.jpg 895w\" sizes=\"auto, (max-width: 640px) 100vw, 640px\" \/><\/a><\/p>\n<p style=\"text-align: right;\"><em>Zinneke avec Sam Louwijck et Wim Willaert a remport\u00e9 le festival l&rsquo;an dernier<\/em><\/p>\n<p>&nbsp;<\/p>\n<p><strong>FRAIS D&rsquo;INSCRIPTION ET DE PROJECTION POUR LA PR\u00c9S\u00c9LECTION<\/strong><\/p>\n<ul>\n<li>Il n&rsquo;y a aucun frais \u00e0 r\u00e9gler pour l&rsquo;inscription d&rsquo;un court m\u00e9trage<\/li>\n<\/ul>\n<p>&nbsp;<\/p>\n<p>3 Prix de 500 euro seront offerts : Prix du Jury, prix du Public et prix de Brussels Film Office<\/p>\n<p>&nbsp;<\/p>\n<p><strong>ENVOI<\/strong><\/p>\n<p>ART UNIVERSEL asbl,<\/p>\n<p>Rue LOCQUENGHIEN 14<\/p>\n<p>1000 Bruxelles,<\/p>\n<p>&nbsp;<\/p>\n<p><a href=\"http:\/\/www.cinevox.be\/festival-du-mini-film-bruxellois-attend-vos-courts\/bowling-4\/\" rel=\"attachment wp-att-62464\"><img loading=\"lazy\" decoding=\"async\" class=\"aligncenter size-full wp-image-62464\" src=\"http:\/\/www.cinevox.be\/wp-content\/uploads\/2014\/09\/bowling.jpg\" alt=\"\" width=\"639\" height=\"277\" srcset=\"https:\/\/w-l-c.be\/wp-content\/uploads\/2014\/09\/bowling.jpg 639w, https:\/\/w-l-c.be\/wp-content\/uploads\/2014\/09\/bowling-480x208.jpg 480w\" sizes=\"auto, (max-width: 639px) 100vw, 639px\" \/><\/a><\/p>\n<p style=\"text-align: right;\"><em>En 2013, le prix du jury est revenu \u00e0 Bowling Killers<\/em><\/p>\n<p>&nbsp;<\/p>\n<p><strong>SI VOTRE FILM EST S\u00c9LECTIONN\u00c9&#8230;<\/strong><\/p>\n<p>Vous serez pr\u00e9venu par mail et par t\u00e9l\u00e9phone.<\/p>\n<p>&nbsp;<\/p>\n<p><strong>Jury pour la 5\u00e8me Edition<\/strong><\/p>\n<p>Eric Godon (Acteur) \u2013 Parrain du Festival<\/p>\n<p>Pierrette BAILLOT- Responsable de Brussels Film Office (le bureau d\u2019accueil des tournages en R\u00e9gion bruxelloise)<\/p>\n<p>Othman CHTOUKI (Animateur radio RTBF et actuellement : Com\u00e9dien et r\u00e9alisateur).<\/p>\n<p>Micha\u00ebl MIRAGLIA :\u00a0 En mars 2011, Micha\u00ebl Miraglia est d\u00e9sign\u00e9 comme co-pr\u00e9sentateur, du \u00a0magazine On n\u2019est pas des pigeons.<\/p>\n","protected":false},"excerpt":{"rendered":"<p>La 5\u00e8me \u00e9dition du \u00a0Festival du mini film bruxelloisa ura lieu cette ann\u00e9e encore au Mirano, le jeudi 18\/12\/2014 . Le th\u00e8me de cette \u00e9dition 2014 sera \u00ab Tournage \u00e0 et dans Bruxelles \u00bb<\/p>\n","protected":false},"author":7,"featured_media":62462,"comment_status":"closed","ping_status":"closed","sticky":false,"template":"","format":"standard","meta":{"ngg_post_thumbnail":0,"footnotes":""},"categories":[12,7],"tags":[],"class_list":["post-62459","post","type-post","status-publish","format-standard","has-post-thumbnail","","category-awards","category-actualites"],"yoast_head":"<!-- This site is optimized with the Yoast SEO plugin v20.4 - https:\/\/yoast.com\/wordpress\/plugins\/seo\/ -->\n<title>Le Festival du mini film bruxellois attend vos courts - w-l-c<\/title>\n<meta name=\"robots\" content=\"noindex, follow, max-snippet:-1, max-image-preview:large, max-video-preview:-1\" \/>\n<meta property=\"og:locale\" content=\"fr_FR\" \/>\n<meta property=\"og:type\" content=\"article\" \/>\n<meta property=\"og:title\" content=\"Le Festival du mini film bruxellois attend vos courts - w-l-c\" \/>\n<meta property=\"og:description\" content=\"La 5\u00e8me \u00e9dition du \u00a0Festival du mini film bruxelloisa ura lieu cette ann\u00e9e encore au Mirano, le jeudi 18\/12\/2014 . Le th\u00e8me de cette \u00e9dition 2014 sera \u00ab Tournage \u00e0 et dans Bruxelles \u00bb\" \/>\n<meta property=\"og:url\" content=\"https:\/\/w-l-c.be\/fr\/festival-du-mini-film-bruxellois-attend-vos-courts\/\" \/>\n<meta property=\"og:site_name\" content=\"w-l-c\" \/>\n<meta property=\"article:published_time\" content=\"2014-10-30T07:48:57+00:00\" \/>\n<meta property=\"article:modified_time\" content=\"2014-10-29T08:19:54+00:00\" \/>\n<meta property=\"og:image\" content=\"https:\/\/w-l-c.be\/wp-content\/uploads\/2014\/09\/563585_305753142857614_480657304_n.jpg\" \/>\n\t<meta property=\"og:image:width\" content=\"960\" \/>\n\t<meta property=\"og:image:height\" content=\"636\" \/>\n\t<meta property=\"og:image:type\" content=\"image\/jpeg\" \/>\n<meta name=\"author\" content=\"Philippe.Pierquin\" \/>\n<meta name=\"twitter:card\" content=\"summary_large_image\" \/>\n<meta name=\"twitter:label1\" content=\"\u00c9crit par\" \/>\n\t<meta name=\"twitter:data1\" content=\"Philippe.Pierquin\" \/>\n\t<meta name=\"twitter:label2\" content=\"Dur\u00e9e de lecture estim\u00e9e\" \/>\n\t<meta name=\"twitter:data2\" content=\"2 minutes\" \/>\n<script type=\"application\/ld+json\" class=\"yoast-schema-graph\">{\"@context\":\"https:\/\/schema.org\",\"@graph\":[{\"@type\":\"WebPage\",\"@id\":\"https:\/\/w-l-c.be\/fr\/festival-du-mini-film-bruxellois-attend-vos-courts\/\",\"url\":\"https:\/\/w-l-c.be\/fr\/festival-du-mini-film-bruxellois-attend-vos-courts\/\",\"name\":\"Le Festival du mini film bruxellois attend vos courts - w-l-c\",\"isPartOf\":{\"@id\":\"https:\/\/w-l-c.be\/fr\/#website\"},\"datePublished\":\"2014-10-30T07:48:57+00:00\",\"dateModified\":\"2014-10-29T08:19:54+00:00\",\"author\":{\"@id\":\"https:\/\/w-l-c.be\/fr\/#\/schema\/person\/4b9b1d857f0943453a38a7c2859ef756\"},\"breadcrumb\":{\"@id\":\"https:\/\/w-l-c.be\/fr\/festival-du-mini-film-bruxellois-attend-vos-courts\/#breadcrumb\"},\"inLanguage\":\"fr-FR\",\"potentialAction\":[{\"@type\":\"ReadAction\",\"target\":[\"https:\/\/w-l-c.be\/fr\/festival-du-mini-film-bruxellois-attend-vos-courts\/\"]}]},{\"@type\":\"BreadcrumbList\",\"@id\":\"https:\/\/w-l-c.be\/fr\/festival-du-mini-film-bruxellois-attend-vos-courts\/#breadcrumb\",\"itemListElement\":[{\"@type\":\"ListItem\",\"position\":1,\"name\":\"Accueil\",\"item\":\"https:\/\/w-l-c.be\/fr\/\"},{\"@type\":\"ListItem\",\"position\":2,\"name\":\"Le Festival du mini film bruxellois attend vos courts\"}]},{\"@type\":\"WebSite\",\"@id\":\"https:\/\/w-l-c.be\/fr\/#website\",\"url\":\"https:\/\/w-l-c.be\/fr\/\",\"name\":\"w-l-c\",\"description\":\"Le cin\u00e9ma vu par les belges\",\"potentialAction\":[{\"@type\":\"SearchAction\",\"target\":{\"@type\":\"EntryPoint\",\"urlTemplate\":\"https:\/\/w-l-c.be\/fr\/?s={search_term_string}\"},\"query-input\":\"required name=search_term_string\"}],\"inLanguage\":\"fr-FR\"},{\"@type\":\"Person\",\"@id\":\"https:\/\/w-l-c.be\/fr\/#\/schema\/person\/4b9b1d857f0943453a38a7c2859ef756\",\"name\":\"Philippe.Pierquin\",\"url\":\"https:\/\/w-l-c.be\/fr\/author\/philippe-pierquin\/\"}]}<\/script>\n<!-- \/ Yoast SEO plugin. -->","yoast_head_json":{"title":"Le Festival du mini film bruxellois attend vos courts - w-l-c","robots":{"index":"noindex","follow":"follow","max-snippet":"max-snippet:-1","max-image-preview":"max-image-preview:large","max-video-preview":"max-video-preview:-1"},"og_locale":"fr_FR","og_type":"article","og_title":"Le Festival du mini film bruxellois attend vos courts - w-l-c","og_description":"La 5\u00e8me \u00e9dition du \u00a0Festival du mini film bruxelloisa ura lieu cette ann\u00e9e encore au Mirano, le jeudi 18\/12\/2014 . Le th\u00e8me de cette \u00e9dition 2014 sera \u00ab Tournage \u00e0 et dans Bruxelles \u00bb","og_url":"https:\/\/w-l-c.be\/fr\/festival-du-mini-film-bruxellois-attend-vos-courts\/","og_site_name":"w-l-c","article_published_time":"2014-10-30T07:48:57+00:00","article_modified_time":"2014-10-29T08:19:54+00:00","og_image":[{"width":960,"height":636,"url":"https:\/\/w-l-c.be\/wp-content\/uploads\/2014\/09\/563585_305753142857614_480657304_n.jpg","type":"image\/jpeg"}],"author":"Philippe.Pierquin","twitter_card":"summary_large_image","twitter_misc":{"\u00c9crit par":"Philippe.Pierquin","Dur\u00e9e de lecture estim\u00e9e":"2 minutes"},"schema":{"@context":"https:\/\/schema.org","@graph":[{"@type":"WebPage","@id":"https:\/\/w-l-c.be\/fr\/festival-du-mini-film-bruxellois-attend-vos-courts\/","url":"https:\/\/w-l-c.be\/fr\/festival-du-mini-film-bruxellois-attend-vos-courts\/","name":"Le Festival du mini film bruxellois attend vos courts - w-l-c","isPartOf":{"@id":"https:\/\/w-l-c.be\/fr\/#website"},"datePublished":"2014-10-30T07:48:57+00:00","dateModified":"2014-10-29T08:19:54+00:00","author":{"@id":"https:\/\/w-l-c.be\/fr\/#\/schema\/person\/4b9b1d857f0943453a38a7c2859ef756"},"breadcrumb":{"@id":"https:\/\/w-l-c.be\/fr\/festival-du-mini-film-bruxellois-attend-vos-courts\/#breadcrumb"},"inLanguage":"fr-FR","potentialAction":[{"@type":"ReadAction","target":["https:\/\/w-l-c.be\/fr\/festival-du-mini-film-bruxellois-attend-vos-courts\/"]}]},{"@type":"BreadcrumbList","@id":"https:\/\/w-l-c.be\/fr\/festival-du-mini-film-bruxellois-attend-vos-courts\/#breadcrumb","itemListElement":[{"@type":"ListItem","position":1,"name":"Accueil","item":"https:\/\/w-l-c.be\/fr\/"},{"@type":"ListItem","position":2,"name":"Le Festival du mini film bruxellois attend vos courts"}]},{"@type":"WebSite","@id":"https:\/\/w-l-c.be\/fr\/#website","url":"https:\/\/w-l-c.be\/fr\/","name":"w-l-c","description":"Le cin\u00e9ma vu par les belges","potentialAction":[{"@type":"SearchAction","target":{"@type":"EntryPoint","urlTemplate":"https:\/\/w-l-c.be\/fr\/?s={search_term_string}"},"query-input":"required name=search_term_string"}],"inLanguage":"fr-FR"},{"@type":"Person","@id":"https:\/\/w-l-c.be\/fr\/#\/schema\/person\/4b9b1d857f0943453a38a7c2859ef756","name":"Philippe.Pierquin","url":"https:\/\/w-l-c.be\/fr\/author\/philippe-pierquin\/"}]}},"_links":{"self":[{"href":"https:\/\/w-l-c.be\/fr\/wp-json\/wp\/v2\/posts\/62459","targetHints":{"allow":["GET"]}}],"collection":[{"href":"https:\/\/w-l-c.be\/fr\/wp-json\/wp\/v2\/posts"}],"about":[{"href":"https:\/\/w-l-c.be\/fr\/wp-json\/wp\/v2\/types\/post"}],"author":[{"embeddable":true,"href":"https:\/\/w-l-c.be\/fr\/wp-json\/wp\/v2\/users\/7"}],"replies":[{"embeddable":true,"href":"https:\/\/w-l-c.be\/fr\/wp-json\/wp\/v2\/comments?post=62459"}],"version-history":[{"count":0,"href":"https:\/\/w-l-c.be\/fr\/wp-json\/wp\/v2\/posts\/62459\/revisions"}],"wp:featuredmedia":[{"embeddable":true,"href":"https:\/\/w-l-c.be\/fr\/wp-json\/wp\/v2\/media\/62462"}],"wp:attachment":[{"href":"https:\/\/w-l-c.be\/fr\/wp-json\/wp\/v2\/media?parent=62459"}],"wp:term":[{"taxonomy":"category","embeddable":true,"href":"https:\/\/w-l-c.be\/fr\/wp-json\/wp\/v2\/categories?post=62459"},{"taxonomy":"post_tag","embeddable":true,"href":"https:\/\/w-l-c.be\/fr\/wp-json\/wp\/v2\/tags?post=62459"}],"curies":[{"name":"wp","href":"https:\/\/api.w.org\/{rel}","templated":true}]}}