
{"id":62679,"date":"2014-10-01T10:04:35","date_gmt":"2014-10-01T08:04:35","guid":{"rendered":"http:\/\/www.cinevox.be\/?p=62679"},"modified":"2014-09-24T17:07:16","modified_gmt":"2014-09-24T15:07:16","slug":"alice-nella-citta-films-belges-en-competition","status":"publish","type":"post","link":"https:\/\/w-l-c.be\/fr\/alice-nella-citta-films-belges-en-competition\/","title":{"rendered":"Alice nella citta: deux films belges en comp\u00e9tition"},"content":{"rendered":"<p>\u00ab\u00a0Alice nella citta\u00a0\u00bb est une section parall\u00e8le et ind\u00e9pendante du prestigieux festival de Rome qui se d\u00e9roulera cette ann\u00e9e du 16 au 25 octobre.\u00a0<!--more--><\/p>\n<p>&nbsp;<\/p>\n<p>Elle s&rsquo;adresse particuli\u00e8rement aux jeunes spectateurs. Ceux-ci devraient \u00eatre s\u00e9duits par les deux films belges francophones en comp\u00e9tition:<\/p>\n<p>&nbsp;<\/p>\n<p><em>Tokyo fianc\u00e9e,<\/em> de <strong>Stefan Liberski<\/strong>, trace la chronique de la singuli\u00e8re initiation amoureuse d\u2019une jeune Belge au Japon, incarn\u00e9e par <strong>Pauline Etienne.<\/strong> Adapt\u00e9 d\u2019un roman de l\u2019\u00e9crivain Am\u00e9lie Nothomb, le film suit les heurts et d\u00e9boires d\u2019un attendrissant choc culturel entre Orient et Occident.<\/p>\n<p>&nbsp;<\/p>\n<p><a href=\"http:\/\/www.cinevox.be\/alice-nella-citta-films-belges-en-competition\/tokyo_fiancee_09-2\/\" rel=\"attachment wp-att-62680\"><img loading=\"lazy\" decoding=\"async\" class=\"aligncenter size-large wp-image-62680\" src=\"http:\/\/www.cinevox.be\/wp-content\/uploads\/2014\/09\/tokyo_fiancee_091-800x473.jpg\" alt=\"\" width=\"640\" height=\"378\" srcset=\"https:\/\/w-l-c.be\/wp-content\/uploads\/2014\/09\/tokyo_fiancee_091-800x473.jpg 800w, https:\/\/w-l-c.be\/wp-content\/uploads\/2014\/09\/tokyo_fiancee_091-456x270.jpg 456w, https:\/\/w-l-c.be\/wp-content\/uploads\/2014\/09\/tokyo_fiancee_091.jpg 1947w\" sizes=\"auto, (max-width: 640px) 100vw, 640px\" \/><\/a><\/p>\n<p>&nbsp;<\/p>\n<p>Quant \u00e0 <em>Tous les chats sont gris,<\/em> de la jeune r\u00e9alisatrice <strong>Savina Dellicour,<\/strong> il met en <strong>sc\u00e8ne Bouli Lanners,<\/strong> dans le r\u00f4le d&rsquo;un p\u00e8re marginal<\/p>\n","protected":false},"excerpt":{"rendered":"<p>\u00ab\u00a0Alice nella citta\u00a0\u00bb est une section parall\u00e8le et ind\u00e9pendante du prestigieux festival de Rome qui se d\u00e9roulera cette ann\u00e9e du 16 au 25 octobre.\u00a0<\/p>\n","protected":false},"author":7,"featured_media":62682,"comment_status":"closed","ping_status":"closed","sticky":false,"template":"","format":"standard","meta":{"ngg_post_thumbnail":0,"footnotes":""},"categories":[12],"tags":[],"class_list":["post-62679","post","type-post","status-publish","format-standard","has-post-thumbnail","","category-awards"],"yoast_head":"<!-- This site is optimized with the Yoast SEO plugin v20.4 - https:\/\/yoast.com\/wordpress\/plugins\/seo\/ -->\n<title>Alice nella citta: deux films belges en comp\u00e9tition - w-l-c<\/title>\n<meta name=\"robots\" content=\"noindex, follow, max-snippet:-1, max-image-preview:large, max-video-preview:-1\" \/>\n<meta property=\"og:locale\" content=\"fr_FR\" \/>\n<meta property=\"og:type\" content=\"article\" \/>\n<meta property=\"og:title\" content=\"Alice nella citta: deux films belges en comp\u00e9tition - w-l-c\" \/>\n<meta property=\"og:description\" content=\"\u00ab\u00a0Alice nella citta\u00a0\u00bb est une section parall\u00e8le et ind\u00e9pendante du prestigieux festival de Rome qui se d\u00e9roulera cette ann\u00e9e du 16 au 25 octobre.\u00a0\" \/>\n<meta property=\"og:url\" content=\"https:\/\/w-l-c.be\/fr\/alice-nella-citta-films-belges-en-competition\/\" \/>\n<meta property=\"og:site_name\" content=\"w-l-c\" \/>\n<meta property=\"article:published_time\" content=\"2014-10-01T08:04:35+00:00\" \/>\n<meta property=\"article:modified_time\" content=\"2014-09-24T15:07:16+00:00\" \/>\n<meta property=\"og:image\" content=\"https:\/\/w-l-c.be\/wp-content\/uploads\/2010\/09\/Bouli-Anne.jpg\" \/>\n\t<meta property=\"og:image:width\" content=\"2048\" \/>\n\t<meta property=\"og:image:height\" content=\"1365\" \/>\n\t<meta property=\"og:image:type\" content=\"image\/jpeg\" \/>\n<meta name=\"author\" content=\"Philippe.Pierquin\" \/>\n<meta name=\"twitter:card\" content=\"summary_large_image\" \/>\n<meta name=\"twitter:label1\" content=\"\u00c9crit par\" \/>\n\t<meta name=\"twitter:data1\" content=\"Philippe.Pierquin\" \/>\n\t<meta name=\"twitter:label2\" content=\"Dur\u00e9e de lecture estim\u00e9e\" \/>\n\t<meta name=\"twitter:data2\" content=\"1 minute\" \/>\n<script type=\"application\/ld+json\" class=\"yoast-schema-graph\">{\"@context\":\"https:\/\/schema.org\",\"@graph\":[{\"@type\":\"WebPage\",\"@id\":\"https:\/\/w-l-c.be\/fr\/alice-nella-citta-films-belges-en-competition\/\",\"url\":\"https:\/\/w-l-c.be\/fr\/alice-nella-citta-films-belges-en-competition\/\",\"name\":\"Alice nella citta: deux films belges en comp\u00e9tition - w-l-c\",\"isPartOf\":{\"@id\":\"https:\/\/w-l-c.be\/fr\/#website\"},\"datePublished\":\"2014-10-01T08:04:35+00:00\",\"dateModified\":\"2014-09-24T15:07:16+00:00\",\"author\":{\"@id\":\"https:\/\/w-l-c.be\/fr\/#\/schema\/person\/4b9b1d857f0943453a38a7c2859ef756\"},\"breadcrumb\":{\"@id\":\"https:\/\/w-l-c.be\/fr\/alice-nella-citta-films-belges-en-competition\/#breadcrumb\"},\"inLanguage\":\"fr-FR\",\"potentialAction\":[{\"@type\":\"ReadAction\",\"target\":[\"https:\/\/w-l-c.be\/fr\/alice-nella-citta-films-belges-en-competition\/\"]}]},{\"@type\":\"BreadcrumbList\",\"@id\":\"https:\/\/w-l-c.be\/fr\/alice-nella-citta-films-belges-en-competition\/#breadcrumb\",\"itemListElement\":[{\"@type\":\"ListItem\",\"position\":1,\"name\":\"Accueil\",\"item\":\"https:\/\/w-l-c.be\/fr\/\"},{\"@type\":\"ListItem\",\"position\":2,\"name\":\"Alice nella citta: deux films belges en comp\u00e9tition\"}]},{\"@type\":\"WebSite\",\"@id\":\"https:\/\/w-l-c.be\/fr\/#website\",\"url\":\"https:\/\/w-l-c.be\/fr\/\",\"name\":\"w-l-c\",\"description\":\"Le cin\u00e9ma vu par les belges\",\"potentialAction\":[{\"@type\":\"SearchAction\",\"target\":{\"@type\":\"EntryPoint\",\"urlTemplate\":\"https:\/\/w-l-c.be\/fr\/?s={search_term_string}\"},\"query-input\":\"required name=search_term_string\"}],\"inLanguage\":\"fr-FR\"},{\"@type\":\"Person\",\"@id\":\"https:\/\/w-l-c.be\/fr\/#\/schema\/person\/4b9b1d857f0943453a38a7c2859ef756\",\"name\":\"Philippe.Pierquin\",\"url\":\"https:\/\/w-l-c.be\/fr\/author\/philippe-pierquin\/\"}]}<\/script>\n<!-- \/ Yoast SEO plugin. -->","yoast_head_json":{"title":"Alice nella citta: deux films belges en comp\u00e9tition - w-l-c","robots":{"index":"noindex","follow":"follow","max-snippet":"max-snippet:-1","max-image-preview":"max-image-preview:large","max-video-preview":"max-video-preview:-1"},"og_locale":"fr_FR","og_type":"article","og_title":"Alice nella citta: deux films belges en comp\u00e9tition - w-l-c","og_description":"\u00ab\u00a0Alice nella citta\u00a0\u00bb est une section parall\u00e8le et ind\u00e9pendante du prestigieux festival de Rome qui se d\u00e9roulera cette ann\u00e9e du 16 au 25 octobre.\u00a0","og_url":"https:\/\/w-l-c.be\/fr\/alice-nella-citta-films-belges-en-competition\/","og_site_name":"w-l-c","article_published_time":"2014-10-01T08:04:35+00:00","article_modified_time":"2014-09-24T15:07:16+00:00","og_image":[{"width":2048,"height":1365,"url":"https:\/\/w-l-c.be\/wp-content\/uploads\/2010\/09\/Bouli-Anne.jpg","type":"image\/jpeg"}],"author":"Philippe.Pierquin","twitter_card":"summary_large_image","twitter_misc":{"\u00c9crit par":"Philippe.Pierquin","Dur\u00e9e de lecture estim\u00e9e":"1 minute"},"schema":{"@context":"https:\/\/schema.org","@graph":[{"@type":"WebPage","@id":"https:\/\/w-l-c.be\/fr\/alice-nella-citta-films-belges-en-competition\/","url":"https:\/\/w-l-c.be\/fr\/alice-nella-citta-films-belges-en-competition\/","name":"Alice nella citta: deux films belges en comp\u00e9tition - w-l-c","isPartOf":{"@id":"https:\/\/w-l-c.be\/fr\/#website"},"datePublished":"2014-10-01T08:04:35+00:00","dateModified":"2014-09-24T15:07:16+00:00","author":{"@id":"https:\/\/w-l-c.be\/fr\/#\/schema\/person\/4b9b1d857f0943453a38a7c2859ef756"},"breadcrumb":{"@id":"https:\/\/w-l-c.be\/fr\/alice-nella-citta-films-belges-en-competition\/#breadcrumb"},"inLanguage":"fr-FR","potentialAction":[{"@type":"ReadAction","target":["https:\/\/w-l-c.be\/fr\/alice-nella-citta-films-belges-en-competition\/"]}]},{"@type":"BreadcrumbList","@id":"https:\/\/w-l-c.be\/fr\/alice-nella-citta-films-belges-en-competition\/#breadcrumb","itemListElement":[{"@type":"ListItem","position":1,"name":"Accueil","item":"https:\/\/w-l-c.be\/fr\/"},{"@type":"ListItem","position":2,"name":"Alice nella citta: deux films belges en comp\u00e9tition"}]},{"@type":"WebSite","@id":"https:\/\/w-l-c.be\/fr\/#website","url":"https:\/\/w-l-c.be\/fr\/","name":"w-l-c","description":"Le cin\u00e9ma vu par les belges","potentialAction":[{"@type":"SearchAction","target":{"@type":"EntryPoint","urlTemplate":"https:\/\/w-l-c.be\/fr\/?s={search_term_string}"},"query-input":"required name=search_term_string"}],"inLanguage":"fr-FR"},{"@type":"Person","@id":"https:\/\/w-l-c.be\/fr\/#\/schema\/person\/4b9b1d857f0943453a38a7c2859ef756","name":"Philippe.Pierquin","url":"https:\/\/w-l-c.be\/fr\/author\/philippe-pierquin\/"}]}},"_links":{"self":[{"href":"https:\/\/w-l-c.be\/fr\/wp-json\/wp\/v2\/posts\/62679","targetHints":{"allow":["GET"]}}],"collection":[{"href":"https:\/\/w-l-c.be\/fr\/wp-json\/wp\/v2\/posts"}],"about":[{"href":"https:\/\/w-l-c.be\/fr\/wp-json\/wp\/v2\/types\/post"}],"author":[{"embeddable":true,"href":"https:\/\/w-l-c.be\/fr\/wp-json\/wp\/v2\/users\/7"}],"replies":[{"embeddable":true,"href":"https:\/\/w-l-c.be\/fr\/wp-json\/wp\/v2\/comments?post=62679"}],"version-history":[{"count":0,"href":"https:\/\/w-l-c.be\/fr\/wp-json\/wp\/v2\/posts\/62679\/revisions"}],"wp:featuredmedia":[{"embeddable":true,"href":"https:\/\/w-l-c.be\/fr\/wp-json\/wp\/v2\/media\/62682"}],"wp:attachment":[{"href":"https:\/\/w-l-c.be\/fr\/wp-json\/wp\/v2\/media?parent=62679"}],"wp:term":[{"taxonomy":"category","embeddable":true,"href":"https:\/\/w-l-c.be\/fr\/wp-json\/wp\/v2\/categories?post=62679"},{"taxonomy":"post_tag","embeddable":true,"href":"https:\/\/w-l-c.be\/fr\/wp-json\/wp\/v2\/tags?post=62679"}],"curies":[{"name":"wp","href":"https:\/\/api.w.org\/{rel}","templated":true}]}}