
{"id":62805,"date":"2014-09-26T10:55:07","date_gmt":"2014-09-26T08:55:07","guid":{"rendered":"http:\/\/www.cinevox.be\/?p=62805"},"modified":"2014-09-26T10:55:07","modified_gmt":"2014-09-26T08:55:07","slug":"coffee-or-not-city-burning","status":"publish","type":"post","link":"https:\/\/w-l-c.be\/fr\/coffee-or-not-city-burning\/","title":{"rendered":"Coffee or not &#8211; City Burning"},"content":{"rendered":"<p><em>City Burning<\/em>? Une chanson accrocheuse et un clip \u00e0 regarder imp\u00e9rativement jusqu&rsquo;au bout (sans zapper!). La fin est \u00e9tonnante et assez impressionnante.<\/p>\n<p>Ce clip, qui met Bruxelles vue d&rsquo;en haut en \u00e9vidence, m\u00e9lange les \u00e9motions : incompr\u00e9hension, d\u00e9ception, tristesse, rage, amour.<\/p>\n<p>&nbsp;<\/p>\n<p>C&rsquo;est <strong>V\u00e9ronique Perrault<\/strong> qui nous a mis sur sa piste. La com\u00e9dienne belge y joue le r\u00f4le principal (c&rsquo;est un v\u00e9ritable court m\u00e9trage). Nous l&rsquo;avons crois\u00e9e lors du Cinevox Happening organis\u00e9 autour de <em>Yam Dam<\/em> mercredi \u00e0 l&rsquo;Aventure. C&rsquo;est aussi fait pour cela ces soir\u00e9es festives !<\/p>\n<p>&nbsp;<\/p>\n<p>En novembre dernier, le duo belge <em>Coffee Or Not<\/em> troque les guitares pour travailler sur la vid\u00e9o de leur morceau &lsquo;City Burning&rsquo;.<\/p>\n<p>Soho se retrouve productrice et coordinatrice et Renaud r\u00e9gisseur.<\/p>\n<p>L&rsquo;essentiel du casting est belge, mais les p\u00f4les artistiques et techniques ont \u00e9t\u00e9 g\u00e9r\u00e9s par une \u00e9quipe fran\u00e7aise.<\/p>\n<p>Ainsi, le clip est r\u00e9alis\u00e9 par le parisien Hadrien Touret (Le Dormeur) et le poste de directrice de la photographie assur\u00e9 par la fran\u00e7aise Emilie Gu\u00e9ret, actuellement bas\u00e9e \u00e0 Bruxelles.<\/p>\n<p>Du c\u00f4t\u00e9 des acteurs principaux, on retrouve donc V\u00e9ronique Perrault (com\u00e9dienne, professeur de th\u00e9\u00e2tre), Fr\u00e9d\u00e9ric Evrard (acteur) et Marc De Roy (com\u00e9dien, th\u00e9\u00e2tre des Galeries).<\/p>\n","protected":false},"excerpt":{"rendered":"<p>City Burning? Une chanson accrocheuse et un clip \u00e0 regarder imp\u00e9rativement jusqu&rsquo;au bout (sans zapper!). La fin est \u00e9tonnante et assez impressionnante. Ce clip, qui met Bruxelles vue d&rsquo;en haut en \u00e9vidence, m\u00e9lange les \u00e9motions : incompr\u00e9hension, d\u00e9ception, tristesse, rage, amour. &nbsp; C&rsquo;est V\u00e9ronique Perrault qui nous a mis sur sa piste. La com\u00e9dienne belge &hellip;<\/p>\n","protected":false},"author":7,"featured_media":62806,"comment_status":"closed","ping_status":"closed","sticky":false,"template":"","format":"standard","meta":{"ngg_post_thumbnail":0,"footnotes":""},"categories":[],"tags":[],"class_list":["post-62805","post","type-post","status-publish","format-standard","has-post-thumbnail",""],"yoast_head":"<!-- This site is optimized with the Yoast SEO plugin v20.4 - https:\/\/yoast.com\/wordpress\/plugins\/seo\/ -->\n<title>Coffee or not - City Burning - w-l-c<\/title>\n<meta name=\"robots\" content=\"noindex, follow, max-snippet:-1, max-image-preview:large, max-video-preview:-1\" \/>\n<meta property=\"og:locale\" content=\"fr_FR\" \/>\n<meta property=\"og:type\" content=\"article\" \/>\n<meta property=\"og:title\" content=\"Coffee or not - City Burning - w-l-c\" \/>\n<meta property=\"og:description\" content=\"City Burning? Une chanson accrocheuse et un clip \u00e0 regarder imp\u00e9rativement jusqu&rsquo;au bout (sans zapper!). La fin est \u00e9tonnante et assez impressionnante. Ce clip, qui met Bruxelles vue d&rsquo;en haut en \u00e9vidence, m\u00e9lange les \u00e9motions : incompr\u00e9hension, d\u00e9ception, tristesse, rage, amour. &nbsp; C&rsquo;est V\u00e9ronique Perrault qui nous a mis sur sa piste. La com\u00e9dienne belge &hellip;\" \/>\n<meta property=\"og:url\" content=\"https:\/\/w-l-c.be\/fr\/coffee-or-not-city-burning\/\" \/>\n<meta property=\"og:site_name\" content=\"w-l-c\" \/>\n<meta property=\"article:published_time\" content=\"2014-09-26T08:55:07+00:00\" \/>\n<meta property=\"og:image\" content=\"https:\/\/w-l-c.be\/wp-content\/uploads\/2014\/09\/2014-09-26_10h54_04.jpg\" \/>\n\t<meta property=\"og:image:width\" content=\"789\" \/>\n\t<meta property=\"og:image:height\" content=\"456\" \/>\n\t<meta property=\"og:image:type\" content=\"image\/jpeg\" \/>\n<meta name=\"author\" content=\"Philippe.Pierquin\" \/>\n<meta name=\"twitter:card\" content=\"summary_large_image\" \/>\n<meta name=\"twitter:label1\" content=\"\u00c9crit par\" \/>\n\t<meta name=\"twitter:data1\" content=\"Philippe.Pierquin\" \/>\n\t<meta name=\"twitter:label2\" content=\"Dur\u00e9e de lecture estim\u00e9e\" \/>\n\t<meta name=\"twitter:data2\" content=\"1 minute\" \/>\n<script type=\"application\/ld+json\" class=\"yoast-schema-graph\">{\"@context\":\"https:\/\/schema.org\",\"@graph\":[{\"@type\":\"WebPage\",\"@id\":\"https:\/\/w-l-c.be\/fr\/coffee-or-not-city-burning\/\",\"url\":\"https:\/\/w-l-c.be\/fr\/coffee-or-not-city-burning\/\",\"name\":\"Coffee or not - City Burning - w-l-c\",\"isPartOf\":{\"@id\":\"https:\/\/w-l-c.be\/fr\/#website\"},\"datePublished\":\"2014-09-26T08:55:07+00:00\",\"dateModified\":\"2014-09-26T08:55:07+00:00\",\"author\":{\"@id\":\"https:\/\/w-l-c.be\/fr\/#\/schema\/person\/4b9b1d857f0943453a38a7c2859ef756\"},\"breadcrumb\":{\"@id\":\"https:\/\/w-l-c.be\/fr\/coffee-or-not-city-burning\/#breadcrumb\"},\"inLanguage\":\"fr-FR\",\"potentialAction\":[{\"@type\":\"ReadAction\",\"target\":[\"https:\/\/w-l-c.be\/fr\/coffee-or-not-city-burning\/\"]}]},{\"@type\":\"BreadcrumbList\",\"@id\":\"https:\/\/w-l-c.be\/fr\/coffee-or-not-city-burning\/#breadcrumb\",\"itemListElement\":[{\"@type\":\"ListItem\",\"position\":1,\"name\":\"Accueil\",\"item\":\"https:\/\/w-l-c.be\/fr\/\"},{\"@type\":\"ListItem\",\"position\":2,\"name\":\"Coffee or not &#8211; City Burning\"}]},{\"@type\":\"WebSite\",\"@id\":\"https:\/\/w-l-c.be\/fr\/#website\",\"url\":\"https:\/\/w-l-c.be\/fr\/\",\"name\":\"w-l-c\",\"description\":\"Le cin\u00e9ma vu par les belges\",\"potentialAction\":[{\"@type\":\"SearchAction\",\"target\":{\"@type\":\"EntryPoint\",\"urlTemplate\":\"https:\/\/w-l-c.be\/fr\/?s={search_term_string}\"},\"query-input\":\"required name=search_term_string\"}],\"inLanguage\":\"fr-FR\"},{\"@type\":\"Person\",\"@id\":\"https:\/\/w-l-c.be\/fr\/#\/schema\/person\/4b9b1d857f0943453a38a7c2859ef756\",\"name\":\"Philippe.Pierquin\",\"url\":\"https:\/\/w-l-c.be\/fr\/author\/philippe-pierquin\/\"}]}<\/script>\n<!-- \/ Yoast SEO plugin. -->","yoast_head_json":{"title":"Coffee or not - City Burning - w-l-c","robots":{"index":"noindex","follow":"follow","max-snippet":"max-snippet:-1","max-image-preview":"max-image-preview:large","max-video-preview":"max-video-preview:-1"},"og_locale":"fr_FR","og_type":"article","og_title":"Coffee or not - City Burning - w-l-c","og_description":"City Burning? Une chanson accrocheuse et un clip \u00e0 regarder imp\u00e9rativement jusqu&rsquo;au bout (sans zapper!). La fin est \u00e9tonnante et assez impressionnante. Ce clip, qui met Bruxelles vue d&rsquo;en haut en \u00e9vidence, m\u00e9lange les \u00e9motions : incompr\u00e9hension, d\u00e9ception, tristesse, rage, amour. &nbsp; C&rsquo;est V\u00e9ronique Perrault qui nous a mis sur sa piste. La com\u00e9dienne belge &hellip;","og_url":"https:\/\/w-l-c.be\/fr\/coffee-or-not-city-burning\/","og_site_name":"w-l-c","article_published_time":"2014-09-26T08:55:07+00:00","og_image":[{"width":789,"height":456,"url":"https:\/\/w-l-c.be\/wp-content\/uploads\/2014\/09\/2014-09-26_10h54_04.jpg","type":"image\/jpeg"}],"author":"Philippe.Pierquin","twitter_card":"summary_large_image","twitter_misc":{"\u00c9crit par":"Philippe.Pierquin","Dur\u00e9e de lecture estim\u00e9e":"1 minute"},"schema":{"@context":"https:\/\/schema.org","@graph":[{"@type":"WebPage","@id":"https:\/\/w-l-c.be\/fr\/coffee-or-not-city-burning\/","url":"https:\/\/w-l-c.be\/fr\/coffee-or-not-city-burning\/","name":"Coffee or not - City Burning - w-l-c","isPartOf":{"@id":"https:\/\/w-l-c.be\/fr\/#website"},"datePublished":"2014-09-26T08:55:07+00:00","dateModified":"2014-09-26T08:55:07+00:00","author":{"@id":"https:\/\/w-l-c.be\/fr\/#\/schema\/person\/4b9b1d857f0943453a38a7c2859ef756"},"breadcrumb":{"@id":"https:\/\/w-l-c.be\/fr\/coffee-or-not-city-burning\/#breadcrumb"},"inLanguage":"fr-FR","potentialAction":[{"@type":"ReadAction","target":["https:\/\/w-l-c.be\/fr\/coffee-or-not-city-burning\/"]}]},{"@type":"BreadcrumbList","@id":"https:\/\/w-l-c.be\/fr\/coffee-or-not-city-burning\/#breadcrumb","itemListElement":[{"@type":"ListItem","position":1,"name":"Accueil","item":"https:\/\/w-l-c.be\/fr\/"},{"@type":"ListItem","position":2,"name":"Coffee or not &#8211; City Burning"}]},{"@type":"WebSite","@id":"https:\/\/w-l-c.be\/fr\/#website","url":"https:\/\/w-l-c.be\/fr\/","name":"w-l-c","description":"Le cin\u00e9ma vu par les belges","potentialAction":[{"@type":"SearchAction","target":{"@type":"EntryPoint","urlTemplate":"https:\/\/w-l-c.be\/fr\/?s={search_term_string}"},"query-input":"required name=search_term_string"}],"inLanguage":"fr-FR"},{"@type":"Person","@id":"https:\/\/w-l-c.be\/fr\/#\/schema\/person\/4b9b1d857f0943453a38a7c2859ef756","name":"Philippe.Pierquin","url":"https:\/\/w-l-c.be\/fr\/author\/philippe-pierquin\/"}]}},"_links":{"self":[{"href":"https:\/\/w-l-c.be\/fr\/wp-json\/wp\/v2\/posts\/62805","targetHints":{"allow":["GET"]}}],"collection":[{"href":"https:\/\/w-l-c.be\/fr\/wp-json\/wp\/v2\/posts"}],"about":[{"href":"https:\/\/w-l-c.be\/fr\/wp-json\/wp\/v2\/types\/post"}],"author":[{"embeddable":true,"href":"https:\/\/w-l-c.be\/fr\/wp-json\/wp\/v2\/users\/7"}],"replies":[{"embeddable":true,"href":"https:\/\/w-l-c.be\/fr\/wp-json\/wp\/v2\/comments?post=62805"}],"version-history":[{"count":0,"href":"https:\/\/w-l-c.be\/fr\/wp-json\/wp\/v2\/posts\/62805\/revisions"}],"wp:featuredmedia":[{"embeddable":true,"href":"https:\/\/w-l-c.be\/fr\/wp-json\/wp\/v2\/media\/62806"}],"wp:attachment":[{"href":"https:\/\/w-l-c.be\/fr\/wp-json\/wp\/v2\/media?parent=62805"}],"wp:term":[{"taxonomy":"category","embeddable":true,"href":"https:\/\/w-l-c.be\/fr\/wp-json\/wp\/v2\/categories?post=62805"},{"taxonomy":"post_tag","embeddable":true,"href":"https:\/\/w-l-c.be\/fr\/wp-json\/wp\/v2\/tags?post=62805"}],"curies":[{"name":"wp","href":"https:\/\/api.w.org\/{rel}","templated":true}]}}