
{"id":62958,"date":"2014-09-29T16:20:03","date_gmt":"2014-09-29T14:20:03","guid":{"rendered":"http:\/\/www.cinevox.be\/?p=62958"},"modified":"2014-09-29T20:38:30","modified_gmt":"2014-09-29T18:38:30","slug":"62958","status":"publish","type":"post","link":"https:\/\/w-l-c.be\/fr\/62958\/","title":{"rendered":"Home Cin\u00e9ma n\u00b011 &#8211; Invit\u00e9s : Pauline Etienne et David Murgia"},"content":{"rendered":"<p>L&rsquo;\u00e9mission de Be tv consacr\u00e9e \u00e0 l&rsquo;actualit\u00e9 du cin\u00e9ma belge et pr\u00e9sent\u00e9e par Fabrice Du Welz.<\/p>\n<p>Au menu de cette 11e \u00e9mission, la premi\u00e8re de la deuxi\u00e8me saison :\u00a0<strong>David Murgia<\/strong> et <strong>Pauline Etienne<\/strong><\/p>\n<p>En bonus, un reportage sur le tournage d<i>e Je suis mort, mais j&rsquo;ai des amis <\/i>de<strong>\u00a0Guillaume et St\u00e9phane\u00a0Malandrin<i>\u00a0<\/i><\/strong>(images et interviews de Cinevox)<\/p>\n","protected":false},"excerpt":{"rendered":"<p>L&rsquo;\u00e9mission de Be tv consacr\u00e9e \u00e0 l&rsquo;actualit\u00e9 du cin\u00e9ma belge et pr\u00e9sent\u00e9e par Fabrice Du Welz. Au menu de cette 11e \u00e9mission, la premi\u00e8re de la deuxi\u00e8me saison :\u00a0David Murgia et Pauline Etienne En bonus, un reportage sur le tournage de Je suis mort, mais j&rsquo;ai des amis de\u00a0Guillaume et St\u00e9phane\u00a0Malandrin\u00a0(images et interviews de Cinevox)<\/p>\n","protected":false},"author":7,"featured_media":62959,"comment_status":"closed","ping_status":"closed","sticky":false,"template":"","format":"standard","meta":{"ngg_post_thumbnail":0,"footnotes":""},"categories":[1923],"tags":[],"class_list":["post-62958","post","type-post","status-publish","format-standard","has-post-thumbnail","","category-en-bref"],"yoast_head":"<!-- This site is optimized with the Yoast SEO plugin v20.4 - https:\/\/yoast.com\/wordpress\/plugins\/seo\/ -->\n<title>Home Cin\u00e9ma n\u00b011 - Invit\u00e9s : Pauline Etienne et David Murgia - w-l-c<\/title>\n<meta name=\"robots\" content=\"noindex, follow, max-snippet:-1, max-image-preview:large, max-video-preview:-1\" \/>\n<meta property=\"og:locale\" content=\"fr_FR\" \/>\n<meta property=\"og:type\" content=\"article\" \/>\n<meta property=\"og:title\" content=\"Home Cin\u00e9ma n\u00b011 - Invit\u00e9s : Pauline Etienne et David Murgia - w-l-c\" \/>\n<meta property=\"og:description\" content=\"L&rsquo;\u00e9mission de Be tv consacr\u00e9e \u00e0 l&rsquo;actualit\u00e9 du cin\u00e9ma belge et pr\u00e9sent\u00e9e par Fabrice Du Welz. Au menu de cette 11e \u00e9mission, la premi\u00e8re de la deuxi\u00e8me saison :\u00a0David Murgia et Pauline Etienne En bonus, un reportage sur le tournage de Je suis mort, mais j&rsquo;ai des amis de\u00a0Guillaume et St\u00e9phane\u00a0Malandrin\u00a0(images et interviews de Cinevox)\" \/>\n<meta property=\"og:url\" content=\"https:\/\/w-l-c.be\/fr\/62958\/\" \/>\n<meta property=\"og:site_name\" content=\"w-l-c\" \/>\n<meta property=\"article:published_time\" content=\"2014-09-29T14:20:03+00:00\" \/>\n<meta property=\"article:modified_time\" content=\"2014-09-29T18:38:30+00:00\" \/>\n<meta property=\"og:image\" content=\"https:\/\/w-l-c.be\/wp-content\/uploads\/2014\/09\/home-cinema-11.jpg\" \/>\n\t<meta property=\"og:image:width\" content=\"841\" \/>\n\t<meta property=\"og:image:height\" content=\"459\" \/>\n\t<meta property=\"og:image:type\" content=\"image\/jpeg\" \/>\n<meta name=\"author\" content=\"Philippe.Pierquin\" \/>\n<meta name=\"twitter:card\" content=\"summary_large_image\" \/>\n<meta name=\"twitter:label1\" content=\"\u00c9crit par\" \/>\n\t<meta name=\"twitter:data1\" content=\"Philippe.Pierquin\" \/>\n<script type=\"application\/ld+json\" class=\"yoast-schema-graph\">{\"@context\":\"https:\/\/schema.org\",\"@graph\":[{\"@type\":\"WebPage\",\"@id\":\"https:\/\/w-l-c.be\/fr\/62958\/\",\"url\":\"https:\/\/w-l-c.be\/fr\/62958\/\",\"name\":\"Home Cin\u00e9ma n\u00b011 - Invit\u00e9s : Pauline Etienne et David Murgia - w-l-c\",\"isPartOf\":{\"@id\":\"https:\/\/w-l-c.be\/fr\/#website\"},\"datePublished\":\"2014-09-29T14:20:03+00:00\",\"dateModified\":\"2014-09-29T18:38:30+00:00\",\"author\":{\"@id\":\"https:\/\/w-l-c.be\/fr\/#\/schema\/person\/4b9b1d857f0943453a38a7c2859ef756\"},\"breadcrumb\":{\"@id\":\"https:\/\/w-l-c.be\/fr\/62958\/#breadcrumb\"},\"inLanguage\":\"fr-FR\",\"potentialAction\":[{\"@type\":\"ReadAction\",\"target\":[\"https:\/\/w-l-c.be\/fr\/62958\/\"]}]},{\"@type\":\"BreadcrumbList\",\"@id\":\"https:\/\/w-l-c.be\/fr\/62958\/#breadcrumb\",\"itemListElement\":[{\"@type\":\"ListItem\",\"position\":1,\"name\":\"Accueil\",\"item\":\"https:\/\/w-l-c.be\/fr\/\"},{\"@type\":\"ListItem\",\"position\":2,\"name\":\"Home Cin\u00e9ma n\u00b011 &#8211; Invit\u00e9s : Pauline Etienne et David Murgia\"}]},{\"@type\":\"WebSite\",\"@id\":\"https:\/\/w-l-c.be\/fr\/#website\",\"url\":\"https:\/\/w-l-c.be\/fr\/\",\"name\":\"w-l-c\",\"description\":\"Le cin\u00e9ma vu par les belges\",\"potentialAction\":[{\"@type\":\"SearchAction\",\"target\":{\"@type\":\"EntryPoint\",\"urlTemplate\":\"https:\/\/w-l-c.be\/fr\/?s={search_term_string}\"},\"query-input\":\"required name=search_term_string\"}],\"inLanguage\":\"fr-FR\"},{\"@type\":\"Person\",\"@id\":\"https:\/\/w-l-c.be\/fr\/#\/schema\/person\/4b9b1d857f0943453a38a7c2859ef756\",\"name\":\"Philippe.Pierquin\",\"url\":\"https:\/\/w-l-c.be\/fr\/author\/philippe-pierquin\/\"}]}<\/script>\n<!-- \/ Yoast SEO plugin. -->","yoast_head_json":{"title":"Home Cin\u00e9ma n\u00b011 - Invit\u00e9s : Pauline Etienne et David Murgia - w-l-c","robots":{"index":"noindex","follow":"follow","max-snippet":"max-snippet:-1","max-image-preview":"max-image-preview:large","max-video-preview":"max-video-preview:-1"},"og_locale":"fr_FR","og_type":"article","og_title":"Home Cin\u00e9ma n\u00b011 - Invit\u00e9s : Pauline Etienne et David Murgia - w-l-c","og_description":"L&rsquo;\u00e9mission de Be tv consacr\u00e9e \u00e0 l&rsquo;actualit\u00e9 du cin\u00e9ma belge et pr\u00e9sent\u00e9e par Fabrice Du Welz. Au menu de cette 11e \u00e9mission, la premi\u00e8re de la deuxi\u00e8me saison :\u00a0David Murgia et Pauline Etienne En bonus, un reportage sur le tournage de Je suis mort, mais j&rsquo;ai des amis de\u00a0Guillaume et St\u00e9phane\u00a0Malandrin\u00a0(images et interviews de Cinevox)","og_url":"https:\/\/w-l-c.be\/fr\/62958\/","og_site_name":"w-l-c","article_published_time":"2014-09-29T14:20:03+00:00","article_modified_time":"2014-09-29T18:38:30+00:00","og_image":[{"width":841,"height":459,"url":"https:\/\/w-l-c.be\/wp-content\/uploads\/2014\/09\/home-cinema-11.jpg","type":"image\/jpeg"}],"author":"Philippe.Pierquin","twitter_card":"summary_large_image","twitter_misc":{"\u00c9crit par":"Philippe.Pierquin"},"schema":{"@context":"https:\/\/schema.org","@graph":[{"@type":"WebPage","@id":"https:\/\/w-l-c.be\/fr\/62958\/","url":"https:\/\/w-l-c.be\/fr\/62958\/","name":"Home Cin\u00e9ma n\u00b011 - Invit\u00e9s : Pauline Etienne et David Murgia - w-l-c","isPartOf":{"@id":"https:\/\/w-l-c.be\/fr\/#website"},"datePublished":"2014-09-29T14:20:03+00:00","dateModified":"2014-09-29T18:38:30+00:00","author":{"@id":"https:\/\/w-l-c.be\/fr\/#\/schema\/person\/4b9b1d857f0943453a38a7c2859ef756"},"breadcrumb":{"@id":"https:\/\/w-l-c.be\/fr\/62958\/#breadcrumb"},"inLanguage":"fr-FR","potentialAction":[{"@type":"ReadAction","target":["https:\/\/w-l-c.be\/fr\/62958\/"]}]},{"@type":"BreadcrumbList","@id":"https:\/\/w-l-c.be\/fr\/62958\/#breadcrumb","itemListElement":[{"@type":"ListItem","position":1,"name":"Accueil","item":"https:\/\/w-l-c.be\/fr\/"},{"@type":"ListItem","position":2,"name":"Home Cin\u00e9ma n\u00b011 &#8211; Invit\u00e9s : Pauline Etienne et David Murgia"}]},{"@type":"WebSite","@id":"https:\/\/w-l-c.be\/fr\/#website","url":"https:\/\/w-l-c.be\/fr\/","name":"w-l-c","description":"Le cin\u00e9ma vu par les belges","potentialAction":[{"@type":"SearchAction","target":{"@type":"EntryPoint","urlTemplate":"https:\/\/w-l-c.be\/fr\/?s={search_term_string}"},"query-input":"required name=search_term_string"}],"inLanguage":"fr-FR"},{"@type":"Person","@id":"https:\/\/w-l-c.be\/fr\/#\/schema\/person\/4b9b1d857f0943453a38a7c2859ef756","name":"Philippe.Pierquin","url":"https:\/\/w-l-c.be\/fr\/author\/philippe-pierquin\/"}]}},"_links":{"self":[{"href":"https:\/\/w-l-c.be\/fr\/wp-json\/wp\/v2\/posts\/62958","targetHints":{"allow":["GET"]}}],"collection":[{"href":"https:\/\/w-l-c.be\/fr\/wp-json\/wp\/v2\/posts"}],"about":[{"href":"https:\/\/w-l-c.be\/fr\/wp-json\/wp\/v2\/types\/post"}],"author":[{"embeddable":true,"href":"https:\/\/w-l-c.be\/fr\/wp-json\/wp\/v2\/users\/7"}],"replies":[{"embeddable":true,"href":"https:\/\/w-l-c.be\/fr\/wp-json\/wp\/v2\/comments?post=62958"}],"version-history":[{"count":0,"href":"https:\/\/w-l-c.be\/fr\/wp-json\/wp\/v2\/posts\/62958\/revisions"}],"wp:featuredmedia":[{"embeddable":true,"href":"https:\/\/w-l-c.be\/fr\/wp-json\/wp\/v2\/media\/62959"}],"wp:attachment":[{"href":"https:\/\/w-l-c.be\/fr\/wp-json\/wp\/v2\/media?parent=62958"}],"wp:term":[{"taxonomy":"category","embeddable":true,"href":"https:\/\/w-l-c.be\/fr\/wp-json\/wp\/v2\/categories?post=62958"},{"taxonomy":"post_tag","embeddable":true,"href":"https:\/\/w-l-c.be\/fr\/wp-json\/wp\/v2\/tags?post=62958"}],"curies":[{"name":"wp","href":"https:\/\/api.w.org\/{rel}","templated":true}]}}