
{"id":63538,"date":"2014-10-04T00:50:15","date_gmt":"2014-10-03T22:50:15","guid":{"rendered":"http:\/\/www.cinevox.be\/?p=63538"},"modified":"2014-10-04T09:05:49","modified_gmt":"2014-10-04T07:05:49","slug":"alleluia-fabrice-du-welz-fait-main-basse-melies-dor","status":"publish","type":"post","link":"https:\/\/w-l-c.be\/fr\/alleluia-fabrice-du-welz-fait-main-basse-melies-dor\/","title":{"rendered":"Alleluia, Fabrice Du Welz fait main basse sur le M\u00e9li\u00e8s d\u2019Or"},"content":{"rendered":"<p>Le M\u00e9li\u00e8s d\u2019or est une r\u00e9compense octroy\u00e9e dans le cadre de la F\u00e9d\u00e9ration Europ\u00e9enne des Festivals de Films Fantastiques (EFFFF). Il consacre le meilleur film fantastique ou de science-fiction. Chacun des neuf festivals adh\u00e9rents d\u00e9cerne chaque ann\u00e9e un M\u00e9li\u00e8s d\u2019argent \u00e0 l\u2019un des films en comp\u00e9tition. L\u2019attribution d\u2019un M\u00e9li\u00e8s d\u2019argent entra\u00eene automatiquement sa nomination pour le M\u00e9li\u00e8s d\u2019or.<\/p>\n<p><!--more--><\/p>\n<p>&nbsp;<\/p>\n<p>&nbsp;<\/p>\n<p>On compte parmi les anciens laur\u00e9ats du M\u00e9li\u00e8s d\u2019Or Michael Wintterbottom (<em>Code\u00a046<\/em>), Alex de la Iglesias (<em>The last circus<\/em>) ou Anders Thomas Jensen (<em>Adam\u2019s Apples).<\/em> L\u2019an dernier, avec son d\u00e9lirant <em>Au nom du Fils<\/em>, <strong>Vincent Lannoo <\/strong>\u00e9tait le deuxi\u00e8me Belge \u00e0 remporter cette prestigieuse r\u00e9compense douze ans apr\u00e8s <strong>Pierre-Paul Renders<\/strong> (<em>Thomas est amoureux<\/em> &#8211; 2001) \u00e0 \u00eatre honor\u00e9 par cette prestigieuse r\u00e9compense.<\/p>\n<p>&nbsp;<\/p>\n<p>Il n\u2019aura pas fallu attendre aussi longtemps pour que notre pays se distingue\u00a0 nouveau puisque cette ann\u00e9e, c\u2019est<em> Alleluia <\/em>de <strong>Fabrice Du Welz<\/strong> qui a remport\u00e9 ce prix ouvrant traditionnellement \u00a0le festival de Sitg\u00e8s.<\/p>\n<p>R\u00e9compens\u00e9 quatre fois au Fantastic Fest d\u2019Austin il y a quinze jours, <em>Alleluia<\/em> ne vivra sa premi\u00e8re belge que mardi prochain au FIFF namurois dans le cadre de la soir\u00e9e du centre du Cin\u00e9ma.<\/p>\n<p>&nbsp;<\/p>\n<p><a href=\"http:\/\/www.cinevox.be\/alleluia-fabrice-du-welz-fait-main-basse-melies-dor\/01_4737-3\/\" rel=\"attachment wp-att-63539\"><img loading=\"lazy\" decoding=\"async\" class=\"aligncenter size-large wp-image-63539\" src=\"http:\/\/www.cinevox.be\/wp-content\/uploads\/2014\/10\/01_4737-800x528.jpg\" alt=\"\" width=\"640\" height=\"422\" srcset=\"https:\/\/w-l-c.be\/wp-content\/uploads\/2014\/10\/01_4737-800x528.jpg 800w, https:\/\/w-l-c.be\/wp-content\/uploads\/2014\/10\/01_4737-409x270.jpg 409w, https:\/\/w-l-c.be\/wp-content\/uploads\/2014\/10\/01_4737.jpg 1015w\" sizes=\"auto, (max-width: 640px) 100vw, 640px\" \/><\/a><\/p>\n<p>&nbsp;<\/p>\n<p><em>C\u2019<\/em>est forc\u00e9ment un des films belges les plus attendus de l\u2019ann\u00e9e. \u00c0 la barre, <strong>Fabrice Du Welz,<\/strong> responsable de <em>Calvaire<\/em>, film culte par excellence. Devant la cam\u00e9ra, <strong>Laurent Lucas<\/strong> d\u00e9j\u00e0 h\u00e9ros (malheureux) de ce cauchemar forestier et la volcanique Ib\u00e8re <strong>Lola Duenas.<\/strong><\/p>\n<p>Le couple est infernal; li\u00e9 par des raisons que la raison pr\u00e9f\u00e8re ignorer.<\/p>\n<p>Elle est folle de lui (folle tout court?), il se sent sublim\u00e9 par cet amour v\u00e9n\u00e9neux. Elle ferait tout pour ne pas le perdre, il accepte la surench\u00e8re qu\u2019elle lui impose. Les amants vont semer la mort et inexorablement avancer sur une voie sans issue qui les condamne \u00e0 leur tour.<\/p>\n<p>&nbsp;<\/p>\n<p>Au c\u0153ur de l\u2019actualit\u00e9, Fabrice Du Welz vient tout juste de voir <em>Colt .45,<\/em> son pr\u00e9c\u00e9dent long m\u00e9trage d\u00e9barquer sur nos \u00e9crans. Ce film de commande, polar efficace et brutal, a \u00e9t\u00e9 l\u2019objet d\u2019un formidable Cinevox Happening pendant les BNP Paribas Fortis Film Days.<\/p>\n","protected":false},"excerpt":{"rendered":"<p>Le M\u00e9li\u00e8s d\u2019or est une r\u00e9compense octroy\u00e9e dans le cadre de la F\u00e9d\u00e9ration Europ\u00e9enne des Festivals de Films Fantastiques (EFFFF). Il consacre le meilleur film fantastique ou de science-fiction. Chacun des neuf festivals adh\u00e9rents d\u00e9cerne chaque ann\u00e9e un M\u00e9li\u00e8s d\u2019argent \u00e0 l\u2019un des films en comp\u00e9tition. L\u2019attribution d\u2019un M\u00e9li\u00e8s d\u2019argent entra\u00eene automatiquement sa nomination pour &hellip;<\/p>\n","protected":false},"author":7,"featured_media":63541,"comment_status":"closed","ping_status":"closed","sticky":false,"template":"","format":"standard","meta":{"ngg_post_thumbnail":0,"footnotes":""},"categories":[12],"tags":[],"class_list":["post-63538","post","type-post","status-publish","format-standard","has-post-thumbnail","","category-awards"],"yoast_head":"<!-- This site is optimized with the Yoast SEO plugin v20.4 - https:\/\/yoast.com\/wordpress\/plugins\/seo\/ -->\n<title>Alleluia, Fabrice Du Welz fait main basse sur le M\u00e9li\u00e8s d\u2019Or - w-l-c<\/title>\n<meta name=\"robots\" content=\"noindex, follow, max-snippet:-1, max-image-preview:large, max-video-preview:-1\" \/>\n<meta property=\"og:locale\" content=\"fr_FR\" \/>\n<meta property=\"og:type\" content=\"article\" \/>\n<meta property=\"og:title\" content=\"Alleluia, Fabrice Du Welz fait main basse sur le M\u00e9li\u00e8s d\u2019Or - w-l-c\" \/>\n<meta property=\"og:description\" content=\"Le M\u00e9li\u00e8s d\u2019or est une r\u00e9compense octroy\u00e9e dans le cadre de la F\u00e9d\u00e9ration Europ\u00e9enne des Festivals de Films Fantastiques (EFFFF). Il consacre le meilleur film fantastique ou de science-fiction. Chacun des neuf festivals adh\u00e9rents d\u00e9cerne chaque ann\u00e9e un M\u00e9li\u00e8s d\u2019argent \u00e0 l\u2019un des films en comp\u00e9tition. L\u2019attribution d\u2019un M\u00e9li\u00e8s d\u2019argent entra\u00eene automatiquement sa nomination pour &hellip;\" \/>\n<meta property=\"og:url\" content=\"https:\/\/w-l-c.be\/fr\/alleluia-fabrice-du-welz-fait-main-basse-melies-dor\/\" \/>\n<meta property=\"og:site_name\" content=\"w-l-c\" \/>\n<meta property=\"article:published_time\" content=\"2014-10-03T22:50:15+00:00\" \/>\n<meta property=\"article:modified_time\" content=\"2014-10-04T07:05:49+00:00\" \/>\n<meta property=\"og:image\" content=\"https:\/\/w-l-c.be\/wp-content\/uploads\/2014\/10\/1380274_168384513358192_66840126_n.jpg\" \/>\n\t<meta property=\"og:image:width\" content=\"960\" \/>\n\t<meta property=\"og:image:height\" content=\"960\" \/>\n\t<meta property=\"og:image:type\" content=\"image\/jpeg\" \/>\n<meta name=\"author\" content=\"Philippe.Pierquin\" \/>\n<meta name=\"twitter:card\" content=\"summary_large_image\" \/>\n<meta name=\"twitter:label1\" content=\"\u00c9crit par\" \/>\n\t<meta name=\"twitter:data1\" content=\"Philippe.Pierquin\" \/>\n\t<meta name=\"twitter:label2\" content=\"Dur\u00e9e de lecture estim\u00e9e\" \/>\n\t<meta name=\"twitter:data2\" content=\"2 minutes\" \/>\n<script type=\"application\/ld+json\" class=\"yoast-schema-graph\">{\"@context\":\"https:\/\/schema.org\",\"@graph\":[{\"@type\":\"WebPage\",\"@id\":\"https:\/\/w-l-c.be\/fr\/alleluia-fabrice-du-welz-fait-main-basse-melies-dor\/\",\"url\":\"https:\/\/w-l-c.be\/fr\/alleluia-fabrice-du-welz-fait-main-basse-melies-dor\/\",\"name\":\"Alleluia, Fabrice Du Welz fait main basse sur le M\u00e9li\u00e8s d\u2019Or - w-l-c\",\"isPartOf\":{\"@id\":\"https:\/\/w-l-c.be\/fr\/#website\"},\"datePublished\":\"2014-10-03T22:50:15+00:00\",\"dateModified\":\"2014-10-04T07:05:49+00:00\",\"author\":{\"@id\":\"https:\/\/w-l-c.be\/fr\/#\/schema\/person\/4b9b1d857f0943453a38a7c2859ef756\"},\"breadcrumb\":{\"@id\":\"https:\/\/w-l-c.be\/fr\/alleluia-fabrice-du-welz-fait-main-basse-melies-dor\/#breadcrumb\"},\"inLanguage\":\"fr-FR\",\"potentialAction\":[{\"@type\":\"ReadAction\",\"target\":[\"https:\/\/w-l-c.be\/fr\/alleluia-fabrice-du-welz-fait-main-basse-melies-dor\/\"]}]},{\"@type\":\"BreadcrumbList\",\"@id\":\"https:\/\/w-l-c.be\/fr\/alleluia-fabrice-du-welz-fait-main-basse-melies-dor\/#breadcrumb\",\"itemListElement\":[{\"@type\":\"ListItem\",\"position\":1,\"name\":\"Accueil\",\"item\":\"https:\/\/w-l-c.be\/fr\/\"},{\"@type\":\"ListItem\",\"position\":2,\"name\":\"Alleluia, Fabrice Du Welz fait main basse sur le M\u00e9li\u00e8s d\u2019Or\"}]},{\"@type\":\"WebSite\",\"@id\":\"https:\/\/w-l-c.be\/fr\/#website\",\"url\":\"https:\/\/w-l-c.be\/fr\/\",\"name\":\"w-l-c\",\"description\":\"Le cin\u00e9ma vu par les belges\",\"potentialAction\":[{\"@type\":\"SearchAction\",\"target\":{\"@type\":\"EntryPoint\",\"urlTemplate\":\"https:\/\/w-l-c.be\/fr\/?s={search_term_string}\"},\"query-input\":\"required name=search_term_string\"}],\"inLanguage\":\"fr-FR\"},{\"@type\":\"Person\",\"@id\":\"https:\/\/w-l-c.be\/fr\/#\/schema\/person\/4b9b1d857f0943453a38a7c2859ef756\",\"name\":\"Philippe.Pierquin\",\"url\":\"https:\/\/w-l-c.be\/fr\/author\/philippe-pierquin\/\"}]}<\/script>\n<!-- \/ Yoast SEO plugin. -->","yoast_head_json":{"title":"Alleluia, Fabrice Du Welz fait main basse sur le M\u00e9li\u00e8s d\u2019Or - w-l-c","robots":{"index":"noindex","follow":"follow","max-snippet":"max-snippet:-1","max-image-preview":"max-image-preview:large","max-video-preview":"max-video-preview:-1"},"og_locale":"fr_FR","og_type":"article","og_title":"Alleluia, Fabrice Du Welz fait main basse sur le M\u00e9li\u00e8s d\u2019Or - w-l-c","og_description":"Le M\u00e9li\u00e8s d\u2019or est une r\u00e9compense octroy\u00e9e dans le cadre de la F\u00e9d\u00e9ration Europ\u00e9enne des Festivals de Films Fantastiques (EFFFF). Il consacre le meilleur film fantastique ou de science-fiction. Chacun des neuf festivals adh\u00e9rents d\u00e9cerne chaque ann\u00e9e un M\u00e9li\u00e8s d\u2019argent \u00e0 l\u2019un des films en comp\u00e9tition. L\u2019attribution d\u2019un M\u00e9li\u00e8s d\u2019argent entra\u00eene automatiquement sa nomination pour &hellip;","og_url":"https:\/\/w-l-c.be\/fr\/alleluia-fabrice-du-welz-fait-main-basse-melies-dor\/","og_site_name":"w-l-c","article_published_time":"2014-10-03T22:50:15+00:00","article_modified_time":"2014-10-04T07:05:49+00:00","og_image":[{"width":960,"height":960,"url":"https:\/\/w-l-c.be\/wp-content\/uploads\/2014\/10\/1380274_168384513358192_66840126_n.jpg","type":"image\/jpeg"}],"author":"Philippe.Pierquin","twitter_card":"summary_large_image","twitter_misc":{"\u00c9crit par":"Philippe.Pierquin","Dur\u00e9e de lecture estim\u00e9e":"2 minutes"},"schema":{"@context":"https:\/\/schema.org","@graph":[{"@type":"WebPage","@id":"https:\/\/w-l-c.be\/fr\/alleluia-fabrice-du-welz-fait-main-basse-melies-dor\/","url":"https:\/\/w-l-c.be\/fr\/alleluia-fabrice-du-welz-fait-main-basse-melies-dor\/","name":"Alleluia, Fabrice Du Welz fait main basse sur le M\u00e9li\u00e8s d\u2019Or - w-l-c","isPartOf":{"@id":"https:\/\/w-l-c.be\/fr\/#website"},"datePublished":"2014-10-03T22:50:15+00:00","dateModified":"2014-10-04T07:05:49+00:00","author":{"@id":"https:\/\/w-l-c.be\/fr\/#\/schema\/person\/4b9b1d857f0943453a38a7c2859ef756"},"breadcrumb":{"@id":"https:\/\/w-l-c.be\/fr\/alleluia-fabrice-du-welz-fait-main-basse-melies-dor\/#breadcrumb"},"inLanguage":"fr-FR","potentialAction":[{"@type":"ReadAction","target":["https:\/\/w-l-c.be\/fr\/alleluia-fabrice-du-welz-fait-main-basse-melies-dor\/"]}]},{"@type":"BreadcrumbList","@id":"https:\/\/w-l-c.be\/fr\/alleluia-fabrice-du-welz-fait-main-basse-melies-dor\/#breadcrumb","itemListElement":[{"@type":"ListItem","position":1,"name":"Accueil","item":"https:\/\/w-l-c.be\/fr\/"},{"@type":"ListItem","position":2,"name":"Alleluia, Fabrice Du Welz fait main basse sur le M\u00e9li\u00e8s d\u2019Or"}]},{"@type":"WebSite","@id":"https:\/\/w-l-c.be\/fr\/#website","url":"https:\/\/w-l-c.be\/fr\/","name":"w-l-c","description":"Le cin\u00e9ma vu par les belges","potentialAction":[{"@type":"SearchAction","target":{"@type":"EntryPoint","urlTemplate":"https:\/\/w-l-c.be\/fr\/?s={search_term_string}"},"query-input":"required name=search_term_string"}],"inLanguage":"fr-FR"},{"@type":"Person","@id":"https:\/\/w-l-c.be\/fr\/#\/schema\/person\/4b9b1d857f0943453a38a7c2859ef756","name":"Philippe.Pierquin","url":"https:\/\/w-l-c.be\/fr\/author\/philippe-pierquin\/"}]}},"_links":{"self":[{"href":"https:\/\/w-l-c.be\/fr\/wp-json\/wp\/v2\/posts\/63538","targetHints":{"allow":["GET"]}}],"collection":[{"href":"https:\/\/w-l-c.be\/fr\/wp-json\/wp\/v2\/posts"}],"about":[{"href":"https:\/\/w-l-c.be\/fr\/wp-json\/wp\/v2\/types\/post"}],"author":[{"embeddable":true,"href":"https:\/\/w-l-c.be\/fr\/wp-json\/wp\/v2\/users\/7"}],"replies":[{"embeddable":true,"href":"https:\/\/w-l-c.be\/fr\/wp-json\/wp\/v2\/comments?post=63538"}],"version-history":[{"count":0,"href":"https:\/\/w-l-c.be\/fr\/wp-json\/wp\/v2\/posts\/63538\/revisions"}],"wp:featuredmedia":[{"embeddable":true,"href":"https:\/\/w-l-c.be\/fr\/wp-json\/wp\/v2\/media\/63541"}],"wp:attachment":[{"href":"https:\/\/w-l-c.be\/fr\/wp-json\/wp\/v2\/media?parent=63538"}],"wp:term":[{"taxonomy":"category","embeddable":true,"href":"https:\/\/w-l-c.be\/fr\/wp-json\/wp\/v2\/categories?post=63538"},{"taxonomy":"post_tag","embeddable":true,"href":"https:\/\/w-l-c.be\/fr\/wp-json\/wp\/v2\/tags?post=63538"}],"curies":[{"name":"wp","href":"https:\/\/api.w.org\/{rel}","templated":true}]}}