
{"id":63593,"date":"2014-10-07T11:44:04","date_gmt":"2014-10-07T09:44:04","guid":{"rendered":"http:\/\/www.cinevox.be\/?p=63593"},"modified":"2014-10-08T15:40:23","modified_gmt":"2014-10-08T13:40:23","slug":"fiff-les-courts","status":"publish","type":"post","link":"https:\/\/w-l-c.be\/fr\/fiff-les-courts\/","title":{"rendered":"FIFF les courts\u00a0!"},"content":{"rendered":"<p>La journ\u00e9e consacr\u00e9e durant le FIFF aux courts m\u00e9trages belges est une des plus passionnantes de la semaine namuroise (le programme est dispo <a href=\"http:\/\/www.cinevox.be\/?p=61870\">ici<\/a>).<\/p>\n<p>En se focalisant \u00e0 100% sur ces cinq modules\u00a0on peut en effet visionner l\u2019essentiel du meilleur de la cr\u00e8me du best of de la production nationale r\u00e9cente.<\/p>\n<p>L\u2019occasion de d\u00e9couvrir de nouveaux visages, de pointer des talents d\u00e9j\u00e0 incontournables, et surtout d&rsquo;\u00eatre \u00e9pat\u00e9s par des \u0153uvres marquantes.<!--more--><\/p>\n<p>&nbsp;<\/p>\n<p>&nbsp;<\/p>\n<p>Le seul petit reproche qu\u2019on pourrait adresser \u00e0 cette s\u00e9lection 2014 est sa grille horaire. 27 courts m\u00e9trages en 5 programmes, c\u2019est bien\u00a0: les encha\u00eener \u00e0 la file sans donner le temps au spectateur qui voudrait tous les regarder de s\u2019offrir, ne fut-ce qu&rsquo;un caf\u00e9 pendant 10h, confine \u00e0 l\u2019exp\u00e9rience sadique ;-).<br \/>\nUne vingtaine de films en une journ\u00e9e ou un peu plus, mais \u00e9tal\u00e9s sur deux jours aurait \u00e9t\u00e9 plus indiqu\u00e9.<br \/>\nMais qu\u2019importe\u00a0: nous avons accompli ce marathon dans une Maison de la Culture presque sold out du matin au soir avec un \u00e9vident plaisir, sans aucun ennui, souvent passionn\u00e9.<\/p>\n<p>&nbsp;<\/p>\n<p><a href=\"http:\/\/www.cinevox.be\/fiff-les-courts\/15249449818_5e84075334_o\/\" rel=\"attachment wp-att-63594\"><img loading=\"lazy\" decoding=\"async\" class=\"aligncenter size-large wp-image-63594\" src=\"http:\/\/www.cinevox.be\/wp-content\/uploads\/2014\/10\/15249449818_5e84075334_o-800x533.jpg\" alt=\"\" width=\"640\" height=\"426\" srcset=\"https:\/\/w-l-c.be\/wp-content\/uploads\/2014\/10\/15249449818_5e84075334_o-800x533.jpg 800w, https:\/\/w-l-c.be\/wp-content\/uploads\/2014\/10\/15249449818_5e84075334_o-404x270.jpg 404w\" sizes=\"auto, (max-width: 640px) 100vw, 640px\" \/><\/a><\/p>\n<p style=\"text-align: right;\"><em>\u00a0Le jury des courts : Karim Moussaoui, r\u00e9alisateur &#8211; Astrid Whettnall, actrice &#8211; Emma De Caunes, actrice &#8211; Olivia Ruiz, chanteuse &#8211; Bernard Payen, responsable de programmation \u00e0 la Cin\u00e9math\u00e8que fran\u00e7aise<\/em><\/p>\n<p>&nbsp;<\/p>\n<p>&nbsp;<\/p>\n<p>En proposant 27 courts, le FIFF a op\u00e9r\u00e9 une s\u00e9lection drastique parmi la production nationale roborative, s\u00e9lection \u00e0 laquelle nous souscrivons sans restriction.<\/p>\n<p>\u00c0 notre tour, comme l\u2019an dernier, de nous livrer \u00e0 cet exercice totalement subjectif qui consiste \u00e0 \u00e9pingler les films\u00a0qui, \u00e0 l\u2019int\u00e9rieur d\u2019une programmation dense et sans d\u00e9faut, nous ont le plus s\u00e9duits, marqu\u00e9s, intrigu\u00e9s.<\/p>\n<p>&nbsp;<\/p>\n<p><a href=\"http:\/\/www.cinevox.be\/fiff-les-courts\/pecheresses\/\" rel=\"attachment wp-att-63595\"><img loading=\"lazy\" decoding=\"async\" class=\"aligncenter size-large wp-image-63595\" src=\"http:\/\/www.cinevox.be\/wp-content\/uploads\/2014\/10\/p\u00eacheresses-800x418.jpg\" alt=\"\" width=\"640\" height=\"334\" srcset=\"https:\/\/w-l-c.be\/wp-content\/uploads\/2014\/10\/p\u00eacheresses-800x418.jpg 800w, https:\/\/w-l-c.be\/wp-content\/uploads\/2014\/10\/p\u00eacheresses-480x250.jpg 480w, https:\/\/w-l-c.be\/wp-content\/uploads\/2014\/10\/p\u00eacheresses.jpg 1251w\" sizes=\"auto, (max-width: 640px) 100vw, 640px\" \/><\/a><\/p>\n<p>&nbsp;<\/p>\n<p>Commen\u00e7ons par le cin\u00e9ma d\u2019animation puisque la journ\u00e9e elle-m\u00eame s\u2019ouvrait sur <em>Les P\u00eacheresses, <\/em>de\u00a0<strong>Gerlando Infuso<\/strong>\u2026 peut-\u00eatre\u00a0le film le plus \u00e9pastrouillant de toute la s\u00e9lection.<br \/>\nCes derni\u00e8res ann\u00e9es, boost\u00e9 par une technique en \u00e9volution ultra-rapide et l\u2019inventivit\u00e9 l\u00e9gendaire (mais r\u00e9guli\u00e8rement confirm\u00e9e) des artistes belges, le cin\u00e9ma d\u2019animation nous propose de petites perles originales et techniquement \u00e9tonnantes.<\/p>\n<p>&nbsp;<\/p>\n<p><a href=\"http:\/\/www.cinevox.be\/fiff-les-courts\/la-buche-4\/\" rel=\"attachment wp-att-63596\"><img loading=\"lazy\" decoding=\"async\" class=\"aligncenter size-large wp-image-63596\" src=\"http:\/\/www.cinevox.be\/wp-content\/uploads\/2014\/10\/la-buche-800x450.jpg\" alt=\"\" width=\"640\" height=\"360\" srcset=\"https:\/\/w-l-c.be\/wp-content\/uploads\/2014\/10\/la-buche-800x450.jpg 800w, https:\/\/w-l-c.be\/wp-content\/uploads\/2014\/10\/la-buche-200x113.jpg 200w, https:\/\/w-l-c.be\/wp-content\/uploads\/2014\/10\/la-buche-480x270.jpg 480w, https:\/\/w-l-c.be\/wp-content\/uploads\/2014\/10\/la-buche-300x169.jpg 300w, https:\/\/w-l-c.be\/wp-content\/uploads\/2014\/10\/la-buche-620x350.jpg 620w, https:\/\/w-l-c.be\/wp-content\/uploads\/2014\/10\/la-buche.jpg 1920w\" sizes=\"auto, (max-width: 640px) 100vw, 640px\" \/><\/a><\/p>\n<p>&nbsp;<\/p>\n<p><em>La B\u00fbche de No\u00ebl<\/em> de <strong>Vincent Patar<\/strong> et <strong>St\u00e9phane Aubier<\/strong>, en comp\u00e9tition officielle au FIFF vient d\u2019ailleurs de recevoir le prix du meilleur film d\u2019animation europ\u00e9en de l\u2019ann\u00e9e ce qui en fait un candidat naturel pour le titre namurois.<\/p>\n<p>Mais <em>Les P\u00eacheresses<\/em> qui \u00e9volue dans un autre registre a tous les atouts pour lui barrer la route.<\/p>\n<p>&nbsp;<\/p>\n<p><a href=\"http:\/\/www.cinevox.be\/fiff-les-courts\/pecheresses-1\/\" rel=\"attachment wp-att-63597\"><img loading=\"lazy\" decoding=\"async\" class=\"aligncenter size-large wp-image-63597\" src=\"http:\/\/www.cinevox.be\/wp-content\/uploads\/2014\/10\/p\u00eacheresses-1-800x417.jpg\" alt=\"\" width=\"640\" height=\"333\" srcset=\"https:\/\/w-l-c.be\/wp-content\/uploads\/2014\/10\/p\u00eacheresses-1-800x417.jpg 800w, https:\/\/w-l-c.be\/wp-content\/uploads\/2014\/10\/p\u00eacheresses-1-480x250.jpg 480w, https:\/\/w-l-c.be\/wp-content\/uploads\/2014\/10\/p\u00eacheresses-1.jpg 1252w\" sizes=\"auto, (max-width: 640px) 100vw, 640px\" \/><\/a><\/p>\n<p>&nbsp;<\/p>\n<p>Ludique, inventif, d\u00e9concertant, intelligent, ce court qui met en parall\u00e8le les malheurs de trois femmes \u00e0 trois \u00e9poques diff\u00e9rentes, toutes victimes de la b\u00eatise machiste, est une splendeur visuelle hallucinante.<\/p>\n<p>On dit parfois qu&rsquo;on doit se pincer pour \u00eatre certain que ce qu&rsquo;on voit est r\u00e9el. Nous avons bien failli le faire samedi matin : les d\u00e9cors sont incroyables, les tableaux successifs, hypnotisants, les transitions \u00e9tourdissantes et la narration (grave, mais bourr\u00e9e d&rsquo;humour) aussi fluide que complexe.<\/p>\n<p>Tim Burton et ses potes n\u2019ont qu\u2019\u00e0 bien se tenir : dans un style proche, mais n\u00e9anmoins tr\u00e8s tr\u00e8s personnel, Gerlando Infuso n\u2019a absolument rien \u00e0 leur envier. Avec le budget n\u00e9cessaire pour r\u00e9aliser un long dans de bonnes conditions, cette \u00e9quipe est capable d\u2019impressionner la plan\u00e8te enti\u00e8re. Un choc, un vrai !<\/p>\n<p>&nbsp;<\/p>\n<p>Le plaisir des interminables s\u00e9ances comme celle-ci est de passer all\u00e8grement d\u2019un genre \u00e0 l\u2019autre, d\u2019une ambiance \u00e0 l\u2019autre, d\u2019une ambition \u00e0 l\u2019autre.<\/p>\n<p>&nbsp;<\/p>\n<p><a href=\"http:\/\/www.cinevox.be\/fiff-les-courts\/separation-1\/\" rel=\"attachment wp-att-63599\"><img loading=\"lazy\" decoding=\"async\" class=\"aligncenter size-full wp-image-63599\" src=\"http:\/\/www.cinevox.be\/wp-content\/uploads\/2014\/10\/s\u00e9paration-1.jpg\" alt=\"\" width=\"778\" height=\"511\" srcset=\"https:\/\/w-l-c.be\/wp-content\/uploads\/2014\/10\/s\u00e9paration-1.jpg 778w, https:\/\/w-l-c.be\/wp-content\/uploads\/2014\/10\/s\u00e9paration-1-411x270.jpg 411w\" sizes=\"auto, (max-width: 778px) 100vw, 778px\" \/><\/a><\/p>\n<p>&nbsp;<\/p>\n<p>Toujours dans le premier programme, globalement le meilleur de la journ\u00e9e et d\u2019assez loin (mais aussi h\u00e9las, le moins suivi), <em>La S\u00e9paration<\/em> de <strong>Michael Bier<\/strong> amuse et \u00e9meut. Connu pour ses talents de d\u00e9couvreur avec ADK Kasting, Michael prouve ici encore, s\u2019il en \u00e9tait besoin, qu\u2019il est \u00e9galement un vrai metteur en sc\u00e8ne qui ma\u00eetrise \u00e0 la fois la direction d\u2019acteurs bien choisis (tu m\u2019\u00e9tonnes), le rythme, les changements de ton avec une r\u00e9elle plus-value en terme de d\u00e9co.<\/p>\n<p>&nbsp;<\/p>\n<p><a href=\"http:\/\/www.cinevox.be\/fiff-les-courts\/jung\/\" rel=\"attachment wp-att-63600\"><img loading=\"lazy\" decoding=\"async\" class=\"aligncenter size-large wp-image-63600\" src=\"http:\/\/www.cinevox.be\/wp-content\/uploads\/2014\/10\/jung-800x503.jpg\" alt=\"\" width=\"640\" height=\"402\" srcset=\"https:\/\/w-l-c.be\/wp-content\/uploads\/2014\/10\/jung-800x503.jpg 800w, https:\/\/w-l-c.be\/wp-content\/uploads\/2014\/10\/jung-428x270.jpg 428w, https:\/\/w-l-c.be\/wp-content\/uploads\/2014\/10\/jung.jpg 1048w\" sizes=\"auto, (max-width: 640px) 100vw, 640px\" \/><\/a><\/p>\n<p>&nbsp;<\/p>\n<p>Une des autres surprises marquantes de la journ\u00e9e, plus inattendue, parce qu&rsquo;on ne l&rsquo;avait pas vue venir, est <em>Jung Forever,\u00a0<\/em>\u00e9crit, r\u00e9alis\u00e9 et interpr\u00e9t\u00e9 par <strong>Jean-S\u00e9bastien Lopez,<\/strong> un nom \u00e0 retenir d\u00e9j\u00e0, car il est inconcevable de ne pas en entendre reparler tr\u00e8s vite pour de nouvelles aventures.<\/p>\n<p>Com\u00e9dien tr\u00e8s attachant, il incarne ici un psychanalyste dont le tatouage dorsal r\u00e9v\u00e8le les influences\u00a0: <em>Fuck Freud, Jung forever.<\/em> Voil\u00e0 qui est clairement dit.<\/p>\n<p>Fra\u00eechement divorc\u00e9, il v\u00e9g\u00e8te dans un appartement qu\u2019il tarde \u00e0 am\u00e9nager et, surtout, il a cess\u00e9 de pratiquer. Mais un jour, alors qu\u2019il rentre chez lui, il trouve une de ses anciennes patientes qui va s\u2019incruster dans son nouvel univers.<\/p>\n<p>La situation est cocasse, captivante et \u00e9mouvante (tr\u00e8s), d\u2019autant que la demoiselle aux cheveux roses est incarn\u00e9e par une <strong>Lucie Debay<\/strong> totalement hallucinante qui avec ce court et <em>Melody<\/em> (une des attractions du FIFF 2014) s\u2019inscrit d\u00e9sormais comme une des actrices totalement incontournables de notre cin\u00e9ma. Une constatation qui fait doucement sourire ses copines com\u00e9diennes de th\u00e9\u00e2tre, convaincues depuis longtemps qu&rsquo;elle est exceptionnelle.<\/p>\n<p>&nbsp;<\/p>\n<p><a href=\"http:\/\/www.cinevox.be\/fiff-les-courts\/rage\/\" rel=\"attachment wp-att-63601\"><img loading=\"lazy\" decoding=\"async\" class=\"aligncenter size-large wp-image-63601\" src=\"http:\/\/www.cinevox.be\/wp-content\/uploads\/2014\/10\/rage-800x441.jpg\" alt=\"\" width=\"640\" height=\"352\" srcset=\"https:\/\/w-l-c.be\/wp-content\/uploads\/2014\/10\/rage-800x441.jpg 800w, https:\/\/w-l-c.be\/wp-content\/uploads\/2014\/10\/rage-480x264.jpg 480w, https:\/\/w-l-c.be\/wp-content\/uploads\/2014\/10\/rage.jpg 945w\" sizes=\"auto, (max-width: 640px) 100vw, 640px\" \/><\/a><\/p>\n<p>&nbsp;<\/p>\n<p>S\u2019il \u00e9tait ici question de prix d\u2019interpr\u00e9tation, on lui accorderait sans aucun doute, en n\u2019oubliant pas de d\u00e9livrer une mention sp\u00e9ciale \u00e0 <strong>Mathilde Rault,<\/strong>\u00a0intense dans <em>Sophie <\/em>de C\u00e9dric Bourgeois, une version trash de <em>Rosetta<\/em> qui montre que rien ne change (ou alors en pire), et \u00e0 <strong>Louise Marteau<\/strong>\u00a0(photo) d\u00e9couverte dans <em>De La Rage,<\/em> un court tr\u00e8s f\u00e9ministe de Margot Fruitier. Son jeu nous a vraiment touch\u00e9s (et on ne parle pas que de la sc\u00e8ne finale m\u00e9morable).<\/p>\n<p>&nbsp;<\/p>\n<p><a href=\"http:\/\/www.cinevox.be\/fiff-les-courts\/babysitting-story-4\/\" rel=\"attachment wp-att-63602\"><img loading=\"lazy\" decoding=\"async\" class=\"alignright size-large wp-image-63602\" src=\"http:\/\/www.cinevox.be\/wp-content\/uploads\/2014\/10\/babysitting-story-424x600.png\" alt=\"\" width=\"424\" height=\"600\" srcset=\"https:\/\/w-l-c.be\/wp-content\/uploads\/2014\/10\/babysitting-story-424x600.png 424w, https:\/\/w-l-c.be\/wp-content\/uploads\/2014\/10\/babysitting-story-191x270.png 191w, https:\/\/w-l-c.be\/wp-content\/uploads\/2014\/10\/babysitting-story.png 764w\" sizes=\"auto, (max-width: 424px) 100vw, 424px\" \/><\/a>Pendant des ann\u00e9es, le film de genre n\u2019a pas vraiment eu voix au chapitre en Belgique, pourtant patrie de Jean Ray, un des ma\u00eetres de la litt\u00e9rature fantastique.<\/p>\n<p>Mais tout \u00e9volue vite: <em>Au nom du fils<\/em> et <em>All\u00e9luia<\/em> ont rapport\u00e9 au pays les deux derniers M\u00e9li\u00e8s d&rsquo;or couronnant les meilleurs films fantastiques europ\u00e9ens. Dingue !<\/p>\n<p>&nbsp;<\/p>\n<p>Avec <em>Babysitting Story,<\/em> <strong>Vincent Smitz<\/strong> a d\u00e9cid\u00e9 de donner un autre coup de pied dans la fourmili\u00e8re. Et il ne s\u2019arr\u00eatera pas l\u00e0.<\/p>\n<p>D\u00e9j\u00e0 r\u00e9compens\u00e9 \u00e0 quelques occasions depuis sa s\u00e9lection au BIFFF, cette petite perle enchasse deux dimensions : une soir\u00e9e de\u2026 babysitting et une horrible histoire (vraie bien s\u00fbr, elles le sont toutes). Deux dimensions qui se superposeront peut-\u00eatre.<br \/>\nHommage aux ma\u00eetres, le court de Vincent a \u00e9t\u00e9 amput\u00e9 d\u2019un plan depuis sa premi\u00e8re pr\u00e9sentation. Et pour ceux qui haussent les \u00e9paules en s\u2019interrogeant sur la pertinence de ce d\u00e9tail, disons que cette ablation change beaucoup de choses et renforce encore l\u2019impact du film.<\/p>\n<p>Avec son excellent casting (Sophie Breyer, Pauline Brisy, Julie Dacquin, Pierre Nisse) et un sens de l\u2019image \u00e9vident, Vincent va bien au-del\u00e0 de l\u2019hommage servile et r\u00e9v\u00e8le une personnalit\u00e9 \u00e0 suivre de pr\u00e8s. Comme il est soutenu par une vraie maison de production (Artemis) qui suit ses auteurs pas \u00e0 pas, on ne se fait pas trop de soucis pour sa future carri\u00e8re.<\/p>\n<p>&nbsp;<\/p>\n<p><a href=\"http:\/\/www.cinevox.be\/fiff-les-courts\/corps-etrangers-4\/\" rel=\"attachment wp-att-63604\"><img loading=\"lazy\" decoding=\"async\" class=\"aligncenter size-full wp-image-63604\" src=\"http:\/\/www.cinevox.be\/wp-content\/uploads\/2014\/10\/corps-\u00e9trangers.jpg\" alt=\"\" width=\"624\" height=\"351\" srcset=\"https:\/\/w-l-c.be\/wp-content\/uploads\/2014\/10\/corps-\u00e9trangers.jpg 624w, https:\/\/w-l-c.be\/wp-content\/uploads\/2014\/10\/corps-\u00e9trangers-200x113.jpg 200w, https:\/\/w-l-c.be\/wp-content\/uploads\/2014\/10\/corps-\u00e9trangers-480x270.jpg 480w, https:\/\/w-l-c.be\/wp-content\/uploads\/2014\/10\/corps-\u00e9trangers-300x169.jpg 300w, https:\/\/w-l-c.be\/wp-content\/uploads\/2014\/10\/corps-\u00e9trangers-620x350.jpg 620w\" sizes=\"auto, (max-width: 624px) 100vw, 624px\" \/><\/a><\/p>\n<p>&nbsp;<\/p>\n<p>Parmi les autres courts m\u00e9trages d\u00e9j\u00e0 r\u00e9put\u00e9s qu&rsquo;on retrouvait au FIFF, on retiendra naturellement\u00a0<em>Corps \u00e9trangers <\/em>de <strong>Laura Wandel<\/strong> qui fut, rappelez-vous, rep\u00e9r\u00e9 en s\u00e9lection officielle cannoise et projet\u00e9 dans la foul\u00e9e lors de toutes les soir\u00e9es de <em>La nuit du Palmar\u00e8s<\/em> auxquelles Cinevox \u00e9tait associ\u00e9.<\/p>\n<p>Ce court, assez radical dans sa forme, est une r\u00e9flexion sur le regard \u00e0 travers les d\u00e9boires d&rsquo;un photographe de guerre amput\u00e9 d&rsquo;une jambe qui tente de se r\u00e9\u00e9duquer avec l&rsquo;aide d&rsquo;un kin\u00e9 tr\u00e8s patient. Sans doute un des films les plus intransigeants de la liste namuroise, qui r\u00e9v\u00e8le une jeune cin\u00e9aste dont on n&rsquo;a pas fini d&rsquo;entendre causer dans les c\u00e9nacles cin\u00e9philes.<\/p>\n<p>&nbsp;<\/p>\n<p><a href=\"http:\/\/www.cinevox.be\/fiff-les-courts\/solo-rex-2-2\/\" rel=\"attachment wp-att-63605\"><img loading=\"lazy\" decoding=\"async\" class=\"aligncenter size-large wp-image-63605\" src=\"http:\/\/www.cinevox.be\/wp-content\/uploads\/2014\/10\/solo-rex-2-800x334.jpg\" alt=\"\" width=\"640\" height=\"267\" srcset=\"https:\/\/w-l-c.be\/wp-content\/uploads\/2014\/10\/solo-rex-2-800x334.jpg 800w, https:\/\/w-l-c.be\/wp-content\/uploads\/2014\/10\/solo-rex-2-480x200.jpg 480w, https:\/\/w-l-c.be\/wp-content\/uploads\/2014\/10\/solo-rex-2.jpg 996w\" sizes=\"auto, (max-width: 640px) 100vw, 640px\" \/><\/a><\/p>\n<p>&nbsp;<\/p>\n<p>Sur un mode tr\u00e8s diff\u00e9rent, <em>Solo Rex<\/em> de <strong>Fran\u00e7ois Bierry<\/strong>, produit par Helicotronc est un des gros succ\u00e8s de l&rsquo;ann\u00e9e. \u00c0 tel point que la chemin\u00e9e du r\u00e9alisateur (ou celle de Julie Esparbes et d&rsquo;Anthony Rey, ses prods) doit \u00eatre aujourd&rsquo;hui couverte de troph\u00e9es.<\/p>\n<p>&nbsp;<\/p>\n<p>Avec <em>La B\u00fbche de No\u00ebl<\/em>, <em>Solo Rex<\/em> est peut-\u00eatre le plus \u00ab\u00a0belgo-belge\u00a0\u00bb des courts pr\u00e9sent\u00e9s au FIFF. La rencontre d&rsquo;Erik, b\u00fbcheron solitaire, port\u00e9 sur le rhum,\u00a0toujours flanqu\u00e9 de sa jument et de Kevin, jeune conducteur de la fanfare cycliste du village, secr\u00e8tement amoureux de la clarinettiste de l&rsquo;ensemble, \u00e9voque diablement <em>Le Signaleur<\/em> de Benoit Mariage avec Benoit Poelvoorde et Olivier Gourmet. une r\u00e9f\u00e9rence historique marquante.<\/p>\n<p>Le r\u00e9al y ajoute\u00a0un zeste de surr\u00e9alisme flamand (Wim Willaert, imp\u00e9rial comme d&rsquo;habitude) et une r\u00e9f\u00e9rence frappante \u00e0 <em>Heureux qui comme Ulysse<\/em> (avec Fernandel). Po\u00e9tique, d\u00e9sopilant, saugrenu, <em>Solo Rex<\/em> est une de ces r\u00e9ussites miraculeuses qui marquent les esprits pour longtemps.<\/p>\n<p>&nbsp;<\/p>\n<p><a href=\"http:\/\/www.cinevox.be\/fiff-les-courts\/espagnol\/\" rel=\"attachment wp-att-63606\"><img loading=\"lazy\" decoding=\"async\" class=\"aligncenter size-large wp-image-63606\" src=\"http:\/\/www.cinevox.be\/wp-content\/uploads\/2014\/10\/espagnol-800x446.jpg\" alt=\"\" width=\"640\" height=\"356\" srcset=\"https:\/\/w-l-c.be\/wp-content\/uploads\/2014\/10\/espagnol-800x446.jpg 800w, https:\/\/w-l-c.be\/wp-content\/uploads\/2014\/10\/espagnol-480x267.jpg 480w, https:\/\/w-l-c.be\/wp-content\/uploads\/2014\/10\/espagnol.jpg 1217w\" sizes=\"auto, (max-width: 640px) 100vw, 640px\" \/><\/a><\/p>\n<p>&nbsp;<\/p>\n<p>Un programme de courts sans films d\u2019\u00e9cole ne serait pas vraiment complet. L\u2019an dernier, c\u2019est d\u2019ailleurs un\u00a0travail de fin d\u2019\u00e9tudes \u00e0 l\u2019IAD qui a mis tout le monde d\u2019accord.\u00a0Depuis lors,<em> Welkom\u00a0<\/em>a entass\u00e9 les r\u00e9compenses. Ce week-end, il a encore d\u00e9croch\u00e9\u00a0le Grand Prix et le Prix du Jury jeune au Festival International du Court m\u00e9trage de Lille. Juste un exemple parmi des dizaines d&rsquo;autres.<\/p>\n<p>Parmi les travaux ressortant \u00e0 cette cat\u00e9gorie, on \u00e9pinglera cette fois <em>Espagnol niveau 1<\/em>, de <strong>Guy Dessent<\/strong> qui marche un peu sur les traces du laur\u00e9at de l&rsquo;an dernier\u00a0alors que son r\u00e9alisateur avoue n&rsquo;avoir toujours pas vu le film de Pablo Munoz Gomez.<br \/>\nOn y retrouve un humour d\u00e9cal\u00e9, limite absurde, des situations cocasses et des personnages fort attachants. On a vu des \u0153uvres formellement plus abouties par ailleurs, mais celle-ci \u00e9vite gentiment le pi\u00e8ge \u00ab\u00a0du film d\u2019\u00e9cole\u00a0\u00bb et r\u00e9v\u00e8le un artiste qui fait fi des figures impos\u00e9es. C\u2019est d\u00e9j\u00e0 beaucoup.<\/p>\n<p>&nbsp;<\/p>\n<p><a href=\"http:\/\/www.cinevox.be\/fiff-les-courts\/etre\/\" rel=\"attachment wp-att-63607\"><img loading=\"lazy\" decoding=\"async\" class=\"aligncenter size-full wp-image-63607\" src=\"http:\/\/www.cinevox.be\/wp-content\/uploads\/2014\/10\/\u00eatre.png\" alt=\"\" width=\"788\" height=\"500\" srcset=\"https:\/\/w-l-c.be\/wp-content\/uploads\/2014\/10\/\u00eatre.png 788w, https:\/\/w-l-c.be\/wp-content\/uploads\/2014\/10\/\u00eatre-425x270.png 425w\" sizes=\"auto, (max-width: 788px) 100vw, 788px\" \/><\/a><\/p>\n<p>&nbsp;<\/p>\n<p>Le documentaire a \u00e9galement sa place dans la comp\u00e9tition des courts. On en a d\u00e9couvert\u00a0un tr\u00e8s esth\u00e9tique (<em>Yaar<\/em>), un autre plus arty et bien d\u00e9rangeant (<em>Libre maintenant<\/em>), on a m\u00eame vu un faux docu \u00a0d\u00e9routant qui nous pousse \u00e0\u00a0nous interroger sur le sens et la v\u00e9rit\u00e9 de l\u2019image (<em>La part de l\u2019ombre<\/em> d\u2019Olivier Smolders).<\/p>\n<p>Mais si on ne doit en retenir qu\u2019un, nous prendrons le plus atypique de tous : <em>L\u2019\u00catre venu d\u2019ailleurs<\/em> de <strong>Renaud<\/strong> <strong>de Putter<\/strong> et <strong>Guy Bordin.<\/strong><\/p>\n<p>Un plan fixe en noir et blanc, une seule intervenante et un t\u00e9moignages gentiment hallucinant, celui d\u2019une prostitu\u00e9e de 56 ans (elle en parait\u00a070) qui aime son m\u00e9tier et le raconte avec beaucoup de franchise et moult d\u00e9tails biens croustillants. Un grand moment de sinc\u00e9rit\u00e9 d\u00e9complex\u00e9e salu\u00e9 par les \u00e9clats de rires incessants d\u2019une salle bond\u00e9e et \u00e0 l\u2019unisson. D\u00e9cal\u00e9, incongru, minimaliste, mais formidable.<\/p>\n<p>&nbsp;<\/p>\n<p><a href=\"http:\/\/www.cinevox.be\/fiff-les-courts\/15251923879_87564b6cbe_o\/\" rel=\"attachment wp-att-63608\"><img loading=\"lazy\" decoding=\"async\" class=\"aligncenter size-large wp-image-63608\" src=\"http:\/\/www.cinevox.be\/wp-content\/uploads\/2014\/10\/15251923879_87564b6cbe_o-800x533.jpg\" alt=\"\" width=\"640\" height=\"426\" srcset=\"https:\/\/w-l-c.be\/wp-content\/uploads\/2014\/10\/15251923879_87564b6cbe_o-800x533.jpg 800w, https:\/\/w-l-c.be\/wp-content\/uploads\/2014\/10\/15251923879_87564b6cbe_o-405x270.jpg 405w\" sizes=\"auto, (max-width: 640px) 100vw, 640px\" \/><\/a><\/p>\n<p>&nbsp;<\/p>\n<p>Cette confession nous renvoie \u00e0 deux autres films qui \u00e9voquent la vieillesse avec tendresse.\u00a0<em>Chazam!<\/em> de <strong>Jean-Fran\u00e7ois Metz<\/strong>\u00a0conte la rencontre de deux solitudes : une dame \u00e2g\u00e9e originale que les gosses du coin prennent pour une vilaine sorci\u00e8re (Janine Godinas &#8211; en photo avec son r\u00e9al) et un gros gamin rejet\u00e9 par ses pairs. Et\u00a0<em>Albertine<\/em> d\u2019<strong>Alexis Van Stratum <\/strong>avec une d\u00e9sopilante <strong>Jacqueline Staub<\/strong> qui nous a quitt\u00e9s cet \u00e9t\u00e9 et l&rsquo;attachant <strong>Bernard Jousset.<\/strong> Une soir\u00e9e dr\u00f4le et tendre, po\u00e9tiquement mise en images par <strong>Vincent Van Gelder,<\/strong>\u00a0un de nos meilleurs chefs op (<em>Au nom du fils, Les \u00c2mes de papier&#8230;<\/em>)<\/p>\n<p>&nbsp;<\/p>\n<p><a href=\"http:\/\/www.cinevox.be\/fiff-les-courts\/dancing-5\/\" rel=\"attachment wp-att-63609\"><img loading=\"lazy\" decoding=\"async\" class=\"aligncenter size-full wp-image-63609\" src=\"http:\/\/www.cinevox.be\/wp-content\/uploads\/2014\/10\/dancing-5.jpg\" alt=\"\" width=\"723\" height=\"480\" srcset=\"https:\/\/w-l-c.be\/wp-content\/uploads\/2014\/10\/dancing-5.jpg 723w, https:\/\/w-l-c.be\/wp-content\/uploads\/2014\/10\/dancing-5-406x270.jpg 406w\" sizes=\"auto, (max-width: 723px) 100vw, 723px\" \/><\/a><\/p>\n<p>&nbsp;<\/p>\n<p>On terminera ce long tour d\u2019horizon par le dernier court de la journ\u00e9e :\u00a0<em>The Dancing<\/em> d\u2019<strong>Edith Depaule <\/strong>entamait sa carri\u00e8re sur les \u00e9crans \u00e0 Namur.<br \/>\nEn partie financ\u00e9 par le crowdfunding, ce d\u00e9lire onirique nous\u00a0transporte\u00a0dans un dancing vintage o\u00f9 quelques dames d\u00e9s\u0153uvr\u00e9es scrutent le moment o\u00f9 d\u00e9barqueront leurs princes charmants. Mais l\u2019attente s\u2019\u00e9ternise&#8230;. Entre fantasmes, soupirs, chor\u00e9graphies originales sur une musique d\u00e9cal\u00e9e et d\u00e9licieux humour perfide, <em>The Dancing<\/em> explose les r\u00e9tines et \u00e9pate par sa ma\u00eetrise globale du format et du cadre.<\/p>\n<p>Une perle qui pourrait se retrouver au palmar\u00e8s. On serait m\u00eame assez surpris du contraire.<\/p>\n<p>&nbsp;<\/p>\n<p>&nbsp;<\/p>\n<p><a href=\"http:\/\/www.cinevox.be\/fiff-les-courts\/manue-lroland\/\" rel=\"attachment wp-att-63610\"><img loading=\"lazy\" decoding=\"async\" class=\"alignleft size-full wp-image-63610\" src=\"http:\/\/www.cinevox.be\/wp-content\/uploads\/2014\/10\/manue-lroland.jpg\" alt=\"\" width=\"430\" height=\"467\" srcset=\"https:\/\/w-l-c.be\/wp-content\/uploads\/2014\/10\/manue-lroland.jpg 430w, https:\/\/w-l-c.be\/wp-content\/uploads\/2014\/10\/manue-lroland-248x270.jpg 248w\" sizes=\"auto, (max-width: 430px) 100vw, 430px\" \/><\/a><\/p>\n<p>Voir autant de courts \u00e0 la suite, c\u2019est \u00e9tablir des parall\u00e8les et des correspondances, s\u2019amuser \u00e0 dresser\u00a0des comparaisons et \u00e0 jouer au petit quizz des r\u00e9f\u00e9rences (oui, les fr\u00e8res Dardenne restent une influence majeure pour les jeunes r\u00e9alisateurs belges).<\/p>\n<p>C\u2019est aussi \u00e9pingler des noms dans les g\u00e9n\u00e9riques.<\/p>\n<p>Celui qui a particuli\u00e8rement capt\u00e9 notre attention est <strong>Manuel Roland.<\/strong><\/p>\n<p>Pas un r\u00e9al, pas un chef op, pas un acteur, mais un musicien et compositeur qu\u2019on retrouve par ailleurs dans le premier long m\u00e9trage de Vania Leturcq, <em>L\u2019Ann\u00e9e prochaine<\/em> (nous en reparlerons).<\/p>\n<p>Responsable de quelques\u00a0compositions formidables dans des styles tr\u00e8s divers, mais toujours incroyablement adapt\u00e9s \u00e0 l\u2019univers des films qu\u2019elles illustrent, <strong>Manuel Roland<\/strong> est de toute \u00e9vidence un talent \u00e9norme; un stakhanoviste des partitions touch\u00e9 par la gr\u00e2ce<\/p>\n<p>\u00c0 suivre !<\/p>\n","protected":false},"excerpt":{"rendered":"<p>La journ\u00e9e consacr\u00e9e durant le FIFF aux courts m\u00e9trages belges est une des plus passionnantes de la semaine namuroise (le programme est dispo ici). En se focalisant \u00e0 100% sur ces cinq modules\u00a0on peut en effet visionner l\u2019essentiel du meilleur de la cr\u00e8me du best of de la production nationale r\u00e9cente. L\u2019occasion de d\u00e9couvrir de &hellip;<\/p>\n","protected":false},"author":7,"featured_media":63613,"comment_status":"closed","ping_status":"closed","sticky":false,"template":"","format":"standard","meta":{"ngg_post_thumbnail":0,"footnotes":""},"categories":[12],"tags":[],"class_list":["post-63593","post","type-post","status-publish","format-standard","has-post-thumbnail","","category-awards"],"yoast_head":"<!-- This site is optimized with the Yoast SEO plugin v20.4 - https:\/\/yoast.com\/wordpress\/plugins\/seo\/ -->\n<title>FIFF les courts\u00a0! - w-l-c<\/title>\n<meta name=\"robots\" content=\"noindex, follow, max-snippet:-1, max-image-preview:large, max-video-preview:-1\" \/>\n<meta property=\"og:locale\" content=\"fr_FR\" \/>\n<meta property=\"og:type\" content=\"article\" \/>\n<meta property=\"og:title\" content=\"FIFF les courts\u00a0! - w-l-c\" \/>\n<meta property=\"og:description\" content=\"La journ\u00e9e consacr\u00e9e durant le FIFF aux courts m\u00e9trages belges est une des plus passionnantes de la semaine namuroise (le programme est dispo ici). En se focalisant \u00e0 100% sur ces cinq modules\u00a0on peut en effet visionner l\u2019essentiel du meilleur de la cr\u00e8me du best of de la production nationale r\u00e9cente. L\u2019occasion de d\u00e9couvrir de &hellip;\" \/>\n<meta property=\"og:url\" content=\"https:\/\/w-l-c.be\/fr\/fiff-les-courts\/\" \/>\n<meta property=\"og:site_name\" content=\"w-l-c\" \/>\n<meta property=\"article:published_time\" content=\"2014-10-07T09:44:04+00:00\" \/>\n<meta property=\"article:modified_time\" content=\"2014-10-08T13:40:23+00:00\" \/>\n<meta property=\"og:image\" content=\"https:\/\/w-l-c.be\/wp-content\/uploads\/2010\/10\/2014-10-06_21h11_15.jpg\" \/>\n\t<meta property=\"og:image:width\" content=\"1056\" \/>\n\t<meta property=\"og:image:height\" content=\"638\" \/>\n\t<meta property=\"og:image:type\" content=\"image\/jpeg\" \/>\n<meta name=\"author\" content=\"Philippe.Pierquin\" \/>\n<meta name=\"twitter:card\" content=\"summary_large_image\" \/>\n<meta name=\"twitter:label1\" content=\"\u00c9crit par\" \/>\n\t<meta name=\"twitter:data1\" content=\"Philippe.Pierquin\" \/>\n\t<meta name=\"twitter:label2\" content=\"Dur\u00e9e de lecture estim\u00e9e\" \/>\n\t<meta name=\"twitter:data2\" content=\"11 minutes\" \/>\n<script type=\"application\/ld+json\" class=\"yoast-schema-graph\">{\"@context\":\"https:\/\/schema.org\",\"@graph\":[{\"@type\":\"WebPage\",\"@id\":\"https:\/\/w-l-c.be\/fr\/fiff-les-courts\/\",\"url\":\"https:\/\/w-l-c.be\/fr\/fiff-les-courts\/\",\"name\":\"FIFF les courts\u00a0! - w-l-c\",\"isPartOf\":{\"@id\":\"https:\/\/w-l-c.be\/fr\/#website\"},\"datePublished\":\"2014-10-07T09:44:04+00:00\",\"dateModified\":\"2014-10-08T13:40:23+00:00\",\"author\":{\"@id\":\"https:\/\/w-l-c.be\/fr\/#\/schema\/person\/4b9b1d857f0943453a38a7c2859ef756\"},\"breadcrumb\":{\"@id\":\"https:\/\/w-l-c.be\/fr\/fiff-les-courts\/#breadcrumb\"},\"inLanguage\":\"fr-FR\",\"potentialAction\":[{\"@type\":\"ReadAction\",\"target\":[\"https:\/\/w-l-c.be\/fr\/fiff-les-courts\/\"]}]},{\"@type\":\"BreadcrumbList\",\"@id\":\"https:\/\/w-l-c.be\/fr\/fiff-les-courts\/#breadcrumb\",\"itemListElement\":[{\"@type\":\"ListItem\",\"position\":1,\"name\":\"Accueil\",\"item\":\"https:\/\/w-l-c.be\/fr\/\"},{\"@type\":\"ListItem\",\"position\":2,\"name\":\"FIFF les courts\u00a0!\"}]},{\"@type\":\"WebSite\",\"@id\":\"https:\/\/w-l-c.be\/fr\/#website\",\"url\":\"https:\/\/w-l-c.be\/fr\/\",\"name\":\"w-l-c\",\"description\":\"Le cin\u00e9ma vu par les belges\",\"potentialAction\":[{\"@type\":\"SearchAction\",\"target\":{\"@type\":\"EntryPoint\",\"urlTemplate\":\"https:\/\/w-l-c.be\/fr\/?s={search_term_string}\"},\"query-input\":\"required name=search_term_string\"}],\"inLanguage\":\"fr-FR\"},{\"@type\":\"Person\",\"@id\":\"https:\/\/w-l-c.be\/fr\/#\/schema\/person\/4b9b1d857f0943453a38a7c2859ef756\",\"name\":\"Philippe.Pierquin\",\"url\":\"https:\/\/w-l-c.be\/fr\/author\/philippe-pierquin\/\"}]}<\/script>\n<!-- \/ Yoast SEO plugin. -->","yoast_head_json":{"title":"FIFF les courts\u00a0! - w-l-c","robots":{"index":"noindex","follow":"follow","max-snippet":"max-snippet:-1","max-image-preview":"max-image-preview:large","max-video-preview":"max-video-preview:-1"},"og_locale":"fr_FR","og_type":"article","og_title":"FIFF les courts\u00a0! - w-l-c","og_description":"La journ\u00e9e consacr\u00e9e durant le FIFF aux courts m\u00e9trages belges est une des plus passionnantes de la semaine namuroise (le programme est dispo ici). En se focalisant \u00e0 100% sur ces cinq modules\u00a0on peut en effet visionner l\u2019essentiel du meilleur de la cr\u00e8me du best of de la production nationale r\u00e9cente. L\u2019occasion de d\u00e9couvrir de &hellip;","og_url":"https:\/\/w-l-c.be\/fr\/fiff-les-courts\/","og_site_name":"w-l-c","article_published_time":"2014-10-07T09:44:04+00:00","article_modified_time":"2014-10-08T13:40:23+00:00","og_image":[{"width":1056,"height":638,"url":"https:\/\/w-l-c.be\/wp-content\/uploads\/2010\/10\/2014-10-06_21h11_15.jpg","type":"image\/jpeg"}],"author":"Philippe.Pierquin","twitter_card":"summary_large_image","twitter_misc":{"\u00c9crit par":"Philippe.Pierquin","Dur\u00e9e de lecture estim\u00e9e":"11 minutes"},"schema":{"@context":"https:\/\/schema.org","@graph":[{"@type":"WebPage","@id":"https:\/\/w-l-c.be\/fr\/fiff-les-courts\/","url":"https:\/\/w-l-c.be\/fr\/fiff-les-courts\/","name":"FIFF les courts\u00a0! - w-l-c","isPartOf":{"@id":"https:\/\/w-l-c.be\/fr\/#website"},"datePublished":"2014-10-07T09:44:04+00:00","dateModified":"2014-10-08T13:40:23+00:00","author":{"@id":"https:\/\/w-l-c.be\/fr\/#\/schema\/person\/4b9b1d857f0943453a38a7c2859ef756"},"breadcrumb":{"@id":"https:\/\/w-l-c.be\/fr\/fiff-les-courts\/#breadcrumb"},"inLanguage":"fr-FR","potentialAction":[{"@type":"ReadAction","target":["https:\/\/w-l-c.be\/fr\/fiff-les-courts\/"]}]},{"@type":"BreadcrumbList","@id":"https:\/\/w-l-c.be\/fr\/fiff-les-courts\/#breadcrumb","itemListElement":[{"@type":"ListItem","position":1,"name":"Accueil","item":"https:\/\/w-l-c.be\/fr\/"},{"@type":"ListItem","position":2,"name":"FIFF les courts\u00a0!"}]},{"@type":"WebSite","@id":"https:\/\/w-l-c.be\/fr\/#website","url":"https:\/\/w-l-c.be\/fr\/","name":"w-l-c","description":"Le cin\u00e9ma vu par les belges","potentialAction":[{"@type":"SearchAction","target":{"@type":"EntryPoint","urlTemplate":"https:\/\/w-l-c.be\/fr\/?s={search_term_string}"},"query-input":"required name=search_term_string"}],"inLanguage":"fr-FR"},{"@type":"Person","@id":"https:\/\/w-l-c.be\/fr\/#\/schema\/person\/4b9b1d857f0943453a38a7c2859ef756","name":"Philippe.Pierquin","url":"https:\/\/w-l-c.be\/fr\/author\/philippe-pierquin\/"}]}},"_links":{"self":[{"href":"https:\/\/w-l-c.be\/fr\/wp-json\/wp\/v2\/posts\/63593","targetHints":{"allow":["GET"]}}],"collection":[{"href":"https:\/\/w-l-c.be\/fr\/wp-json\/wp\/v2\/posts"}],"about":[{"href":"https:\/\/w-l-c.be\/fr\/wp-json\/wp\/v2\/types\/post"}],"author":[{"embeddable":true,"href":"https:\/\/w-l-c.be\/fr\/wp-json\/wp\/v2\/users\/7"}],"replies":[{"embeddable":true,"href":"https:\/\/w-l-c.be\/fr\/wp-json\/wp\/v2\/comments?post=63593"}],"version-history":[{"count":0,"href":"https:\/\/w-l-c.be\/fr\/wp-json\/wp\/v2\/posts\/63593\/revisions"}],"wp:featuredmedia":[{"embeddable":true,"href":"https:\/\/w-l-c.be\/fr\/wp-json\/wp\/v2\/media\/63613"}],"wp:attachment":[{"href":"https:\/\/w-l-c.be\/fr\/wp-json\/wp\/v2\/media?parent=63593"}],"wp:term":[{"taxonomy":"category","embeddable":true,"href":"https:\/\/w-l-c.be\/fr\/wp-json\/wp\/v2\/categories?post=63593"},{"taxonomy":"post_tag","embeddable":true,"href":"https:\/\/w-l-c.be\/fr\/wp-json\/wp\/v2\/tags?post=63593"}],"curies":[{"name":"wp","href":"https:\/\/api.w.org\/{rel}","templated":true}]}}