
{"id":63824,"date":"2014-10-10T11:54:20","date_gmt":"2014-10-10T09:54:20","guid":{"rendered":"http:\/\/www.cinevox.be\/?p=63824"},"modified":"2014-10-10T11:58:29","modified_gmt":"2014-10-10T09:58:29","slug":"belle-melodie-du-prix-cinevox","status":"publish","type":"post","link":"https:\/\/w-l-c.be\/fr\/belle-melodie-du-prix-cinevox\/","title":{"rendered":"La belle Melody du prix Cinevox"},"content":{"rendered":"<p>Les premi\u00e8res r\u00e9compenses du FIFF sont donc tomb\u00e9es hier soir \u00e0 Namur lors d\u2019une remise off qui s\u2019est d\u00e9roul\u00e9e sous le chapiteau en pr\u00e9sence d\u2019une belle brochette d\u2019invit\u00e9s.<\/p>\n<p>Pour la premi\u00e8re fois cette ann\u00e9e, les troph\u00e9es non attribu\u00e9s par les jurys officiels \u00e9taient r\u00e9unis la veille de la cl\u00f4ture. Belle initiative.<\/p>\n<p>Parmi eux, ce prix qui nous tient particuli\u00e8rement \u00e0 c\u0153ur : le prix Cinevox, d\u00e9cern\u00e9 \u00e0 un long m\u00e9trage belge de fiction retenu dans une des s\u00e9ries comp\u00e9titives de la manifestation.<!--more--><\/p>\n<p>&nbsp;<\/p>\n<p>Huit films \u00e9taient donc sur la ligne de d\u00e9part : <em>Alleluia<\/em> de Fabrice Du Welz, <em>L\u2019Ann\u00e9e prochaine<\/em> de Vania Leturcq, <em>L\u2019\u00c9clat Furtif de l\u2019ombre<\/em> de Patrick Dechesne et Alain-Pascal Housiaux, <em>Le Go\u00fbt des myrtilles<\/em> de Thomas de Thier, Jacques a vu de Xavier Diskeuve, <em>Melody <\/em>de Bernard Bellefroid, <em>Tokyo Fianc\u00e9e<\/em> de Stefan Liberski et 7, Rue de la folie de Jawad Rhalib.<\/p>\n<p>&nbsp;<\/p>\n<p>Soit des \u0153uvres aux profils, aux ambitions et aux budgets tr\u00e8s diff\u00e9rents qui ont provoqu\u00e9 au sein du jury des discussions passionn\u00e9es.<\/p>\n<p>Ce jury \u00e9tait, comme d\u2019habitude, compos\u00e9 de quatre cin\u00e9philes non professionnels : <strong>Madyson Herbrecht<\/strong>, <strong>Mathieu Didembourg<\/strong>, <strong>Chantal Donceel et Jeremy Van Cromphaut <\/strong>avaient \u00e9t\u00e9 choisis par le FIFF sur base d\u2019une lettre de motivation et d\u2019une critique parmi une quarantaine de pr\u00e9tendants.<\/p>\n<p>&nbsp;<\/p>\n<p><a href=\"http:\/\/www.cinevox.be\/belle-melodie-du-prix-cinevox\/15302923709_df5eb8b2aa_o\/\" rel=\"attachment wp-att-63825\"><img loading=\"lazy\" decoding=\"async\" class=\"aligncenter size-large wp-image-63825\" src=\"http:\/\/www.cinevox.be\/wp-content\/uploads\/2014\/10\/15302923709_df5eb8b2aa_o-800x503.jpg\" alt=\"\" width=\"640\" height=\"402\" srcset=\"https:\/\/w-l-c.be\/wp-content\/uploads\/2014\/10\/15302923709_df5eb8b2aa_o-800x503.jpg 800w, https:\/\/w-l-c.be\/wp-content\/uploads\/2014\/10\/15302923709_df5eb8b2aa_o-428x270.jpg 428w\" sizes=\"auto, (max-width: 640px) 100vw, 640px\" \/><\/a><\/p>\n<p style=\"text-align: right;\"><em>Photo FIFF<\/em><\/p>\n<p>Ils \u00e9taient coach\u00e9s par une personnalit\u00e9 des m\u00e9dias belges connaissant parfaitement le cin\u00e9ma belge: <strong>Eric Russon,<\/strong> animateur de l\u2019\u00e9mission 50 degr\u00e9s nord sur Arte\/laDeux (notamment) a ainsi succ\u00e9d\u00e9 avec brio \u00e0 <strong>Christine Pinchart<\/strong> (Vivacit\u00e9) qui avait donn\u00e9 le ton l\u2019an dernier.<\/p>\n<p>&nbsp;<\/p>\n<p>Au bout de discussions quotidiennes et d\u2019un ultime pow-wow organis\u00e9 jeudi en d\u00e9but d\u2019apr\u00e8s-midi, les quatre jur\u00e9s ont donc \u00e9pingl\u00e9 le long m\u00e9trage qui h\u00e9ritera \u00e0 sa sortie d&rsquo;une semaine de promotion gratuite dans les salles et complexes qui s\u2019appr\u00eatent \u00e0 le diffuser.<\/p>\n<p>&nbsp;<\/p>\n<p>Pour sa pertinence, la performance de ses deux actrices et le regard d\u2019un homme sensible sur ses h\u00e9ro\u00efnes, c\u2019est <em>Melody<\/em> de <strong>Bernard Bellefroid<\/strong> qui a finalement \u00e9t\u00e9 choisi.<\/p>\n<p>&nbsp;<\/p>\n<p><a href=\"http:\/\/www.cinevox.be\/belle-melodie-du-prix-cinevox\/2014-07-03_16h46_09-5\/\" rel=\"attachment wp-att-63827\"><img loading=\"lazy\" decoding=\"async\" class=\"aligncenter size-large wp-image-63827\" src=\"http:\/\/www.cinevox.be\/wp-content\/uploads\/2014\/10\/2014-07-03_16h46_09-800x400.jpg\" alt=\"\" width=\"640\" height=\"320\" srcset=\"https:\/\/w-l-c.be\/wp-content\/uploads\/2014\/10\/2014-07-03_16h46_09-800x400.jpg 800w, https:\/\/w-l-c.be\/wp-content\/uploads\/2014\/10\/2014-07-03_16h46_09-480x240.jpg 480w, https:\/\/w-l-c.be\/wp-content\/uploads\/2014\/10\/2014-07-03_16h46_09.jpg 1000w\" sizes=\"auto, (max-width: 640px) 100vw, 640px\" \/><\/a><\/p>\n<p>&nbsp;<\/p>\n<p>Melody est une jeune fille r\u00e9solue \u00e0 se frayer un chemin dans l\u2019existence sans succomber aux diktats. Passionn\u00e9e par son m\u00e9tier, elle veut ouvrir le petit salon de coiffure qui lui permettra d\u2019\u00eatre libre en exer\u00e7ant ses talents. Mais les temps sont durs et elle peine \u00e0 trouver des clients et donc l\u2019argent n\u00e9cessaire pour lancer son affaire.<\/p>\n<p>Pr\u00eate \u00e0 tout, elle d\u00e9cide alors d\u2019offrir son ventre \u00e0 une femme qui d\u00e9sirerait un enfant, mais ne pourrait pas y arriver par elle-m\u00eame. C\u2019est ainsi qu\u2019elle rencontre Emily une riche Anglaise qui r\u00eave de descendance, mais ne dispose en tout et pour tout que d\u2019un seul embryon congel\u00e9 pour y parvenir. Les deux femmes que rien ne rapproche vont devoir apprendre \u00e0 se conna\u00eetre et \u00e0 se faire confiance. Mais la vie ne leur fera aucun cadeau.<\/p>\n<p>&nbsp;<\/p>\n<p>Apr\u00e8s <em>La R\u00e9gate,<\/em> le Namurois <strong>Bernard Bellefroid<\/strong> (aujourd\u2019hui citoyen du Brabant wallon) a pass\u00e9 beaucoup de temps \u00e0 m\u00fbrir, puis \u00e9crire son sujet.<\/p>\n<p>Artemis (<strong>Patrick Quinet<\/strong>) s\u2019est \u00e9galement battu avec beaucoup d\u2019acharnement pour trouver les fonds n\u00e9cessaires \u00e0 sa mise en chantier.<\/p>\n<p>Mais au cin\u00e9ma, seule compte l\u2019issue, le film offert sur les \u00e9crans et apr\u00e8s le double prix d\u2019interpr\u00e9tation d\u00e9cern\u00e9 au festival des films du monde de Montr\u00e9al, le prix Cinevox vient souligner la r\u00e9ussite artistique du projet.<\/p>\n<p>Duo d\u2019actrices \u00e9tonnant, sensibilit\u00e9 \u00e0 fleur de peau, mais n\u00e9anmoins contenue, mise en sc\u00e8ne fluide, le tout au service d\u2019un sujet quasi in\u00e9dit au cin\u00e9ma et totalement d\u2019actuel : il est clair que tous ceux qui ont particip\u00e9 \u00e0 cette aventure peuvent \u00eatre fier du r\u00e9sultat.<\/p>\n<p>&nbsp;<\/p>\n<p>Depuis le Thalys qui le ramenait \u00e0 Bruxelles, Bernard Bellefroid suivait avec nous, si loin, mais si proche, la remise de prix alors que Patrick Quinet avait fait le d\u00e9placement namurois (comme des repr\u00e9sentants de tous les autres films) pour r\u00e9colter ce premier prix. Une r\u00e9compense qui l\u2019a beaucoup touch\u00e9 tant la pr\u00e9paration fut compliqu\u00e9e.<\/p>\n<p>&nbsp;<\/p>\n<p><a href=\"http:\/\/www.cinevox.be\/belle-melodie-du-prix-cinevox\/10687066_767923049933108_5716387962900909498_n\/\" rel=\"attachment wp-att-63826\"><img loading=\"lazy\" decoding=\"async\" class=\"aligncenter size-large wp-image-63826\" src=\"http:\/\/www.cinevox.be\/wp-content\/uploads\/2014\/10\/10687066_767923049933108_5716387962900909498_n-800x450.jpg\" alt=\"\" width=\"640\" height=\"360\" srcset=\"https:\/\/w-l-c.be\/wp-content\/uploads\/2014\/10\/10687066_767923049933108_5716387962900909498_n-800x450.jpg 800w, https:\/\/w-l-c.be\/wp-content\/uploads\/2014\/10\/10687066_767923049933108_5716387962900909498_n-200x113.jpg 200w, https:\/\/w-l-c.be\/wp-content\/uploads\/2014\/10\/10687066_767923049933108_5716387962900909498_n-480x270.jpg 480w, https:\/\/w-l-c.be\/wp-content\/uploads\/2014\/10\/10687066_767923049933108_5716387962900909498_n-300x169.jpg 300w, https:\/\/w-l-c.be\/wp-content\/uploads\/2014\/10\/10687066_767923049933108_5716387962900909498_n-620x350.jpg 620w, https:\/\/w-l-c.be\/wp-content\/uploads\/2014\/10\/10687066_767923049933108_5716387962900909498_n.jpg 960w\" sizes=\"auto, (max-width: 640px) 100vw, 640px\" \/><\/a><\/p>\n<p>&nbsp;<\/p>\n<p>&nbsp;<\/p>\n<p>C\u2019est <strong>Alain De Greef,<\/strong> head of marketing chez BNP Paribas Fortis, m\u00e9c\u00e8ne de Cinevox, mais \u00e9galement premier supporter du FIFF, qui lui a remis le prix tr\u00e8s pragmatique qui permettra au film d\u2019acqu\u00e9rir un peu plus de visibilit\u00e9 au moment de sa sortie en mars prochain.<\/p>\n<p>&nbsp;<\/p>\n<p>La soir\u00e9e s\u2019est ensuite prolong\u00e9e avec un petit buffet offert \u00e0 l\u2019espace Cinevox \u00e0 tous les invit\u00e9s qui ont pu se parler de leurs r\u00e9alisations et de leurs projets. C\u2019est aussi un de nos vifs plaisirs de faire se rencontrer des gens qui ne se voient pas r\u00e9guli\u00e8rement, qui parfois ne se connaissent \u00e0 peine&#8230; ou pas du tout.<br \/>\nEt qui peut-\u00eatre, un jour, nous proposerons ensemble d\u2019autres films bouleversants.<\/p>\n<p><em>\u00a0<\/em><\/p>\n","protected":false},"excerpt":{"rendered":"<p>Les premi\u00e8res r\u00e9compenses du FIFF sont donc tomb\u00e9es hier soir \u00e0 Namur lors d\u2019une remise off qui s\u2019est d\u00e9roul\u00e9e sous le chapiteau en pr\u00e9sence d\u2019une belle brochette d\u2019invit\u00e9s. Pour la premi\u00e8re fois cette ann\u00e9e, les troph\u00e9es non attribu\u00e9s par les jurys officiels \u00e9taient r\u00e9unis la veille de la cl\u00f4ture. Belle initiative. Parmi eux, ce prix &hellip;<\/p>\n","protected":false},"author":7,"featured_media":63829,"comment_status":"closed","ping_status":"closed","sticky":false,"template":"","format":"standard","meta":{"ngg_post_thumbnail":0,"footnotes":""},"categories":[12],"tags":[],"class_list":["post-63824","post","type-post","status-publish","format-standard","has-post-thumbnail","","category-awards"],"yoast_head":"<!-- This site is optimized with the Yoast SEO plugin v20.4 - https:\/\/yoast.com\/wordpress\/plugins\/seo\/ -->\n<title>La belle Melody du prix Cinevox - w-l-c<\/title>\n<meta name=\"robots\" content=\"noindex, follow, max-snippet:-1, max-image-preview:large, max-video-preview:-1\" \/>\n<meta property=\"og:locale\" content=\"fr_FR\" \/>\n<meta property=\"og:type\" content=\"article\" \/>\n<meta property=\"og:title\" content=\"La belle Melody du prix Cinevox - w-l-c\" \/>\n<meta property=\"og:description\" content=\"Les premi\u00e8res r\u00e9compenses du FIFF sont donc tomb\u00e9es hier soir \u00e0 Namur lors d\u2019une remise off qui s\u2019est d\u00e9roul\u00e9e sous le chapiteau en pr\u00e9sence d\u2019une belle brochette d\u2019invit\u00e9s. Pour la premi\u00e8re fois cette ann\u00e9e, les troph\u00e9es non attribu\u00e9s par les jurys officiels \u00e9taient r\u00e9unis la veille de la cl\u00f4ture. Belle initiative. Parmi eux, ce prix &hellip;\" \/>\n<meta property=\"og:url\" content=\"https:\/\/w-l-c.be\/fr\/belle-melodie-du-prix-cinevox\/\" \/>\n<meta property=\"og:site_name\" content=\"w-l-c\" \/>\n<meta property=\"article:published_time\" content=\"2014-10-10T09:54:20+00:00\" \/>\n<meta property=\"article:modified_time\" content=\"2014-10-10T09:58:29+00:00\" \/>\n<meta property=\"og:image\" content=\"https:\/\/w-l-c.be\/wp-content\/uploads\/2014\/10\/10714266_751092214950652_4960846369660680196_o.jpg\" \/>\n\t<meta property=\"og:image:width\" content=\"959\" \/>\n\t<meta property=\"og:image:height\" content=\"640\" \/>\n\t<meta property=\"og:image:type\" content=\"image\/jpeg\" \/>\n<meta name=\"author\" content=\"Philippe.Pierquin\" \/>\n<meta name=\"twitter:card\" content=\"summary_large_image\" \/>\n<meta name=\"twitter:label1\" content=\"\u00c9crit par\" \/>\n\t<meta name=\"twitter:data1\" content=\"Philippe.Pierquin\" \/>\n\t<meta name=\"twitter:label2\" content=\"Dur\u00e9e de lecture estim\u00e9e\" \/>\n\t<meta name=\"twitter:data2\" content=\"4 minutes\" \/>\n<script type=\"application\/ld+json\" class=\"yoast-schema-graph\">{\"@context\":\"https:\/\/schema.org\",\"@graph\":[{\"@type\":\"WebPage\",\"@id\":\"https:\/\/w-l-c.be\/fr\/belle-melodie-du-prix-cinevox\/\",\"url\":\"https:\/\/w-l-c.be\/fr\/belle-melodie-du-prix-cinevox\/\",\"name\":\"La belle Melody du prix Cinevox - w-l-c\",\"isPartOf\":{\"@id\":\"https:\/\/w-l-c.be\/fr\/#website\"},\"datePublished\":\"2014-10-10T09:54:20+00:00\",\"dateModified\":\"2014-10-10T09:58:29+00:00\",\"author\":{\"@id\":\"https:\/\/w-l-c.be\/fr\/#\/schema\/person\/4b9b1d857f0943453a38a7c2859ef756\"},\"breadcrumb\":{\"@id\":\"https:\/\/w-l-c.be\/fr\/belle-melodie-du-prix-cinevox\/#breadcrumb\"},\"inLanguage\":\"fr-FR\",\"potentialAction\":[{\"@type\":\"ReadAction\",\"target\":[\"https:\/\/w-l-c.be\/fr\/belle-melodie-du-prix-cinevox\/\"]}]},{\"@type\":\"BreadcrumbList\",\"@id\":\"https:\/\/w-l-c.be\/fr\/belle-melodie-du-prix-cinevox\/#breadcrumb\",\"itemListElement\":[{\"@type\":\"ListItem\",\"position\":1,\"name\":\"Accueil\",\"item\":\"https:\/\/w-l-c.be\/fr\/\"},{\"@type\":\"ListItem\",\"position\":2,\"name\":\"La belle Melody du prix Cinevox\"}]},{\"@type\":\"WebSite\",\"@id\":\"https:\/\/w-l-c.be\/fr\/#website\",\"url\":\"https:\/\/w-l-c.be\/fr\/\",\"name\":\"w-l-c\",\"description\":\"Le cin\u00e9ma vu par les belges\",\"potentialAction\":[{\"@type\":\"SearchAction\",\"target\":{\"@type\":\"EntryPoint\",\"urlTemplate\":\"https:\/\/w-l-c.be\/fr\/?s={search_term_string}\"},\"query-input\":\"required name=search_term_string\"}],\"inLanguage\":\"fr-FR\"},{\"@type\":\"Person\",\"@id\":\"https:\/\/w-l-c.be\/fr\/#\/schema\/person\/4b9b1d857f0943453a38a7c2859ef756\",\"name\":\"Philippe.Pierquin\",\"url\":\"https:\/\/w-l-c.be\/fr\/author\/philippe-pierquin\/\"}]}<\/script>\n<!-- \/ Yoast SEO plugin. -->","yoast_head_json":{"title":"La belle Melody du prix Cinevox - w-l-c","robots":{"index":"noindex","follow":"follow","max-snippet":"max-snippet:-1","max-image-preview":"max-image-preview:large","max-video-preview":"max-video-preview:-1"},"og_locale":"fr_FR","og_type":"article","og_title":"La belle Melody du prix Cinevox - w-l-c","og_description":"Les premi\u00e8res r\u00e9compenses du FIFF sont donc tomb\u00e9es hier soir \u00e0 Namur lors d\u2019une remise off qui s\u2019est d\u00e9roul\u00e9e sous le chapiteau en pr\u00e9sence d\u2019une belle brochette d\u2019invit\u00e9s. Pour la premi\u00e8re fois cette ann\u00e9e, les troph\u00e9es non attribu\u00e9s par les jurys officiels \u00e9taient r\u00e9unis la veille de la cl\u00f4ture. Belle initiative. Parmi eux, ce prix &hellip;","og_url":"https:\/\/w-l-c.be\/fr\/belle-melodie-du-prix-cinevox\/","og_site_name":"w-l-c","article_published_time":"2014-10-10T09:54:20+00:00","article_modified_time":"2014-10-10T09:58:29+00:00","og_image":[{"width":959,"height":640,"url":"https:\/\/w-l-c.be\/wp-content\/uploads\/2014\/10\/10714266_751092214950652_4960846369660680196_o.jpg","type":"image\/jpeg"}],"author":"Philippe.Pierquin","twitter_card":"summary_large_image","twitter_misc":{"\u00c9crit par":"Philippe.Pierquin","Dur\u00e9e de lecture estim\u00e9e":"4 minutes"},"schema":{"@context":"https:\/\/schema.org","@graph":[{"@type":"WebPage","@id":"https:\/\/w-l-c.be\/fr\/belle-melodie-du-prix-cinevox\/","url":"https:\/\/w-l-c.be\/fr\/belle-melodie-du-prix-cinevox\/","name":"La belle Melody du prix Cinevox - w-l-c","isPartOf":{"@id":"https:\/\/w-l-c.be\/fr\/#website"},"datePublished":"2014-10-10T09:54:20+00:00","dateModified":"2014-10-10T09:58:29+00:00","author":{"@id":"https:\/\/w-l-c.be\/fr\/#\/schema\/person\/4b9b1d857f0943453a38a7c2859ef756"},"breadcrumb":{"@id":"https:\/\/w-l-c.be\/fr\/belle-melodie-du-prix-cinevox\/#breadcrumb"},"inLanguage":"fr-FR","potentialAction":[{"@type":"ReadAction","target":["https:\/\/w-l-c.be\/fr\/belle-melodie-du-prix-cinevox\/"]}]},{"@type":"BreadcrumbList","@id":"https:\/\/w-l-c.be\/fr\/belle-melodie-du-prix-cinevox\/#breadcrumb","itemListElement":[{"@type":"ListItem","position":1,"name":"Accueil","item":"https:\/\/w-l-c.be\/fr\/"},{"@type":"ListItem","position":2,"name":"La belle Melody du prix Cinevox"}]},{"@type":"WebSite","@id":"https:\/\/w-l-c.be\/fr\/#website","url":"https:\/\/w-l-c.be\/fr\/","name":"w-l-c","description":"Le cin\u00e9ma vu par les belges","potentialAction":[{"@type":"SearchAction","target":{"@type":"EntryPoint","urlTemplate":"https:\/\/w-l-c.be\/fr\/?s={search_term_string}"},"query-input":"required name=search_term_string"}],"inLanguage":"fr-FR"},{"@type":"Person","@id":"https:\/\/w-l-c.be\/fr\/#\/schema\/person\/4b9b1d857f0943453a38a7c2859ef756","name":"Philippe.Pierquin","url":"https:\/\/w-l-c.be\/fr\/author\/philippe-pierquin\/"}]}},"_links":{"self":[{"href":"https:\/\/w-l-c.be\/fr\/wp-json\/wp\/v2\/posts\/63824","targetHints":{"allow":["GET"]}}],"collection":[{"href":"https:\/\/w-l-c.be\/fr\/wp-json\/wp\/v2\/posts"}],"about":[{"href":"https:\/\/w-l-c.be\/fr\/wp-json\/wp\/v2\/types\/post"}],"author":[{"embeddable":true,"href":"https:\/\/w-l-c.be\/fr\/wp-json\/wp\/v2\/users\/7"}],"replies":[{"embeddable":true,"href":"https:\/\/w-l-c.be\/fr\/wp-json\/wp\/v2\/comments?post=63824"}],"version-history":[{"count":0,"href":"https:\/\/w-l-c.be\/fr\/wp-json\/wp\/v2\/posts\/63824\/revisions"}],"wp:featuredmedia":[{"embeddable":true,"href":"https:\/\/w-l-c.be\/fr\/wp-json\/wp\/v2\/media\/63829"}],"wp:attachment":[{"href":"https:\/\/w-l-c.be\/fr\/wp-json\/wp\/v2\/media?parent=63824"}],"wp:term":[{"taxonomy":"category","embeddable":true,"href":"https:\/\/w-l-c.be\/fr\/wp-json\/wp\/v2\/categories?post=63824"},{"taxonomy":"post_tag","embeddable":true,"href":"https:\/\/w-l-c.be\/fr\/wp-json\/wp\/v2\/tags?post=63824"}],"curies":[{"name":"wp","href":"https:\/\/api.w.org\/{rel}","templated":true}]}}