
{"id":64610,"date":"2014-10-29T09:54:56","date_gmt":"2014-10-29T08:54:56","guid":{"rendered":"http:\/\/www.cinevox.be\/?p=64610"},"modified":"2014-10-29T19:53:45","modified_gmt":"2014-10-29T18:53:45","slug":"tubingen-2-longs-1-court","status":"publish","type":"post","link":"https:\/\/w-l-c.be\/fr\/tubingen-2-longs-1-court\/","title":{"rendered":"T\u00fcbingen: 3 longs, 1 court"},"content":{"rendered":"<p>La 31\u00e8me \u00e9dition du Franz\u00f6sische Filmtage T\u00fcbingen &#8211; Stuttgart ouvre ses portes aujourd&rsquo;hui. Comme d&rsquo;habitude, la Belgique y est bien repr\u00e9sent\u00e9e.<\/p>\n<p>Deux longs m\u00e9trages et un court seront en comp\u00e9tition. Un autre est programm\u00e9 en s\u00e9ance sp\u00e9ciale.\u00a0<!--more--><\/p>\n<p>&nbsp;<\/p>\n<p>&nbsp;<\/p>\n<p>&nbsp;<\/p>\n<p>&nbsp;<\/p>\n<p>&nbsp;<\/p>\n<p><a href=\"http:\/\/www.cinevox.be\/tubingen-2-longs-1-court\/plakat_2014_a3_rz_pfade-indd\/\" rel=\"attachment wp-att-64613\"><img loading=\"lazy\" decoding=\"async\" class=\"alignright size-full wp-image-64613\" src=\"http:\/\/www.cinevox.be\/wp-content\/uploads\/2014\/10\/face-face.jpg\" alt=\"\" width=\"300\" height=\"423\" srcset=\"https:\/\/w-l-c.be\/wp-content\/uploads\/2014\/10\/face-face.jpg 300w, https:\/\/w-l-c.be\/wp-content\/uploads\/2014\/10\/face-face-191x270.jpg 191w\" sizes=\"auto, (max-width: 300px) 100vw, 300px\" \/><\/a>Apr\u00e8s Karlovy Vary, Gand et avant Thessalonique, <em>Je suis \u00e0 toi<\/em> de David Lambert y sera pr\u00e9sent\u00e9 en comp\u00e9tition internationale.<\/p>\n<p>&nbsp;<\/p>\n<p>Dans la m\u00eame section,<em>\u00a0 <\/em>on retrouvera<em> L&rsquo;\u00e9clat furtif de l&rsquo;ombre<\/em> de Alain-Pascal Housiaux et Patrick Dechesne (photo d&rsquo;accroche) pr\u00e9sent\u00e9 pour la premi\u00e8re fois lors du Festival International de Rotterdam en f\u00e9vrier dernier et vu en octobre au Festival International du film francophone de Namur.<\/p>\n<p>&nbsp;<\/p>\n<p>\u00c0 ces deux longs s\u2019ajoute <em>The Dancing<\/em> d\u2019<strong>Edith Depaule <\/strong>qui concourra dans la comp\u00e9tition internationale des courts m\u00e9trages. Un dancing isol\u00e9. Quelques dames qui attendent leur cavalier. L&rsquo;imagination fait le reste. R\u00e9jouissant !<\/p>\n<p>&nbsp;<\/p>\n<p>Enfin, last but not least puisque nous aimons particuli\u00e8rement ce film, sachez que <em>L&rsquo;Ann\u00e9e Prochaine<\/em> de <strong>Vania Leturcq<\/strong>\u00a0(lire <a href=\"http:\/\/www.cinevox.be\/vania-rappelle-toi\/\" target=\"_blank\">ici<\/a>) est programm\u00e9 en s\u00e9ance sp\u00e9ciale et sera diffus\u00e9 trois fois pendant le festival.<\/p>\n<p>&nbsp;<\/p>\n<p>Cette 31\u00e8me \u00e9dition du Festival du Film Francophone de T\u00fcbingen et Stuttgart se terminera le 5 novembre.<\/p>\n","protected":false},"excerpt":{"rendered":"<p>La 31\u00e8me \u00e9dition du Franz\u00f6sische Filmtage T\u00fcbingen &#8211; Stuttgart ouvre ses portes aujourd&rsquo;hui. Comme d&rsquo;habitude, la Belgique y est bien repr\u00e9sent\u00e9e. Deux longs m\u00e9trages et un court seront en comp\u00e9tition. Un autre est programm\u00e9 en s\u00e9ance sp\u00e9ciale.\u00a0<\/p>\n","protected":false},"author":7,"featured_media":64615,"comment_status":"closed","ping_status":"closed","sticky":false,"template":"","format":"standard","meta":{"ngg_post_thumbnail":0,"footnotes":""},"categories":[12],"tags":[],"class_list":["post-64610","post","type-post","status-publish","format-standard","has-post-thumbnail","","category-awards"],"yoast_head":"<!-- This site is optimized with the Yoast SEO plugin v20.4 - https:\/\/yoast.com\/wordpress\/plugins\/seo\/ -->\n<title>T\u00fcbingen: 3 longs, 1 court - w-l-c<\/title>\n<meta name=\"robots\" content=\"noindex, follow, max-snippet:-1, max-image-preview:large, max-video-preview:-1\" \/>\n<meta property=\"og:locale\" content=\"fr_FR\" \/>\n<meta property=\"og:type\" content=\"article\" \/>\n<meta property=\"og:title\" content=\"T\u00fcbingen: 3 longs, 1 court - w-l-c\" \/>\n<meta property=\"og:description\" content=\"La 31\u00e8me \u00e9dition du Franz\u00f6sische Filmtage T\u00fcbingen &#8211; Stuttgart ouvre ses portes aujourd&rsquo;hui. Comme d&rsquo;habitude, la Belgique y est bien repr\u00e9sent\u00e9e. Deux longs m\u00e9trages et un court seront en comp\u00e9tition. Un autre est programm\u00e9 en s\u00e9ance sp\u00e9ciale.\u00a0\" \/>\n<meta property=\"og:url\" content=\"https:\/\/w-l-c.be\/fr\/tubingen-2-longs-1-court\/\" \/>\n<meta property=\"og:site_name\" content=\"w-l-c\" \/>\n<meta property=\"article:published_time\" content=\"2014-10-29T08:54:56+00:00\" \/>\n<meta property=\"article:modified_time\" content=\"2014-10-29T18:53:45+00:00\" \/>\n<meta property=\"og:image\" content=\"https:\/\/w-l-c.be\/wp-content\/uploads\/2014\/10\/08-Mouettes.jpg\" \/>\n\t<meta property=\"og:image:width\" content=\"897\" \/>\n\t<meta property=\"og:image:height\" content=\"500\" \/>\n\t<meta property=\"og:image:type\" content=\"image\/jpeg\" \/>\n<meta name=\"author\" content=\"Philippe.Pierquin\" \/>\n<meta name=\"twitter:card\" content=\"summary_large_image\" \/>\n<meta name=\"twitter:label1\" content=\"\u00c9crit par\" \/>\n\t<meta name=\"twitter:data1\" content=\"Philippe.Pierquin\" \/>\n\t<meta name=\"twitter:label2\" content=\"Dur\u00e9e de lecture estim\u00e9e\" \/>\n\t<meta name=\"twitter:data2\" content=\"1 minute\" \/>\n<script type=\"application\/ld+json\" class=\"yoast-schema-graph\">{\"@context\":\"https:\/\/schema.org\",\"@graph\":[{\"@type\":\"WebPage\",\"@id\":\"https:\/\/w-l-c.be\/fr\/tubingen-2-longs-1-court\/\",\"url\":\"https:\/\/w-l-c.be\/fr\/tubingen-2-longs-1-court\/\",\"name\":\"T\u00fcbingen: 3 longs, 1 court - w-l-c\",\"isPartOf\":{\"@id\":\"https:\/\/w-l-c.be\/fr\/#website\"},\"datePublished\":\"2014-10-29T08:54:56+00:00\",\"dateModified\":\"2014-10-29T18:53:45+00:00\",\"author\":{\"@id\":\"https:\/\/w-l-c.be\/fr\/#\/schema\/person\/4b9b1d857f0943453a38a7c2859ef756\"},\"breadcrumb\":{\"@id\":\"https:\/\/w-l-c.be\/fr\/tubingen-2-longs-1-court\/#breadcrumb\"},\"inLanguage\":\"fr-FR\",\"potentialAction\":[{\"@type\":\"ReadAction\",\"target\":[\"https:\/\/w-l-c.be\/fr\/tubingen-2-longs-1-court\/\"]}]},{\"@type\":\"BreadcrumbList\",\"@id\":\"https:\/\/w-l-c.be\/fr\/tubingen-2-longs-1-court\/#breadcrumb\",\"itemListElement\":[{\"@type\":\"ListItem\",\"position\":1,\"name\":\"Accueil\",\"item\":\"https:\/\/w-l-c.be\/fr\/\"},{\"@type\":\"ListItem\",\"position\":2,\"name\":\"T\u00fcbingen: 3 longs, 1 court\"}]},{\"@type\":\"WebSite\",\"@id\":\"https:\/\/w-l-c.be\/fr\/#website\",\"url\":\"https:\/\/w-l-c.be\/fr\/\",\"name\":\"w-l-c\",\"description\":\"Le cin\u00e9ma vu par les belges\",\"potentialAction\":[{\"@type\":\"SearchAction\",\"target\":{\"@type\":\"EntryPoint\",\"urlTemplate\":\"https:\/\/w-l-c.be\/fr\/?s={search_term_string}\"},\"query-input\":\"required name=search_term_string\"}],\"inLanguage\":\"fr-FR\"},{\"@type\":\"Person\",\"@id\":\"https:\/\/w-l-c.be\/fr\/#\/schema\/person\/4b9b1d857f0943453a38a7c2859ef756\",\"name\":\"Philippe.Pierquin\",\"url\":\"https:\/\/w-l-c.be\/fr\/author\/philippe-pierquin\/\"}]}<\/script>\n<!-- \/ Yoast SEO plugin. -->","yoast_head_json":{"title":"T\u00fcbingen: 3 longs, 1 court - w-l-c","robots":{"index":"noindex","follow":"follow","max-snippet":"max-snippet:-1","max-image-preview":"max-image-preview:large","max-video-preview":"max-video-preview:-1"},"og_locale":"fr_FR","og_type":"article","og_title":"T\u00fcbingen: 3 longs, 1 court - w-l-c","og_description":"La 31\u00e8me \u00e9dition du Franz\u00f6sische Filmtage T\u00fcbingen &#8211; Stuttgart ouvre ses portes aujourd&rsquo;hui. Comme d&rsquo;habitude, la Belgique y est bien repr\u00e9sent\u00e9e. Deux longs m\u00e9trages et un court seront en comp\u00e9tition. Un autre est programm\u00e9 en s\u00e9ance sp\u00e9ciale.\u00a0","og_url":"https:\/\/w-l-c.be\/fr\/tubingen-2-longs-1-court\/","og_site_name":"w-l-c","article_published_time":"2014-10-29T08:54:56+00:00","article_modified_time":"2014-10-29T18:53:45+00:00","og_image":[{"width":897,"height":500,"url":"https:\/\/w-l-c.be\/wp-content\/uploads\/2014\/10\/08-Mouettes.jpg","type":"image\/jpeg"}],"author":"Philippe.Pierquin","twitter_card":"summary_large_image","twitter_misc":{"\u00c9crit par":"Philippe.Pierquin","Dur\u00e9e de lecture estim\u00e9e":"1 minute"},"schema":{"@context":"https:\/\/schema.org","@graph":[{"@type":"WebPage","@id":"https:\/\/w-l-c.be\/fr\/tubingen-2-longs-1-court\/","url":"https:\/\/w-l-c.be\/fr\/tubingen-2-longs-1-court\/","name":"T\u00fcbingen: 3 longs, 1 court - w-l-c","isPartOf":{"@id":"https:\/\/w-l-c.be\/fr\/#website"},"datePublished":"2014-10-29T08:54:56+00:00","dateModified":"2014-10-29T18:53:45+00:00","author":{"@id":"https:\/\/w-l-c.be\/fr\/#\/schema\/person\/4b9b1d857f0943453a38a7c2859ef756"},"breadcrumb":{"@id":"https:\/\/w-l-c.be\/fr\/tubingen-2-longs-1-court\/#breadcrumb"},"inLanguage":"fr-FR","potentialAction":[{"@type":"ReadAction","target":["https:\/\/w-l-c.be\/fr\/tubingen-2-longs-1-court\/"]}]},{"@type":"BreadcrumbList","@id":"https:\/\/w-l-c.be\/fr\/tubingen-2-longs-1-court\/#breadcrumb","itemListElement":[{"@type":"ListItem","position":1,"name":"Accueil","item":"https:\/\/w-l-c.be\/fr\/"},{"@type":"ListItem","position":2,"name":"T\u00fcbingen: 3 longs, 1 court"}]},{"@type":"WebSite","@id":"https:\/\/w-l-c.be\/fr\/#website","url":"https:\/\/w-l-c.be\/fr\/","name":"w-l-c","description":"Le cin\u00e9ma vu par les belges","potentialAction":[{"@type":"SearchAction","target":{"@type":"EntryPoint","urlTemplate":"https:\/\/w-l-c.be\/fr\/?s={search_term_string}"},"query-input":"required name=search_term_string"}],"inLanguage":"fr-FR"},{"@type":"Person","@id":"https:\/\/w-l-c.be\/fr\/#\/schema\/person\/4b9b1d857f0943453a38a7c2859ef756","name":"Philippe.Pierquin","url":"https:\/\/w-l-c.be\/fr\/author\/philippe-pierquin\/"}]}},"_links":{"self":[{"href":"https:\/\/w-l-c.be\/fr\/wp-json\/wp\/v2\/posts\/64610","targetHints":{"allow":["GET"]}}],"collection":[{"href":"https:\/\/w-l-c.be\/fr\/wp-json\/wp\/v2\/posts"}],"about":[{"href":"https:\/\/w-l-c.be\/fr\/wp-json\/wp\/v2\/types\/post"}],"author":[{"embeddable":true,"href":"https:\/\/w-l-c.be\/fr\/wp-json\/wp\/v2\/users\/7"}],"replies":[{"embeddable":true,"href":"https:\/\/w-l-c.be\/fr\/wp-json\/wp\/v2\/comments?post=64610"}],"version-history":[{"count":0,"href":"https:\/\/w-l-c.be\/fr\/wp-json\/wp\/v2\/posts\/64610\/revisions"}],"wp:featuredmedia":[{"embeddable":true,"href":"https:\/\/w-l-c.be\/fr\/wp-json\/wp\/v2\/media\/64615"}],"wp:attachment":[{"href":"https:\/\/w-l-c.be\/fr\/wp-json\/wp\/v2\/media?parent=64610"}],"wp:term":[{"taxonomy":"category","embeddable":true,"href":"https:\/\/w-l-c.be\/fr\/wp-json\/wp\/v2\/categories?post=64610"},{"taxonomy":"post_tag","embeddable":true,"href":"https:\/\/w-l-c.be\/fr\/wp-json\/wp\/v2\/tags?post=64610"}],"curies":[{"name":"wp","href":"https:\/\/api.w.org\/{rel}","templated":true}]}}