
{"id":64769,"date":"2014-11-07T06:52:57","date_gmt":"2014-11-07T05:52:57","guid":{"rendered":"http:\/\/www.cinevox.be\/?p=64769"},"modified":"2014-11-07T07:35:04","modified_gmt":"2014-11-07T06:35:04","slug":"photo-du-jour-7","status":"publish","type":"post","link":"https:\/\/w-l-c.be\/fr\/photo-du-jour-7\/","title":{"rendered":"La photo du jour &#8211; vendredi 7 novembre 2014"},"content":{"rendered":"<p>Alors qu&rsquo;il pr\u00e9sente ce soir en avant-premi\u00e8re <em>La famille B\u00e9lier<\/em> \u00e0 l&rsquo;UGC Toison d&rsquo;Or et \u00e0 Imagix Tournai (joli sprint en perspective), <strong>Fran\u00e7ois Damiens<\/strong> s&rsquo;appr\u00eate \u00e0 sortir un nouveau volume de ses gros d\u00e9lires sociologiques.<br \/>\nApr\u00e8s la Suisse, il a install\u00e9 ses cam\u00e9ras planqu\u00e9es en Corse. Le DVD sort le 12 Novembre.<!--more--><\/p>\n<p>&nbsp;<\/p>\n<p>&nbsp;<\/p>\n<p><a href=\"http:\/\/www.cinevox.be\/photo-du-jour-7\/damiens-6\/\" rel=\"attachment wp-att-64770\"><img loading=\"lazy\" decoding=\"async\" class=\"aligncenter size-large wp-image-64770\" src=\"http:\/\/www.cinevox.be\/wp-content\/uploads\/2014\/10\/damiens-800x531.jpg\" alt=\"\" width=\"640\" height=\"424\" srcset=\"https:\/\/w-l-c.be\/wp-content\/uploads\/2014\/10\/damiens-800x531.jpg 800w, https:\/\/w-l-c.be\/wp-content\/uploads\/2014\/10\/damiens-406x270.jpg 406w, https:\/\/w-l-c.be\/wp-content\/uploads\/2014\/10\/damiens.jpg 2048w\" sizes=\"auto, (max-width: 640px) 100vw, 640px\" \/><\/a><\/p>\n<p>&nbsp;<\/p>\n","protected":false},"excerpt":{"rendered":"<p>Alors qu&rsquo;il pr\u00e9sente ce soir en avant-premi\u00e8re La famille B\u00e9lier \u00e0 l&rsquo;UGC Toison d&rsquo;Or et \u00e0 Imagix Tournai (joli sprint en perspective), Fran\u00e7ois Damiens s&rsquo;appr\u00eate \u00e0 sortir un nouveau volume de ses gros d\u00e9lires sociologiques. Apr\u00e8s la Suisse, il a install\u00e9 ses cam\u00e9ras planqu\u00e9es en Corse. Le DVD sort le 12 Novembre.<\/p>\n","protected":false},"author":7,"featured_media":64772,"comment_status":"closed","ping_status":"closed","sticky":false,"template":"","format":"standard","meta":{"ngg_post_thumbnail":0,"footnotes":""},"categories":[1923],"tags":[],"class_list":["post-64769","post","type-post","status-publish","format-standard","has-post-thumbnail","","category-en-bref"],"yoast_head":"<!-- This site is optimized with the Yoast SEO plugin v20.4 - https:\/\/yoast.com\/wordpress\/plugins\/seo\/ -->\n<title>La photo du jour - vendredi 7 novembre 2014 - w-l-c<\/title>\n<meta name=\"robots\" content=\"noindex, follow, max-snippet:-1, max-image-preview:large, max-video-preview:-1\" \/>\n<meta property=\"og:locale\" content=\"fr_FR\" \/>\n<meta property=\"og:type\" content=\"article\" \/>\n<meta property=\"og:title\" content=\"La photo du jour - vendredi 7 novembre 2014 - w-l-c\" \/>\n<meta property=\"og:description\" content=\"Alors qu&rsquo;il pr\u00e9sente ce soir en avant-premi\u00e8re La famille B\u00e9lier \u00e0 l&rsquo;UGC Toison d&rsquo;Or et \u00e0 Imagix Tournai (joli sprint en perspective), Fran\u00e7ois Damiens s&rsquo;appr\u00eate \u00e0 sortir un nouveau volume de ses gros d\u00e9lires sociologiques. Apr\u00e8s la Suisse, il a install\u00e9 ses cam\u00e9ras planqu\u00e9es en Corse. Le DVD sort le 12 Novembre.\" \/>\n<meta property=\"og:url\" content=\"https:\/\/w-l-c.be\/fr\/photo-du-jour-7\/\" \/>\n<meta property=\"og:site_name\" content=\"w-l-c\" \/>\n<meta property=\"article:published_time\" content=\"2014-11-07T05:52:57+00:00\" \/>\n<meta property=\"article:modified_time\" content=\"2014-11-07T06:35:04+00:00\" \/>\n<meta property=\"og:image\" content=\"https:\/\/w-l-c.be\/wp-content\/uploads\/2014\/11\/app2.jpg\" \/>\n\t<meta property=\"og:image:width\" content=\"1536\" \/>\n\t<meta property=\"og:image:height\" content=\"1024\" \/>\n\t<meta property=\"og:image:type\" content=\"image\/jpeg\" \/>\n<meta name=\"author\" content=\"Philippe.Pierquin\" \/>\n<meta name=\"twitter:card\" content=\"summary_large_image\" \/>\n<meta name=\"twitter:label1\" content=\"\u00c9crit par\" \/>\n\t<meta name=\"twitter:data1\" content=\"Philippe.Pierquin\" \/>\n<script type=\"application\/ld+json\" class=\"yoast-schema-graph\">{\"@context\":\"https:\/\/schema.org\",\"@graph\":[{\"@type\":\"WebPage\",\"@id\":\"https:\/\/w-l-c.be\/fr\/photo-du-jour-7\/\",\"url\":\"https:\/\/w-l-c.be\/fr\/photo-du-jour-7\/\",\"name\":\"La photo du jour - vendredi 7 novembre 2014 - w-l-c\",\"isPartOf\":{\"@id\":\"https:\/\/w-l-c.be\/fr\/#website\"},\"datePublished\":\"2014-11-07T05:52:57+00:00\",\"dateModified\":\"2014-11-07T06:35:04+00:00\",\"author\":{\"@id\":\"https:\/\/w-l-c.be\/fr\/#\/schema\/person\/4b9b1d857f0943453a38a7c2859ef756\"},\"breadcrumb\":{\"@id\":\"https:\/\/w-l-c.be\/fr\/photo-du-jour-7\/#breadcrumb\"},\"inLanguage\":\"fr-FR\",\"potentialAction\":[{\"@type\":\"ReadAction\",\"target\":[\"https:\/\/w-l-c.be\/fr\/photo-du-jour-7\/\"]}]},{\"@type\":\"BreadcrumbList\",\"@id\":\"https:\/\/w-l-c.be\/fr\/photo-du-jour-7\/#breadcrumb\",\"itemListElement\":[{\"@type\":\"ListItem\",\"position\":1,\"name\":\"Accueil\",\"item\":\"https:\/\/w-l-c.be\/fr\/\"},{\"@type\":\"ListItem\",\"position\":2,\"name\":\"La photo du jour &#8211; vendredi 7 novembre 2014\"}]},{\"@type\":\"WebSite\",\"@id\":\"https:\/\/w-l-c.be\/fr\/#website\",\"url\":\"https:\/\/w-l-c.be\/fr\/\",\"name\":\"w-l-c\",\"description\":\"Le cin\u00e9ma vu par les belges\",\"potentialAction\":[{\"@type\":\"SearchAction\",\"target\":{\"@type\":\"EntryPoint\",\"urlTemplate\":\"https:\/\/w-l-c.be\/fr\/?s={search_term_string}\"},\"query-input\":\"required name=search_term_string\"}],\"inLanguage\":\"fr-FR\"},{\"@type\":\"Person\",\"@id\":\"https:\/\/w-l-c.be\/fr\/#\/schema\/person\/4b9b1d857f0943453a38a7c2859ef756\",\"name\":\"Philippe.Pierquin\",\"url\":\"https:\/\/w-l-c.be\/fr\/author\/philippe-pierquin\/\"}]}<\/script>\n<!-- \/ Yoast SEO plugin. -->","yoast_head_json":{"title":"La photo du jour - vendredi 7 novembre 2014 - w-l-c","robots":{"index":"noindex","follow":"follow","max-snippet":"max-snippet:-1","max-image-preview":"max-image-preview:large","max-video-preview":"max-video-preview:-1"},"og_locale":"fr_FR","og_type":"article","og_title":"La photo du jour - vendredi 7 novembre 2014 - w-l-c","og_description":"Alors qu&rsquo;il pr\u00e9sente ce soir en avant-premi\u00e8re La famille B\u00e9lier \u00e0 l&rsquo;UGC Toison d&rsquo;Or et \u00e0 Imagix Tournai (joli sprint en perspective), Fran\u00e7ois Damiens s&rsquo;appr\u00eate \u00e0 sortir un nouveau volume de ses gros d\u00e9lires sociologiques. Apr\u00e8s la Suisse, il a install\u00e9 ses cam\u00e9ras planqu\u00e9es en Corse. Le DVD sort le 12 Novembre.","og_url":"https:\/\/w-l-c.be\/fr\/photo-du-jour-7\/","og_site_name":"w-l-c","article_published_time":"2014-11-07T05:52:57+00:00","article_modified_time":"2014-11-07T06:35:04+00:00","og_image":[{"width":1536,"height":1024,"url":"https:\/\/w-l-c.be\/wp-content\/uploads\/2014\/11\/app2.jpg","type":"image\/jpeg"}],"author":"Philippe.Pierquin","twitter_card":"summary_large_image","twitter_misc":{"\u00c9crit par":"Philippe.Pierquin"},"schema":{"@context":"https:\/\/schema.org","@graph":[{"@type":"WebPage","@id":"https:\/\/w-l-c.be\/fr\/photo-du-jour-7\/","url":"https:\/\/w-l-c.be\/fr\/photo-du-jour-7\/","name":"La photo du jour - vendredi 7 novembre 2014 - w-l-c","isPartOf":{"@id":"https:\/\/w-l-c.be\/fr\/#website"},"datePublished":"2014-11-07T05:52:57+00:00","dateModified":"2014-11-07T06:35:04+00:00","author":{"@id":"https:\/\/w-l-c.be\/fr\/#\/schema\/person\/4b9b1d857f0943453a38a7c2859ef756"},"breadcrumb":{"@id":"https:\/\/w-l-c.be\/fr\/photo-du-jour-7\/#breadcrumb"},"inLanguage":"fr-FR","potentialAction":[{"@type":"ReadAction","target":["https:\/\/w-l-c.be\/fr\/photo-du-jour-7\/"]}]},{"@type":"BreadcrumbList","@id":"https:\/\/w-l-c.be\/fr\/photo-du-jour-7\/#breadcrumb","itemListElement":[{"@type":"ListItem","position":1,"name":"Accueil","item":"https:\/\/w-l-c.be\/fr\/"},{"@type":"ListItem","position":2,"name":"La photo du jour &#8211; vendredi 7 novembre 2014"}]},{"@type":"WebSite","@id":"https:\/\/w-l-c.be\/fr\/#website","url":"https:\/\/w-l-c.be\/fr\/","name":"w-l-c","description":"Le cin\u00e9ma vu par les belges","potentialAction":[{"@type":"SearchAction","target":{"@type":"EntryPoint","urlTemplate":"https:\/\/w-l-c.be\/fr\/?s={search_term_string}"},"query-input":"required name=search_term_string"}],"inLanguage":"fr-FR"},{"@type":"Person","@id":"https:\/\/w-l-c.be\/fr\/#\/schema\/person\/4b9b1d857f0943453a38a7c2859ef756","name":"Philippe.Pierquin","url":"https:\/\/w-l-c.be\/fr\/author\/philippe-pierquin\/"}]}},"_links":{"self":[{"href":"https:\/\/w-l-c.be\/fr\/wp-json\/wp\/v2\/posts\/64769","targetHints":{"allow":["GET"]}}],"collection":[{"href":"https:\/\/w-l-c.be\/fr\/wp-json\/wp\/v2\/posts"}],"about":[{"href":"https:\/\/w-l-c.be\/fr\/wp-json\/wp\/v2\/types\/post"}],"author":[{"embeddable":true,"href":"https:\/\/w-l-c.be\/fr\/wp-json\/wp\/v2\/users\/7"}],"replies":[{"embeddable":true,"href":"https:\/\/w-l-c.be\/fr\/wp-json\/wp\/v2\/comments?post=64769"}],"version-history":[{"count":0,"href":"https:\/\/w-l-c.be\/fr\/wp-json\/wp\/v2\/posts\/64769\/revisions"}],"wp:featuredmedia":[{"embeddable":true,"href":"https:\/\/w-l-c.be\/fr\/wp-json\/wp\/v2\/media\/64772"}],"wp:attachment":[{"href":"https:\/\/w-l-c.be\/fr\/wp-json\/wp\/v2\/media?parent=64769"}],"wp:term":[{"taxonomy":"category","embeddable":true,"href":"https:\/\/w-l-c.be\/fr\/wp-json\/wp\/v2\/categories?post=64769"},{"taxonomy":"post_tag","embeddable":true,"href":"https:\/\/w-l-c.be\/fr\/wp-json\/wp\/v2\/tags?post=64769"}],"curies":[{"name":"wp","href":"https:\/\/api.w.org\/{rel}","templated":true}]}}