
{"id":64893,"date":"2014-11-05T07:40:07","date_gmt":"2014-11-05T06:40:07","guid":{"rendered":"http:\/\/www.cinevox.be\/?p=64893"},"modified":"2014-11-04T07:41:34","modified_gmt":"2014-11-04T06:41:34","slug":"chant-mer-bande-annonce","status":"publish","type":"post","link":"https:\/\/w-l-c.be\/fr\/chant-mer-bande-annonce\/","title":{"rendered":"Le chant de la mer : bande-annonce"},"content":{"rendered":"<p>Ben et Ma\u00efna vivent avec leur p\u00e8re tout en haut d&rsquo;un phare sur une petite \u00eele.<br \/>\nPour les prot\u00e9ger des dangers de la mer, leur grand-m\u00e8re les emm\u00e8ne vivre \u00e0 la ville.<br \/>\nBen d\u00e9couvre alors que sa petite soeur est une selkie, une f\u00e9e de la mer dont le chant peut d\u00e9livrer les \u00eatres magiques du sort que leur a jet\u00e9 la Sorci\u00e8re aux hiboux.<br \/>\nAu cours d&rsquo;un fantastique voyage, Ben et Ma\u00efna vont devoir affronter peurs et dangers, et combattre la sorci\u00e8re pour aider les \u00eatre magiques \u00e0 retrouver leur pouvoir.<!--more--><\/p>\n<p>R\u00e9alis\u00e9 par Tomm Moore<\/p>\n<p>Coproduction belge The Big Farm, soit Iota + M\u00e9lusine + Digital Graphics o\u00f9 le film a \u00e9t\u00e9 en partie r\u00e9alis\u00e9.<\/p>\n<p>&nbsp;<\/p>\n<p>EN SALLES LE 10 DECEMBRE<\/p>\n","protected":false},"excerpt":{"rendered":"<p>Ben et Ma\u00efna vivent avec leur p\u00e8re tout en haut d&rsquo;un phare sur une petite \u00eele. Pour les prot\u00e9ger des dangers de la mer, leur grand-m\u00e8re les emm\u00e8ne vivre \u00e0 la ville. Ben d\u00e9couvre alors que sa petite soeur est une selkie, une f\u00e9e de la mer dont le chant peut d\u00e9livrer les \u00eatres magiques &hellip;<\/p>\n","protected":false},"author":7,"featured_media":64894,"comment_status":"closed","ping_status":"closed","sticky":false,"template":"","format":"standard","meta":{"ngg_post_thumbnail":0,"footnotes":""},"categories":[53],"tags":[],"class_list":["post-64893","post","type-post","status-publish","format-standard","has-post-thumbnail","","category-coming-soon"],"yoast_head":"<!-- This site is optimized with the Yoast SEO plugin v20.4 - https:\/\/yoast.com\/wordpress\/plugins\/seo\/ -->\n<title>Le chant de la mer : bande-annonce - w-l-c<\/title>\n<meta name=\"robots\" content=\"noindex, follow, max-snippet:-1, max-image-preview:large, max-video-preview:-1\" \/>\n<meta property=\"og:locale\" content=\"fr_FR\" \/>\n<meta property=\"og:type\" content=\"article\" \/>\n<meta property=\"og:title\" content=\"Le chant de la mer : bande-annonce - w-l-c\" \/>\n<meta property=\"og:description\" content=\"Ben et Ma\u00efna vivent avec leur p\u00e8re tout en haut d&rsquo;un phare sur une petite \u00eele. Pour les prot\u00e9ger des dangers de la mer, leur grand-m\u00e8re les emm\u00e8ne vivre \u00e0 la ville. Ben d\u00e9couvre alors que sa petite soeur est une selkie, une f\u00e9e de la mer dont le chant peut d\u00e9livrer les \u00eatres magiques &hellip;\" \/>\n<meta property=\"og:url\" content=\"https:\/\/w-l-c.be\/fr\/chant-mer-bande-annonce\/\" \/>\n<meta property=\"og:site_name\" content=\"w-l-c\" \/>\n<meta property=\"article:published_time\" content=\"2014-11-05T06:40:07+00:00\" \/>\n<meta property=\"article:modified_time\" content=\"2014-11-04T06:41:34+00:00\" \/>\n<meta property=\"og:image\" content=\"https:\/\/w-l-c.be\/wp-content\/uploads\/2014\/11\/080255.jpg-r_640_600-b_1_D6D6D6-f_jpg-q_x-xxyxx.jpg\" \/>\n\t<meta property=\"og:image:width\" content=\"640\" \/>\n\t<meta property=\"og:image:height\" content=\"360\" \/>\n\t<meta property=\"og:image:type\" content=\"image\/jpeg\" \/>\n<meta name=\"author\" content=\"Philippe.Pierquin\" \/>\n<meta name=\"twitter:card\" content=\"summary_large_image\" \/>\n<meta name=\"twitter:label1\" content=\"\u00c9crit par\" \/>\n\t<meta name=\"twitter:data1\" content=\"Philippe.Pierquin\" \/>\n\t<meta name=\"twitter:label2\" content=\"Dur\u00e9e de lecture estim\u00e9e\" \/>\n\t<meta name=\"twitter:data2\" content=\"1 minute\" \/>\n<script type=\"application\/ld+json\" class=\"yoast-schema-graph\">{\"@context\":\"https:\/\/schema.org\",\"@graph\":[{\"@type\":\"WebPage\",\"@id\":\"https:\/\/w-l-c.be\/fr\/chant-mer-bande-annonce\/\",\"url\":\"https:\/\/w-l-c.be\/fr\/chant-mer-bande-annonce\/\",\"name\":\"Le chant de la mer : bande-annonce - w-l-c\",\"isPartOf\":{\"@id\":\"https:\/\/w-l-c.be\/fr\/#website\"},\"datePublished\":\"2014-11-05T06:40:07+00:00\",\"dateModified\":\"2014-11-04T06:41:34+00:00\",\"author\":{\"@id\":\"https:\/\/w-l-c.be\/fr\/#\/schema\/person\/4b9b1d857f0943453a38a7c2859ef756\"},\"breadcrumb\":{\"@id\":\"https:\/\/w-l-c.be\/fr\/chant-mer-bande-annonce\/#breadcrumb\"},\"inLanguage\":\"fr-FR\",\"potentialAction\":[{\"@type\":\"ReadAction\",\"target\":[\"https:\/\/w-l-c.be\/fr\/chant-mer-bande-annonce\/\"]}]},{\"@type\":\"BreadcrumbList\",\"@id\":\"https:\/\/w-l-c.be\/fr\/chant-mer-bande-annonce\/#breadcrumb\",\"itemListElement\":[{\"@type\":\"ListItem\",\"position\":1,\"name\":\"Accueil\",\"item\":\"https:\/\/w-l-c.be\/fr\/\"},{\"@type\":\"ListItem\",\"position\":2,\"name\":\"Le chant de la mer : bande-annonce\"}]},{\"@type\":\"WebSite\",\"@id\":\"https:\/\/w-l-c.be\/fr\/#website\",\"url\":\"https:\/\/w-l-c.be\/fr\/\",\"name\":\"w-l-c\",\"description\":\"Le cin\u00e9ma vu par les belges\",\"potentialAction\":[{\"@type\":\"SearchAction\",\"target\":{\"@type\":\"EntryPoint\",\"urlTemplate\":\"https:\/\/w-l-c.be\/fr\/?s={search_term_string}\"},\"query-input\":\"required name=search_term_string\"}],\"inLanguage\":\"fr-FR\"},{\"@type\":\"Person\",\"@id\":\"https:\/\/w-l-c.be\/fr\/#\/schema\/person\/4b9b1d857f0943453a38a7c2859ef756\",\"name\":\"Philippe.Pierquin\",\"url\":\"https:\/\/w-l-c.be\/fr\/author\/philippe-pierquin\/\"}]}<\/script>\n<!-- \/ Yoast SEO plugin. -->","yoast_head_json":{"title":"Le chant de la mer : bande-annonce - w-l-c","robots":{"index":"noindex","follow":"follow","max-snippet":"max-snippet:-1","max-image-preview":"max-image-preview:large","max-video-preview":"max-video-preview:-1"},"og_locale":"fr_FR","og_type":"article","og_title":"Le chant de la mer : bande-annonce - w-l-c","og_description":"Ben et Ma\u00efna vivent avec leur p\u00e8re tout en haut d&rsquo;un phare sur une petite \u00eele. Pour les prot\u00e9ger des dangers de la mer, leur grand-m\u00e8re les emm\u00e8ne vivre \u00e0 la ville. Ben d\u00e9couvre alors que sa petite soeur est une selkie, une f\u00e9e de la mer dont le chant peut d\u00e9livrer les \u00eatres magiques &hellip;","og_url":"https:\/\/w-l-c.be\/fr\/chant-mer-bande-annonce\/","og_site_name":"w-l-c","article_published_time":"2014-11-05T06:40:07+00:00","article_modified_time":"2014-11-04T06:41:34+00:00","og_image":[{"width":640,"height":360,"url":"https:\/\/w-l-c.be\/wp-content\/uploads\/2014\/11\/080255.jpg-r_640_600-b_1_D6D6D6-f_jpg-q_x-xxyxx.jpg","type":"image\/jpeg"}],"author":"Philippe.Pierquin","twitter_card":"summary_large_image","twitter_misc":{"\u00c9crit par":"Philippe.Pierquin","Dur\u00e9e de lecture estim\u00e9e":"1 minute"},"schema":{"@context":"https:\/\/schema.org","@graph":[{"@type":"WebPage","@id":"https:\/\/w-l-c.be\/fr\/chant-mer-bande-annonce\/","url":"https:\/\/w-l-c.be\/fr\/chant-mer-bande-annonce\/","name":"Le chant de la mer : bande-annonce - w-l-c","isPartOf":{"@id":"https:\/\/w-l-c.be\/fr\/#website"},"datePublished":"2014-11-05T06:40:07+00:00","dateModified":"2014-11-04T06:41:34+00:00","author":{"@id":"https:\/\/w-l-c.be\/fr\/#\/schema\/person\/4b9b1d857f0943453a38a7c2859ef756"},"breadcrumb":{"@id":"https:\/\/w-l-c.be\/fr\/chant-mer-bande-annonce\/#breadcrumb"},"inLanguage":"fr-FR","potentialAction":[{"@type":"ReadAction","target":["https:\/\/w-l-c.be\/fr\/chant-mer-bande-annonce\/"]}]},{"@type":"BreadcrumbList","@id":"https:\/\/w-l-c.be\/fr\/chant-mer-bande-annonce\/#breadcrumb","itemListElement":[{"@type":"ListItem","position":1,"name":"Accueil","item":"https:\/\/w-l-c.be\/fr\/"},{"@type":"ListItem","position":2,"name":"Le chant de la mer : bande-annonce"}]},{"@type":"WebSite","@id":"https:\/\/w-l-c.be\/fr\/#website","url":"https:\/\/w-l-c.be\/fr\/","name":"w-l-c","description":"Le cin\u00e9ma vu par les belges","potentialAction":[{"@type":"SearchAction","target":{"@type":"EntryPoint","urlTemplate":"https:\/\/w-l-c.be\/fr\/?s={search_term_string}"},"query-input":"required name=search_term_string"}],"inLanguage":"fr-FR"},{"@type":"Person","@id":"https:\/\/w-l-c.be\/fr\/#\/schema\/person\/4b9b1d857f0943453a38a7c2859ef756","name":"Philippe.Pierquin","url":"https:\/\/w-l-c.be\/fr\/author\/philippe-pierquin\/"}]}},"_links":{"self":[{"href":"https:\/\/w-l-c.be\/fr\/wp-json\/wp\/v2\/posts\/64893","targetHints":{"allow":["GET"]}}],"collection":[{"href":"https:\/\/w-l-c.be\/fr\/wp-json\/wp\/v2\/posts"}],"about":[{"href":"https:\/\/w-l-c.be\/fr\/wp-json\/wp\/v2\/types\/post"}],"author":[{"embeddable":true,"href":"https:\/\/w-l-c.be\/fr\/wp-json\/wp\/v2\/users\/7"}],"replies":[{"embeddable":true,"href":"https:\/\/w-l-c.be\/fr\/wp-json\/wp\/v2\/comments?post=64893"}],"version-history":[{"count":0,"href":"https:\/\/w-l-c.be\/fr\/wp-json\/wp\/v2\/posts\/64893\/revisions"}],"wp:featuredmedia":[{"embeddable":true,"href":"https:\/\/w-l-c.be\/fr\/wp-json\/wp\/v2\/media\/64894"}],"wp:attachment":[{"href":"https:\/\/w-l-c.be\/fr\/wp-json\/wp\/v2\/media?parent=64893"}],"wp:term":[{"taxonomy":"category","embeddable":true,"href":"https:\/\/w-l-c.be\/fr\/wp-json\/wp\/v2\/categories?post=64893"},{"taxonomy":"post_tag","embeddable":true,"href":"https:\/\/w-l-c.be\/fr\/wp-json\/wp\/v2\/tags?post=64893"}],"curies":[{"name":"wp","href":"https:\/\/api.w.org\/{rel}","templated":true}]}}