
{"id":65085,"date":"2014-11-07T09:15:49","date_gmt":"2014-11-07T08:15:49","guid":{"rendered":"http:\/\/www.cinevox.be\/?p=65085"},"modified":"2014-11-07T09:15:52","modified_gmt":"2014-11-07T08:15:52","slug":"waiting-for-august-nomine-aux-european-film-awards","status":"publish","type":"post","link":"https:\/\/w-l-c.be\/fr\/waiting-for-august-nomine-aux-european-film-awards\/","title":{"rendered":"Waiting For August nomin\u00e9 aux European Film Awards"},"content":{"rendered":"<p>Le premier film de <strong>Teodora Ana Mihai<\/strong>, <em>Waiting for August,<\/em> produit par Hanne Phlypo et Antoine Vermeersch pour Clin d&rsquo;Oeil Films, est l\u2019un des cinq nomin\u00e9s pour le Prix du Meilleur Documentaire Europ\u00e9en.<\/p>\n<p>Ce film, qui suit une jeune Roumaine de 15 ans qui s\u2019occupe de ses six fr\u00e8res et s\u0153urs pendant que sa m\u00e8re est partie gagner sa vie en Italie, est actuellement diffus\u00e9 dans nos salles.<\/p>\n<p>&nbsp;<\/p>\n<p><em>Waiting for August <\/em>rejoint ainsi<em> Minuscule, la vall\u00e9e des fourmis perdues,<\/em> r\u00e9alis\u00e9 en partie chez Nozon \u00e0 Li\u00e8ge qui est nomin\u00e9 dans la cat\u00e9gorie des longs m\u00e9trages d&rsquo;animation tandis que <em>La B\u00fbche de Noel<\/em>, le court foldingue de <strong>Vincent Patar<\/strong> et <strong>St\u00e9phane Aubier<\/strong>, est en lice dans les courts m\u00e9trages. Les autres nominations seront annonc\u00e9es aujourd&rsquo;hui \u00e0 S\u00e9ville.<!--more--><\/p>\n<p>&nbsp;<\/p>\n<p>&nbsp;<\/p>\n<p><em>Waiting for August <\/em>est le portrait de Georgiana Halmac, une jeune roumaine de 15 ans qui vit dans un logement social de la banlieue de Bacau. Lorsque sa m\u00e8re part travailler quelques mois en Italie pour nourrir la famille, Georgiana est promue chef de m\u00e9nage contre son gr\u00e9. Avec ses six fr\u00e8res et s\u0153urs sur les bras, son adolescence est de courte dur\u00e9e.<\/p>\n<p>&nbsp;<\/p>\n<p>A travers certaines sc\u00e8nes d\u2019intimit\u00e9, <em>Waiting for August<\/em> montre \u00e0 quel point l\u2019\u00e9quilibre de cette famille est fragile malgr\u00e9 l\u2019imagination et l\u2019ing\u00e9niosit\u00e9 dont font preuve les enfants.<\/p>\n<p>&nbsp;<\/p>\n<p><a href=\"http:\/\/www.cinevox.be\/waiting-for-august-nomine-aux-european-film-awards\/waitingforaugust-5\/\" rel=\"attachment wp-att-65086\"><img loading=\"lazy\" decoding=\"async\" class=\"aligncenter size-large wp-image-65086\" src=\"http:\/\/www.cinevox.be\/wp-content\/uploads\/2014\/11\/WaitingforAugust-800x450.jpg\" alt=\"\" width=\"640\" height=\"360\" srcset=\"https:\/\/w-l-c.be\/wp-content\/uploads\/2014\/11\/WaitingforAugust-800x450.jpg 800w, https:\/\/w-l-c.be\/wp-content\/uploads\/2014\/11\/WaitingforAugust-200x113.jpg 200w, https:\/\/w-l-c.be\/wp-content\/uploads\/2014\/11\/WaitingforAugust-480x270.jpg 480w, https:\/\/w-l-c.be\/wp-content\/uploads\/2014\/11\/WaitingforAugust-300x169.jpg 300w, https:\/\/w-l-c.be\/wp-content\/uploads\/2014\/11\/WaitingforAugust-620x350.jpg 620w, https:\/\/w-l-c.be\/wp-content\/uploads\/2014\/11\/WaitingforAugust.jpg 1920w\" sizes=\"auto, (max-width: 640px) 100vw, 640px\" \/><\/a><\/p>\n<p>&nbsp;<\/p>\n<p>Joachim Philippe a assur\u00e9 la direction photographique et Mich\u00e8le Hubinon le montage. Karim Baggili et Ada Milea ont sign\u00e9 la bande originale.<\/p>\n<p>&nbsp;<\/p>\n<p>Depuis sa projection en premi\u00e8re mondiale en avril, le film a connu un beau parcours. Au prestigieux festival Hot Docs au Canada, Mihai avait d\u00e9j\u00e0 remport\u00e9 le <em>International Feature Award.<\/em> Lors de Visions du R\u00e9el, il est reparti avec une mention sp\u00e9ciale du jury et \u00e0 Karlovy Vary il a gagn\u00e9 le Prix du Meilleur Documentaire. Il a \u00e9galement re\u00e7u des prix en Norv\u00e8ge, Islande et Roumanie. Et au Festival de Gand, il a \u00e9t\u00e9 nomm\u00e9 film belge le plus populaire.<\/p>\n<p>&nbsp;<\/p>\n<p>Le film est sorti en salles cette semaine en Belgique. Il est projet\u00e9 quotidiennement \u00e0 l\u2019Aventure \u00e0 Bruxelles jusqu&rsquo;au 11 novembre. Le 16 novembre il fera l\u2019objet d\u2019une projection sp\u00e9ciale \u00e0 Utopolis Turnhout, et le 17 novembre au Sphinx \u00e0 Gand. (Plus d\u2019infos <a href=\"http:\/\/www.docpoppies.be\/\">ICI<\/a>)<\/p>\n<p>&nbsp;<\/p>\n<p>La c\u00e9r\u00e9monie des European Film Awards aura lieu le 13 d\u00e9cembre \u00e0 Riga.<\/p>\n","protected":false},"excerpt":{"rendered":"<p>Le premier film de Teodora Ana Mihai, Waiting for August, produit par Hanne Phlypo et Antoine Vermeersch pour Clin d&rsquo;Oeil Films, est l\u2019un des cinq nomin\u00e9s pour le Prix du Meilleur Documentaire Europ\u00e9en. Ce film, qui suit une jeune Roumaine de 15 ans qui s\u2019occupe de ses six fr\u00e8res et s\u0153urs pendant que sa m\u00e8re &hellip;<\/p>\n","protected":false},"author":7,"featured_media":65088,"comment_status":"closed","ping_status":"closed","sticky":false,"template":"","format":"standard","meta":{"ngg_post_thumbnail":0,"footnotes":""},"categories":[12],"tags":[],"class_list":["post-65085","post","type-post","status-publish","format-standard","has-post-thumbnail","","category-awards"],"yoast_head":"<!-- This site is optimized with the Yoast SEO plugin v20.4 - https:\/\/yoast.com\/wordpress\/plugins\/seo\/ -->\n<title>Waiting For August nomin\u00e9 aux European Film Awards - w-l-c<\/title>\n<meta name=\"robots\" content=\"noindex, follow, max-snippet:-1, max-image-preview:large, max-video-preview:-1\" \/>\n<meta property=\"og:locale\" content=\"fr_FR\" \/>\n<meta property=\"og:type\" content=\"article\" \/>\n<meta property=\"og:title\" content=\"Waiting For August nomin\u00e9 aux European Film Awards - w-l-c\" \/>\n<meta property=\"og:description\" content=\"Le premier film de Teodora Ana Mihai, Waiting for August, produit par Hanne Phlypo et Antoine Vermeersch pour Clin d&rsquo;Oeil Films, est l\u2019un des cinq nomin\u00e9s pour le Prix du Meilleur Documentaire Europ\u00e9en. Ce film, qui suit une jeune Roumaine de 15 ans qui s\u2019occupe de ses six fr\u00e8res et s\u0153urs pendant que sa m\u00e8re &hellip;\" \/>\n<meta property=\"og:url\" content=\"https:\/\/w-l-c.be\/fr\/waiting-for-august-nomine-aux-european-film-awards\/\" \/>\n<meta property=\"og:site_name\" content=\"w-l-c\" \/>\n<meta property=\"article:published_time\" content=\"2014-11-07T08:15:49+00:00\" \/>\n<meta property=\"article:modified_time\" content=\"2014-11-07T08:15:52+00:00\" \/>\n<meta property=\"og:image\" content=\"https:\/\/w-l-c.be\/wp-content\/uploads\/2014\/11\/waiting-for-augustus.jpg\" \/>\n\t<meta property=\"og:image:width\" content=\"1024\" \/>\n\t<meta property=\"og:image:height\" content=\"576\" \/>\n\t<meta property=\"og:image:type\" content=\"image\/jpeg\" \/>\n<meta name=\"author\" content=\"Philippe.Pierquin\" \/>\n<meta name=\"twitter:card\" content=\"summary_large_image\" \/>\n<meta name=\"twitter:label1\" content=\"\u00c9crit par\" \/>\n\t<meta name=\"twitter:data1\" content=\"Philippe.Pierquin\" \/>\n\t<meta name=\"twitter:label2\" content=\"Dur\u00e9e de lecture estim\u00e9e\" \/>\n\t<meta name=\"twitter:data2\" content=\"2 minutes\" \/>\n<script type=\"application\/ld+json\" class=\"yoast-schema-graph\">{\"@context\":\"https:\/\/schema.org\",\"@graph\":[{\"@type\":\"WebPage\",\"@id\":\"https:\/\/w-l-c.be\/fr\/waiting-for-august-nomine-aux-european-film-awards\/\",\"url\":\"https:\/\/w-l-c.be\/fr\/waiting-for-august-nomine-aux-european-film-awards\/\",\"name\":\"Waiting For August nomin\u00e9 aux European Film Awards - w-l-c\",\"isPartOf\":{\"@id\":\"https:\/\/w-l-c.be\/fr\/#website\"},\"datePublished\":\"2014-11-07T08:15:49+00:00\",\"dateModified\":\"2014-11-07T08:15:52+00:00\",\"author\":{\"@id\":\"https:\/\/w-l-c.be\/fr\/#\/schema\/person\/4b9b1d857f0943453a38a7c2859ef756\"},\"breadcrumb\":{\"@id\":\"https:\/\/w-l-c.be\/fr\/waiting-for-august-nomine-aux-european-film-awards\/#breadcrumb\"},\"inLanguage\":\"fr-FR\",\"potentialAction\":[{\"@type\":\"ReadAction\",\"target\":[\"https:\/\/w-l-c.be\/fr\/waiting-for-august-nomine-aux-european-film-awards\/\"]}]},{\"@type\":\"BreadcrumbList\",\"@id\":\"https:\/\/w-l-c.be\/fr\/waiting-for-august-nomine-aux-european-film-awards\/#breadcrumb\",\"itemListElement\":[{\"@type\":\"ListItem\",\"position\":1,\"name\":\"Accueil\",\"item\":\"https:\/\/w-l-c.be\/fr\/\"},{\"@type\":\"ListItem\",\"position\":2,\"name\":\"Waiting For August nomin\u00e9 aux European Film Awards\"}]},{\"@type\":\"WebSite\",\"@id\":\"https:\/\/w-l-c.be\/fr\/#website\",\"url\":\"https:\/\/w-l-c.be\/fr\/\",\"name\":\"w-l-c\",\"description\":\"Le cin\u00e9ma vu par les belges\",\"potentialAction\":[{\"@type\":\"SearchAction\",\"target\":{\"@type\":\"EntryPoint\",\"urlTemplate\":\"https:\/\/w-l-c.be\/fr\/?s={search_term_string}\"},\"query-input\":\"required name=search_term_string\"}],\"inLanguage\":\"fr-FR\"},{\"@type\":\"Person\",\"@id\":\"https:\/\/w-l-c.be\/fr\/#\/schema\/person\/4b9b1d857f0943453a38a7c2859ef756\",\"name\":\"Philippe.Pierquin\",\"url\":\"https:\/\/w-l-c.be\/fr\/author\/philippe-pierquin\/\"}]}<\/script>\n<!-- \/ Yoast SEO plugin. -->","yoast_head_json":{"title":"Waiting For August nomin\u00e9 aux European Film Awards - w-l-c","robots":{"index":"noindex","follow":"follow","max-snippet":"max-snippet:-1","max-image-preview":"max-image-preview:large","max-video-preview":"max-video-preview:-1"},"og_locale":"fr_FR","og_type":"article","og_title":"Waiting For August nomin\u00e9 aux European Film Awards - w-l-c","og_description":"Le premier film de Teodora Ana Mihai, Waiting for August, produit par Hanne Phlypo et Antoine Vermeersch pour Clin d&rsquo;Oeil Films, est l\u2019un des cinq nomin\u00e9s pour le Prix du Meilleur Documentaire Europ\u00e9en. Ce film, qui suit une jeune Roumaine de 15 ans qui s\u2019occupe de ses six fr\u00e8res et s\u0153urs pendant que sa m\u00e8re &hellip;","og_url":"https:\/\/w-l-c.be\/fr\/waiting-for-august-nomine-aux-european-film-awards\/","og_site_name":"w-l-c","article_published_time":"2014-11-07T08:15:49+00:00","article_modified_time":"2014-11-07T08:15:52+00:00","og_image":[{"width":1024,"height":576,"url":"https:\/\/w-l-c.be\/wp-content\/uploads\/2014\/11\/waiting-for-augustus.jpg","type":"image\/jpeg"}],"author":"Philippe.Pierquin","twitter_card":"summary_large_image","twitter_misc":{"\u00c9crit par":"Philippe.Pierquin","Dur\u00e9e de lecture estim\u00e9e":"2 minutes"},"schema":{"@context":"https:\/\/schema.org","@graph":[{"@type":"WebPage","@id":"https:\/\/w-l-c.be\/fr\/waiting-for-august-nomine-aux-european-film-awards\/","url":"https:\/\/w-l-c.be\/fr\/waiting-for-august-nomine-aux-european-film-awards\/","name":"Waiting For August nomin\u00e9 aux European Film Awards - w-l-c","isPartOf":{"@id":"https:\/\/w-l-c.be\/fr\/#website"},"datePublished":"2014-11-07T08:15:49+00:00","dateModified":"2014-11-07T08:15:52+00:00","author":{"@id":"https:\/\/w-l-c.be\/fr\/#\/schema\/person\/4b9b1d857f0943453a38a7c2859ef756"},"breadcrumb":{"@id":"https:\/\/w-l-c.be\/fr\/waiting-for-august-nomine-aux-european-film-awards\/#breadcrumb"},"inLanguage":"fr-FR","potentialAction":[{"@type":"ReadAction","target":["https:\/\/w-l-c.be\/fr\/waiting-for-august-nomine-aux-european-film-awards\/"]}]},{"@type":"BreadcrumbList","@id":"https:\/\/w-l-c.be\/fr\/waiting-for-august-nomine-aux-european-film-awards\/#breadcrumb","itemListElement":[{"@type":"ListItem","position":1,"name":"Accueil","item":"https:\/\/w-l-c.be\/fr\/"},{"@type":"ListItem","position":2,"name":"Waiting For August nomin\u00e9 aux European Film Awards"}]},{"@type":"WebSite","@id":"https:\/\/w-l-c.be\/fr\/#website","url":"https:\/\/w-l-c.be\/fr\/","name":"w-l-c","description":"Le cin\u00e9ma vu par les belges","potentialAction":[{"@type":"SearchAction","target":{"@type":"EntryPoint","urlTemplate":"https:\/\/w-l-c.be\/fr\/?s={search_term_string}"},"query-input":"required name=search_term_string"}],"inLanguage":"fr-FR"},{"@type":"Person","@id":"https:\/\/w-l-c.be\/fr\/#\/schema\/person\/4b9b1d857f0943453a38a7c2859ef756","name":"Philippe.Pierquin","url":"https:\/\/w-l-c.be\/fr\/author\/philippe-pierquin\/"}]}},"_links":{"self":[{"href":"https:\/\/w-l-c.be\/fr\/wp-json\/wp\/v2\/posts\/65085","targetHints":{"allow":["GET"]}}],"collection":[{"href":"https:\/\/w-l-c.be\/fr\/wp-json\/wp\/v2\/posts"}],"about":[{"href":"https:\/\/w-l-c.be\/fr\/wp-json\/wp\/v2\/types\/post"}],"author":[{"embeddable":true,"href":"https:\/\/w-l-c.be\/fr\/wp-json\/wp\/v2\/users\/7"}],"replies":[{"embeddable":true,"href":"https:\/\/w-l-c.be\/fr\/wp-json\/wp\/v2\/comments?post=65085"}],"version-history":[{"count":0,"href":"https:\/\/w-l-c.be\/fr\/wp-json\/wp\/v2\/posts\/65085\/revisions"}],"wp:featuredmedia":[{"embeddable":true,"href":"https:\/\/w-l-c.be\/fr\/wp-json\/wp\/v2\/media\/65088"}],"wp:attachment":[{"href":"https:\/\/w-l-c.be\/fr\/wp-json\/wp\/v2\/media?parent=65085"}],"wp:term":[{"taxonomy":"category","embeddable":true,"href":"https:\/\/w-l-c.be\/fr\/wp-json\/wp\/v2\/categories?post=65085"},{"taxonomy":"post_tag","embeddable":true,"href":"https:\/\/w-l-c.be\/fr\/wp-json\/wp\/v2\/tags?post=65085"}],"curies":[{"name":"wp","href":"https:\/\/api.w.org\/{rel}","templated":true}]}}