
{"id":65795,"date":"2014-11-27T06:27:53","date_gmt":"2014-11-27T05:27:53","guid":{"rendered":"http:\/\/www.cinevox.be\/?p=65795"},"modified":"2014-11-27T07:58:07","modified_gmt":"2014-11-27T06:58:07","slug":"photo-du-jour-14","status":"publish","type":"post","link":"https:\/\/w-l-c.be\/fr\/photo-du-jour-14\/","title":{"rendered":"La photo du jour &#8211; Jeudi 27 novembre 2014"},"content":{"rendered":"<p><span id=\"fbPhotoSnowliftCaption\" class=\"fbPhotosPhotoCaption\" tabindex=\"0\" data-ft=\"{&quot;tn&quot;:&quot;K&quot;}\"><span class=\"hasCaption\">Vision de montage de Bee Lucky!<br \/>\n\u00ab\u00a0Un merveilleux moment quand on sent que la mati\u00e8re trouve sa place, que le film est en train de na\u00eetre vraiment avec toutes ses forces et son potentiel r\u00eav\u00e9 qui se mat\u00e9rialise enfin\u00a0\u00bb, estime la productrice Isabelle Truc (Iota)<br \/>\n<\/span><\/span><span id=\"fbPhotoSnowliftTagList\" class=\"fbPhotoTagList\"><\/span><\/p>\n<p>On est effectivement tr\u00e8s impatient.<\/p>\n<p><span id=\"fbPhotoSnowliftTagList\" class=\"fbPhotoTagList\"><span class=\"fcg\">A<\/span><\/span>vec <span class=\"fbPhotoTagListTag withTagItem tagItem\"><a class=\"taggee\" href=\"https:\/\/www.facebook.com\/philippe.depierpont.7\" data-hovercard=\"\/ajax\/hovercard\/hovercard.php?id=100002502245395&amp;type=withtag&amp;media_info=6.10204352078495048\">Philippe de Pierpont<\/a><\/span> et <span class=\"fbPhotoTagListTag withTagItem tagItem\"><a class=\"taggee\" href=\"https:\/\/www.facebook.com\/philippe.boucq.5\" data-hovercard=\"\/ajax\/hovercard\/hovercard.php?id=784868604&amp;type=withtag&amp;media_info=6.10204352078495048\">Philippe Boucq<\/a><\/span>.<\/p>\n<p>&nbsp;<\/p>\n<p><!--more--><\/p>\n<p>&nbsp;<\/p>\n<p>&nbsp;<\/p>\n<p><a href=\"http:\/\/www.cinevox.be\/photo-du-jour-14\/1495434_10204352078495048_7272281105477111385_n\/\" rel=\"attachment wp-att-65796\"><img loading=\"lazy\" decoding=\"async\" class=\"aligncenter size-full wp-image-65796\" src=\"http:\/\/www.cinevox.be\/wp-content\/uploads\/2014\/11\/1495434_10204352078495048_7272281105477111385_n.jpg\" alt=\"\" width=\"600\" height=\"450\" srcset=\"https:\/\/w-l-c.be\/wp-content\/uploads\/2014\/11\/1495434_10204352078495048_7272281105477111385_n.jpg 600w, https:\/\/w-l-c.be\/wp-content\/uploads\/2014\/11\/1495434_10204352078495048_7272281105477111385_n-360x270.jpg 360w, https:\/\/w-l-c.be\/wp-content\/uploads\/2014\/11\/1495434_10204352078495048_7272281105477111385_n-300x225.jpg 300w\" sizes=\"auto, (max-width: 600px) 100vw, 600px\" \/><\/a><\/p>\n","protected":false},"excerpt":{"rendered":"<p>Vision de montage de Bee Lucky! \u00ab\u00a0Un merveilleux moment quand on sent que la mati\u00e8re trouve sa place, que le film est en train de na\u00eetre vraiment avec toutes ses forces et son potentiel r\u00eav\u00e9 qui se mat\u00e9rialise enfin\u00a0\u00bb, estime la productrice Isabelle Truc (Iota) On est effectivement tr\u00e8s impatient. Avec Philippe de Pierpont et &hellip;<\/p>\n","protected":false},"author":7,"featured_media":65798,"comment_status":"closed","ping_status":"closed","sticky":false,"template":"","format":"standard","meta":{"ngg_post_thumbnail":0,"footnotes":""},"categories":[1923],"tags":[],"class_list":["post-65795","post","type-post","status-publish","format-standard","has-post-thumbnail","","category-en-bref"],"yoast_head":"<!-- This site is optimized with the Yoast SEO plugin v20.4 - https:\/\/yoast.com\/wordpress\/plugins\/seo\/ -->\n<title>La photo du jour - Jeudi 27 novembre 2014 - w-l-c<\/title>\n<meta name=\"robots\" content=\"noindex, follow, max-snippet:-1, max-image-preview:large, max-video-preview:-1\" \/>\n<meta property=\"og:locale\" content=\"fr_FR\" \/>\n<meta property=\"og:type\" content=\"article\" \/>\n<meta property=\"og:title\" content=\"La photo du jour - Jeudi 27 novembre 2014 - w-l-c\" \/>\n<meta property=\"og:description\" content=\"Vision de montage de Bee Lucky! \u00ab\u00a0Un merveilleux moment quand on sent que la mati\u00e8re trouve sa place, que le film est en train de na\u00eetre vraiment avec toutes ses forces et son potentiel r\u00eav\u00e9 qui se mat\u00e9rialise enfin\u00a0\u00bb, estime la productrice Isabelle Truc (Iota) On est effectivement tr\u00e8s impatient. Avec Philippe de Pierpont et &hellip;\" \/>\n<meta property=\"og:url\" content=\"https:\/\/w-l-c.be\/fr\/photo-du-jour-14\/\" \/>\n<meta property=\"og:site_name\" content=\"w-l-c\" \/>\n<meta property=\"article:published_time\" content=\"2014-11-27T05:27:53+00:00\" \/>\n<meta property=\"article:modified_time\" content=\"2014-11-27T06:58:07+00:00\" \/>\n<meta property=\"og:image\" content=\"https:\/\/w-l-c.be\/wp-content\/uploads\/2014\/11\/app13.jpg\" \/>\n\t<meta property=\"og:image:width\" content=\"1536\" \/>\n\t<meta property=\"og:image:height\" content=\"1024\" \/>\n\t<meta property=\"og:image:type\" content=\"image\/jpeg\" \/>\n<meta name=\"author\" content=\"Philippe.Pierquin\" \/>\n<meta name=\"twitter:card\" content=\"summary_large_image\" \/>\n<meta name=\"twitter:label1\" content=\"\u00c9crit par\" \/>\n\t<meta name=\"twitter:data1\" content=\"Philippe.Pierquin\" \/>\n<script type=\"application\/ld+json\" class=\"yoast-schema-graph\">{\"@context\":\"https:\/\/schema.org\",\"@graph\":[{\"@type\":\"WebPage\",\"@id\":\"https:\/\/w-l-c.be\/fr\/photo-du-jour-14\/\",\"url\":\"https:\/\/w-l-c.be\/fr\/photo-du-jour-14\/\",\"name\":\"La photo du jour - Jeudi 27 novembre 2014 - w-l-c\",\"isPartOf\":{\"@id\":\"https:\/\/w-l-c.be\/fr\/#website\"},\"datePublished\":\"2014-11-27T05:27:53+00:00\",\"dateModified\":\"2014-11-27T06:58:07+00:00\",\"author\":{\"@id\":\"https:\/\/w-l-c.be\/fr\/#\/schema\/person\/4b9b1d857f0943453a38a7c2859ef756\"},\"breadcrumb\":{\"@id\":\"https:\/\/w-l-c.be\/fr\/photo-du-jour-14\/#breadcrumb\"},\"inLanguage\":\"fr-FR\",\"potentialAction\":[{\"@type\":\"ReadAction\",\"target\":[\"https:\/\/w-l-c.be\/fr\/photo-du-jour-14\/\"]}]},{\"@type\":\"BreadcrumbList\",\"@id\":\"https:\/\/w-l-c.be\/fr\/photo-du-jour-14\/#breadcrumb\",\"itemListElement\":[{\"@type\":\"ListItem\",\"position\":1,\"name\":\"Accueil\",\"item\":\"https:\/\/w-l-c.be\/fr\/\"},{\"@type\":\"ListItem\",\"position\":2,\"name\":\"La photo du jour &#8211; Jeudi 27 novembre 2014\"}]},{\"@type\":\"WebSite\",\"@id\":\"https:\/\/w-l-c.be\/fr\/#website\",\"url\":\"https:\/\/w-l-c.be\/fr\/\",\"name\":\"w-l-c\",\"description\":\"Le cin\u00e9ma vu par les belges\",\"potentialAction\":[{\"@type\":\"SearchAction\",\"target\":{\"@type\":\"EntryPoint\",\"urlTemplate\":\"https:\/\/w-l-c.be\/fr\/?s={search_term_string}\"},\"query-input\":\"required name=search_term_string\"}],\"inLanguage\":\"fr-FR\"},{\"@type\":\"Person\",\"@id\":\"https:\/\/w-l-c.be\/fr\/#\/schema\/person\/4b9b1d857f0943453a38a7c2859ef756\",\"name\":\"Philippe.Pierquin\",\"url\":\"https:\/\/w-l-c.be\/fr\/author\/philippe-pierquin\/\"}]}<\/script>\n<!-- \/ Yoast SEO plugin. -->","yoast_head_json":{"title":"La photo du jour - Jeudi 27 novembre 2014 - w-l-c","robots":{"index":"noindex","follow":"follow","max-snippet":"max-snippet:-1","max-image-preview":"max-image-preview:large","max-video-preview":"max-video-preview:-1"},"og_locale":"fr_FR","og_type":"article","og_title":"La photo du jour - Jeudi 27 novembre 2014 - w-l-c","og_description":"Vision de montage de Bee Lucky! \u00ab\u00a0Un merveilleux moment quand on sent que la mati\u00e8re trouve sa place, que le film est en train de na\u00eetre vraiment avec toutes ses forces et son potentiel r\u00eav\u00e9 qui se mat\u00e9rialise enfin\u00a0\u00bb, estime la productrice Isabelle Truc (Iota) On est effectivement tr\u00e8s impatient. Avec Philippe de Pierpont et &hellip;","og_url":"https:\/\/w-l-c.be\/fr\/photo-du-jour-14\/","og_site_name":"w-l-c","article_published_time":"2014-11-27T05:27:53+00:00","article_modified_time":"2014-11-27T06:58:07+00:00","og_image":[{"width":1536,"height":1024,"url":"https:\/\/w-l-c.be\/wp-content\/uploads\/2014\/11\/app13.jpg","type":"image\/jpeg"}],"author":"Philippe.Pierquin","twitter_card":"summary_large_image","twitter_misc":{"\u00c9crit par":"Philippe.Pierquin"},"schema":{"@context":"https:\/\/schema.org","@graph":[{"@type":"WebPage","@id":"https:\/\/w-l-c.be\/fr\/photo-du-jour-14\/","url":"https:\/\/w-l-c.be\/fr\/photo-du-jour-14\/","name":"La photo du jour - Jeudi 27 novembre 2014 - w-l-c","isPartOf":{"@id":"https:\/\/w-l-c.be\/fr\/#website"},"datePublished":"2014-11-27T05:27:53+00:00","dateModified":"2014-11-27T06:58:07+00:00","author":{"@id":"https:\/\/w-l-c.be\/fr\/#\/schema\/person\/4b9b1d857f0943453a38a7c2859ef756"},"breadcrumb":{"@id":"https:\/\/w-l-c.be\/fr\/photo-du-jour-14\/#breadcrumb"},"inLanguage":"fr-FR","potentialAction":[{"@type":"ReadAction","target":["https:\/\/w-l-c.be\/fr\/photo-du-jour-14\/"]}]},{"@type":"BreadcrumbList","@id":"https:\/\/w-l-c.be\/fr\/photo-du-jour-14\/#breadcrumb","itemListElement":[{"@type":"ListItem","position":1,"name":"Accueil","item":"https:\/\/w-l-c.be\/fr\/"},{"@type":"ListItem","position":2,"name":"La photo du jour &#8211; Jeudi 27 novembre 2014"}]},{"@type":"WebSite","@id":"https:\/\/w-l-c.be\/fr\/#website","url":"https:\/\/w-l-c.be\/fr\/","name":"w-l-c","description":"Le cin\u00e9ma vu par les belges","potentialAction":[{"@type":"SearchAction","target":{"@type":"EntryPoint","urlTemplate":"https:\/\/w-l-c.be\/fr\/?s={search_term_string}"},"query-input":"required name=search_term_string"}],"inLanguage":"fr-FR"},{"@type":"Person","@id":"https:\/\/w-l-c.be\/fr\/#\/schema\/person\/4b9b1d857f0943453a38a7c2859ef756","name":"Philippe.Pierquin","url":"https:\/\/w-l-c.be\/fr\/author\/philippe-pierquin\/"}]}},"_links":{"self":[{"href":"https:\/\/w-l-c.be\/fr\/wp-json\/wp\/v2\/posts\/65795","targetHints":{"allow":["GET"]}}],"collection":[{"href":"https:\/\/w-l-c.be\/fr\/wp-json\/wp\/v2\/posts"}],"about":[{"href":"https:\/\/w-l-c.be\/fr\/wp-json\/wp\/v2\/types\/post"}],"author":[{"embeddable":true,"href":"https:\/\/w-l-c.be\/fr\/wp-json\/wp\/v2\/users\/7"}],"replies":[{"embeddable":true,"href":"https:\/\/w-l-c.be\/fr\/wp-json\/wp\/v2\/comments?post=65795"}],"version-history":[{"count":0,"href":"https:\/\/w-l-c.be\/fr\/wp-json\/wp\/v2\/posts\/65795\/revisions"}],"wp:featuredmedia":[{"embeddable":true,"href":"https:\/\/w-l-c.be\/fr\/wp-json\/wp\/v2\/media\/65798"}],"wp:attachment":[{"href":"https:\/\/w-l-c.be\/fr\/wp-json\/wp\/v2\/media?parent=65795"}],"wp:term":[{"taxonomy":"category","embeddable":true,"href":"https:\/\/w-l-c.be\/fr\/wp-json\/wp\/v2\/categories?post=65795"},{"taxonomy":"post_tag","embeddable":true,"href":"https:\/\/w-l-c.be\/fr\/wp-json\/wp\/v2\/tags?post=65795"}],"curies":[{"name":"wp","href":"https:\/\/api.w.org\/{rel}","templated":true}]}}