
{"id":66002,"date":"2014-11-26T07:15:21","date_gmt":"2014-11-26T06:15:21","guid":{"rendered":"http:\/\/www.cinevox.be\/?p=66002"},"modified":"2014-11-26T07:34:59","modified_gmt":"2014-11-26T06:34:59","slug":"tout-savoir-sur-waste-land","status":"publish","type":"post","link":"https:\/\/w-l-c.be\/fr\/tout-savoir-sur-waste-land\/","title":{"rendered":"Tout savoir sur Waste Land"},"content":{"rendered":"<p>Sur le tournage de <em>Waste Land<\/em>, le tr\u00e8s charismatique <strong>J\u00e9r\u00e9mie Renier<\/strong> nous a parl\u00e9 du projet, de ce qui l&rsquo;avait attir\u00e9 dans l&rsquo;univers tr\u00e8s particulier de Pieter Van Hees.<!--more--><\/p>\n<p>&nbsp;<\/p>\n<p>Vous pouvez lire <a href=\"http:\/\/www.cinevox.be\/?p=64215\">ICI<\/a> notre pr\u00e9sentation du film.<\/p>\n<p>&nbsp;<\/p>\n<p>&nbsp;<\/p>\n<p>&nbsp;<\/p>\n<p>&nbsp;<\/p>\n<h1>LE PITCH<\/h1>\n<p><iframe loading=\"lazy\" src=\"\/\/www.youtube.com\/embed\/XAzmZGf98ts\" width=\"620\" height=\"346\" frameborder=\"0\" allowfullscreen=\"allowfullscreen\"><\/iframe><\/p>\n<p>&nbsp;<\/p>\n<h1>UNE HISTOIRE BRUXELLOISE<\/h1>\n<p><iframe loading=\"lazy\" src=\"\/\/www.youtube.com\/embed\/hf8knkZ4bdc\" width=\"620\" height=\"346\" frameborder=\"0\" allowfullscreen=\"allowfullscreen\"><\/iframe><\/p>\n<p>&nbsp;<\/p>\n<h1>UN POLAR PSYCHOLOGIQUE<\/h1>\n<p><iframe loading=\"lazy\" src=\"\/\/www.youtube.com\/embed\/39eaC8GfRrw\" width=\"620\" height=\"346\" frameborder=\"0\" allowfullscreen=\"allowfullscreen\"><\/iframe><\/p>\n<p>&nbsp;<\/p>\n<h1>SON PERSONNAGE<\/h1>\n<p><iframe loading=\"lazy\" src=\"\/\/www.youtube.com\/embed\/gWlAJfE9PdE\" width=\"620\" height=\"346\" frameborder=\"0\" allowfullscreen=\"allowfullscreen\"><\/iframe><\/p>\n<p>&nbsp;<\/p>\n<h1>DE CLOCLO A WASTE LAND<\/h1>\n<p><iframe loading=\"lazy\" src=\"\/\/www.youtube.com\/embed\/cpF0t_R12TU\" width=\"620\" height=\"346\" frameborder=\"0\" allowfullscreen=\"allowfullscreen\"><\/iframe><\/p>\n<p>&nbsp;<\/p>\n<h1>D&rsquo;UN UNIVERS A L&rsquo;AUTRE<\/h1>\n<p><iframe loading=\"lazy\" src=\"\/\/www.youtube.com\/embed\/UJwft0gcE2Q\" width=\"620\" height=\"346\" frameborder=\"0\" allowfullscreen=\"allowfullscreen\"><\/iframe><\/p>\n<p>&nbsp;<\/p>\n<p>Premi\u00e8re incursion de <strong>J\u00e9r\u00e9mie Renier<\/strong> dans le cin\u00e9ma flamand, <em>Waste land <\/em>sort ce mercredi 26 novembre sur les \u00e9crans belges.<\/p>\n","protected":false},"excerpt":{"rendered":"<p>Sur le tournage de Waste Land, le tr\u00e8s charismatique J\u00e9r\u00e9mie Renier nous a parl\u00e9 du projet, de ce qui l&rsquo;avait attir\u00e9 dans l&rsquo;univers tr\u00e8s particulier de Pieter Van Hees.<\/p>\n","protected":false},"author":7,"featured_media":66004,"comment_status":"closed","ping_status":"closed","sticky":false,"template":"","format":"standard","meta":{"ngg_post_thumbnail":0,"footnotes":""},"categories":[7,1978],"tags":[],"class_list":["post-66002","post","type-post","status-publish","format-standard","has-post-thumbnail","","category-actualites","category-interviews"],"yoast_head":"<!-- This site is optimized with the Yoast SEO plugin v20.4 - https:\/\/yoast.com\/wordpress\/plugins\/seo\/ -->\n<title>Tout savoir sur Waste Land - w-l-c<\/title>\n<meta name=\"robots\" content=\"noindex, follow, max-snippet:-1, max-image-preview:large, max-video-preview:-1\" \/>\n<meta property=\"og:locale\" content=\"fr_FR\" \/>\n<meta property=\"og:type\" content=\"article\" \/>\n<meta property=\"og:title\" content=\"Tout savoir sur Waste Land - w-l-c\" \/>\n<meta property=\"og:description\" content=\"Sur le tournage de Waste Land, le tr\u00e8s charismatique J\u00e9r\u00e9mie Renier nous a parl\u00e9 du projet, de ce qui l&rsquo;avait attir\u00e9 dans l&rsquo;univers tr\u00e8s particulier de Pieter Van Hees.\" \/>\n<meta property=\"og:url\" content=\"https:\/\/w-l-c.be\/fr\/tout-savoir-sur-waste-land\/\" \/>\n<meta property=\"og:site_name\" content=\"w-l-c\" \/>\n<meta property=\"article:published_time\" content=\"2014-11-26T06:15:21+00:00\" \/>\n<meta property=\"article:modified_time\" content=\"2014-11-26T06:34:59+00:00\" \/>\n<meta property=\"og:image\" content=\"https:\/\/w-l-c.be\/wp-content\/uploads\/2014\/11\/2014-11-25_09h44_04.jpg\" \/>\n\t<meta property=\"og:image:width\" content=\"832\" \/>\n\t<meta property=\"og:image:height\" content=\"453\" \/>\n\t<meta property=\"og:image:type\" content=\"image\/jpeg\" \/>\n<meta name=\"author\" content=\"Philippe.Pierquin\" \/>\n<meta name=\"twitter:card\" content=\"summary_large_image\" \/>\n<meta name=\"twitter:label1\" content=\"\u00c9crit par\" \/>\n\t<meta name=\"twitter:data1\" content=\"Philippe.Pierquin\" \/>\n<script type=\"application\/ld+json\" class=\"yoast-schema-graph\">{\"@context\":\"https:\/\/schema.org\",\"@graph\":[{\"@type\":\"WebPage\",\"@id\":\"https:\/\/w-l-c.be\/fr\/tout-savoir-sur-waste-land\/\",\"url\":\"https:\/\/w-l-c.be\/fr\/tout-savoir-sur-waste-land\/\",\"name\":\"Tout savoir sur Waste Land - w-l-c\",\"isPartOf\":{\"@id\":\"https:\/\/w-l-c.be\/fr\/#website\"},\"datePublished\":\"2014-11-26T06:15:21+00:00\",\"dateModified\":\"2014-11-26T06:34:59+00:00\",\"author\":{\"@id\":\"https:\/\/w-l-c.be\/fr\/#\/schema\/person\/4b9b1d857f0943453a38a7c2859ef756\"},\"breadcrumb\":{\"@id\":\"https:\/\/w-l-c.be\/fr\/tout-savoir-sur-waste-land\/#breadcrumb\"},\"inLanguage\":\"fr-FR\",\"potentialAction\":[{\"@type\":\"ReadAction\",\"target\":[\"https:\/\/w-l-c.be\/fr\/tout-savoir-sur-waste-land\/\"]}]},{\"@type\":\"BreadcrumbList\",\"@id\":\"https:\/\/w-l-c.be\/fr\/tout-savoir-sur-waste-land\/#breadcrumb\",\"itemListElement\":[{\"@type\":\"ListItem\",\"position\":1,\"name\":\"Accueil\",\"item\":\"https:\/\/w-l-c.be\/fr\/\"},{\"@type\":\"ListItem\",\"position\":2,\"name\":\"Tout savoir sur Waste Land\"}]},{\"@type\":\"WebSite\",\"@id\":\"https:\/\/w-l-c.be\/fr\/#website\",\"url\":\"https:\/\/w-l-c.be\/fr\/\",\"name\":\"w-l-c\",\"description\":\"Le cin\u00e9ma vu par les belges\",\"potentialAction\":[{\"@type\":\"SearchAction\",\"target\":{\"@type\":\"EntryPoint\",\"urlTemplate\":\"https:\/\/w-l-c.be\/fr\/?s={search_term_string}\"},\"query-input\":\"required name=search_term_string\"}],\"inLanguage\":\"fr-FR\"},{\"@type\":\"Person\",\"@id\":\"https:\/\/w-l-c.be\/fr\/#\/schema\/person\/4b9b1d857f0943453a38a7c2859ef756\",\"name\":\"Philippe.Pierquin\",\"url\":\"https:\/\/w-l-c.be\/fr\/author\/philippe-pierquin\/\"}]}<\/script>\n<!-- \/ Yoast SEO plugin. -->","yoast_head_json":{"title":"Tout savoir sur Waste Land - w-l-c","robots":{"index":"noindex","follow":"follow","max-snippet":"max-snippet:-1","max-image-preview":"max-image-preview:large","max-video-preview":"max-video-preview:-1"},"og_locale":"fr_FR","og_type":"article","og_title":"Tout savoir sur Waste Land - w-l-c","og_description":"Sur le tournage de Waste Land, le tr\u00e8s charismatique J\u00e9r\u00e9mie Renier nous a parl\u00e9 du projet, de ce qui l&rsquo;avait attir\u00e9 dans l&rsquo;univers tr\u00e8s particulier de Pieter Van Hees.","og_url":"https:\/\/w-l-c.be\/fr\/tout-savoir-sur-waste-land\/","og_site_name":"w-l-c","article_published_time":"2014-11-26T06:15:21+00:00","article_modified_time":"2014-11-26T06:34:59+00:00","og_image":[{"width":832,"height":453,"url":"https:\/\/w-l-c.be\/wp-content\/uploads\/2014\/11\/2014-11-25_09h44_04.jpg","type":"image\/jpeg"}],"author":"Philippe.Pierquin","twitter_card":"summary_large_image","twitter_misc":{"\u00c9crit par":"Philippe.Pierquin"},"schema":{"@context":"https:\/\/schema.org","@graph":[{"@type":"WebPage","@id":"https:\/\/w-l-c.be\/fr\/tout-savoir-sur-waste-land\/","url":"https:\/\/w-l-c.be\/fr\/tout-savoir-sur-waste-land\/","name":"Tout savoir sur Waste Land - w-l-c","isPartOf":{"@id":"https:\/\/w-l-c.be\/fr\/#website"},"datePublished":"2014-11-26T06:15:21+00:00","dateModified":"2014-11-26T06:34:59+00:00","author":{"@id":"https:\/\/w-l-c.be\/fr\/#\/schema\/person\/4b9b1d857f0943453a38a7c2859ef756"},"breadcrumb":{"@id":"https:\/\/w-l-c.be\/fr\/tout-savoir-sur-waste-land\/#breadcrumb"},"inLanguage":"fr-FR","potentialAction":[{"@type":"ReadAction","target":["https:\/\/w-l-c.be\/fr\/tout-savoir-sur-waste-land\/"]}]},{"@type":"BreadcrumbList","@id":"https:\/\/w-l-c.be\/fr\/tout-savoir-sur-waste-land\/#breadcrumb","itemListElement":[{"@type":"ListItem","position":1,"name":"Accueil","item":"https:\/\/w-l-c.be\/fr\/"},{"@type":"ListItem","position":2,"name":"Tout savoir sur Waste Land"}]},{"@type":"WebSite","@id":"https:\/\/w-l-c.be\/fr\/#website","url":"https:\/\/w-l-c.be\/fr\/","name":"w-l-c","description":"Le cin\u00e9ma vu par les belges","potentialAction":[{"@type":"SearchAction","target":{"@type":"EntryPoint","urlTemplate":"https:\/\/w-l-c.be\/fr\/?s={search_term_string}"},"query-input":"required name=search_term_string"}],"inLanguage":"fr-FR"},{"@type":"Person","@id":"https:\/\/w-l-c.be\/fr\/#\/schema\/person\/4b9b1d857f0943453a38a7c2859ef756","name":"Philippe.Pierquin","url":"https:\/\/w-l-c.be\/fr\/author\/philippe-pierquin\/"}]}},"_links":{"self":[{"href":"https:\/\/w-l-c.be\/fr\/wp-json\/wp\/v2\/posts\/66002","targetHints":{"allow":["GET"]}}],"collection":[{"href":"https:\/\/w-l-c.be\/fr\/wp-json\/wp\/v2\/posts"}],"about":[{"href":"https:\/\/w-l-c.be\/fr\/wp-json\/wp\/v2\/types\/post"}],"author":[{"embeddable":true,"href":"https:\/\/w-l-c.be\/fr\/wp-json\/wp\/v2\/users\/7"}],"replies":[{"embeddable":true,"href":"https:\/\/w-l-c.be\/fr\/wp-json\/wp\/v2\/comments?post=66002"}],"version-history":[{"count":0,"href":"https:\/\/w-l-c.be\/fr\/wp-json\/wp\/v2\/posts\/66002\/revisions"}],"wp:featuredmedia":[{"embeddable":true,"href":"https:\/\/w-l-c.be\/fr\/wp-json\/wp\/v2\/media\/66004"}],"wp:attachment":[{"href":"https:\/\/w-l-c.be\/fr\/wp-json\/wp\/v2\/media?parent=66002"}],"wp:term":[{"taxonomy":"category","embeddable":true,"href":"https:\/\/w-l-c.be\/fr\/wp-json\/wp\/v2\/categories?post=66002"},{"taxonomy":"post_tag","embeddable":true,"href":"https:\/\/w-l-c.be\/fr\/wp-json\/wp\/v2\/tags?post=66002"}],"curies":[{"name":"wp","href":"https:\/\/api.w.org\/{rel}","templated":true}]}}