
{"id":66021,"date":"2014-11-25T11:19:28","date_gmt":"2014-11-25T10:19:28","guid":{"rendered":"http:\/\/www.cinevox.be\/?p=66021"},"modified":"2015-12-10T11:02:28","modified_gmt":"2015-12-10T10:02:28","slug":"jean-michel-balthazar-et-nahuel-perez-biscayart","status":"publish","type":"post","link":"https:\/\/w-l-c.be\/fr\/jean-michel-balthazar-et-nahuel-perez-biscayart\/","title":{"rendered":"Jean-Michel Balthazar et Nahuel Perez Biscayart dans &lsquo;Je suis \u00e0 toi&rsquo;"},"content":{"rendered":"<p><strong>Jean-Michel Balthazar<\/strong> est un acteur de th\u00e9\u00e2tre connu et reconnu. Au cin\u00e9ma on l&rsquo;a notamment vu dans quelques films des fr\u00e8res Dardenne.<\/p>\n<p>Il fut aussi la r\u00e9v\u00e9lation du premier court m\u00e9trage de David Lambert : <em>Vivre encore un peu<\/em> et confirme tout le bien qu&rsquo;on pense de lui dans <em>Je suis \u00e0 toi<\/em>.<\/p>\n<p>&nbsp;<\/p>\n<p>Face \u00e0 lui, le globe-trotter <strong>Nahuel Perez Biscayart<\/strong>. R\u00e9compens\u00e9 par un prix d&rsquo;interpr\u00e9tation au festival de Karlovy-Vary, le com\u00e9dien argentin livre une prestation intense d&rsquo;une sid\u00e9rante sensibilit\u00e9.<br \/>\nSur le plateau du film, ils nous ont parl\u00e9 du film et de leur personnage. Et un peu d&rsquo;eux aussi.<!--more--><\/p>\n<p>&nbsp;<\/p>\n<p>&nbsp;<\/p>\n<h1>LUCAS<\/h1>\n<p>&nbsp;<\/p>\n<p><iframe loading=\"lazy\" src=\"\/\/www.youtube.com\/embed\/HH6NbtaJDrw\" width=\"620\" height=\"347\" frameborder=\"0\" allowfullscreen=\"allowfullscreen\"><\/iframe><\/p>\n<p>&nbsp;<\/p>\n<h1>HENRY<\/h1>\n<p>&nbsp;<\/p>\n<p><iframe loading=\"lazy\" src=\"\/\/www.youtube.com\/embed\/u7uitVVkWqo\" width=\"620\" height=\"347\" frameborder=\"0\" allowfullscreen=\"allowfullscreen\"><\/iframe><\/p>\n<p>&nbsp;<\/p>\n<h1>DU R\u00caVE\u2026 \u00c0 LA R\u00c9ALIT\u00c9<\/h1>\n<p>&nbsp;<\/p>\n<p><iframe loading=\"lazy\" src=\"\/\/www.youtube.com\/embed\/kJluHUVye_U\" width=\"620\" height=\"347\" frameborder=\"0\" allowfullscreen=\"allowfullscreen\"><\/iframe><\/p>\n<p>&nbsp;<\/p>\n<h1>SA RENCONTRE AVEC DAVID LAMBERT<\/h1>\n<p>&nbsp;<\/p>\n<p><iframe loading=\"lazy\" src=\"\/\/www.youtube.com\/embed\/Irgj7dXn64A\" width=\"620\" height=\"347\" frameborder=\"0\" allowfullscreen=\"allowfullscreen\"><\/iframe><\/p>\n<p>&nbsp;<\/p>\n<h1>DE HORS LES MURS A JE SUIS A TOI<\/h1>\n<p>&nbsp;<\/p>\n<p><iframe loading=\"lazy\" src=\"\/\/www.youtube.com\/embed\/L1URdtRKOiE\" width=\"620\" height=\"347\" frameborder=\"0\" allowfullscreen=\"allowfullscreen\"><\/iframe><\/p>\n<p>&nbsp;<\/p>\n<h1>UN SC\u00c9NARIO TRES CRU<\/h1>\n<p>&nbsp;<\/p>\n<p><iframe loading=\"lazy\" src=\"\/\/www.youtube.com\/embed\/b5M_eFJ1Rv8\" width=\"620\" height=\"347\" frameborder=\"0\" allowfullscreen=\"allowfullscreen\"><\/iframe><\/p>\n<p>&nbsp;<\/p>\n<h1>JONGLER AVEC LA LANGUE<\/h1>\n<p>&nbsp;<\/p>\n<h1><iframe loading=\"lazy\" src=\"\/\/www.youtube.com\/embed\/ep8dcN3MlYY\" width=\"620\" height=\"347\" frameborder=\"0\" allowfullscreen=\"allowfullscreen\"><\/iframe><\/h1>\n<p>&nbsp;<\/p>\n<h1>UN ROLE MARQUANT<\/h1>\n<p><iframe loading=\"lazy\" src=\"\/\/www.youtube.com\/embed\/uTaO57CABgM\" width=\"620\" height=\"347\" frameborder=\"0\" allowfullscreen=\"allowfullscreen\"><\/iframe><\/p>\n<p>&nbsp;<\/p>\n<p><em>Je suis \u00e0 toi<\/em> avec aussi l&rsquo;actrice qu\u00e9b\u00e9coise <strong>Monia Chokri<\/strong> (voir <a href=\"http:\/\/www.cinevox.be\/suis-toi-monia-chokri-evoque-personnage\">ici<\/a>), est sorti mercredi 26 novembre 2014 \u00e0 Li\u00e8ge, Namur, Mons et Bruxelles.<br \/>\nIl sera \u00e0 revoir au Be Film festival lundi 28 d\u00e9cembre \u00e0 18h15 \u00e0 la Cinematek<\/p>\n","protected":false},"excerpt":{"rendered":"<p>Jean-Michel Balthazar est un acteur de th\u00e9\u00e2tre connu et reconnu. Au cin\u00e9ma on l&rsquo;a notamment vu dans quelques films des fr\u00e8res Dardenne. Il fut aussi la r\u00e9v\u00e9lation du premier court m\u00e9trage de David Lambert : Vivre encore un peu et confirme tout le bien qu&rsquo;on pense de lui dans Je suis \u00e0 toi. &nbsp; Face &hellip;<\/p>\n","protected":false},"author":7,"featured_media":66024,"comment_status":"closed","ping_status":"closed","sticky":false,"template":"","format":"standard","meta":{"ngg_post_thumbnail":0,"footnotes":""},"categories":[1978],"tags":[],"class_list":["post-66021","post","type-post","status-publish","format-standard","has-post-thumbnail","","category-interviews"],"yoast_head":"<!-- This site is optimized with the Yoast SEO plugin v20.4 - https:\/\/yoast.com\/wordpress\/plugins\/seo\/ -->\n<title>Jean-Michel Balthazar et Nahuel Perez Biscayart dans &#039;Je suis \u00e0 toi&#039; - w-l-c<\/title>\n<meta name=\"robots\" content=\"noindex, follow, max-snippet:-1, max-image-preview:large, max-video-preview:-1\" \/>\n<meta property=\"og:locale\" content=\"fr_FR\" \/>\n<meta property=\"og:type\" content=\"article\" \/>\n<meta property=\"og:title\" content=\"Jean-Michel Balthazar et Nahuel Perez Biscayart dans &#039;Je suis \u00e0 toi&#039; - w-l-c\" \/>\n<meta property=\"og:description\" content=\"Jean-Michel Balthazar est un acteur de th\u00e9\u00e2tre connu et reconnu. Au cin\u00e9ma on l&rsquo;a notamment vu dans quelques films des fr\u00e8res Dardenne. Il fut aussi la r\u00e9v\u00e9lation du premier court m\u00e9trage de David Lambert : Vivre encore un peu et confirme tout le bien qu&rsquo;on pense de lui dans Je suis \u00e0 toi. &nbsp; Face &hellip;\" \/>\n<meta property=\"og:url\" content=\"https:\/\/w-l-c.be\/fr\/jean-michel-balthazar-et-nahuel-perez-biscayart\/\" \/>\n<meta property=\"og:site_name\" content=\"w-l-c\" \/>\n<meta property=\"article:published_time\" content=\"2014-11-25T10:19:28+00:00\" \/>\n<meta property=\"article:modified_time\" content=\"2015-12-10T10:02:28+00:00\" \/>\n<meta property=\"og:image\" content=\"https:\/\/w-l-c.be\/wp-content\/uploads\/2014\/11\/Sequence-01.Still002.jpg\" \/>\n\t<meta property=\"og:image:width\" content=\"1920\" \/>\n\t<meta property=\"og:image:height\" content=\"1080\" \/>\n\t<meta property=\"og:image:type\" content=\"image\/jpeg\" \/>\n<meta name=\"author\" content=\"Philippe.Pierquin\" \/>\n<meta name=\"twitter:card\" content=\"summary_large_image\" \/>\n<meta name=\"twitter:label1\" content=\"\u00c9crit par\" \/>\n\t<meta name=\"twitter:data1\" content=\"Philippe.Pierquin\" \/>\n\t<meta name=\"twitter:label2\" content=\"Dur\u00e9e de lecture estim\u00e9e\" \/>\n\t<meta name=\"twitter:data2\" content=\"1 minute\" \/>\n<script type=\"application\/ld+json\" class=\"yoast-schema-graph\">{\"@context\":\"https:\/\/schema.org\",\"@graph\":[{\"@type\":\"WebPage\",\"@id\":\"https:\/\/w-l-c.be\/fr\/jean-michel-balthazar-et-nahuel-perez-biscayart\/\",\"url\":\"https:\/\/w-l-c.be\/fr\/jean-michel-balthazar-et-nahuel-perez-biscayart\/\",\"name\":\"Jean-Michel Balthazar et Nahuel Perez Biscayart dans 'Je suis \u00e0 toi' - w-l-c\",\"isPartOf\":{\"@id\":\"https:\/\/w-l-c.be\/fr\/#website\"},\"datePublished\":\"2014-11-25T10:19:28+00:00\",\"dateModified\":\"2015-12-10T10:02:28+00:00\",\"author\":{\"@id\":\"https:\/\/w-l-c.be\/fr\/#\/schema\/person\/4b9b1d857f0943453a38a7c2859ef756\"},\"breadcrumb\":{\"@id\":\"https:\/\/w-l-c.be\/fr\/jean-michel-balthazar-et-nahuel-perez-biscayart\/#breadcrumb\"},\"inLanguage\":\"fr-FR\",\"potentialAction\":[{\"@type\":\"ReadAction\",\"target\":[\"https:\/\/w-l-c.be\/fr\/jean-michel-balthazar-et-nahuel-perez-biscayart\/\"]}]},{\"@type\":\"BreadcrumbList\",\"@id\":\"https:\/\/w-l-c.be\/fr\/jean-michel-balthazar-et-nahuel-perez-biscayart\/#breadcrumb\",\"itemListElement\":[{\"@type\":\"ListItem\",\"position\":1,\"name\":\"Accueil\",\"item\":\"https:\/\/w-l-c.be\/fr\/\"},{\"@type\":\"ListItem\",\"position\":2,\"name\":\"Jean-Michel Balthazar et Nahuel Perez Biscayart dans &lsquo;Je suis \u00e0 toi&rsquo;\"}]},{\"@type\":\"WebSite\",\"@id\":\"https:\/\/w-l-c.be\/fr\/#website\",\"url\":\"https:\/\/w-l-c.be\/fr\/\",\"name\":\"w-l-c\",\"description\":\"Le cin\u00e9ma vu par les belges\",\"potentialAction\":[{\"@type\":\"SearchAction\",\"target\":{\"@type\":\"EntryPoint\",\"urlTemplate\":\"https:\/\/w-l-c.be\/fr\/?s={search_term_string}\"},\"query-input\":\"required name=search_term_string\"}],\"inLanguage\":\"fr-FR\"},{\"@type\":\"Person\",\"@id\":\"https:\/\/w-l-c.be\/fr\/#\/schema\/person\/4b9b1d857f0943453a38a7c2859ef756\",\"name\":\"Philippe.Pierquin\",\"url\":\"https:\/\/w-l-c.be\/fr\/author\/philippe-pierquin\/\"}]}<\/script>\n<!-- \/ Yoast SEO plugin. -->","yoast_head_json":{"title":"Jean-Michel Balthazar et Nahuel Perez Biscayart dans 'Je suis \u00e0 toi' - w-l-c","robots":{"index":"noindex","follow":"follow","max-snippet":"max-snippet:-1","max-image-preview":"max-image-preview:large","max-video-preview":"max-video-preview:-1"},"og_locale":"fr_FR","og_type":"article","og_title":"Jean-Michel Balthazar et Nahuel Perez Biscayart dans 'Je suis \u00e0 toi' - w-l-c","og_description":"Jean-Michel Balthazar est un acteur de th\u00e9\u00e2tre connu et reconnu. Au cin\u00e9ma on l&rsquo;a notamment vu dans quelques films des fr\u00e8res Dardenne. Il fut aussi la r\u00e9v\u00e9lation du premier court m\u00e9trage de David Lambert : Vivre encore un peu et confirme tout le bien qu&rsquo;on pense de lui dans Je suis \u00e0 toi. &nbsp; Face &hellip;","og_url":"https:\/\/w-l-c.be\/fr\/jean-michel-balthazar-et-nahuel-perez-biscayart\/","og_site_name":"w-l-c","article_published_time":"2014-11-25T10:19:28+00:00","article_modified_time":"2015-12-10T10:02:28+00:00","og_image":[{"width":1920,"height":1080,"url":"https:\/\/w-l-c.be\/wp-content\/uploads\/2014\/11\/Sequence-01.Still002.jpg","type":"image\/jpeg"}],"author":"Philippe.Pierquin","twitter_card":"summary_large_image","twitter_misc":{"\u00c9crit par":"Philippe.Pierquin","Dur\u00e9e de lecture estim\u00e9e":"1 minute"},"schema":{"@context":"https:\/\/schema.org","@graph":[{"@type":"WebPage","@id":"https:\/\/w-l-c.be\/fr\/jean-michel-balthazar-et-nahuel-perez-biscayart\/","url":"https:\/\/w-l-c.be\/fr\/jean-michel-balthazar-et-nahuel-perez-biscayart\/","name":"Jean-Michel Balthazar et Nahuel Perez Biscayart dans 'Je suis \u00e0 toi' - w-l-c","isPartOf":{"@id":"https:\/\/w-l-c.be\/fr\/#website"},"datePublished":"2014-11-25T10:19:28+00:00","dateModified":"2015-12-10T10:02:28+00:00","author":{"@id":"https:\/\/w-l-c.be\/fr\/#\/schema\/person\/4b9b1d857f0943453a38a7c2859ef756"},"breadcrumb":{"@id":"https:\/\/w-l-c.be\/fr\/jean-michel-balthazar-et-nahuel-perez-biscayart\/#breadcrumb"},"inLanguage":"fr-FR","potentialAction":[{"@type":"ReadAction","target":["https:\/\/w-l-c.be\/fr\/jean-michel-balthazar-et-nahuel-perez-biscayart\/"]}]},{"@type":"BreadcrumbList","@id":"https:\/\/w-l-c.be\/fr\/jean-michel-balthazar-et-nahuel-perez-biscayart\/#breadcrumb","itemListElement":[{"@type":"ListItem","position":1,"name":"Accueil","item":"https:\/\/w-l-c.be\/fr\/"},{"@type":"ListItem","position":2,"name":"Jean-Michel Balthazar et Nahuel Perez Biscayart dans &lsquo;Je suis \u00e0 toi&rsquo;"}]},{"@type":"WebSite","@id":"https:\/\/w-l-c.be\/fr\/#website","url":"https:\/\/w-l-c.be\/fr\/","name":"w-l-c","description":"Le cin\u00e9ma vu par les belges","potentialAction":[{"@type":"SearchAction","target":{"@type":"EntryPoint","urlTemplate":"https:\/\/w-l-c.be\/fr\/?s={search_term_string}"},"query-input":"required name=search_term_string"}],"inLanguage":"fr-FR"},{"@type":"Person","@id":"https:\/\/w-l-c.be\/fr\/#\/schema\/person\/4b9b1d857f0943453a38a7c2859ef756","name":"Philippe.Pierquin","url":"https:\/\/w-l-c.be\/fr\/author\/philippe-pierquin\/"}]}},"_links":{"self":[{"href":"https:\/\/w-l-c.be\/fr\/wp-json\/wp\/v2\/posts\/66021","targetHints":{"allow":["GET"]}}],"collection":[{"href":"https:\/\/w-l-c.be\/fr\/wp-json\/wp\/v2\/posts"}],"about":[{"href":"https:\/\/w-l-c.be\/fr\/wp-json\/wp\/v2\/types\/post"}],"author":[{"embeddable":true,"href":"https:\/\/w-l-c.be\/fr\/wp-json\/wp\/v2\/users\/7"}],"replies":[{"embeddable":true,"href":"https:\/\/w-l-c.be\/fr\/wp-json\/wp\/v2\/comments?post=66021"}],"version-history":[{"count":0,"href":"https:\/\/w-l-c.be\/fr\/wp-json\/wp\/v2\/posts\/66021\/revisions"}],"wp:featuredmedia":[{"embeddable":true,"href":"https:\/\/w-l-c.be\/fr\/wp-json\/wp\/v2\/media\/66024"}],"wp:attachment":[{"href":"https:\/\/w-l-c.be\/fr\/wp-json\/wp\/v2\/media?parent=66021"}],"wp:term":[{"taxonomy":"category","embeddable":true,"href":"https:\/\/w-l-c.be\/fr\/wp-json\/wp\/v2\/categories?post=66021"},{"taxonomy":"post_tag","embeddable":true,"href":"https:\/\/w-l-c.be\/fr\/wp-json\/wp\/v2\/tags?post=66021"}],"curies":[{"name":"wp","href":"https:\/\/api.w.org\/{rel}","templated":true}]}}