
{"id":66122,"date":"2014-11-26T13:56:38","date_gmt":"2014-11-26T12:56:38","guid":{"rendered":"http:\/\/www.cinevox.be\/?p=66122"},"modified":"2014-11-26T14:35:48","modified_gmt":"2014-11-26T13:35:48","slug":"la-rancon-de-la-gloire-bande-annonce","status":"publish","type":"post","link":"https:\/\/w-l-c.be\/fr\/la-rancon-de-la-gloire-bande-annonce\/","title":{"rendered":"La ran\u00e7on de la gloire &#8211; bande-annonce"},"content":{"rendered":"<p>Vevey, une petite ville au bord du lac L\u00e9man, 1977.<br \/>\nTout juste sorti de prison, Eddy est accueilli par son ami Osman. Ils ont tous deux convenu d\u2019un march\u00e9. Osman h\u00e9berge Eddy, en \u00e9change de quoi celui-ci s\u2019occupe de sa fille de sept ans, Samira, le temps que sa femme Noor subisse des examens \u00e0 l\u2019h\u00f4pital. Mais en cette veille de No\u00ebl, le manque d\u2019argent se fait cruellement sentir. Aussi, lorsque la t\u00e9l\u00e9vision annonce la mort du richissime com\u00e9dien Charlie Chaplin, Eddy a une id\u00e9e : subtiliser le cercueil de l\u2019acteur et demander une ran\u00e7on \u00e0 la famille !<\/p>\n<p>&nbsp;<\/p>\n<p><em>Si vous aimez cette vid\u00e9o, n\u2019h\u00e9sitez pas \u00e0 la liker. D\u2019autres internautes seront ainsi tent\u00e9s de le regarder. Merci!<\/em><\/p>\n<p><!--more--><\/p>\n<p>&nbsp;<\/p>\n<p>R\u00e9alis\u00e9 par Xavier Beauvois<\/p>\n<p>Avec : Beno\u00eet Poelvoorde, \u00a0Roschdy Zem, S\u00e9li Gmach<\/p>\n<p>Date de sortie :\u00a0 07 janvier 2015<\/p>\n","protected":false},"excerpt":{"rendered":"<p>Vevey, une petite ville au bord du lac L\u00e9man, 1977. Tout juste sorti de prison, Eddy est accueilli par son ami Osman. Ils ont tous deux convenu d\u2019un march\u00e9. Osman h\u00e9berge Eddy, en \u00e9change de quoi celui-ci s\u2019occupe de sa fille de sept ans, Samira, le temps que sa femme Noor subisse des examens \u00e0 &hellip;<\/p>\n","protected":false},"author":7,"featured_media":66123,"comment_status":"closed","ping_status":"closed","sticky":false,"template":"","format":"standard","meta":{"ngg_post_thumbnail":0,"footnotes":""},"categories":[53],"tags":[],"class_list":["post-66122","post","type-post","status-publish","format-standard","has-post-thumbnail","","category-coming-soon"],"yoast_head":"<!-- This site is optimized with the Yoast SEO plugin v20.4 - https:\/\/yoast.com\/wordpress\/plugins\/seo\/ -->\n<title>La ran\u00e7on de la gloire - bande-annonce - w-l-c<\/title>\n<meta name=\"robots\" content=\"noindex, follow, max-snippet:-1, max-image-preview:large, max-video-preview:-1\" \/>\n<meta property=\"og:locale\" content=\"fr_FR\" \/>\n<meta property=\"og:type\" content=\"article\" \/>\n<meta property=\"og:title\" content=\"La ran\u00e7on de la gloire - bande-annonce - w-l-c\" \/>\n<meta property=\"og:description\" content=\"Vevey, une petite ville au bord du lac L\u00e9man, 1977. Tout juste sorti de prison, Eddy est accueilli par son ami Osman. Ils ont tous deux convenu d\u2019un march\u00e9. Osman h\u00e9berge Eddy, en \u00e9change de quoi celui-ci s\u2019occupe de sa fille de sept ans, Samira, le temps que sa femme Noor subisse des examens \u00e0 &hellip;\" \/>\n<meta property=\"og:url\" content=\"https:\/\/w-l-c.be\/fr\/la-rancon-de-la-gloire-bande-annonce\/\" \/>\n<meta property=\"og:site_name\" content=\"w-l-c\" \/>\n<meta property=\"article:published_time\" content=\"2014-11-26T12:56:38+00:00\" \/>\n<meta property=\"article:modified_time\" content=\"2014-11-26T13:35:48+00:00\" \/>\n<meta property=\"og:image\" content=\"https:\/\/w-l-c.be\/wp-content\/uploads\/2014\/11\/LA-RANCON-DE-LA-GLOIRE-premieres-images-du-nouveau-Xavier-Beauvois-41426.jpg\" \/>\n\t<meta property=\"og:image:width\" content=\"508\" \/>\n\t<meta property=\"og:image:height\" content=\"337\" \/>\n\t<meta property=\"og:image:type\" content=\"image\/jpeg\" \/>\n<meta name=\"author\" content=\"Philippe.Pierquin\" \/>\n<meta name=\"twitter:card\" content=\"summary_large_image\" \/>\n<meta name=\"twitter:label1\" content=\"\u00c9crit par\" \/>\n\t<meta name=\"twitter:data1\" content=\"Philippe.Pierquin\" \/>\n\t<meta name=\"twitter:label2\" content=\"Dur\u00e9e de lecture estim\u00e9e\" \/>\n\t<meta name=\"twitter:data2\" content=\"1 minute\" \/>\n<script type=\"application\/ld+json\" class=\"yoast-schema-graph\">{\"@context\":\"https:\/\/schema.org\",\"@graph\":[{\"@type\":\"WebPage\",\"@id\":\"https:\/\/w-l-c.be\/fr\/la-rancon-de-la-gloire-bande-annonce\/\",\"url\":\"https:\/\/w-l-c.be\/fr\/la-rancon-de-la-gloire-bande-annonce\/\",\"name\":\"La ran\u00e7on de la gloire - bande-annonce - w-l-c\",\"isPartOf\":{\"@id\":\"https:\/\/w-l-c.be\/fr\/#website\"},\"datePublished\":\"2014-11-26T12:56:38+00:00\",\"dateModified\":\"2014-11-26T13:35:48+00:00\",\"author\":{\"@id\":\"https:\/\/w-l-c.be\/fr\/#\/schema\/person\/4b9b1d857f0943453a38a7c2859ef756\"},\"breadcrumb\":{\"@id\":\"https:\/\/w-l-c.be\/fr\/la-rancon-de-la-gloire-bande-annonce\/#breadcrumb\"},\"inLanguage\":\"fr-FR\",\"potentialAction\":[{\"@type\":\"ReadAction\",\"target\":[\"https:\/\/w-l-c.be\/fr\/la-rancon-de-la-gloire-bande-annonce\/\"]}]},{\"@type\":\"BreadcrumbList\",\"@id\":\"https:\/\/w-l-c.be\/fr\/la-rancon-de-la-gloire-bande-annonce\/#breadcrumb\",\"itemListElement\":[{\"@type\":\"ListItem\",\"position\":1,\"name\":\"Accueil\",\"item\":\"https:\/\/w-l-c.be\/fr\/\"},{\"@type\":\"ListItem\",\"position\":2,\"name\":\"La ran\u00e7on de la gloire &#8211; bande-annonce\"}]},{\"@type\":\"WebSite\",\"@id\":\"https:\/\/w-l-c.be\/fr\/#website\",\"url\":\"https:\/\/w-l-c.be\/fr\/\",\"name\":\"w-l-c\",\"description\":\"Le cin\u00e9ma vu par les belges\",\"potentialAction\":[{\"@type\":\"SearchAction\",\"target\":{\"@type\":\"EntryPoint\",\"urlTemplate\":\"https:\/\/w-l-c.be\/fr\/?s={search_term_string}\"},\"query-input\":\"required name=search_term_string\"}],\"inLanguage\":\"fr-FR\"},{\"@type\":\"Person\",\"@id\":\"https:\/\/w-l-c.be\/fr\/#\/schema\/person\/4b9b1d857f0943453a38a7c2859ef756\",\"name\":\"Philippe.Pierquin\",\"url\":\"https:\/\/w-l-c.be\/fr\/author\/philippe-pierquin\/\"}]}<\/script>\n<!-- \/ Yoast SEO plugin. -->","yoast_head_json":{"title":"La ran\u00e7on de la gloire - bande-annonce - w-l-c","robots":{"index":"noindex","follow":"follow","max-snippet":"max-snippet:-1","max-image-preview":"max-image-preview:large","max-video-preview":"max-video-preview:-1"},"og_locale":"fr_FR","og_type":"article","og_title":"La ran\u00e7on de la gloire - bande-annonce - w-l-c","og_description":"Vevey, une petite ville au bord du lac L\u00e9man, 1977. Tout juste sorti de prison, Eddy est accueilli par son ami Osman. Ils ont tous deux convenu d\u2019un march\u00e9. Osman h\u00e9berge Eddy, en \u00e9change de quoi celui-ci s\u2019occupe de sa fille de sept ans, Samira, le temps que sa femme Noor subisse des examens \u00e0 &hellip;","og_url":"https:\/\/w-l-c.be\/fr\/la-rancon-de-la-gloire-bande-annonce\/","og_site_name":"w-l-c","article_published_time":"2014-11-26T12:56:38+00:00","article_modified_time":"2014-11-26T13:35:48+00:00","og_image":[{"width":508,"height":337,"url":"https:\/\/w-l-c.be\/wp-content\/uploads\/2014\/11\/LA-RANCON-DE-LA-GLOIRE-premieres-images-du-nouveau-Xavier-Beauvois-41426.jpg","type":"image\/jpeg"}],"author":"Philippe.Pierquin","twitter_card":"summary_large_image","twitter_misc":{"\u00c9crit par":"Philippe.Pierquin","Dur\u00e9e de lecture estim\u00e9e":"1 minute"},"schema":{"@context":"https:\/\/schema.org","@graph":[{"@type":"WebPage","@id":"https:\/\/w-l-c.be\/fr\/la-rancon-de-la-gloire-bande-annonce\/","url":"https:\/\/w-l-c.be\/fr\/la-rancon-de-la-gloire-bande-annonce\/","name":"La ran\u00e7on de la gloire - bande-annonce - w-l-c","isPartOf":{"@id":"https:\/\/w-l-c.be\/fr\/#website"},"datePublished":"2014-11-26T12:56:38+00:00","dateModified":"2014-11-26T13:35:48+00:00","author":{"@id":"https:\/\/w-l-c.be\/fr\/#\/schema\/person\/4b9b1d857f0943453a38a7c2859ef756"},"breadcrumb":{"@id":"https:\/\/w-l-c.be\/fr\/la-rancon-de-la-gloire-bande-annonce\/#breadcrumb"},"inLanguage":"fr-FR","potentialAction":[{"@type":"ReadAction","target":["https:\/\/w-l-c.be\/fr\/la-rancon-de-la-gloire-bande-annonce\/"]}]},{"@type":"BreadcrumbList","@id":"https:\/\/w-l-c.be\/fr\/la-rancon-de-la-gloire-bande-annonce\/#breadcrumb","itemListElement":[{"@type":"ListItem","position":1,"name":"Accueil","item":"https:\/\/w-l-c.be\/fr\/"},{"@type":"ListItem","position":2,"name":"La ran\u00e7on de la gloire &#8211; bande-annonce"}]},{"@type":"WebSite","@id":"https:\/\/w-l-c.be\/fr\/#website","url":"https:\/\/w-l-c.be\/fr\/","name":"w-l-c","description":"Le cin\u00e9ma vu par les belges","potentialAction":[{"@type":"SearchAction","target":{"@type":"EntryPoint","urlTemplate":"https:\/\/w-l-c.be\/fr\/?s={search_term_string}"},"query-input":"required name=search_term_string"}],"inLanguage":"fr-FR"},{"@type":"Person","@id":"https:\/\/w-l-c.be\/fr\/#\/schema\/person\/4b9b1d857f0943453a38a7c2859ef756","name":"Philippe.Pierquin","url":"https:\/\/w-l-c.be\/fr\/author\/philippe-pierquin\/"}]}},"_links":{"self":[{"href":"https:\/\/w-l-c.be\/fr\/wp-json\/wp\/v2\/posts\/66122","targetHints":{"allow":["GET"]}}],"collection":[{"href":"https:\/\/w-l-c.be\/fr\/wp-json\/wp\/v2\/posts"}],"about":[{"href":"https:\/\/w-l-c.be\/fr\/wp-json\/wp\/v2\/types\/post"}],"author":[{"embeddable":true,"href":"https:\/\/w-l-c.be\/fr\/wp-json\/wp\/v2\/users\/7"}],"replies":[{"embeddable":true,"href":"https:\/\/w-l-c.be\/fr\/wp-json\/wp\/v2\/comments?post=66122"}],"version-history":[{"count":0,"href":"https:\/\/w-l-c.be\/fr\/wp-json\/wp\/v2\/posts\/66122\/revisions"}],"wp:featuredmedia":[{"embeddable":true,"href":"https:\/\/w-l-c.be\/fr\/wp-json\/wp\/v2\/media\/66123"}],"wp:attachment":[{"href":"https:\/\/w-l-c.be\/fr\/wp-json\/wp\/v2\/media?parent=66122"}],"wp:term":[{"taxonomy":"category","embeddable":true,"href":"https:\/\/w-l-c.be\/fr\/wp-json\/wp\/v2\/categories?post=66122"},{"taxonomy":"post_tag","embeddable":true,"href":"https:\/\/w-l-c.be\/fr\/wp-json\/wp\/v2\/tags?post=66122"}],"curies":[{"name":"wp","href":"https:\/\/api.w.org\/{rel}","templated":true}]}}