
{"id":66660,"date":"2014-12-07T12:19:39","date_gmt":"2014-12-07T11:19:39","guid":{"rendered":"http:\/\/www.cinevox.be\/?p=66660"},"modified":"2014-12-07T12:24:19","modified_gmt":"2014-12-07T11:24:19","slug":"wonderful-yaar","status":"publish","type":"post","link":"https:\/\/w-l-c.be\/fr\/wonderful-yaar\/","title":{"rendered":"It&rsquo;s a wonderful Yaar"},"content":{"rendered":"<p>A l\u2019occasion de la 55\u00e8me \u00e9dition du Festival international du film documentaire de Florence, le court m\u00e9trage<em> Yaar<\/em> du r\u00e9alisateur belge <strong>Simon Gillard<\/strong> s\u2019est vu attribuer le prix du Meilleur film ethno-anthropologique ainsi que le prix de l\u2019Universit\u00e9 de Syracuse \u00e0 Florence pour le meilleur court m\u00e9trage.<!--more--><\/p>\n<p>&nbsp;<\/p>\n<p>Le jury du Prix Gian Paolo Paoli pour le meilleur film ethno-anthropologique a salu\u00e9 : \u201cune exploration sensible, sensuelle et po\u00e9tique des relations d\u2019un peuple \u00e0 sa terre, dangereusement exploit\u00e9e. Un film qui trace une fine mais puissante ligne d\u2019ambigu\u00eft\u00e9 qui am\u00e8ne la perception elle-m\u00eame \u00e0 l\u2019\u00e9tat de composant essentiel du cin\u00e9ma ethno-anthropologique.\u201d<\/p>\n<p>Le jury de l\u2019Universit\u00e9 de Syracuse \u00e0 Florence a quant \u00e0 lui soulign\u00e9 : \u201csans recourir \u00e0 la parole, les images hypnotisantes capturant la culture, le travail et l\u2019art d\u2019une communaut\u00e9 au Burkina Faso.\u201d<\/p>\n<p>Ces prix s\u2019ajoutent au Prix de la meilleure photographie re\u00e7u lors du dernier Festival international du Film Francophone de Namur.<\/p>\n<p>&nbsp;<\/p>\n<p style=\"line-height: 15.95pt; background: white; orphans: auto; text-align: start; widows: auto; -webkit-text-stroke-width: 0px; word-spacing: 0px; margin: 0cm 0cm 16.2pt 0cm;\"><a href=\"http:\/\/www.cinevox.be\/wonderful-yaar\/yaar-2\/\" rel=\"attachment wp-att-66661\"><img loading=\"lazy\" decoding=\"async\" class=\"aligncenter size-large wp-image-66661\" src=\"http:\/\/www.cinevox.be\/wp-content\/uploads\/2014\/12\/YAAR-2-800x450.jpg\" alt=\"\" width=\"640\" height=\"360\" srcset=\"https:\/\/w-l-c.be\/wp-content\/uploads\/2014\/12\/YAAR-2-800x450.jpg 800w, https:\/\/w-l-c.be\/wp-content\/uploads\/2014\/12\/YAAR-2-200x113.jpg 200w, https:\/\/w-l-c.be\/wp-content\/uploads\/2014\/12\/YAAR-2-480x270.jpg 480w, https:\/\/w-l-c.be\/wp-content\/uploads\/2014\/12\/YAAR-2-300x169.jpg 300w, https:\/\/w-l-c.be\/wp-content\/uploads\/2014\/12\/YAAR-2-620x350.jpg 620w, https:\/\/w-l-c.be\/wp-content\/uploads\/2014\/12\/YAAR-2.jpg 1920w\" sizes=\"auto, (max-width: 640px) 100vw, 640px\" \/><\/a><\/p>\n<p>&nbsp;<\/p>\n<p><em>\u00a0Yaar<\/em> raconte, au c\u0153ur de la brousse, au creux des graviers, une civilisation ent\u00eat\u00e9e qui cherche son avenir sous la terre. Aveugles ou bien trop voyants, les orpailleurs creusent, nuit et jour, pouss\u00e9s par la folie qui guide l&rsquo;homme jusqu&rsquo;\u00e0 sa mort.<\/p>\n<p>Situ\u00e9 au Burkina Faso, <em>Yaar<\/em> est le film de fin d\u2019\u00e9tude de Simon Gilllard (INSAS) r\u00e9alis\u00e9 dans le cadre d\u2019un \u00e9change avec l\u2019ISIS, l\u2019\u00e9cole de cin\u00e9ma de Ouagadougou.<\/p>\n<p>Produit par l\u2019Atelier de l\u2019INSAS, le film a re\u00e7u le soutien du Centre du Cin\u00e9ma et de l\u2019Audiovisuel.<\/p>\n","protected":false},"excerpt":{"rendered":"<p>A l\u2019occasion de la 55\u00e8me \u00e9dition du Festival international du film documentaire de Florence, le court m\u00e9trage Yaar du r\u00e9alisateur belge Simon Gillard s\u2019est vu attribuer le prix du Meilleur film ethno-anthropologique ainsi que le prix de l\u2019Universit\u00e9 de Syracuse \u00e0 Florence pour le meilleur court m\u00e9trage.<\/p>\n","protected":false},"author":7,"featured_media":66663,"comment_status":"closed","ping_status":"closed","sticky":false,"template":"","format":"standard","meta":{"ngg_post_thumbnail":0,"footnotes":""},"categories":[12],"tags":[],"class_list":["post-66660","post","type-post","status-publish","format-standard","has-post-thumbnail","","category-awards"],"yoast_head":"<!-- This site is optimized with the Yoast SEO plugin v20.4 - https:\/\/yoast.com\/wordpress\/plugins\/seo\/ -->\n<title>It&#039;s a wonderful Yaar - w-l-c<\/title>\n<meta name=\"robots\" content=\"noindex, follow, max-snippet:-1, max-image-preview:large, max-video-preview:-1\" \/>\n<meta property=\"og:locale\" content=\"fr_FR\" \/>\n<meta property=\"og:type\" content=\"article\" \/>\n<meta property=\"og:title\" content=\"It&#039;s a wonderful Yaar - w-l-c\" \/>\n<meta property=\"og:description\" content=\"A l\u2019occasion de la 55\u00e8me \u00e9dition du Festival international du film documentaire de Florence, le court m\u00e9trage Yaar du r\u00e9alisateur belge Simon Gillard s\u2019est vu attribuer le prix du Meilleur film ethno-anthropologique ainsi que le prix de l\u2019Universit\u00e9 de Syracuse \u00e0 Florence pour le meilleur court m\u00e9trage.\" \/>\n<meta property=\"og:url\" content=\"https:\/\/w-l-c.be\/fr\/wonderful-yaar\/\" \/>\n<meta property=\"og:site_name\" content=\"w-l-c\" \/>\n<meta property=\"article:published_time\" content=\"2014-12-07T11:19:39+00:00\" \/>\n<meta property=\"article:modified_time\" content=\"2014-12-07T11:24:19+00:00\" \/>\n<meta property=\"og:image\" content=\"https:\/\/w-l-c.be\/wp-content\/uploads\/2014\/12\/YAAR.jpg\" \/>\n\t<meta property=\"og:image:width\" content=\"1920\" \/>\n\t<meta property=\"og:image:height\" content=\"1080\" \/>\n\t<meta property=\"og:image:type\" content=\"image\/jpeg\" \/>\n<meta name=\"author\" content=\"Philippe.Pierquin\" \/>\n<meta name=\"twitter:card\" content=\"summary_large_image\" \/>\n<meta name=\"twitter:label1\" content=\"\u00c9crit par\" \/>\n\t<meta name=\"twitter:data1\" content=\"Philippe.Pierquin\" \/>\n\t<meta name=\"twitter:label2\" content=\"Dur\u00e9e de lecture estim\u00e9e\" \/>\n\t<meta name=\"twitter:data2\" content=\"1 minute\" \/>\n<script type=\"application\/ld+json\" class=\"yoast-schema-graph\">{\"@context\":\"https:\/\/schema.org\",\"@graph\":[{\"@type\":\"WebPage\",\"@id\":\"https:\/\/w-l-c.be\/fr\/wonderful-yaar\/\",\"url\":\"https:\/\/w-l-c.be\/fr\/wonderful-yaar\/\",\"name\":\"It's a wonderful Yaar - w-l-c\",\"isPartOf\":{\"@id\":\"https:\/\/w-l-c.be\/fr\/#website\"},\"datePublished\":\"2014-12-07T11:19:39+00:00\",\"dateModified\":\"2014-12-07T11:24:19+00:00\",\"author\":{\"@id\":\"https:\/\/w-l-c.be\/fr\/#\/schema\/person\/4b9b1d857f0943453a38a7c2859ef756\"},\"breadcrumb\":{\"@id\":\"https:\/\/w-l-c.be\/fr\/wonderful-yaar\/#breadcrumb\"},\"inLanguage\":\"fr-FR\",\"potentialAction\":[{\"@type\":\"ReadAction\",\"target\":[\"https:\/\/w-l-c.be\/fr\/wonderful-yaar\/\"]}]},{\"@type\":\"BreadcrumbList\",\"@id\":\"https:\/\/w-l-c.be\/fr\/wonderful-yaar\/#breadcrumb\",\"itemListElement\":[{\"@type\":\"ListItem\",\"position\":1,\"name\":\"Accueil\",\"item\":\"https:\/\/w-l-c.be\/fr\/\"},{\"@type\":\"ListItem\",\"position\":2,\"name\":\"It&rsquo;s a wonderful Yaar\"}]},{\"@type\":\"WebSite\",\"@id\":\"https:\/\/w-l-c.be\/fr\/#website\",\"url\":\"https:\/\/w-l-c.be\/fr\/\",\"name\":\"w-l-c\",\"description\":\"Le cin\u00e9ma vu par les belges\",\"potentialAction\":[{\"@type\":\"SearchAction\",\"target\":{\"@type\":\"EntryPoint\",\"urlTemplate\":\"https:\/\/w-l-c.be\/fr\/?s={search_term_string}\"},\"query-input\":\"required name=search_term_string\"}],\"inLanguage\":\"fr-FR\"},{\"@type\":\"Person\",\"@id\":\"https:\/\/w-l-c.be\/fr\/#\/schema\/person\/4b9b1d857f0943453a38a7c2859ef756\",\"name\":\"Philippe.Pierquin\",\"url\":\"https:\/\/w-l-c.be\/fr\/author\/philippe-pierquin\/\"}]}<\/script>\n<!-- \/ Yoast SEO plugin. -->","yoast_head_json":{"title":"It's a wonderful Yaar - w-l-c","robots":{"index":"noindex","follow":"follow","max-snippet":"max-snippet:-1","max-image-preview":"max-image-preview:large","max-video-preview":"max-video-preview:-1"},"og_locale":"fr_FR","og_type":"article","og_title":"It's a wonderful Yaar - w-l-c","og_description":"A l\u2019occasion de la 55\u00e8me \u00e9dition du Festival international du film documentaire de Florence, le court m\u00e9trage Yaar du r\u00e9alisateur belge Simon Gillard s\u2019est vu attribuer le prix du Meilleur film ethno-anthropologique ainsi que le prix de l\u2019Universit\u00e9 de Syracuse \u00e0 Florence pour le meilleur court m\u00e9trage.","og_url":"https:\/\/w-l-c.be\/fr\/wonderful-yaar\/","og_site_name":"w-l-c","article_published_time":"2014-12-07T11:19:39+00:00","article_modified_time":"2014-12-07T11:24:19+00:00","og_image":[{"width":1920,"height":1080,"url":"https:\/\/w-l-c.be\/wp-content\/uploads\/2014\/12\/YAAR.jpg","type":"image\/jpeg"}],"author":"Philippe.Pierquin","twitter_card":"summary_large_image","twitter_misc":{"\u00c9crit par":"Philippe.Pierquin","Dur\u00e9e de lecture estim\u00e9e":"1 minute"},"schema":{"@context":"https:\/\/schema.org","@graph":[{"@type":"WebPage","@id":"https:\/\/w-l-c.be\/fr\/wonderful-yaar\/","url":"https:\/\/w-l-c.be\/fr\/wonderful-yaar\/","name":"It's a wonderful Yaar - w-l-c","isPartOf":{"@id":"https:\/\/w-l-c.be\/fr\/#website"},"datePublished":"2014-12-07T11:19:39+00:00","dateModified":"2014-12-07T11:24:19+00:00","author":{"@id":"https:\/\/w-l-c.be\/fr\/#\/schema\/person\/4b9b1d857f0943453a38a7c2859ef756"},"breadcrumb":{"@id":"https:\/\/w-l-c.be\/fr\/wonderful-yaar\/#breadcrumb"},"inLanguage":"fr-FR","potentialAction":[{"@type":"ReadAction","target":["https:\/\/w-l-c.be\/fr\/wonderful-yaar\/"]}]},{"@type":"BreadcrumbList","@id":"https:\/\/w-l-c.be\/fr\/wonderful-yaar\/#breadcrumb","itemListElement":[{"@type":"ListItem","position":1,"name":"Accueil","item":"https:\/\/w-l-c.be\/fr\/"},{"@type":"ListItem","position":2,"name":"It&rsquo;s a wonderful Yaar"}]},{"@type":"WebSite","@id":"https:\/\/w-l-c.be\/fr\/#website","url":"https:\/\/w-l-c.be\/fr\/","name":"w-l-c","description":"Le cin\u00e9ma vu par les belges","potentialAction":[{"@type":"SearchAction","target":{"@type":"EntryPoint","urlTemplate":"https:\/\/w-l-c.be\/fr\/?s={search_term_string}"},"query-input":"required name=search_term_string"}],"inLanguage":"fr-FR"},{"@type":"Person","@id":"https:\/\/w-l-c.be\/fr\/#\/schema\/person\/4b9b1d857f0943453a38a7c2859ef756","name":"Philippe.Pierquin","url":"https:\/\/w-l-c.be\/fr\/author\/philippe-pierquin\/"}]}},"_links":{"self":[{"href":"https:\/\/w-l-c.be\/fr\/wp-json\/wp\/v2\/posts\/66660","targetHints":{"allow":["GET"]}}],"collection":[{"href":"https:\/\/w-l-c.be\/fr\/wp-json\/wp\/v2\/posts"}],"about":[{"href":"https:\/\/w-l-c.be\/fr\/wp-json\/wp\/v2\/types\/post"}],"author":[{"embeddable":true,"href":"https:\/\/w-l-c.be\/fr\/wp-json\/wp\/v2\/users\/7"}],"replies":[{"embeddable":true,"href":"https:\/\/w-l-c.be\/fr\/wp-json\/wp\/v2\/comments?post=66660"}],"version-history":[{"count":0,"href":"https:\/\/w-l-c.be\/fr\/wp-json\/wp\/v2\/posts\/66660\/revisions"}],"wp:featuredmedia":[{"embeddable":true,"href":"https:\/\/w-l-c.be\/fr\/wp-json\/wp\/v2\/media\/66663"}],"wp:attachment":[{"href":"https:\/\/w-l-c.be\/fr\/wp-json\/wp\/v2\/media?parent=66660"}],"wp:term":[{"taxonomy":"category","embeddable":true,"href":"https:\/\/w-l-c.be\/fr\/wp-json\/wp\/v2\/categories?post=66660"},{"taxonomy":"post_tag","embeddable":true,"href":"https:\/\/w-l-c.be\/fr\/wp-json\/wp\/v2\/tags?post=66660"}],"curies":[{"name":"wp","href":"https:\/\/api.w.org\/{rel}","templated":true}]}}