
{"id":66669,"date":"2014-12-09T06:32:35","date_gmt":"2014-12-09T05:32:35","guid":{"rendered":"http:\/\/www.cinevox.be\/?p=66669"},"modified":"2014-12-09T10:42:32","modified_gmt":"2014-12-09T09:42:32","slug":"photo-du-jour-15","status":"publish","type":"post","link":"https:\/\/w-l-c.be\/fr\/photo-du-jour-15\/","title":{"rendered":"Photo du jour &#8211; Mardi 9 d\u00e9cembre 2014"},"content":{"rendered":"<p><em>Image<\/em> est un ph\u00e9nom\u00e8ne. Un peu plus de 100.000 euros de budget et d\u00e9j\u00e0 plus de 42.000 spectateurs<\/p>\n<p>Ca vaut bien une c\u00e9l\u00e9bration fraternelle entre les deux r\u00e9alisateurs <span class=\"fbPhotoTagListTag tagItem\"><a class=\"taggee\" href=\"https:\/\/www.facebook.com\/adil.arbi\" data-tag=\"1428702894\" data-hovercard=\"\/ajax\/hovercard\/hovercard.php?id=1428702894&amp;type=mediatag&amp;media_info=6.681300261989820\">Adil El Arbi<\/a><\/span>,et <span class=\"fbPhotoTagListTag tagItem\"><a id=\"js_4l\" class=\"taggee\" href=\"https:\/\/www.facebook.com\/bilall.fallah\" data-tag=\"817505023\" data-hovercard=\"\/ajax\/hovercard\/hovercard.php?id=817505023&amp;type=mediatag&amp;media_info=6.681300261989820\">Bilall Fallah<\/a><\/span>.\u00a0et leur incroyable com\u00e9dien, Nabil Mallat<\/p>\n<p>&nbsp;<\/p>\n<p>La bande annonce du film est \u00e0 voir <a href=\"http:\/\/www.cinevox.be\/?p=62970\">ICI<\/a><\/p>\n<p><span id=\"fbPhotoSnowliftCaption\" class=\"fbPhotosPhotoCaption\" tabindex=\"0\" data-ft=\"{&quot;tn&quot;:&quot;K&quot;}\"><span class=\"hasCaption\">Photo de \u00a0<a href=\"https:\/\/www.facebook.com\/voets.jo\" data-hovercard=\"\/ajax\/hovercard\/user.php?id=573327693\">Johan Voets<\/a>.<\/span><\/span><span id=\"fbPhotoSnowliftTagList\" class=\"fbPhotoTagList\"><span class=\"fcg\">\u00a0<\/span><\/span><\/p>\n<p><!--more--><\/p>\n<p>&nbsp;<\/p>\n<p>&nbsp;<\/p>\n<p><a href=\"http:\/\/www.cinevox.be\/photo-du-jour-15\/10339468_681300261989820_4276185136704785472_o\/\" rel=\"attachment wp-att-66671\"><img loading=\"lazy\" decoding=\"async\" class=\"aligncenter size-large wp-image-66671\" src=\"http:\/\/www.cinevox.be\/wp-content\/uploads\/2014\/12\/10339468_681300261989820_4276185136704785472_o-800x533.jpg\" alt=\"\" width=\"640\" height=\"426\" srcset=\"https:\/\/w-l-c.be\/wp-content\/uploads\/2014\/12\/10339468_681300261989820_4276185136704785472_o-800x533.jpg 800w, https:\/\/w-l-c.be\/wp-content\/uploads\/2014\/12\/10339468_681300261989820_4276185136704785472_o-404x270.jpg 404w, https:\/\/w-l-c.be\/wp-content\/uploads\/2014\/12\/10339468_681300261989820_4276185136704785472_o.jpg 1417w\" sizes=\"auto, (max-width: 640px) 100vw, 640px\" \/><\/a><\/p>\n","protected":false},"excerpt":{"rendered":"<p>Image est un ph\u00e9nom\u00e8ne. Un peu plus de 100.000 euros de budget et d\u00e9j\u00e0 plus de 42.000 spectateurs Ca vaut bien une c\u00e9l\u00e9bration fraternelle entre les deux r\u00e9alisateurs Adil El Arbi,et Bilall Fallah.\u00a0et leur incroyable com\u00e9dien, Nabil Mallat &nbsp; La bande annonce du film est \u00e0 voir ICI Photo de \u00a0Johan Voets.\u00a0<\/p>\n","protected":false},"author":7,"featured_media":66803,"comment_status":"closed","ping_status":"closed","sticky":false,"template":"","format":"standard","meta":{"ngg_post_thumbnail":0,"footnotes":""},"categories":[1923,7],"tags":[],"class_list":["post-66669","post","type-post","status-publish","format-standard","has-post-thumbnail","","category-en-bref","category-actualites"],"yoast_head":"<!-- This site is optimized with the Yoast SEO plugin v20.4 - https:\/\/yoast.com\/wordpress\/plugins\/seo\/ -->\n<title>Photo du jour - Mardi 9 d\u00e9cembre 2014 - w-l-c<\/title>\n<meta name=\"robots\" content=\"noindex, follow, max-snippet:-1, max-image-preview:large, max-video-preview:-1\" \/>\n<meta property=\"og:locale\" content=\"fr_FR\" \/>\n<meta property=\"og:type\" content=\"article\" \/>\n<meta property=\"og:title\" content=\"Photo du jour - Mardi 9 d\u00e9cembre 2014 - w-l-c\" \/>\n<meta property=\"og:description\" content=\"Image est un ph\u00e9nom\u00e8ne. Un peu plus de 100.000 euros de budget et d\u00e9j\u00e0 plus de 42.000 spectateurs Ca vaut bien une c\u00e9l\u00e9bration fraternelle entre les deux r\u00e9alisateurs Adil El Arbi,et Bilall Fallah.\u00a0et leur incroyable com\u00e9dien, Nabil Mallat &nbsp; La bande annonce du film est \u00e0 voir ICI Photo de \u00a0Johan Voets.\u00a0\" \/>\n<meta property=\"og:url\" content=\"https:\/\/w-l-c.be\/fr\/photo-du-jour-15\/\" \/>\n<meta property=\"og:site_name\" content=\"w-l-c\" \/>\n<meta property=\"article:published_time\" content=\"2014-12-09T05:32:35+00:00\" \/>\n<meta property=\"article:modified_time\" content=\"2014-12-09T09:42:32+00:00\" \/>\n<meta property=\"og:image\" content=\"https:\/\/w-l-c.be\/wp-content\/uploads\/2014\/12\/app4.jpg\" \/>\n\t<meta property=\"og:image:width\" content=\"1536\" \/>\n\t<meta property=\"og:image:height\" content=\"1024\" \/>\n\t<meta property=\"og:image:type\" content=\"image\/jpeg\" \/>\n<meta name=\"author\" content=\"Philippe.Pierquin\" \/>\n<meta name=\"twitter:card\" content=\"summary_large_image\" \/>\n<meta name=\"twitter:label1\" content=\"\u00c9crit par\" \/>\n\t<meta name=\"twitter:data1\" content=\"Philippe.Pierquin\" \/>\n<script type=\"application\/ld+json\" class=\"yoast-schema-graph\">{\"@context\":\"https:\/\/schema.org\",\"@graph\":[{\"@type\":\"WebPage\",\"@id\":\"https:\/\/w-l-c.be\/fr\/photo-du-jour-15\/\",\"url\":\"https:\/\/w-l-c.be\/fr\/photo-du-jour-15\/\",\"name\":\"Photo du jour - Mardi 9 d\u00e9cembre 2014 - w-l-c\",\"isPartOf\":{\"@id\":\"https:\/\/w-l-c.be\/fr\/#website\"},\"datePublished\":\"2014-12-09T05:32:35+00:00\",\"dateModified\":\"2014-12-09T09:42:32+00:00\",\"author\":{\"@id\":\"https:\/\/w-l-c.be\/fr\/#\/schema\/person\/4b9b1d857f0943453a38a7c2859ef756\"},\"breadcrumb\":{\"@id\":\"https:\/\/w-l-c.be\/fr\/photo-du-jour-15\/#breadcrumb\"},\"inLanguage\":\"fr-FR\",\"potentialAction\":[{\"@type\":\"ReadAction\",\"target\":[\"https:\/\/w-l-c.be\/fr\/photo-du-jour-15\/\"]}]},{\"@type\":\"BreadcrumbList\",\"@id\":\"https:\/\/w-l-c.be\/fr\/photo-du-jour-15\/#breadcrumb\",\"itemListElement\":[{\"@type\":\"ListItem\",\"position\":1,\"name\":\"Accueil\",\"item\":\"https:\/\/w-l-c.be\/fr\/\"},{\"@type\":\"ListItem\",\"position\":2,\"name\":\"Photo du jour &#8211; Mardi 9 d\u00e9cembre 2014\"}]},{\"@type\":\"WebSite\",\"@id\":\"https:\/\/w-l-c.be\/fr\/#website\",\"url\":\"https:\/\/w-l-c.be\/fr\/\",\"name\":\"w-l-c\",\"description\":\"Le cin\u00e9ma vu par les belges\",\"potentialAction\":[{\"@type\":\"SearchAction\",\"target\":{\"@type\":\"EntryPoint\",\"urlTemplate\":\"https:\/\/w-l-c.be\/fr\/?s={search_term_string}\"},\"query-input\":\"required name=search_term_string\"}],\"inLanguage\":\"fr-FR\"},{\"@type\":\"Person\",\"@id\":\"https:\/\/w-l-c.be\/fr\/#\/schema\/person\/4b9b1d857f0943453a38a7c2859ef756\",\"name\":\"Philippe.Pierquin\",\"url\":\"https:\/\/w-l-c.be\/fr\/author\/philippe-pierquin\/\"}]}<\/script>\n<!-- \/ Yoast SEO plugin. -->","yoast_head_json":{"title":"Photo du jour - Mardi 9 d\u00e9cembre 2014 - w-l-c","robots":{"index":"noindex","follow":"follow","max-snippet":"max-snippet:-1","max-image-preview":"max-image-preview:large","max-video-preview":"max-video-preview:-1"},"og_locale":"fr_FR","og_type":"article","og_title":"Photo du jour - Mardi 9 d\u00e9cembre 2014 - w-l-c","og_description":"Image est un ph\u00e9nom\u00e8ne. Un peu plus de 100.000 euros de budget et d\u00e9j\u00e0 plus de 42.000 spectateurs Ca vaut bien une c\u00e9l\u00e9bration fraternelle entre les deux r\u00e9alisateurs Adil El Arbi,et Bilall Fallah.\u00a0et leur incroyable com\u00e9dien, Nabil Mallat &nbsp; La bande annonce du film est \u00e0 voir ICI Photo de \u00a0Johan Voets.\u00a0","og_url":"https:\/\/w-l-c.be\/fr\/photo-du-jour-15\/","og_site_name":"w-l-c","article_published_time":"2014-12-09T05:32:35+00:00","article_modified_time":"2014-12-09T09:42:32+00:00","og_image":[{"width":1536,"height":1024,"url":"https:\/\/w-l-c.be\/wp-content\/uploads\/2014\/12\/app4.jpg","type":"image\/jpeg"}],"author":"Philippe.Pierquin","twitter_card":"summary_large_image","twitter_misc":{"\u00c9crit par":"Philippe.Pierquin"},"schema":{"@context":"https:\/\/schema.org","@graph":[{"@type":"WebPage","@id":"https:\/\/w-l-c.be\/fr\/photo-du-jour-15\/","url":"https:\/\/w-l-c.be\/fr\/photo-du-jour-15\/","name":"Photo du jour - Mardi 9 d\u00e9cembre 2014 - w-l-c","isPartOf":{"@id":"https:\/\/w-l-c.be\/fr\/#website"},"datePublished":"2014-12-09T05:32:35+00:00","dateModified":"2014-12-09T09:42:32+00:00","author":{"@id":"https:\/\/w-l-c.be\/fr\/#\/schema\/person\/4b9b1d857f0943453a38a7c2859ef756"},"breadcrumb":{"@id":"https:\/\/w-l-c.be\/fr\/photo-du-jour-15\/#breadcrumb"},"inLanguage":"fr-FR","potentialAction":[{"@type":"ReadAction","target":["https:\/\/w-l-c.be\/fr\/photo-du-jour-15\/"]}]},{"@type":"BreadcrumbList","@id":"https:\/\/w-l-c.be\/fr\/photo-du-jour-15\/#breadcrumb","itemListElement":[{"@type":"ListItem","position":1,"name":"Accueil","item":"https:\/\/w-l-c.be\/fr\/"},{"@type":"ListItem","position":2,"name":"Photo du jour &#8211; Mardi 9 d\u00e9cembre 2014"}]},{"@type":"WebSite","@id":"https:\/\/w-l-c.be\/fr\/#website","url":"https:\/\/w-l-c.be\/fr\/","name":"w-l-c","description":"Le cin\u00e9ma vu par les belges","potentialAction":[{"@type":"SearchAction","target":{"@type":"EntryPoint","urlTemplate":"https:\/\/w-l-c.be\/fr\/?s={search_term_string}"},"query-input":"required name=search_term_string"}],"inLanguage":"fr-FR"},{"@type":"Person","@id":"https:\/\/w-l-c.be\/fr\/#\/schema\/person\/4b9b1d857f0943453a38a7c2859ef756","name":"Philippe.Pierquin","url":"https:\/\/w-l-c.be\/fr\/author\/philippe-pierquin\/"}]}},"_links":{"self":[{"href":"https:\/\/w-l-c.be\/fr\/wp-json\/wp\/v2\/posts\/66669","targetHints":{"allow":["GET"]}}],"collection":[{"href":"https:\/\/w-l-c.be\/fr\/wp-json\/wp\/v2\/posts"}],"about":[{"href":"https:\/\/w-l-c.be\/fr\/wp-json\/wp\/v2\/types\/post"}],"author":[{"embeddable":true,"href":"https:\/\/w-l-c.be\/fr\/wp-json\/wp\/v2\/users\/7"}],"replies":[{"embeddable":true,"href":"https:\/\/w-l-c.be\/fr\/wp-json\/wp\/v2\/comments?post=66669"}],"version-history":[{"count":0,"href":"https:\/\/w-l-c.be\/fr\/wp-json\/wp\/v2\/posts\/66669\/revisions"}],"wp:featuredmedia":[{"embeddable":true,"href":"https:\/\/w-l-c.be\/fr\/wp-json\/wp\/v2\/media\/66803"}],"wp:attachment":[{"href":"https:\/\/w-l-c.be\/fr\/wp-json\/wp\/v2\/media?parent=66669"}],"wp:term":[{"taxonomy":"category","embeddable":true,"href":"https:\/\/w-l-c.be\/fr\/wp-json\/wp\/v2\/categories?post=66669"},{"taxonomy":"post_tag","embeddable":true,"href":"https:\/\/w-l-c.be\/fr\/wp-json\/wp\/v2\/tags?post=66669"}],"curies":[{"name":"wp","href":"https:\/\/api.w.org\/{rel}","templated":true}]}}