
{"id":67158,"date":"2014-12-17T09:38:59","date_gmt":"2014-12-17T08:38:59","guid":{"rendered":"http:\/\/www.cinevox.be\/?p=67158"},"modified":"2014-12-17T17:53:48","modified_gmt":"2014-12-17T16:53:48","slug":"trois-longs-metrages-belges-et-six-courts-rome","status":"publish","type":"post","link":"https:\/\/w-l-c.be\/fr\/trois-longs-metrages-belges-et-six-courts-rome\/","title":{"rendered":"Trois longs m\u00e9trages belges et six courts \u00e0 Rome"},"content":{"rendered":"<p>En cours depuis le 12 d\u00e9cembre, le festival italien CinemAvvenire a une tonalit\u00e9 assez belge cette ann\u00e9e. Ses spectateurs pourront d\u00e9couvrir en comp\u00e9tition une s\u00e9lection fort originale de films belges francophones.<!--more--><\/p>\n<p>&nbsp;<\/p>\n<p><a href=\"http:\/\/www.cinevox.be\/trois-longs-metrages-belges-et-six-courts-rome\/lap_04-3\/\" rel=\"attachment wp-att-67161\"><img loading=\"lazy\" decoding=\"async\" class=\"aligncenter size-large wp-image-67161\" src=\"http:\/\/www.cinevox.be\/wp-content\/uploads\/2014\/12\/LAP_04-800x335.jpg\" alt=\"\" width=\"640\" height=\"268\" srcset=\"https:\/\/w-l-c.be\/wp-content\/uploads\/2014\/12\/LAP_04-800x335.jpg 800w, https:\/\/w-l-c.be\/wp-content\/uploads\/2014\/12\/LAP_04-480x201.jpg 480w, https:\/\/w-l-c.be\/wp-content\/uploads\/2014\/12\/LAP_04.jpg 2048w\" sizes=\"auto, (max-width: 640px) 100vw, 640px\" \/><\/a><\/p>\n<p>&nbsp;<\/p>\n<p>Dans la section Longs m\u00e9trages europ\u00e9ens, on retrouve le choix le plus classique : <em>L\u2019ann\u00e9e prochaine,<\/em> de <strong>Vania Leturcq<\/strong>. Ce film d\u2019initiation mettant en sc\u00e8ne deux jeunes filles a d\u00e9j\u00e0 su s\u00e9duire le FIFF, le Festival de films du monde de Montr\u00e9al et sera bient\u00f4t diffus\u00e9 au festival Premiers Plans d\u2019Angers.<br \/>\nIl fera la cl\u00f4ture du Be Film festival le 30 d\u00e9cembre \u00e0 Bozar<\/p>\n<p>&nbsp;<\/p>\n<p><a href=\"http:\/\/www.cinevox.be\/trois-longs-metrages-belges-et-six-courts-rome\/le-repas-dus-inge-slide2\/\" rel=\"attachment wp-att-67162\"><img loading=\"lazy\" decoding=\"async\" class=\"aligncenter size-large wp-image-67162\" src=\"http:\/\/www.cinevox.be\/wp-content\/uploads\/2014\/12\/le-repas-dus-inge-slide2-800x533.jpg\" alt=\"\" width=\"640\" height=\"426\" srcset=\"https:\/\/w-l-c.be\/wp-content\/uploads\/2014\/12\/le-repas-dus-inge-slide2-800x533.jpg 800w, https:\/\/w-l-c.be\/wp-content\/uploads\/2014\/12\/le-repas-dus-inge-slide2-404x270.jpg 404w, https:\/\/w-l-c.be\/wp-content\/uploads\/2014\/12\/le-repas-dus-inge-slide2.jpg 886w\" sizes=\"auto, (max-width: 640px) 100vw, 640px\" \/><\/a><\/p>\n<p>&nbsp;<\/p>\n<p><strong>Karim Ouelajh<\/strong> sera \u00e9galement de la comp\u00e9tition, avec <em>Le Repas du singe.<\/em> Le film suit Nadia et Sophie, deux jeunes femmes dans la trentaine, qui ont pour point commun un certain mal \u00eatre. Quand leurs routes vont se croiser, elles vont tenter, ensemble, de vivre et non plus de se contenter de survivre.<\/p>\n<p>&nbsp;<\/p>\n<p><a href=\"http:\/\/www.cinevox.be\/trois-longs-metrages-belges-et-six-courts-rome\/2014-12-16_13h41_30\/\" rel=\"attachment wp-att-67163\"><img loading=\"lazy\" decoding=\"async\" class=\"aligncenter size-large wp-image-67163\" src=\"http:\/\/www.cinevox.be\/wp-content\/uploads\/2014\/12\/2014-12-16_13h41_30-800x436.jpg\" alt=\"\" width=\"640\" height=\"348\" srcset=\"https:\/\/w-l-c.be\/wp-content\/uploads\/2014\/12\/2014-12-16_13h41_30-800x436.jpg 800w, https:\/\/w-l-c.be\/wp-content\/uploads\/2014\/12\/2014-12-16_13h41_30-480x261.jpg 480w, https:\/\/w-l-c.be\/wp-content\/uploads\/2014\/12\/2014-12-16_13h41_30.jpg 1235w\" sizes=\"auto, (max-width: 640px) 100vw, 640px\" \/><\/a><\/p>\n<p>&nbsp;<\/p>\n<p>Enfin, on d\u00e9couvrira l\u00e0-bas <em>Seuls \u00e0 bord,<\/em> film d\u2019horreur de <strong>Jean Fran\u00e7ois le Guay <\/strong>o\u00f9 Capra, repr\u00e9sentant en assurances, rencontre une inconnue\u00a0 venue \u00e0 son secours alors qu&rsquo;il est agress\u00e9.<br \/>\nPersuad\u00e9 de l&rsquo;avoir prise en stop par le plus grand des hasards, il accepte de la suivre, m\u00eame si cela l&rsquo;oblige \u00e0 fr\u00e9quenter la mort de tr\u00e8s pr\u00e8s&#8230;<\/p>\n<p>Le teaser est\u00a0<a href=\"http:\/\/www.cinevox.be\/?p=67159\" target=\"_blank\">ICI<\/a><\/p>\n<p>&nbsp;<\/p>\n<p><a href=\"http:\/\/www.cinevox.be\/trois-longs-metrages-belges-et-six-courts-rome\/30vtaxistop\/\" rel=\"attachment wp-att-67164\"><img loading=\"lazy\" decoding=\"async\" class=\"aligncenter size-full wp-image-67164\" src=\"http:\/\/www.cinevox.be\/wp-content\/uploads\/2014\/12\/30vtaxistop.jpg\" alt=\"\" width=\"645\" height=\"363\" srcset=\"https:\/\/w-l-c.be\/wp-content\/uploads\/2014\/12\/30vtaxistop.jpg 645w, https:\/\/w-l-c.be\/wp-content\/uploads\/2014\/12\/30vtaxistop-200x113.jpg 200w, https:\/\/w-l-c.be\/wp-content\/uploads\/2014\/12\/30vtaxistop-480x270.jpg 480w, https:\/\/w-l-c.be\/wp-content\/uploads\/2014\/12\/30vtaxistop-300x169.jpg 300w, https:\/\/w-l-c.be\/wp-content\/uploads\/2014\/12\/30vtaxistop-620x350.jpg 620w\" sizes=\"auto, (max-width: 645px) 100vw, 645px\" \/><\/a><\/p>\n<p>&nbsp;<\/p>\n<p>Quelques courts m\u00e9trages produits en f\u00e9d\u00e9ration Wallonie Bruxelles seront aussi \u00e0 la f\u00eate, dans la section Courts m\u00e9trages europ\u00e9ens : <em>Auguste et Louis<\/em> de Nicolas Betrand , <em>Les visites<\/em> de Cl\u00e9ment Abbey , <em>Lost and found<\/em> d\u2019Antje Van Wichelen, <em>Paul et Virginie <\/em>de Paul Cartron, <em>Taxistop<\/em> de Marie Enthoven (photo) et <em>Un parfum de citron<\/em> de Sarah Carlot<\/p>\n","protected":false},"excerpt":{"rendered":"<p>En cours depuis le 12 d\u00e9cembre, le festival italien CinemAvvenire a une tonalit\u00e9 assez belge cette ann\u00e9e. Ses spectateurs pourront d\u00e9couvrir en comp\u00e9tition une s\u00e9lection fort originale de films belges francophones.<\/p>\n","protected":false},"author":7,"featured_media":67166,"comment_status":"closed","ping_status":"closed","sticky":false,"template":"","format":"standard","meta":{"ngg_post_thumbnail":0,"footnotes":""},"categories":[7],"tags":[],"class_list":["post-67158","post","type-post","status-publish","format-standard","has-post-thumbnail","","category-actualites"],"yoast_head":"<!-- This site is optimized with the Yoast SEO plugin v20.4 - https:\/\/yoast.com\/wordpress\/plugins\/seo\/ -->\n<title>Trois longs m\u00e9trages belges et six courts \u00e0 Rome - w-l-c<\/title>\n<meta name=\"robots\" content=\"noindex, follow, max-snippet:-1, max-image-preview:large, max-video-preview:-1\" \/>\n<meta property=\"og:locale\" content=\"fr_FR\" \/>\n<meta property=\"og:type\" content=\"article\" \/>\n<meta property=\"og:title\" content=\"Trois longs m\u00e9trages belges et six courts \u00e0 Rome - w-l-c\" \/>\n<meta property=\"og:description\" content=\"En cours depuis le 12 d\u00e9cembre, le festival italien CinemAvvenire a une tonalit\u00e9 assez belge cette ann\u00e9e. Ses spectateurs pourront d\u00e9couvrir en comp\u00e9tition une s\u00e9lection fort originale de films belges francophones.\" \/>\n<meta property=\"og:url\" content=\"https:\/\/w-l-c.be\/fr\/trois-longs-metrages-belges-et-six-courts-rome\/\" \/>\n<meta property=\"og:site_name\" content=\"w-l-c\" \/>\n<meta property=\"article:published_time\" content=\"2014-12-17T08:38:59+00:00\" \/>\n<meta property=\"article:modified_time\" content=\"2014-12-17T16:53:48+00:00\" \/>\n<meta property=\"og:image\" content=\"https:\/\/w-l-c.be\/wp-content\/uploads\/2010\/12\/2014-12-16_13h44_06.jpg\" \/>\n\t<meta property=\"og:image:width\" content=\"1254\" \/>\n\t<meta property=\"og:image:height\" content=\"675\" \/>\n\t<meta property=\"og:image:type\" content=\"image\/jpeg\" \/>\n<meta name=\"author\" content=\"Philippe.Pierquin\" \/>\n<meta name=\"twitter:card\" content=\"summary_large_image\" \/>\n<meta name=\"twitter:label1\" content=\"\u00c9crit par\" \/>\n\t<meta name=\"twitter:data1\" content=\"Philippe.Pierquin\" \/>\n\t<meta name=\"twitter:label2\" content=\"Dur\u00e9e de lecture estim\u00e9e\" \/>\n\t<meta name=\"twitter:data2\" content=\"2 minutes\" \/>\n<script type=\"application\/ld+json\" class=\"yoast-schema-graph\">{\"@context\":\"https:\/\/schema.org\",\"@graph\":[{\"@type\":\"WebPage\",\"@id\":\"https:\/\/w-l-c.be\/fr\/trois-longs-metrages-belges-et-six-courts-rome\/\",\"url\":\"https:\/\/w-l-c.be\/fr\/trois-longs-metrages-belges-et-six-courts-rome\/\",\"name\":\"Trois longs m\u00e9trages belges et six courts \u00e0 Rome - w-l-c\",\"isPartOf\":{\"@id\":\"https:\/\/w-l-c.be\/fr\/#website\"},\"datePublished\":\"2014-12-17T08:38:59+00:00\",\"dateModified\":\"2014-12-17T16:53:48+00:00\",\"author\":{\"@id\":\"https:\/\/w-l-c.be\/fr\/#\/schema\/person\/4b9b1d857f0943453a38a7c2859ef756\"},\"breadcrumb\":{\"@id\":\"https:\/\/w-l-c.be\/fr\/trois-longs-metrages-belges-et-six-courts-rome\/#breadcrumb\"},\"inLanguage\":\"fr-FR\",\"potentialAction\":[{\"@type\":\"ReadAction\",\"target\":[\"https:\/\/w-l-c.be\/fr\/trois-longs-metrages-belges-et-six-courts-rome\/\"]}]},{\"@type\":\"BreadcrumbList\",\"@id\":\"https:\/\/w-l-c.be\/fr\/trois-longs-metrages-belges-et-six-courts-rome\/#breadcrumb\",\"itemListElement\":[{\"@type\":\"ListItem\",\"position\":1,\"name\":\"Accueil\",\"item\":\"https:\/\/w-l-c.be\/fr\/\"},{\"@type\":\"ListItem\",\"position\":2,\"name\":\"Trois longs m\u00e9trages belges et six courts \u00e0 Rome\"}]},{\"@type\":\"WebSite\",\"@id\":\"https:\/\/w-l-c.be\/fr\/#website\",\"url\":\"https:\/\/w-l-c.be\/fr\/\",\"name\":\"w-l-c\",\"description\":\"Le cin\u00e9ma vu par les belges\",\"potentialAction\":[{\"@type\":\"SearchAction\",\"target\":{\"@type\":\"EntryPoint\",\"urlTemplate\":\"https:\/\/w-l-c.be\/fr\/?s={search_term_string}\"},\"query-input\":\"required name=search_term_string\"}],\"inLanguage\":\"fr-FR\"},{\"@type\":\"Person\",\"@id\":\"https:\/\/w-l-c.be\/fr\/#\/schema\/person\/4b9b1d857f0943453a38a7c2859ef756\",\"name\":\"Philippe.Pierquin\",\"url\":\"https:\/\/w-l-c.be\/fr\/author\/philippe-pierquin\/\"}]}<\/script>\n<!-- \/ Yoast SEO plugin. -->","yoast_head_json":{"title":"Trois longs m\u00e9trages belges et six courts \u00e0 Rome - w-l-c","robots":{"index":"noindex","follow":"follow","max-snippet":"max-snippet:-1","max-image-preview":"max-image-preview:large","max-video-preview":"max-video-preview:-1"},"og_locale":"fr_FR","og_type":"article","og_title":"Trois longs m\u00e9trages belges et six courts \u00e0 Rome - w-l-c","og_description":"En cours depuis le 12 d\u00e9cembre, le festival italien CinemAvvenire a une tonalit\u00e9 assez belge cette ann\u00e9e. Ses spectateurs pourront d\u00e9couvrir en comp\u00e9tition une s\u00e9lection fort originale de films belges francophones.","og_url":"https:\/\/w-l-c.be\/fr\/trois-longs-metrages-belges-et-six-courts-rome\/","og_site_name":"w-l-c","article_published_time":"2014-12-17T08:38:59+00:00","article_modified_time":"2014-12-17T16:53:48+00:00","og_image":[{"width":1254,"height":675,"url":"https:\/\/w-l-c.be\/wp-content\/uploads\/2010\/12\/2014-12-16_13h44_06.jpg","type":"image\/jpeg"}],"author":"Philippe.Pierquin","twitter_card":"summary_large_image","twitter_misc":{"\u00c9crit par":"Philippe.Pierquin","Dur\u00e9e de lecture estim\u00e9e":"2 minutes"},"schema":{"@context":"https:\/\/schema.org","@graph":[{"@type":"WebPage","@id":"https:\/\/w-l-c.be\/fr\/trois-longs-metrages-belges-et-six-courts-rome\/","url":"https:\/\/w-l-c.be\/fr\/trois-longs-metrages-belges-et-six-courts-rome\/","name":"Trois longs m\u00e9trages belges et six courts \u00e0 Rome - w-l-c","isPartOf":{"@id":"https:\/\/w-l-c.be\/fr\/#website"},"datePublished":"2014-12-17T08:38:59+00:00","dateModified":"2014-12-17T16:53:48+00:00","author":{"@id":"https:\/\/w-l-c.be\/fr\/#\/schema\/person\/4b9b1d857f0943453a38a7c2859ef756"},"breadcrumb":{"@id":"https:\/\/w-l-c.be\/fr\/trois-longs-metrages-belges-et-six-courts-rome\/#breadcrumb"},"inLanguage":"fr-FR","potentialAction":[{"@type":"ReadAction","target":["https:\/\/w-l-c.be\/fr\/trois-longs-metrages-belges-et-six-courts-rome\/"]}]},{"@type":"BreadcrumbList","@id":"https:\/\/w-l-c.be\/fr\/trois-longs-metrages-belges-et-six-courts-rome\/#breadcrumb","itemListElement":[{"@type":"ListItem","position":1,"name":"Accueil","item":"https:\/\/w-l-c.be\/fr\/"},{"@type":"ListItem","position":2,"name":"Trois longs m\u00e9trages belges et six courts \u00e0 Rome"}]},{"@type":"WebSite","@id":"https:\/\/w-l-c.be\/fr\/#website","url":"https:\/\/w-l-c.be\/fr\/","name":"w-l-c","description":"Le cin\u00e9ma vu par les belges","potentialAction":[{"@type":"SearchAction","target":{"@type":"EntryPoint","urlTemplate":"https:\/\/w-l-c.be\/fr\/?s={search_term_string}"},"query-input":"required name=search_term_string"}],"inLanguage":"fr-FR"},{"@type":"Person","@id":"https:\/\/w-l-c.be\/fr\/#\/schema\/person\/4b9b1d857f0943453a38a7c2859ef756","name":"Philippe.Pierquin","url":"https:\/\/w-l-c.be\/fr\/author\/philippe-pierquin\/"}]}},"_links":{"self":[{"href":"https:\/\/w-l-c.be\/fr\/wp-json\/wp\/v2\/posts\/67158","targetHints":{"allow":["GET"]}}],"collection":[{"href":"https:\/\/w-l-c.be\/fr\/wp-json\/wp\/v2\/posts"}],"about":[{"href":"https:\/\/w-l-c.be\/fr\/wp-json\/wp\/v2\/types\/post"}],"author":[{"embeddable":true,"href":"https:\/\/w-l-c.be\/fr\/wp-json\/wp\/v2\/users\/7"}],"replies":[{"embeddable":true,"href":"https:\/\/w-l-c.be\/fr\/wp-json\/wp\/v2\/comments?post=67158"}],"version-history":[{"count":0,"href":"https:\/\/w-l-c.be\/fr\/wp-json\/wp\/v2\/posts\/67158\/revisions"}],"wp:featuredmedia":[{"embeddable":true,"href":"https:\/\/w-l-c.be\/fr\/wp-json\/wp\/v2\/media\/67166"}],"wp:attachment":[{"href":"https:\/\/w-l-c.be\/fr\/wp-json\/wp\/v2\/media?parent=67158"}],"wp:term":[{"taxonomy":"category","embeddable":true,"href":"https:\/\/w-l-c.be\/fr\/wp-json\/wp\/v2\/categories?post=67158"},{"taxonomy":"post_tag","embeddable":true,"href":"https:\/\/w-l-c.be\/fr\/wp-json\/wp\/v2\/tags?post=67158"}],"curies":[{"name":"wp","href":"https:\/\/api.w.org\/{rel}","templated":true}]}}