
{"id":68811,"date":"2015-01-20T09:22:11","date_gmt":"2015-01-20T08:22:11","guid":{"rendered":"http:\/\/www.cinevox.be\/?p=68811"},"modified":"2015-01-20T10:09:04","modified_gmt":"2015-01-20T09:09:04","slug":"corps-etrangers-courts-belges","status":"publish","type":"post","link":"https:\/\/w-l-c.be\/fr\/corps-etrangers-courts-belges\/","title":{"rendered":"Corps \u00e9trangers \/ courts belges"},"content":{"rendered":"<p><em>Les Corps \u00e9trangers<\/em> qui ouvrira Tout court ce mercredi 21 janvier sur la Trois est en course pour les Magritte 2015.<\/p>\n<p>Retenu au dernier Festival de Cannes dans une s\u00e9lection officielle de neuf titres parmi plus de 3500 propositions, le troisi\u00e8me court m\u00e9trage de <strong>Laura Wandel<\/strong> est aussi sans doute celui qui a \u00e9t\u00e9 le plus vu cette ann\u00e9e dans les cin\u00e9mas belges.<!--more--><\/p>\n<p>&nbsp;<\/p>\n<p>Programm\u00e9 dans toutes les salles participant \u00e0 <em>la Nuit du Palmar\u00e8s Magnum<\/em> juste avant <em>Deux jours, une nuit<\/em>, <em>Grace <\/em>ou <em>Homesman<\/em>, il a \u00e9t\u00e9 d\u00e9couvert par un public tr\u00e8s large qui a \u00e9galement pu entendre la r\u00e9alisatrice pr\u00e9senter son film gr\u00e2ce \u00e0 une interview r\u00e9alis\u00e9e par Cinevox et diffus\u00e9e, elle aussi, sur grand \u00e9cran.<\/p>\n<p>Une exp\u00e9rience qui sort des sentiers battus, sans aucun doute.<\/p>\n<p>&nbsp;<\/p>\n<p><a href=\"http:\/\/www.cinevox.be\/corps-etrangers-courts-belges\/corps-etrangers-2-2\/\" rel=\"attachment wp-att-68816\"><img loading=\"lazy\" decoding=\"async\" class=\"aligncenter size-large wp-image-68816\" src=\"http:\/\/www.cinevox.be\/wp-content\/uploads\/2015\/01\/corps-\u00e9trangers-2-800x334.jpg\" alt=\"\" width=\"640\" height=\"267\" srcset=\"https:\/\/w-l-c.be\/wp-content\/uploads\/2015\/01\/corps-\u00e9trangers-2-800x334.jpg 800w, https:\/\/w-l-c.be\/wp-content\/uploads\/2015\/01\/corps-\u00e9trangers-2-480x200.jpg 480w, https:\/\/w-l-c.be\/wp-content\/uploads\/2015\/01\/corps-\u00e9trangers-2.jpg 2048w\" sizes=\"auto, (max-width: 640px) 100vw, 640px\" \/><\/a><\/p>\n<p>&nbsp;<\/p>\n<h1>23:30\u00a0&#8211; <strong>Les corps \u00e9trangers<\/strong><\/h1>\n<ul>\n<li><strong>Dur\u00e9e\u00a0:<\/strong>\u00a000:15<\/li>\n<\/ul>\n<p>Lors de sa r\u00e9\u00e9ducation dans une piscine municipale, un homme doit apprendre \u00e0 faire face \u00e0 son nouveau corps, alors qu&rsquo;il n&rsquo;est pas pr\u00eat \u00e0 l&rsquo;assumer. Le kin\u00e9 qui l&rsquo;accompagne va tenter de rompre la distance qu&rsquo;il entretient, tant avec son corps qu&rsquo;avec l&rsquo;environnement de la piscine.<\/p>\n<ul>\n<li><strong>R\u00e9alisateur\u00a0:\u00a0<\/strong>Laura Wandel<\/li>\n<li><strong>Sc\u00e9nariste\u00a0:\u00a0<\/strong>Laura Wandel<\/li>\n<li><strong>Acteur\/Actrice\u00a0:\u00a0<\/strong>Alain Eloy, Micha\u00ebl Abiteboul, Thomas Stuyck<\/li>\n<\/ul>\n<p>&nbsp;<\/p>\n<p>&nbsp;<\/p>\n<p><a href=\"http:\/\/www.cinevox.be\/corps-etrangers-courts-belges\/un-monde-meilleur-5\/\" rel=\"attachment wp-att-68813\"><img loading=\"lazy\" decoding=\"async\" class=\"aligncenter size-large wp-image-68813\" src=\"http:\/\/www.cinevox.be\/wp-content\/uploads\/2015\/01\/un-monde-meilleur-800x369.jpg\" alt=\"\" width=\"640\" height=\"295\" srcset=\"https:\/\/w-l-c.be\/wp-content\/uploads\/2015\/01\/un-monde-meilleur-800x369.jpg 800w, https:\/\/w-l-c.be\/wp-content\/uploads\/2015\/01\/un-monde-meilleur-480x221.jpg 480w, https:\/\/w-l-c.be\/wp-content\/uploads\/2015\/01\/un-monde-meilleur.jpg 940w\" sizes=\"auto, (max-width: 640px) 100vw, 640px\" \/><\/a><\/p>\n<p>&nbsp;<\/p>\n<h1>23:45\u00a0&#8211; <strong>Un monde meilleur<\/strong><\/h1>\n<ul>\n<li><strong>Dur\u00e9e\u00a0:<\/strong>\u00a000:23<\/li>\n<\/ul>\n<p>Henry, citoyen z\u00e9l\u00e9 d&rsquo;un \u00e9tat dictatorial impitoyable dont il suit les lois \u00e0 la lettre, s&rsquo;est toujours livr\u00e9 corps et \u00e2me \u00e0 son travail au Minist\u00e8re des D\u00e9nonciations. Avec lui, on ne rigole pas. Mais soudain, le r\u00e9gime s&rsquo;effondre, voyant du jour au lendemain la transformation de ce monde froid, technocratique et parano\u00efaque en une \u00e9tendue idyllique et caricaturale de champs verdoyants, chantants et libres. Henry, catastroph\u00e9, priv\u00e9 des r\u00e8gles dont il \u00e9tait d\u00e9pendant, semble \u00eatre seul \u00e0 ne pas s&rsquo;adapter, regrettant am\u00e8rement le r\u00e9gime disparu. Comme si celui-ci allait revenir, il continue tant bien que mal \u00e0 suivre les anciennes r\u00e8gles et s&rsquo;accroche \u00e0 son travail devenu inutile.<\/p>\n<ul>\n<li><strong>R\u00e9alisateur\u00a0:\u00a0<\/strong>Sacha Feiner<\/li>\n<li><strong>Sc\u00e9nariste\u00a0:\u00a0<\/strong>Sacha Feiner<\/li>\n<li><strong>Acteur\/Actrice\u00a0:\u00a0<\/strong>Vjincent Kohler<\/li>\n<\/ul>\n<p>&nbsp;<\/p>\n<p><a href=\"http:\/\/www.cinevox.be\/corps-etrangers-courts-belges\/faveur-3\/\" rel=\"attachment wp-att-68814\"><img loading=\"lazy\" decoding=\"async\" class=\"aligncenter size-large wp-image-68814\" src=\"http:\/\/www.cinevox.be\/wp-content\/uploads\/2015\/01\/faveur-3-800x330.jpg\" alt=\"\" width=\"640\" height=\"264\" srcset=\"https:\/\/w-l-c.be\/wp-content\/uploads\/2015\/01\/faveur-3-800x330.jpg 800w, https:\/\/w-l-c.be\/wp-content\/uploads\/2015\/01\/faveur-3-480x198.jpg 480w, https:\/\/w-l-c.be\/wp-content\/uploads\/2015\/01\/faveur-3.jpg 881w\" sizes=\"auto, (max-width: 640px) 100vw, 640px\" \/><\/a><\/p>\n<p>&nbsp;<\/p>\n<h1>00:10\u00a0&#8211; <strong>La faveur des moineaux<\/strong><\/h1>\n<ul>\n<li><strong>Dur\u00e9e\u00a0:<\/strong>\u00a000:21<\/li>\n<\/ul>\n<p>Une demeure bourgeoise en bordure de for\u00eat. Deux fr\u00e8res, Albert 11 ans et Edgar 13 ans, s&rsquo;affrontent constamment.<br \/>\nC&rsquo;est le jour de la traditionnelle chasse familiale. Un des fr\u00e8res a le privil\u00e8ge d&rsquo;utiliser le fusil de chasse de leur grand-p\u00e8re d\u00e9c\u00e9d\u00e9.<br \/>\nUn nouveau duel s&rsquo;engage entre les deux jeunes hommes.<\/p>\n<ul>\n<li><strong>R\u00e9alisateur\u00a0:\u00a0<\/strong>Serge Mirzabekiantz<\/li>\n<li><strong>Sc\u00e9nariste\u00a0:\u00a0<\/strong>Serge Mirzabekiantz<\/li>\n<li><strong>Acteur\/Actrice\u00a0:\u00a0<\/strong>Eric De Staercke, Alexis Lalmand, Lucas Moreau, Jocelyne Verdier<\/li>\n<\/ul>\n<p>&nbsp;<\/p>\n<p><a href=\"http:\/\/www.cinevox.be\/corps-etrangers-courts-belges\/out-of-frame-2-3\/\" rel=\"attachment wp-att-68815\"><img loading=\"lazy\" decoding=\"async\" class=\"aligncenter size-full wp-image-68815\" src=\"http:\/\/www.cinevox.be\/wp-content\/uploads\/2015\/01\/out-of-frame-2.jpg\" alt=\"\" width=\"800\" height=\"433\" srcset=\"https:\/\/w-l-c.be\/wp-content\/uploads\/2015\/01\/out-of-frame-2.jpg 800w, https:\/\/w-l-c.be\/wp-content\/uploads\/2015\/01\/out-of-frame-2-480x259.jpg 480w\" sizes=\"auto, (max-width: 800px) 100vw, 800px\" \/><\/a><\/p>\n<p>&nbsp;<\/p>\n<h1>00:30\u00a0&#8211; <strong>Out of frame<\/strong><\/h1>\n<ul>\n<li><strong>Dur\u00e9e\u00a0:<\/strong>\u00a000:09<\/li>\n<\/ul>\n<p>Tous les matins, Michel se rend \u00e0 son boulot, un attach\u00e9-case \u00e0 la main. Tous les soirs, Michel revient \u00e0 la maison, son attach\u00e9-case \u00e0 la main. Dans son attach\u00e9-case, un cahier. Un jour, Michel ne rentre pas \u00e0 la maison..<\/p>\n<ul>\n<li><strong>R\u00e9alisateur\u00a0:\u00a0<\/strong>Monique Marnette<\/li>\n<li><strong>Sc\u00e9nariste\u00a0:\u00a0<\/strong>Monique Marnette<\/li>\n<li><strong>Acteur\/Actrice\u00a0:\u00a0<\/strong>Georges Siatidis, Nicole Colchat, Daniela Bisconti<\/li>\n<\/ul>\n<p>&nbsp;<\/p>\n<p>&nbsp;<\/p>\n<p>&nbsp;<\/p>\n","protected":false},"excerpt":{"rendered":"<p>Les Corps \u00e9trangers qui ouvrira Tout court ce mercredi 21 janvier sur la Trois est en course pour les Magritte 2015. Retenu au dernier Festival de Cannes dans une s\u00e9lection officielle de neuf titres parmi plus de 3500 propositions, le troisi\u00e8me court m\u00e9trage de Laura Wandel est aussi sans doute celui qui a \u00e9t\u00e9 le &hellip;<\/p>\n","protected":false},"author":7,"featured_media":68818,"comment_status":"closed","ping_status":"closed","sticky":false,"template":"","format":"standard","meta":{"ngg_post_thumbnail":0,"footnotes":""},"categories":[14],"tags":[],"class_list":["post-68811","post","type-post","status-publish","format-standard","has-post-thumbnail","","category-home-cinema"],"yoast_head":"<!-- This site is optimized with the Yoast SEO plugin v20.4 - https:\/\/yoast.com\/wordpress\/plugins\/seo\/ -->\n<title>Corps \u00e9trangers \/ courts belges - w-l-c<\/title>\n<meta name=\"robots\" content=\"noindex, follow, max-snippet:-1, max-image-preview:large, max-video-preview:-1\" \/>\n<meta property=\"og:locale\" content=\"fr_FR\" \/>\n<meta property=\"og:type\" content=\"article\" \/>\n<meta property=\"og:title\" content=\"Corps \u00e9trangers \/ courts belges - w-l-c\" \/>\n<meta property=\"og:description\" content=\"Les Corps \u00e9trangers qui ouvrira Tout court ce mercredi 21 janvier sur la Trois est en course pour les Magritte 2015. Retenu au dernier Festival de Cannes dans une s\u00e9lection officielle de neuf titres parmi plus de 3500 propositions, le troisi\u00e8me court m\u00e9trage de Laura Wandel est aussi sans doute celui qui a \u00e9t\u00e9 le &hellip;\" \/>\n<meta property=\"og:url\" content=\"https:\/\/w-l-c.be\/fr\/corps-etrangers-courts-belges\/\" \/>\n<meta property=\"og:site_name\" content=\"w-l-c\" \/>\n<meta property=\"article:published_time\" content=\"2015-01-20T08:22:11+00:00\" \/>\n<meta property=\"article:modified_time\" content=\"2015-01-20T09:09:04+00:00\" \/>\n<meta property=\"og:image\" content=\"https:\/\/w-l-c.be\/wp-content\/uploads\/2015\/01\/corps-\u00e9trangers1.jpg\" \/>\n\t<meta property=\"og:image:width\" content=\"624\" \/>\n\t<meta property=\"og:image:height\" content=\"351\" \/>\n\t<meta property=\"og:image:type\" content=\"image\/jpeg\" \/>\n<meta name=\"author\" content=\"Philippe.Pierquin\" \/>\n<meta name=\"twitter:card\" content=\"summary_large_image\" \/>\n<meta name=\"twitter:label1\" content=\"\u00c9crit par\" \/>\n\t<meta name=\"twitter:data1\" content=\"Philippe.Pierquin\" \/>\n\t<meta name=\"twitter:label2\" content=\"Dur\u00e9e de lecture estim\u00e9e\" \/>\n\t<meta name=\"twitter:data2\" content=\"2 minutes\" \/>\n<script type=\"application\/ld+json\" class=\"yoast-schema-graph\">{\"@context\":\"https:\/\/schema.org\",\"@graph\":[{\"@type\":\"WebPage\",\"@id\":\"https:\/\/w-l-c.be\/fr\/corps-etrangers-courts-belges\/\",\"url\":\"https:\/\/w-l-c.be\/fr\/corps-etrangers-courts-belges\/\",\"name\":\"Corps \u00e9trangers \/ courts belges - w-l-c\",\"isPartOf\":{\"@id\":\"https:\/\/w-l-c.be\/fr\/#website\"},\"datePublished\":\"2015-01-20T08:22:11+00:00\",\"dateModified\":\"2015-01-20T09:09:04+00:00\",\"author\":{\"@id\":\"https:\/\/w-l-c.be\/fr\/#\/schema\/person\/4b9b1d857f0943453a38a7c2859ef756\"},\"breadcrumb\":{\"@id\":\"https:\/\/w-l-c.be\/fr\/corps-etrangers-courts-belges\/#breadcrumb\"},\"inLanguage\":\"fr-FR\",\"potentialAction\":[{\"@type\":\"ReadAction\",\"target\":[\"https:\/\/w-l-c.be\/fr\/corps-etrangers-courts-belges\/\"]}]},{\"@type\":\"BreadcrumbList\",\"@id\":\"https:\/\/w-l-c.be\/fr\/corps-etrangers-courts-belges\/#breadcrumb\",\"itemListElement\":[{\"@type\":\"ListItem\",\"position\":1,\"name\":\"Accueil\",\"item\":\"https:\/\/w-l-c.be\/fr\/\"},{\"@type\":\"ListItem\",\"position\":2,\"name\":\"Corps \u00e9trangers \/ courts belges\"}]},{\"@type\":\"WebSite\",\"@id\":\"https:\/\/w-l-c.be\/fr\/#website\",\"url\":\"https:\/\/w-l-c.be\/fr\/\",\"name\":\"w-l-c\",\"description\":\"Le cin\u00e9ma vu par les belges\",\"potentialAction\":[{\"@type\":\"SearchAction\",\"target\":{\"@type\":\"EntryPoint\",\"urlTemplate\":\"https:\/\/w-l-c.be\/fr\/?s={search_term_string}\"},\"query-input\":\"required name=search_term_string\"}],\"inLanguage\":\"fr-FR\"},{\"@type\":\"Person\",\"@id\":\"https:\/\/w-l-c.be\/fr\/#\/schema\/person\/4b9b1d857f0943453a38a7c2859ef756\",\"name\":\"Philippe.Pierquin\",\"url\":\"https:\/\/w-l-c.be\/fr\/author\/philippe-pierquin\/\"}]}<\/script>\n<!-- \/ Yoast SEO plugin. -->","yoast_head_json":{"title":"Corps \u00e9trangers \/ courts belges - w-l-c","robots":{"index":"noindex","follow":"follow","max-snippet":"max-snippet:-1","max-image-preview":"max-image-preview:large","max-video-preview":"max-video-preview:-1"},"og_locale":"fr_FR","og_type":"article","og_title":"Corps \u00e9trangers \/ courts belges - w-l-c","og_description":"Les Corps \u00e9trangers qui ouvrira Tout court ce mercredi 21 janvier sur la Trois est en course pour les Magritte 2015. Retenu au dernier Festival de Cannes dans une s\u00e9lection officielle de neuf titres parmi plus de 3500 propositions, le troisi\u00e8me court m\u00e9trage de Laura Wandel est aussi sans doute celui qui a \u00e9t\u00e9 le &hellip;","og_url":"https:\/\/w-l-c.be\/fr\/corps-etrangers-courts-belges\/","og_site_name":"w-l-c","article_published_time":"2015-01-20T08:22:11+00:00","article_modified_time":"2015-01-20T09:09:04+00:00","og_image":[{"width":624,"height":351,"url":"https:\/\/w-l-c.be\/wp-content\/uploads\/2015\/01\/corps-\u00e9trangers1.jpg","type":"image\/jpeg"}],"author":"Philippe.Pierquin","twitter_card":"summary_large_image","twitter_misc":{"\u00c9crit par":"Philippe.Pierquin","Dur\u00e9e de lecture estim\u00e9e":"2 minutes"},"schema":{"@context":"https:\/\/schema.org","@graph":[{"@type":"WebPage","@id":"https:\/\/w-l-c.be\/fr\/corps-etrangers-courts-belges\/","url":"https:\/\/w-l-c.be\/fr\/corps-etrangers-courts-belges\/","name":"Corps \u00e9trangers \/ courts belges - w-l-c","isPartOf":{"@id":"https:\/\/w-l-c.be\/fr\/#website"},"datePublished":"2015-01-20T08:22:11+00:00","dateModified":"2015-01-20T09:09:04+00:00","author":{"@id":"https:\/\/w-l-c.be\/fr\/#\/schema\/person\/4b9b1d857f0943453a38a7c2859ef756"},"breadcrumb":{"@id":"https:\/\/w-l-c.be\/fr\/corps-etrangers-courts-belges\/#breadcrumb"},"inLanguage":"fr-FR","potentialAction":[{"@type":"ReadAction","target":["https:\/\/w-l-c.be\/fr\/corps-etrangers-courts-belges\/"]}]},{"@type":"BreadcrumbList","@id":"https:\/\/w-l-c.be\/fr\/corps-etrangers-courts-belges\/#breadcrumb","itemListElement":[{"@type":"ListItem","position":1,"name":"Accueil","item":"https:\/\/w-l-c.be\/fr\/"},{"@type":"ListItem","position":2,"name":"Corps \u00e9trangers \/ courts belges"}]},{"@type":"WebSite","@id":"https:\/\/w-l-c.be\/fr\/#website","url":"https:\/\/w-l-c.be\/fr\/","name":"w-l-c","description":"Le cin\u00e9ma vu par les belges","potentialAction":[{"@type":"SearchAction","target":{"@type":"EntryPoint","urlTemplate":"https:\/\/w-l-c.be\/fr\/?s={search_term_string}"},"query-input":"required name=search_term_string"}],"inLanguage":"fr-FR"},{"@type":"Person","@id":"https:\/\/w-l-c.be\/fr\/#\/schema\/person\/4b9b1d857f0943453a38a7c2859ef756","name":"Philippe.Pierquin","url":"https:\/\/w-l-c.be\/fr\/author\/philippe-pierquin\/"}]}},"_links":{"self":[{"href":"https:\/\/w-l-c.be\/fr\/wp-json\/wp\/v2\/posts\/68811","targetHints":{"allow":["GET"]}}],"collection":[{"href":"https:\/\/w-l-c.be\/fr\/wp-json\/wp\/v2\/posts"}],"about":[{"href":"https:\/\/w-l-c.be\/fr\/wp-json\/wp\/v2\/types\/post"}],"author":[{"embeddable":true,"href":"https:\/\/w-l-c.be\/fr\/wp-json\/wp\/v2\/users\/7"}],"replies":[{"embeddable":true,"href":"https:\/\/w-l-c.be\/fr\/wp-json\/wp\/v2\/comments?post=68811"}],"version-history":[{"count":0,"href":"https:\/\/w-l-c.be\/fr\/wp-json\/wp\/v2\/posts\/68811\/revisions"}],"wp:featuredmedia":[{"embeddable":true,"href":"https:\/\/w-l-c.be\/fr\/wp-json\/wp\/v2\/media\/68818"}],"wp:attachment":[{"href":"https:\/\/w-l-c.be\/fr\/wp-json\/wp\/v2\/media?parent=68811"}],"wp:term":[{"taxonomy":"category","embeddable":true,"href":"https:\/\/w-l-c.be\/fr\/wp-json\/wp\/v2\/categories?post=68811"},{"taxonomy":"post_tag","embeddable":true,"href":"https:\/\/w-l-c.be\/fr\/wp-json\/wp\/v2\/tags?post=68811"}],"curies":[{"name":"wp","href":"https:\/\/api.w.org\/{rel}","templated":true}]}}