
{"id":69686,"date":"2015-02-05T08:18:15","date_gmt":"2015-02-05T07:18:15","guid":{"rendered":"http:\/\/www.cinevox.be\/?p=69686"},"modified":"2015-02-04T19:29:26","modified_gmt":"2015-02-04T18:29:26","slug":"perdre-la-raison-kult","status":"publish","type":"post","link":"https:\/\/w-l-c.be\/fr\/perdre-la-raison-kult\/","title":{"rendered":"\u00c0 perdre la raison? UGC cin\u00e9 Kult !"},"content":{"rendered":"<p>Tous les 1ers samedis du mois, \u00e0 11h, l&rsquo;UGC De Brouck\u00e8re propose de d\u00e9couvrir ou de red\u00e9couvrir les films cultes sur grand \u00e9cran dans des copies restaur\u00e9es et dans des conditions de projection optimales.<\/p>\n<p>Qu&rsquo;il s&rsquo;agisse de films maudits, de films du patrimoine, de films qui ont fait non seulement l&rsquo;histoire, mais aussi la l\u00e9gende du cin\u00e9ma, il y en a pour tous les go\u00fbts.<!--more--><\/p>\n<p>&nbsp;<\/p>\n<p>Ce 7 f\u00e9vrier sera organis\u00e9e la 5<sup>e<\/sup> c\u00e9r\u00e9monie des Magritte, retransmise en direct sur grand \u00e9cran \u00e0 l&rsquo;UGC de Brouck\u00e8re \u00e0 l&rsquo;occasion d&rsquo;un Cinevox happening qui fera date.<br \/>\nLes programmateurs du cycle\u00a0UGC Cin\u00e9 Kult ont donc choisi de proposer un film en ad\u00e9quation avec le th\u00e8me de la journ\u00e9e. Il s&rsquo;agira de\u00a0<em>\u00c0 perdre la raison<\/em> qui a d\u00e9croch\u00e9 quatre troph\u00e9es lors de l&rsquo;\u00e9dition 2013: meilleur film, meilleur r\u00e9alisateur, meilleure actrice, meilleur montage. Ce fut, ce soir-l\u00e0, le grand vainqueur de la c\u00e9r\u00e9monie.<\/p>\n<p>&nbsp;<\/p>\n<p><a href=\"http:\/\/www.cinevox.be\/perdre-la-raison-kult\/554629_226496614132882_208705192578691_399630_2061340469_n-2\/\" rel=\"attachment wp-att-69687\"><img loading=\"lazy\" decoding=\"async\" class=\"aligncenter size-large wp-image-69687\" src=\"http:\/\/www.cinevox.be\/wp-content\/uploads\/2015\/02\/554629_226496614132882_208705192578691_399630_2061340469_n-800x570.jpg\" alt=\"\" width=\"640\" height=\"456\" srcset=\"https:\/\/w-l-c.be\/wp-content\/uploads\/2015\/02\/554629_226496614132882_208705192578691_399630_2061340469_n-800x570.jpg 800w, https:\/\/w-l-c.be\/wp-content\/uploads\/2015\/02\/554629_226496614132882_208705192578691_399630_2061340469_n-378x270.jpg 378w, https:\/\/w-l-c.be\/wp-content\/uploads\/2015\/02\/554629_226496614132882_208705192578691_399630_2061340469_n.jpg 960w\" sizes=\"auto, (max-width: 640px) 100vw, 640px\" \/><\/a><\/p>\n<p>&nbsp;<\/p>\n<p>Vous le savez si vous connaissez ce cycle tr\u00e8s cin\u00e9phile\u00a0:\u00a0<strong>Alain Berliner<\/strong> a l&rsquo;habitude d&rsquo;introduire chaque projection avec un petit cours de cin\u00e9ma l\u00e9ger et instructif, bourr\u00e9 d&rsquo;anecdotes.<\/p>\n<p>Il sera absent samedi, MAIS pour rendre cette matin\u00e9e exceptionnelle il a r\u00e9cemment rencontr\u00e9 <strong>Joachim Lafosse,<\/strong> le r\u00e9alisateur d&rsquo;<em>A Perdre la raison.<br \/>\n<\/em>L&rsquo;entretien a \u00e9t\u00e9 film\u00e9 par une \u00e9quipe de Kaos Films (qui produit tout notre mat\u00e9riel vid\u00e9o).<\/p>\n<p>Il sera projet\u00e9 sur grand \u00e9cran avant le film et nous avons naturellement un extrait \u00e0 vous proposer, histoire de vous mettre en app\u00e9tit.<\/p>\n<p>Notez aussi qu&rsquo;une projection sp\u00e9ciale est programm\u00e9e \u00e0 Toison d&rsquo;Or dimanche 8 f\u00e9vrier.<\/p>\n<p>&nbsp;<\/p>\n<p>&nbsp;<\/p>\n<p><iframe loading=\"lazy\" src=\"https:\/\/www.youtube.com\/embed\/hUeg6IL2OqE\" width=\"620\" height=\"348\" frameborder=\"0\" allowfullscreen=\"allowfullscreen\"><\/iframe><\/p>\n","protected":false},"excerpt":{"rendered":"<p>Tous les 1ers samedis du mois, \u00e0 11h, l&rsquo;UGC De Brouck\u00e8re propose de d\u00e9couvrir ou de red\u00e9couvrir les films cultes sur grand \u00e9cran dans des copies restaur\u00e9es et dans des conditions de projection optimales. Qu&rsquo;il s&rsquo;agisse de films maudits, de films du patrimoine, de films qui ont fait non seulement l&rsquo;histoire, mais aussi la l\u00e9gende &hellip;<\/p>\n","protected":false},"author":7,"featured_media":69689,"comment_status":"closed","ping_status":"closed","sticky":false,"template":"","format":"standard","meta":{"ngg_post_thumbnail":0,"footnotes":""},"categories":[7],"tags":[],"class_list":["post-69686","post","type-post","status-publish","format-standard","has-post-thumbnail","","category-actualites"],"yoast_head":"<!-- This site is optimized with the Yoast SEO plugin v20.4 - https:\/\/yoast.com\/wordpress\/plugins\/seo\/ -->\n<title>\u00c0 perdre la raison? UGC cin\u00e9 Kult ! - w-l-c<\/title>\n<meta name=\"robots\" content=\"noindex, follow, max-snippet:-1, max-image-preview:large, max-video-preview:-1\" \/>\n<meta property=\"og:locale\" content=\"fr_FR\" \/>\n<meta property=\"og:type\" content=\"article\" \/>\n<meta property=\"og:title\" content=\"\u00c0 perdre la raison? UGC cin\u00e9 Kult ! - w-l-c\" \/>\n<meta property=\"og:description\" content=\"Tous les 1ers samedis du mois, \u00e0 11h, l&rsquo;UGC De Brouck\u00e8re propose de d\u00e9couvrir ou de red\u00e9couvrir les films cultes sur grand \u00e9cran dans des copies restaur\u00e9es et dans des conditions de projection optimales. Qu&rsquo;il s&rsquo;agisse de films maudits, de films du patrimoine, de films qui ont fait non seulement l&rsquo;histoire, mais aussi la l\u00e9gende &hellip;\" \/>\n<meta property=\"og:url\" content=\"https:\/\/w-l-c.be\/fr\/perdre-la-raison-kult\/\" \/>\n<meta property=\"og:site_name\" content=\"w-l-c\" \/>\n<meta property=\"article:published_time\" content=\"2015-02-05T07:18:15+00:00\" \/>\n<meta property=\"article:modified_time\" content=\"2015-02-04T18:29:26+00:00\" \/>\n<meta property=\"og:image\" content=\"https:\/\/w-l-c.be\/wp-content\/uploads\/2015\/02\/emilie.jpg\" \/>\n\t<meta property=\"og:image:width\" content=\"960\" \/>\n\t<meta property=\"og:image:height\" content=\"643\" \/>\n\t<meta property=\"og:image:type\" content=\"image\/jpeg\" \/>\n<meta name=\"author\" content=\"Philippe.Pierquin\" \/>\n<meta name=\"twitter:card\" content=\"summary_large_image\" \/>\n<meta name=\"twitter:label1\" content=\"\u00c9crit par\" \/>\n\t<meta name=\"twitter:data1\" content=\"Philippe.Pierquin\" \/>\n\t<meta name=\"twitter:label2\" content=\"Dur\u00e9e de lecture estim\u00e9e\" \/>\n\t<meta name=\"twitter:data2\" content=\"1 minute\" \/>\n<script type=\"application\/ld+json\" class=\"yoast-schema-graph\">{\"@context\":\"https:\/\/schema.org\",\"@graph\":[{\"@type\":\"WebPage\",\"@id\":\"https:\/\/w-l-c.be\/fr\/perdre-la-raison-kult\/\",\"url\":\"https:\/\/w-l-c.be\/fr\/perdre-la-raison-kult\/\",\"name\":\"\u00c0 perdre la raison? UGC cin\u00e9 Kult ! - w-l-c\",\"isPartOf\":{\"@id\":\"https:\/\/w-l-c.be\/fr\/#website\"},\"datePublished\":\"2015-02-05T07:18:15+00:00\",\"dateModified\":\"2015-02-04T18:29:26+00:00\",\"author\":{\"@id\":\"https:\/\/w-l-c.be\/fr\/#\/schema\/person\/4b9b1d857f0943453a38a7c2859ef756\"},\"breadcrumb\":{\"@id\":\"https:\/\/w-l-c.be\/fr\/perdre-la-raison-kult\/#breadcrumb\"},\"inLanguage\":\"fr-FR\",\"potentialAction\":[{\"@type\":\"ReadAction\",\"target\":[\"https:\/\/w-l-c.be\/fr\/perdre-la-raison-kult\/\"]}]},{\"@type\":\"BreadcrumbList\",\"@id\":\"https:\/\/w-l-c.be\/fr\/perdre-la-raison-kult\/#breadcrumb\",\"itemListElement\":[{\"@type\":\"ListItem\",\"position\":1,\"name\":\"Accueil\",\"item\":\"https:\/\/w-l-c.be\/fr\/\"},{\"@type\":\"ListItem\",\"position\":2,\"name\":\"\u00c0 perdre la raison? UGC cin\u00e9 Kult !\"}]},{\"@type\":\"WebSite\",\"@id\":\"https:\/\/w-l-c.be\/fr\/#website\",\"url\":\"https:\/\/w-l-c.be\/fr\/\",\"name\":\"w-l-c\",\"description\":\"Le cin\u00e9ma vu par les belges\",\"potentialAction\":[{\"@type\":\"SearchAction\",\"target\":{\"@type\":\"EntryPoint\",\"urlTemplate\":\"https:\/\/w-l-c.be\/fr\/?s={search_term_string}\"},\"query-input\":\"required name=search_term_string\"}],\"inLanguage\":\"fr-FR\"},{\"@type\":\"Person\",\"@id\":\"https:\/\/w-l-c.be\/fr\/#\/schema\/person\/4b9b1d857f0943453a38a7c2859ef756\",\"name\":\"Philippe.Pierquin\",\"url\":\"https:\/\/w-l-c.be\/fr\/author\/philippe-pierquin\/\"}]}<\/script>\n<!-- \/ Yoast SEO plugin. -->","yoast_head_json":{"title":"\u00c0 perdre la raison? UGC cin\u00e9 Kult ! - w-l-c","robots":{"index":"noindex","follow":"follow","max-snippet":"max-snippet:-1","max-image-preview":"max-image-preview:large","max-video-preview":"max-video-preview:-1"},"og_locale":"fr_FR","og_type":"article","og_title":"\u00c0 perdre la raison? UGC cin\u00e9 Kult ! - w-l-c","og_description":"Tous les 1ers samedis du mois, \u00e0 11h, l&rsquo;UGC De Brouck\u00e8re propose de d\u00e9couvrir ou de red\u00e9couvrir les films cultes sur grand \u00e9cran dans des copies restaur\u00e9es et dans des conditions de projection optimales. Qu&rsquo;il s&rsquo;agisse de films maudits, de films du patrimoine, de films qui ont fait non seulement l&rsquo;histoire, mais aussi la l\u00e9gende &hellip;","og_url":"https:\/\/w-l-c.be\/fr\/perdre-la-raison-kult\/","og_site_name":"w-l-c","article_published_time":"2015-02-05T07:18:15+00:00","article_modified_time":"2015-02-04T18:29:26+00:00","og_image":[{"width":960,"height":643,"url":"https:\/\/w-l-c.be\/wp-content\/uploads\/2015\/02\/emilie.jpg","type":"image\/jpeg"}],"author":"Philippe.Pierquin","twitter_card":"summary_large_image","twitter_misc":{"\u00c9crit par":"Philippe.Pierquin","Dur\u00e9e de lecture estim\u00e9e":"1 minute"},"schema":{"@context":"https:\/\/schema.org","@graph":[{"@type":"WebPage","@id":"https:\/\/w-l-c.be\/fr\/perdre-la-raison-kult\/","url":"https:\/\/w-l-c.be\/fr\/perdre-la-raison-kult\/","name":"\u00c0 perdre la raison? UGC cin\u00e9 Kult ! - w-l-c","isPartOf":{"@id":"https:\/\/w-l-c.be\/fr\/#website"},"datePublished":"2015-02-05T07:18:15+00:00","dateModified":"2015-02-04T18:29:26+00:00","author":{"@id":"https:\/\/w-l-c.be\/fr\/#\/schema\/person\/4b9b1d857f0943453a38a7c2859ef756"},"breadcrumb":{"@id":"https:\/\/w-l-c.be\/fr\/perdre-la-raison-kult\/#breadcrumb"},"inLanguage":"fr-FR","potentialAction":[{"@type":"ReadAction","target":["https:\/\/w-l-c.be\/fr\/perdre-la-raison-kult\/"]}]},{"@type":"BreadcrumbList","@id":"https:\/\/w-l-c.be\/fr\/perdre-la-raison-kult\/#breadcrumb","itemListElement":[{"@type":"ListItem","position":1,"name":"Accueil","item":"https:\/\/w-l-c.be\/fr\/"},{"@type":"ListItem","position":2,"name":"\u00c0 perdre la raison? UGC cin\u00e9 Kult !"}]},{"@type":"WebSite","@id":"https:\/\/w-l-c.be\/fr\/#website","url":"https:\/\/w-l-c.be\/fr\/","name":"w-l-c","description":"Le cin\u00e9ma vu par les belges","potentialAction":[{"@type":"SearchAction","target":{"@type":"EntryPoint","urlTemplate":"https:\/\/w-l-c.be\/fr\/?s={search_term_string}"},"query-input":"required name=search_term_string"}],"inLanguage":"fr-FR"},{"@type":"Person","@id":"https:\/\/w-l-c.be\/fr\/#\/schema\/person\/4b9b1d857f0943453a38a7c2859ef756","name":"Philippe.Pierquin","url":"https:\/\/w-l-c.be\/fr\/author\/philippe-pierquin\/"}]}},"_links":{"self":[{"href":"https:\/\/w-l-c.be\/fr\/wp-json\/wp\/v2\/posts\/69686","targetHints":{"allow":["GET"]}}],"collection":[{"href":"https:\/\/w-l-c.be\/fr\/wp-json\/wp\/v2\/posts"}],"about":[{"href":"https:\/\/w-l-c.be\/fr\/wp-json\/wp\/v2\/types\/post"}],"author":[{"embeddable":true,"href":"https:\/\/w-l-c.be\/fr\/wp-json\/wp\/v2\/users\/7"}],"replies":[{"embeddable":true,"href":"https:\/\/w-l-c.be\/fr\/wp-json\/wp\/v2\/comments?post=69686"}],"version-history":[{"count":0,"href":"https:\/\/w-l-c.be\/fr\/wp-json\/wp\/v2\/posts\/69686\/revisions"}],"wp:featuredmedia":[{"embeddable":true,"href":"https:\/\/w-l-c.be\/fr\/wp-json\/wp\/v2\/media\/69689"}],"wp:attachment":[{"href":"https:\/\/w-l-c.be\/fr\/wp-json\/wp\/v2\/media?parent=69686"}],"wp:term":[{"taxonomy":"category","embeddable":true,"href":"https:\/\/w-l-c.be\/fr\/wp-json\/wp\/v2\/categories?post=69686"},{"taxonomy":"post_tag","embeddable":true,"href":"https:\/\/w-l-c.be\/fr\/wp-json\/wp\/v2\/tags?post=69686"}],"curies":[{"name":"wp","href":"https:\/\/api.w.org\/{rel}","templated":true}]}}