
{"id":69764,"date":"2015-02-06T06:52:19","date_gmt":"2015-02-06T05:52:19","guid":{"rendered":"http:\/\/www.cinevox.be\/?p=69764"},"modified":"2015-02-06T06:54:41","modified_gmt":"2015-02-06T05:54:41","slug":"la-photo-du-jour-vendredi-6-fevrier-2015","status":"publish","type":"post","link":"https:\/\/w-l-c.be\/fr\/la-photo-du-jour-vendredi-6-fevrier-2015\/","title":{"rendered":"La photo du jour &#8211; vendredi 6 f\u00e9vrier 2015"},"content":{"rendered":"<p>Voici en vignettes( genre Panini pour les nostalgiques)\u00a0les films, acteurs et actrices nomin\u00e9s pour les Globes de Cristal qui seront remis le 13 avril au Lido parisien.<\/p>\n<p>Les prix r\u00e9compensent des artistes et des \u0153uvres dans de multiples secteurs artistiques (musique, cin\u00e9ma, th\u00e9\u00e2tres, expos&#8230;) et sont d\u00e9cern\u00e9s par des journalistes sp\u00e9cialis\u00e9s.<\/p>\n<p>Petit jeu :\u00a0rep\u00e9rer parmi ces quinze nomin\u00e9s tout ce qui a un rapport avec le cin\u00e9ma belge. Attention: au moins une des photos date de Mathusalem (en fait de 2008, on se demande bien pourquoi on a \u00e9t\u00e9 rep\u00eacher celle-l\u00e0).\u00a0<!--more--><\/p>\n<p>&nbsp;<\/p>\n<p><a href=\"http:\/\/www.cinevox.be\/la-photo-du-jour-vendredi-6-fevrier-2015\/2015-02-06_06h42_25\/\" rel=\"attachment wp-att-69765\"><img loading=\"lazy\" decoding=\"async\" class=\"aligncenter  wp-image-69765\" src=\"http:\/\/www.cinevox.be\/wp-content\/uploads\/2015\/02\/2015-02-06_06h42_25-549x600.jpg\" alt=\"\" width=\"620\" height=\"678\" srcset=\"https:\/\/w-l-c.be\/wp-content\/uploads\/2015\/02\/2015-02-06_06h42_25-549x600.jpg 549w, https:\/\/w-l-c.be\/wp-content\/uploads\/2015\/02\/2015-02-06_06h42_25-247x270.jpg 247w, https:\/\/w-l-c.be\/wp-content\/uploads\/2015\/02\/2015-02-06_06h42_25.jpg 722w\" sizes=\"auto, (max-width: 620px) 100vw, 620px\" \/><\/a><\/p>\n","protected":false},"excerpt":{"rendered":"<p>Voici en vignettes( genre Panini pour les nostalgiques)\u00a0les films, acteurs et actrices nomin\u00e9s pour les Globes de Cristal qui seront remis le 13 avril au Lido parisien. Les prix r\u00e9compensent des artistes et des \u0153uvres dans de multiples secteurs artistiques (musique, cin\u00e9ma, th\u00e9\u00e2tres, expos&#8230;) et sont d\u00e9cern\u00e9s par des journalistes sp\u00e9cialis\u00e9s. Petit jeu :\u00a0rep\u00e9rer parmi &hellip;<\/p>\n","protected":false},"author":7,"featured_media":69767,"comment_status":"closed","ping_status":"closed","sticky":false,"template":"","format":"standard","meta":{"ngg_post_thumbnail":0,"footnotes":""},"categories":[1923],"tags":[],"class_list":["post-69764","post","type-post","status-publish","format-standard","has-post-thumbnail","","category-en-bref"],"yoast_head":"<!-- This site is optimized with the Yoast SEO plugin v20.4 - https:\/\/yoast.com\/wordpress\/plugins\/seo\/ -->\n<title>La photo du jour - vendredi 6 f\u00e9vrier 2015 - w-l-c<\/title>\n<meta name=\"robots\" content=\"noindex, follow, max-snippet:-1, max-image-preview:large, max-video-preview:-1\" \/>\n<meta property=\"og:locale\" content=\"fr_FR\" \/>\n<meta property=\"og:type\" content=\"article\" \/>\n<meta property=\"og:title\" content=\"La photo du jour - vendredi 6 f\u00e9vrier 2015 - w-l-c\" \/>\n<meta property=\"og:description\" content=\"Voici en vignettes( genre Panini pour les nostalgiques)\u00a0les films, acteurs et actrices nomin\u00e9s pour les Globes de Cristal qui seront remis le 13 avril au Lido parisien. Les prix r\u00e9compensent des artistes et des \u0153uvres dans de multiples secteurs artistiques (musique, cin\u00e9ma, th\u00e9\u00e2tres, expos&#8230;) et sont d\u00e9cern\u00e9s par des journalistes sp\u00e9cialis\u00e9s. Petit jeu :\u00a0rep\u00e9rer parmi &hellip;\" \/>\n<meta property=\"og:url\" content=\"https:\/\/w-l-c.be\/fr\/la-photo-du-jour-vendredi-6-fevrier-2015\/\" \/>\n<meta property=\"og:site_name\" content=\"w-l-c\" \/>\n<meta property=\"article:published_time\" content=\"2015-02-06T05:52:19+00:00\" \/>\n<meta property=\"article:modified_time\" content=\"2015-02-06T05:54:41+00:00\" \/>\n<meta property=\"og:image\" content=\"https:\/\/w-l-c.be\/wp-content\/uploads\/2015\/02\/app3.jpg\" \/>\n\t<meta property=\"og:image:width\" content=\"1536\" \/>\n\t<meta property=\"og:image:height\" content=\"1024\" \/>\n\t<meta property=\"og:image:type\" content=\"image\/jpeg\" \/>\n<meta name=\"author\" content=\"Philippe.Pierquin\" \/>\n<meta name=\"twitter:card\" content=\"summary_large_image\" \/>\n<meta name=\"twitter:label1\" content=\"\u00c9crit par\" \/>\n\t<meta name=\"twitter:data1\" content=\"Philippe.Pierquin\" \/>\n\t<meta name=\"twitter:label2\" content=\"Dur\u00e9e de lecture estim\u00e9e\" \/>\n\t<meta name=\"twitter:data2\" content=\"1 minute\" \/>\n<script type=\"application\/ld+json\" class=\"yoast-schema-graph\">{\"@context\":\"https:\/\/schema.org\",\"@graph\":[{\"@type\":\"WebPage\",\"@id\":\"https:\/\/w-l-c.be\/fr\/la-photo-du-jour-vendredi-6-fevrier-2015\/\",\"url\":\"https:\/\/w-l-c.be\/fr\/la-photo-du-jour-vendredi-6-fevrier-2015\/\",\"name\":\"La photo du jour - vendredi 6 f\u00e9vrier 2015 - w-l-c\",\"isPartOf\":{\"@id\":\"https:\/\/w-l-c.be\/fr\/#website\"},\"datePublished\":\"2015-02-06T05:52:19+00:00\",\"dateModified\":\"2015-02-06T05:54:41+00:00\",\"author\":{\"@id\":\"https:\/\/w-l-c.be\/fr\/#\/schema\/person\/4b9b1d857f0943453a38a7c2859ef756\"},\"breadcrumb\":{\"@id\":\"https:\/\/w-l-c.be\/fr\/la-photo-du-jour-vendredi-6-fevrier-2015\/#breadcrumb\"},\"inLanguage\":\"fr-FR\",\"potentialAction\":[{\"@type\":\"ReadAction\",\"target\":[\"https:\/\/w-l-c.be\/fr\/la-photo-du-jour-vendredi-6-fevrier-2015\/\"]}]},{\"@type\":\"BreadcrumbList\",\"@id\":\"https:\/\/w-l-c.be\/fr\/la-photo-du-jour-vendredi-6-fevrier-2015\/#breadcrumb\",\"itemListElement\":[{\"@type\":\"ListItem\",\"position\":1,\"name\":\"Accueil\",\"item\":\"https:\/\/w-l-c.be\/fr\/\"},{\"@type\":\"ListItem\",\"position\":2,\"name\":\"La photo du jour &#8211; vendredi 6 f\u00e9vrier 2015\"}]},{\"@type\":\"WebSite\",\"@id\":\"https:\/\/w-l-c.be\/fr\/#website\",\"url\":\"https:\/\/w-l-c.be\/fr\/\",\"name\":\"w-l-c\",\"description\":\"Le cin\u00e9ma vu par les belges\",\"potentialAction\":[{\"@type\":\"SearchAction\",\"target\":{\"@type\":\"EntryPoint\",\"urlTemplate\":\"https:\/\/w-l-c.be\/fr\/?s={search_term_string}\"},\"query-input\":\"required name=search_term_string\"}],\"inLanguage\":\"fr-FR\"},{\"@type\":\"Person\",\"@id\":\"https:\/\/w-l-c.be\/fr\/#\/schema\/person\/4b9b1d857f0943453a38a7c2859ef756\",\"name\":\"Philippe.Pierquin\",\"url\":\"https:\/\/w-l-c.be\/fr\/author\/philippe-pierquin\/\"}]}<\/script>\n<!-- \/ Yoast SEO plugin. -->","yoast_head_json":{"title":"La photo du jour - vendredi 6 f\u00e9vrier 2015 - w-l-c","robots":{"index":"noindex","follow":"follow","max-snippet":"max-snippet:-1","max-image-preview":"max-image-preview:large","max-video-preview":"max-video-preview:-1"},"og_locale":"fr_FR","og_type":"article","og_title":"La photo du jour - vendredi 6 f\u00e9vrier 2015 - w-l-c","og_description":"Voici en vignettes( genre Panini pour les nostalgiques)\u00a0les films, acteurs et actrices nomin\u00e9s pour les Globes de Cristal qui seront remis le 13 avril au Lido parisien. Les prix r\u00e9compensent des artistes et des \u0153uvres dans de multiples secteurs artistiques (musique, cin\u00e9ma, th\u00e9\u00e2tres, expos&#8230;) et sont d\u00e9cern\u00e9s par des journalistes sp\u00e9cialis\u00e9s. Petit jeu :\u00a0rep\u00e9rer parmi &hellip;","og_url":"https:\/\/w-l-c.be\/fr\/la-photo-du-jour-vendredi-6-fevrier-2015\/","og_site_name":"w-l-c","article_published_time":"2015-02-06T05:52:19+00:00","article_modified_time":"2015-02-06T05:54:41+00:00","og_image":[{"width":1536,"height":1024,"url":"https:\/\/w-l-c.be\/wp-content\/uploads\/2015\/02\/app3.jpg","type":"image\/jpeg"}],"author":"Philippe.Pierquin","twitter_card":"summary_large_image","twitter_misc":{"\u00c9crit par":"Philippe.Pierquin","Dur\u00e9e de lecture estim\u00e9e":"1 minute"},"schema":{"@context":"https:\/\/schema.org","@graph":[{"@type":"WebPage","@id":"https:\/\/w-l-c.be\/fr\/la-photo-du-jour-vendredi-6-fevrier-2015\/","url":"https:\/\/w-l-c.be\/fr\/la-photo-du-jour-vendredi-6-fevrier-2015\/","name":"La photo du jour - vendredi 6 f\u00e9vrier 2015 - w-l-c","isPartOf":{"@id":"https:\/\/w-l-c.be\/fr\/#website"},"datePublished":"2015-02-06T05:52:19+00:00","dateModified":"2015-02-06T05:54:41+00:00","author":{"@id":"https:\/\/w-l-c.be\/fr\/#\/schema\/person\/4b9b1d857f0943453a38a7c2859ef756"},"breadcrumb":{"@id":"https:\/\/w-l-c.be\/fr\/la-photo-du-jour-vendredi-6-fevrier-2015\/#breadcrumb"},"inLanguage":"fr-FR","potentialAction":[{"@type":"ReadAction","target":["https:\/\/w-l-c.be\/fr\/la-photo-du-jour-vendredi-6-fevrier-2015\/"]}]},{"@type":"BreadcrumbList","@id":"https:\/\/w-l-c.be\/fr\/la-photo-du-jour-vendredi-6-fevrier-2015\/#breadcrumb","itemListElement":[{"@type":"ListItem","position":1,"name":"Accueil","item":"https:\/\/w-l-c.be\/fr\/"},{"@type":"ListItem","position":2,"name":"La photo du jour &#8211; vendredi 6 f\u00e9vrier 2015"}]},{"@type":"WebSite","@id":"https:\/\/w-l-c.be\/fr\/#website","url":"https:\/\/w-l-c.be\/fr\/","name":"w-l-c","description":"Le cin\u00e9ma vu par les belges","potentialAction":[{"@type":"SearchAction","target":{"@type":"EntryPoint","urlTemplate":"https:\/\/w-l-c.be\/fr\/?s={search_term_string}"},"query-input":"required name=search_term_string"}],"inLanguage":"fr-FR"},{"@type":"Person","@id":"https:\/\/w-l-c.be\/fr\/#\/schema\/person\/4b9b1d857f0943453a38a7c2859ef756","name":"Philippe.Pierquin","url":"https:\/\/w-l-c.be\/fr\/author\/philippe-pierquin\/"}]}},"_links":{"self":[{"href":"https:\/\/w-l-c.be\/fr\/wp-json\/wp\/v2\/posts\/69764","targetHints":{"allow":["GET"]}}],"collection":[{"href":"https:\/\/w-l-c.be\/fr\/wp-json\/wp\/v2\/posts"}],"about":[{"href":"https:\/\/w-l-c.be\/fr\/wp-json\/wp\/v2\/types\/post"}],"author":[{"embeddable":true,"href":"https:\/\/w-l-c.be\/fr\/wp-json\/wp\/v2\/users\/7"}],"replies":[{"embeddable":true,"href":"https:\/\/w-l-c.be\/fr\/wp-json\/wp\/v2\/comments?post=69764"}],"version-history":[{"count":0,"href":"https:\/\/w-l-c.be\/fr\/wp-json\/wp\/v2\/posts\/69764\/revisions"}],"wp:featuredmedia":[{"embeddable":true,"href":"https:\/\/w-l-c.be\/fr\/wp-json\/wp\/v2\/media\/69767"}],"wp:attachment":[{"href":"https:\/\/w-l-c.be\/fr\/wp-json\/wp\/v2\/media?parent=69764"}],"wp:term":[{"taxonomy":"category","embeddable":true,"href":"https:\/\/w-l-c.be\/fr\/wp-json\/wp\/v2\/categories?post=69764"},{"taxonomy":"post_tag","embeddable":true,"href":"https:\/\/w-l-c.be\/fr\/wp-json\/wp\/v2\/tags?post=69764"}],"curies":[{"name":"wp","href":"https:\/\/api.w.org\/{rel}","templated":true}]}}