
{"id":69840,"date":"2015-02-14T10:12:27","date_gmt":"2015-02-14T09:12:27","guid":{"rendered":"http:\/\/www.cinevox.be\/?p=69840"},"modified":"2016-01-11T21:19:43","modified_gmt":"2016-01-11T20:19:43","slug":"69840","status":"publish","type":"post","link":"https:\/\/w-l-c.be\/fr\/69840\/","title":{"rendered":"Magritte 2015 , la compile"},"content":{"rendered":"<p>Tout tout tout ce que nous avons publi\u00e9 sur cette \u00e9dition est \u00e0 regarder et lire ici<\/p>\n<p>N&rsquo;h\u00e9sitez pas non plus \u00e0 aller lire les pr\u00e9sentations de tous les nomin\u00e9s, du pr\u00e9sident, du Magritte d&rsquo;honneur et du MC sur <a href=\"http:\/\/www.lesmagritteducinema.com\/news.php?lang=fr\" target=\"_blank\">le site des Magritte de Cin\u00e9ma<\/a>\u00a0(m\u00eame r\u00e9daction, c\u2019est dire si c&rsquo;est bien).<\/p>\n<p>&nbsp;<\/p>\n<p><!--more--><\/p>\n<p>&nbsp;<\/p>\n<p>&nbsp;<\/p>\n<h1><strong>Magritte 2015 &#8211; le r\u00e9sum\u00e9<\/strong><\/h1>\n<p>Cinevox f\u00e9vrier 2015 : <a href=\"http:\/\/www.cinevox.be\/?p=70534\" target=\"_blank\">http:\/\/www.cinevox.be\/?p=70534<\/a><\/p>\n<p>&nbsp;<\/p>\n<p><strong>Magritte 2015 &#8211; les coulisses<\/strong><\/p>\n<p>No comment : balade dans les coulisses des Magritte : <a href=\"http:\/\/www.cinevox.be\/?p=70153\" target=\"_blank\">http:\/\/www.cinevox.be\/?p=70153<\/a><\/p>\n<p>Magritte 2015 : en bas des marches (4) : <a href=\"http:\/\/www.cinevox.be\/?p=70183\" target=\"_blank\">http:\/\/www.cinevox.be\/?p=70183<\/a><\/p>\n<p>Magritte 2015 : en bas des marches (3) &#8211; <a href=\"http:\/\/www.cinevox.be\/?p=70132\" target=\"_blank\">http:\/\/www.cinevox.be\/?p=70132<\/a><\/p>\n<p>Magritte 2015 : en bas des marches (2) &#8211; <a href=\"http:\/\/www.cinevox.be\/?p=70068\" target=\"_blank\">http:\/\/www.cinevox.be\/?p=70068<\/a><\/p>\n<p>Magritte 2015 : en bas des marches (1) &#8211; <a href=\"http:\/\/www.cinevox.be\/?p=70022\" target=\"_blank\">http:\/\/www.cinevox.be\/?p=70022<\/a><\/p>\n<p>&nbsp;<\/p>\n<h1><strong>Le Happening \u00e0 l&rsquo;UGC de Bouck\u00e8re :<\/strong><\/h1>\n<p>Cinevox Happening : Tous les chats sont gris &#8211; <a href=\"http:\/\/www.cinevox.be\/?p=70092\" target=\"_blank\">http:\/\/www.cinevox.be\/?p=70092<\/a><\/p>\n<p>Cinevox Happening : la galerie photo &#8211; <a href=\"http:\/\/www.cinevox.be\/?p=70041\" target=\"_blank\">http:\/\/www.cinevox.be\/?p=70041<\/a><\/p>\n<p>&nbsp;<\/p>\n<h1><strong>Magritte 2015 &#8211; La c\u00e9r\u00e9monie<\/strong><\/h1>\n<p>Magritte 2015 : le palmar\u00e8s illustr\u00e9 &#8211; <a href=\"http:\/\/www.cinevox.be\/?p=69977\" target=\"_blank\">http:\/\/www.cinevox.be\/?p=69977<\/a><\/p>\n<p>Le r\u00e9cit de la soir\u00e9e :\u00a0\u00a0<a href=\"http:\/\/www.cinevox.be\/?p=69869\" target=\"_blank\">http:\/\/www.cinevox.be\/?p=69869<\/a><\/p>\n<p>&nbsp;<\/p>\n<p>&nbsp;<\/p>\n<h1><strong>L&rsquo;\u00e9dition 2015 &#8211; mise en bouche :<\/strong><\/h1>\n<p>&nbsp;<\/p>\n<p>Nos pronostics : <a href=\"http:\/\/www.cinevox.be\/?p=69771\">http:\/\/www.cinevox.be\/?p=69771<\/a><\/p>\n<p>Les trois films en t\u00eate du Magritte du premier film : <a href=\"http:\/\/www.cinevox.be\/?p=69197\">http:\/\/www.cinevox.be\/?p=69197<\/a><\/p>\n<p>&nbsp;<\/p>\n<p>Qui sera l&rsquo;invit\u00e9(e) de Cinevox aux Magritte du Cin\u00e9ma? &#8211; <a href=\"http:\/\/www.cinevox.be\/?p=69167\">http:\/\/www.cinevox.be\/?p=69167<\/a><\/p>\n<p>&nbsp;<\/p>\n<p>Les Magritte les plus excitants de l\u2019histoire? : <a href=\"http:\/\/www.cinevox.be\/?p=68145\">http:\/\/www.cinevox.be\/?p=68145<\/a><\/p>\n<p>5e Magritte du Cin\u00e9ma : tous les nomin\u00e9s &#8211; <a href=\"http:\/\/www.cinevox.be\/?p=68141\">http:\/\/www.cinevox.be\/?p=68141<\/a><\/p>\n<p>&nbsp;<\/p>\n<p>Qui remportera le troisi\u00e8me Magritte du premier film? : <a href=\"http:\/\/www.cinevox.be\/?p=67793\">http:\/\/www.cinevox.be\/?p=67793<\/a><\/p>\n<p>Magritte 2015 : on connait les pr\u00e9tendants : <a href=\"http:\/\/www.cinevox.be\/?p=65294\">http:\/\/www.cinevox.be\/?p=65294<\/a><\/p>\n<p>&nbsp;<\/p>\n<p>&nbsp;<\/p>\n<h1><strong>Le Cinevox Happening:<\/strong><\/h1>\n<p>&nbsp;<\/p>\n<p>La bande-annonce de <em>Tous les chats sont gris<\/em> : <a href=\"http:\/\/www.cinevox.be\/?p=69496\">http:\/\/www.cinevox.be\/?p=69496<\/a><\/p>\n<p>La pr\u00e9sentation de <em>Tous les Chats sont gris<\/em> :\u00a0<a href=\"http:\/\/www.cinevox.be\/?p=68591\">http:\/\/www.cinevox.be\/?p=68591<\/a><\/p>\n<p>Cinevox happening, le Before : <a href=\"http:\/\/www.cinevox.be\/?p=69641\">http:\/\/www.cinevox.be\/?p=69641<\/a><\/p>\n<p>Nos 100 invit\u00e9s pour le Happening du 7 f\u00e9vrier : <a href=\"http:\/\/www.cinevox.be\/?p=69515\">http:\/\/www.cinevox.be\/?p=69515<\/a><\/p>\n<p>Le menu du Happening : <a href=\"http:\/\/www.cinevox.be\/?p=67536\">http:\/\/www.cinevox.be\/?p=67536<\/a><\/p>\n<p>En route pour le plus grand Cinevox Happening de l&rsquo;histoire : <a href=\"http:\/\/www.cinevox.be\/?p=67419\">http:\/\/www.cinevox.be\/?p=67419<\/a><\/p>\n<p>&nbsp;<\/p>\n<p>&nbsp;<\/p>\n","protected":false},"excerpt":{"rendered":"<p>Tout tout tout ce que nous avons publi\u00e9 sur cette \u00e9dition est \u00e0 regarder et lire ici N&rsquo;h\u00e9sitez pas non plus \u00e0 aller lire les pr\u00e9sentations de tous les nomin\u00e9s, du pr\u00e9sident, du Magritte d&rsquo;honneur et du MC sur le site des Magritte de Cin\u00e9ma\u00a0(m\u00eame r\u00e9daction, c\u2019est dire si c&rsquo;est bien). &nbsp;<\/p>\n","protected":false},"author":7,"featured_media":69843,"comment_status":"closed","ping_status":"closed","sticky":false,"template":"","format":"standard","meta":{"ngg_post_thumbnail":0,"footnotes":""},"categories":[12,7],"tags":[],"class_list":["post-69840","post","type-post","status-publish","format-standard","has-post-thumbnail","","category-awards","category-actualites"],"yoast_head":"<!-- This site is optimized with the Yoast SEO plugin v20.4 - https:\/\/yoast.com\/wordpress\/plugins\/seo\/ -->\n<title>Magritte 2015 , la compile - w-l-c<\/title>\n<meta name=\"robots\" content=\"noindex, follow, max-snippet:-1, max-image-preview:large, max-video-preview:-1\" \/>\n<meta property=\"og:locale\" content=\"fr_FR\" \/>\n<meta property=\"og:type\" content=\"article\" \/>\n<meta property=\"og:title\" content=\"Magritte 2015 , la compile - w-l-c\" \/>\n<meta property=\"og:description\" content=\"Tout tout tout ce que nous avons publi\u00e9 sur cette \u00e9dition est \u00e0 regarder et lire ici N&rsquo;h\u00e9sitez pas non plus \u00e0 aller lire les pr\u00e9sentations de tous les nomin\u00e9s, du pr\u00e9sident, du Magritte d&rsquo;honneur et du MC sur le site des Magritte de Cin\u00e9ma\u00a0(m\u00eame r\u00e9daction, c\u2019est dire si c&rsquo;est bien). &nbsp;\" \/>\n<meta property=\"og:url\" content=\"https:\/\/w-l-c.be\/fr\/69840\/\" \/>\n<meta property=\"og:site_name\" content=\"w-l-c\" \/>\n<meta property=\"article:published_time\" content=\"2015-02-14T09:12:27+00:00\" \/>\n<meta property=\"article:modified_time\" content=\"2016-01-11T20:19:43+00:00\" \/>\n<meta property=\"og:image\" content=\"https:\/\/w-l-c.be\/wp-content\/uploads\/2015\/02\/text3349.png\" \/>\n\t<meta property=\"og:image:width\" content=\"2871\" \/>\n\t<meta property=\"og:image:height\" content=\"1680\" \/>\n\t<meta property=\"og:image:type\" content=\"image\/png\" \/>\n<meta name=\"author\" content=\"Philippe.Pierquin\" \/>\n<meta name=\"twitter:card\" content=\"summary_large_image\" \/>\n<meta name=\"twitter:label1\" content=\"\u00c9crit par\" \/>\n\t<meta name=\"twitter:data1\" content=\"Philippe.Pierquin\" \/>\n\t<meta name=\"twitter:label2\" content=\"Dur\u00e9e de lecture estim\u00e9e\" \/>\n\t<meta name=\"twitter:data2\" content=\"2 minutes\" \/>\n<script type=\"application\/ld+json\" class=\"yoast-schema-graph\">{\"@context\":\"https:\/\/schema.org\",\"@graph\":[{\"@type\":\"WebPage\",\"@id\":\"https:\/\/w-l-c.be\/fr\/69840\/\",\"url\":\"https:\/\/w-l-c.be\/fr\/69840\/\",\"name\":\"Magritte 2015 , la compile - w-l-c\",\"isPartOf\":{\"@id\":\"https:\/\/w-l-c.be\/fr\/#website\"},\"datePublished\":\"2015-02-14T09:12:27+00:00\",\"dateModified\":\"2016-01-11T20:19:43+00:00\",\"author\":{\"@id\":\"https:\/\/w-l-c.be\/fr\/#\/schema\/person\/4b9b1d857f0943453a38a7c2859ef756\"},\"breadcrumb\":{\"@id\":\"https:\/\/w-l-c.be\/fr\/69840\/#breadcrumb\"},\"inLanguage\":\"fr-FR\",\"potentialAction\":[{\"@type\":\"ReadAction\",\"target\":[\"https:\/\/w-l-c.be\/fr\/69840\/\"]}]},{\"@type\":\"BreadcrumbList\",\"@id\":\"https:\/\/w-l-c.be\/fr\/69840\/#breadcrumb\",\"itemListElement\":[{\"@type\":\"ListItem\",\"position\":1,\"name\":\"Accueil\",\"item\":\"https:\/\/w-l-c.be\/fr\/\"},{\"@type\":\"ListItem\",\"position\":2,\"name\":\"Magritte 2015 , la compile\"}]},{\"@type\":\"WebSite\",\"@id\":\"https:\/\/w-l-c.be\/fr\/#website\",\"url\":\"https:\/\/w-l-c.be\/fr\/\",\"name\":\"w-l-c\",\"description\":\"Le cin\u00e9ma vu par les belges\",\"potentialAction\":[{\"@type\":\"SearchAction\",\"target\":{\"@type\":\"EntryPoint\",\"urlTemplate\":\"https:\/\/w-l-c.be\/fr\/?s={search_term_string}\"},\"query-input\":\"required name=search_term_string\"}],\"inLanguage\":\"fr-FR\"},{\"@type\":\"Person\",\"@id\":\"https:\/\/w-l-c.be\/fr\/#\/schema\/person\/4b9b1d857f0943453a38a7c2859ef756\",\"name\":\"Philippe.Pierquin\",\"url\":\"https:\/\/w-l-c.be\/fr\/author\/philippe-pierquin\/\"}]}<\/script>\n<!-- \/ Yoast SEO plugin. -->","yoast_head_json":{"title":"Magritte 2015 , la compile - w-l-c","robots":{"index":"noindex","follow":"follow","max-snippet":"max-snippet:-1","max-image-preview":"max-image-preview:large","max-video-preview":"max-video-preview:-1"},"og_locale":"fr_FR","og_type":"article","og_title":"Magritte 2015 , la compile - w-l-c","og_description":"Tout tout tout ce que nous avons publi\u00e9 sur cette \u00e9dition est \u00e0 regarder et lire ici N&rsquo;h\u00e9sitez pas non plus \u00e0 aller lire les pr\u00e9sentations de tous les nomin\u00e9s, du pr\u00e9sident, du Magritte d&rsquo;honneur et du MC sur le site des Magritte de Cin\u00e9ma\u00a0(m\u00eame r\u00e9daction, c\u2019est dire si c&rsquo;est bien). &nbsp;","og_url":"https:\/\/w-l-c.be\/fr\/69840\/","og_site_name":"w-l-c","article_published_time":"2015-02-14T09:12:27+00:00","article_modified_time":"2016-01-11T20:19:43+00:00","og_image":[{"width":2871,"height":1680,"url":"https:\/\/w-l-c.be\/wp-content\/uploads\/2015\/02\/text3349.png","type":"image\/png"}],"author":"Philippe.Pierquin","twitter_card":"summary_large_image","twitter_misc":{"\u00c9crit par":"Philippe.Pierquin","Dur\u00e9e de lecture estim\u00e9e":"2 minutes"},"schema":{"@context":"https:\/\/schema.org","@graph":[{"@type":"WebPage","@id":"https:\/\/w-l-c.be\/fr\/69840\/","url":"https:\/\/w-l-c.be\/fr\/69840\/","name":"Magritte 2015 , la compile - w-l-c","isPartOf":{"@id":"https:\/\/w-l-c.be\/fr\/#website"},"datePublished":"2015-02-14T09:12:27+00:00","dateModified":"2016-01-11T20:19:43+00:00","author":{"@id":"https:\/\/w-l-c.be\/fr\/#\/schema\/person\/4b9b1d857f0943453a38a7c2859ef756"},"breadcrumb":{"@id":"https:\/\/w-l-c.be\/fr\/69840\/#breadcrumb"},"inLanguage":"fr-FR","potentialAction":[{"@type":"ReadAction","target":["https:\/\/w-l-c.be\/fr\/69840\/"]}]},{"@type":"BreadcrumbList","@id":"https:\/\/w-l-c.be\/fr\/69840\/#breadcrumb","itemListElement":[{"@type":"ListItem","position":1,"name":"Accueil","item":"https:\/\/w-l-c.be\/fr\/"},{"@type":"ListItem","position":2,"name":"Magritte 2015 , la compile"}]},{"@type":"WebSite","@id":"https:\/\/w-l-c.be\/fr\/#website","url":"https:\/\/w-l-c.be\/fr\/","name":"w-l-c","description":"Le cin\u00e9ma vu par les belges","potentialAction":[{"@type":"SearchAction","target":{"@type":"EntryPoint","urlTemplate":"https:\/\/w-l-c.be\/fr\/?s={search_term_string}"},"query-input":"required name=search_term_string"}],"inLanguage":"fr-FR"},{"@type":"Person","@id":"https:\/\/w-l-c.be\/fr\/#\/schema\/person\/4b9b1d857f0943453a38a7c2859ef756","name":"Philippe.Pierquin","url":"https:\/\/w-l-c.be\/fr\/author\/philippe-pierquin\/"}]}},"_links":{"self":[{"href":"https:\/\/w-l-c.be\/fr\/wp-json\/wp\/v2\/posts\/69840","targetHints":{"allow":["GET"]}}],"collection":[{"href":"https:\/\/w-l-c.be\/fr\/wp-json\/wp\/v2\/posts"}],"about":[{"href":"https:\/\/w-l-c.be\/fr\/wp-json\/wp\/v2\/types\/post"}],"author":[{"embeddable":true,"href":"https:\/\/w-l-c.be\/fr\/wp-json\/wp\/v2\/users\/7"}],"replies":[{"embeddable":true,"href":"https:\/\/w-l-c.be\/fr\/wp-json\/wp\/v2\/comments?post=69840"}],"version-history":[{"count":0,"href":"https:\/\/w-l-c.be\/fr\/wp-json\/wp\/v2\/posts\/69840\/revisions"}],"wp:featuredmedia":[{"embeddable":true,"href":"https:\/\/w-l-c.be\/fr\/wp-json\/wp\/v2\/media\/69843"}],"wp:attachment":[{"href":"https:\/\/w-l-c.be\/fr\/wp-json\/wp\/v2\/media?parent=69840"}],"wp:term":[{"taxonomy":"category","embeddable":true,"href":"https:\/\/w-l-c.be\/fr\/wp-json\/wp\/v2\/categories?post=69840"},{"taxonomy":"post_tag","embeddable":true,"href":"https:\/\/w-l-c.be\/fr\/wp-json\/wp\/v2\/tags?post=69840"}],"curies":[{"name":"wp","href":"https:\/\/api.w.org\/{rel}","templated":true}]}}