
{"id":70570,"date":"2015-02-16T07:16:11","date_gmt":"2015-02-16T06:16:11","guid":{"rendered":"http:\/\/www.cinevox.be\/?p=70570"},"modified":"2015-02-16T07:25:38","modified_gmt":"2015-02-16T06:25:38","slug":"la-photo-du-jour-lundi-16-fevrier-2015","status":"publish","type":"post","link":"https:\/\/w-l-c.be\/fr\/la-photo-du-jour-lundi-16-fevrier-2015\/","title":{"rendered":"La photo du jour &#8211; lundi 16 f\u00e9vrier 2015"},"content":{"rendered":"<p>Le 7 f\u00e9vrier, Patrick Ridremont faisait une entr\u00e9e fort remarqu\u00e9e \u00e0 la c\u00e9r\u00e9monie des Magritte du cin\u00e9ma au bras de la tr\u00e8s s\u00e9duisante Sarah Van Elst.<\/p>\n<p>La coiffure est diff\u00e9rente, et pourtant la demoiselle est la m\u00eame: une semaine plus tard Robine reprend<em> The Power of Love<\/em> \u00e0 The Voice France et rejoint l&rsquo;\u00e9quipe de Jenifer.<\/p>\n<p>On l&rsquo;a toujours su que Patrick Ridremont \u00e9tait en fait&#8230; le Batman du cin\u00e9ma belge<\/p>\n<p><!--more--><\/p>\n<p>&nbsp;<\/p>\n<p><a href=\"http:\/\/www.cinevox.be\/wp-content\/uploads\/2015\/02\/IMG_1179.jpg\"><img loading=\"lazy\" decoding=\"async\" class=\"aligncenter size-large wp-image-70571\" src=\"http:\/\/www.cinevox.be\/wp-content\/uploads\/2015\/02\/IMG_1179-800x533.jpg\" alt=\"\" width=\"640\" height=\"426\" srcset=\"https:\/\/w-l-c.be\/wp-content\/uploads\/2015\/02\/IMG_1179-800x533.jpg 800w, https:\/\/w-l-c.be\/wp-content\/uploads\/2015\/02\/IMG_1179-405x270.jpg 405w\" sizes=\"auto, (max-width: 640px) 100vw, 640px\" \/><\/a><\/p>\n<p>&nbsp;<\/p>\n<p>&nbsp;<\/p>\n<p><a href=\"http:\/\/www.cinevox.be\/wp-content\/uploads\/2015\/02\/2015-02-16_07h09_50.jpg\"><img loading=\"lazy\" decoding=\"async\" class=\"aligncenter size-full wp-image-70575\" src=\"http:\/\/www.cinevox.be\/wp-content\/uploads\/2015\/02\/2015-02-16_07h09_50.jpg\" alt=\"\" width=\"615\" height=\"339\" srcset=\"https:\/\/w-l-c.be\/wp-content\/uploads\/2015\/02\/2015-02-16_07h09_50.jpg 615w, https:\/\/w-l-c.be\/wp-content\/uploads\/2015\/02\/2015-02-16_07h09_50-480x264.jpg 480w\" sizes=\"auto, (max-width: 615px) 100vw, 615px\" \/><\/a><\/p>\n","protected":false},"excerpt":{"rendered":"<p>Le 7 f\u00e9vrier, Patrick Ridremont faisait une entr\u00e9e fort remarqu\u00e9e \u00e0 la c\u00e9r\u00e9monie des Magritte du cin\u00e9ma au bras de la tr\u00e8s s\u00e9duisante Sarah Van Elst. La coiffure est diff\u00e9rente, et pourtant la demoiselle est la m\u00eame: une semaine plus tard Robine reprend The Power of Love \u00e0 The Voice France et rejoint l&rsquo;\u00e9quipe de &hellip;<\/p>\n","protected":false},"author":7,"featured_media":70573,"comment_status":"closed","ping_status":"closed","sticky":false,"template":"","format":"standard","meta":{"ngg_post_thumbnail":0,"footnotes":""},"categories":[1923],"tags":[],"class_list":["post-70570","post","type-post","status-publish","format-standard","has-post-thumbnail","","category-en-bref"],"yoast_head":"<!-- This site is optimized with the Yoast SEO plugin v20.4 - https:\/\/yoast.com\/wordpress\/plugins\/seo\/ -->\n<title>La photo du jour - lundi 16 f\u00e9vrier 2015 - w-l-c<\/title>\n<meta name=\"robots\" content=\"noindex, follow, max-snippet:-1, max-image-preview:large, max-video-preview:-1\" \/>\n<meta property=\"og:locale\" content=\"fr_FR\" \/>\n<meta property=\"og:type\" content=\"article\" \/>\n<meta property=\"og:title\" content=\"La photo du jour - lundi 16 f\u00e9vrier 2015 - w-l-c\" \/>\n<meta property=\"og:description\" content=\"Le 7 f\u00e9vrier, Patrick Ridremont faisait une entr\u00e9e fort remarqu\u00e9e \u00e0 la c\u00e9r\u00e9monie des Magritte du cin\u00e9ma au bras de la tr\u00e8s s\u00e9duisante Sarah Van Elst. La coiffure est diff\u00e9rente, et pourtant la demoiselle est la m\u00eame: une semaine plus tard Robine reprend The Power of Love \u00e0 The Voice France et rejoint l&rsquo;\u00e9quipe de &hellip;\" \/>\n<meta property=\"og:url\" content=\"https:\/\/w-l-c.be\/fr\/la-photo-du-jour-lundi-16-fevrier-2015\/\" \/>\n<meta property=\"og:site_name\" content=\"w-l-c\" \/>\n<meta property=\"article:published_time\" content=\"2015-02-16T06:16:11+00:00\" \/>\n<meta property=\"article:modified_time\" content=\"2015-02-16T06:25:38+00:00\" \/>\n<meta property=\"og:image\" content=\"https:\/\/w-l-c.be\/wp-content\/uploads\/2015\/02\/app6.jpg\" \/>\n\t<meta property=\"og:image:width\" content=\"1536\" \/>\n\t<meta property=\"og:image:height\" content=\"1024\" \/>\n\t<meta property=\"og:image:type\" content=\"image\/jpeg\" \/>\n<meta name=\"author\" content=\"Philippe.Pierquin\" \/>\n<meta name=\"twitter:card\" content=\"summary_large_image\" \/>\n<meta name=\"twitter:label1\" content=\"\u00c9crit par\" \/>\n\t<meta name=\"twitter:data1\" content=\"Philippe.Pierquin\" \/>\n<script type=\"application\/ld+json\" class=\"yoast-schema-graph\">{\"@context\":\"https:\/\/schema.org\",\"@graph\":[{\"@type\":\"WebPage\",\"@id\":\"https:\/\/w-l-c.be\/fr\/la-photo-du-jour-lundi-16-fevrier-2015\/\",\"url\":\"https:\/\/w-l-c.be\/fr\/la-photo-du-jour-lundi-16-fevrier-2015\/\",\"name\":\"La photo du jour - lundi 16 f\u00e9vrier 2015 - w-l-c\",\"isPartOf\":{\"@id\":\"https:\/\/w-l-c.be\/fr\/#website\"},\"datePublished\":\"2015-02-16T06:16:11+00:00\",\"dateModified\":\"2015-02-16T06:25:38+00:00\",\"author\":{\"@id\":\"https:\/\/w-l-c.be\/fr\/#\/schema\/person\/4b9b1d857f0943453a38a7c2859ef756\"},\"breadcrumb\":{\"@id\":\"https:\/\/w-l-c.be\/fr\/la-photo-du-jour-lundi-16-fevrier-2015\/#breadcrumb\"},\"inLanguage\":\"fr-FR\",\"potentialAction\":[{\"@type\":\"ReadAction\",\"target\":[\"https:\/\/w-l-c.be\/fr\/la-photo-du-jour-lundi-16-fevrier-2015\/\"]}]},{\"@type\":\"BreadcrumbList\",\"@id\":\"https:\/\/w-l-c.be\/fr\/la-photo-du-jour-lundi-16-fevrier-2015\/#breadcrumb\",\"itemListElement\":[{\"@type\":\"ListItem\",\"position\":1,\"name\":\"Accueil\",\"item\":\"https:\/\/w-l-c.be\/fr\/\"},{\"@type\":\"ListItem\",\"position\":2,\"name\":\"La photo du jour &#8211; lundi 16 f\u00e9vrier 2015\"}]},{\"@type\":\"WebSite\",\"@id\":\"https:\/\/w-l-c.be\/fr\/#website\",\"url\":\"https:\/\/w-l-c.be\/fr\/\",\"name\":\"w-l-c\",\"description\":\"Le cin\u00e9ma vu par les belges\",\"potentialAction\":[{\"@type\":\"SearchAction\",\"target\":{\"@type\":\"EntryPoint\",\"urlTemplate\":\"https:\/\/w-l-c.be\/fr\/?s={search_term_string}\"},\"query-input\":\"required name=search_term_string\"}],\"inLanguage\":\"fr-FR\"},{\"@type\":\"Person\",\"@id\":\"https:\/\/w-l-c.be\/fr\/#\/schema\/person\/4b9b1d857f0943453a38a7c2859ef756\",\"name\":\"Philippe.Pierquin\",\"url\":\"https:\/\/w-l-c.be\/fr\/author\/philippe-pierquin\/\"}]}<\/script>\n<!-- \/ Yoast SEO plugin. -->","yoast_head_json":{"title":"La photo du jour - lundi 16 f\u00e9vrier 2015 - w-l-c","robots":{"index":"noindex","follow":"follow","max-snippet":"max-snippet:-1","max-image-preview":"max-image-preview:large","max-video-preview":"max-video-preview:-1"},"og_locale":"fr_FR","og_type":"article","og_title":"La photo du jour - lundi 16 f\u00e9vrier 2015 - w-l-c","og_description":"Le 7 f\u00e9vrier, Patrick Ridremont faisait une entr\u00e9e fort remarqu\u00e9e \u00e0 la c\u00e9r\u00e9monie des Magritte du cin\u00e9ma au bras de la tr\u00e8s s\u00e9duisante Sarah Van Elst. La coiffure est diff\u00e9rente, et pourtant la demoiselle est la m\u00eame: une semaine plus tard Robine reprend The Power of Love \u00e0 The Voice France et rejoint l&rsquo;\u00e9quipe de &hellip;","og_url":"https:\/\/w-l-c.be\/fr\/la-photo-du-jour-lundi-16-fevrier-2015\/","og_site_name":"w-l-c","article_published_time":"2015-02-16T06:16:11+00:00","article_modified_time":"2015-02-16T06:25:38+00:00","og_image":[{"width":1536,"height":1024,"url":"https:\/\/w-l-c.be\/wp-content\/uploads\/2015\/02\/app6.jpg","type":"image\/jpeg"}],"author":"Philippe.Pierquin","twitter_card":"summary_large_image","twitter_misc":{"\u00c9crit par":"Philippe.Pierquin"},"schema":{"@context":"https:\/\/schema.org","@graph":[{"@type":"WebPage","@id":"https:\/\/w-l-c.be\/fr\/la-photo-du-jour-lundi-16-fevrier-2015\/","url":"https:\/\/w-l-c.be\/fr\/la-photo-du-jour-lundi-16-fevrier-2015\/","name":"La photo du jour - lundi 16 f\u00e9vrier 2015 - w-l-c","isPartOf":{"@id":"https:\/\/w-l-c.be\/fr\/#website"},"datePublished":"2015-02-16T06:16:11+00:00","dateModified":"2015-02-16T06:25:38+00:00","author":{"@id":"https:\/\/w-l-c.be\/fr\/#\/schema\/person\/4b9b1d857f0943453a38a7c2859ef756"},"breadcrumb":{"@id":"https:\/\/w-l-c.be\/fr\/la-photo-du-jour-lundi-16-fevrier-2015\/#breadcrumb"},"inLanguage":"fr-FR","potentialAction":[{"@type":"ReadAction","target":["https:\/\/w-l-c.be\/fr\/la-photo-du-jour-lundi-16-fevrier-2015\/"]}]},{"@type":"BreadcrumbList","@id":"https:\/\/w-l-c.be\/fr\/la-photo-du-jour-lundi-16-fevrier-2015\/#breadcrumb","itemListElement":[{"@type":"ListItem","position":1,"name":"Accueil","item":"https:\/\/w-l-c.be\/fr\/"},{"@type":"ListItem","position":2,"name":"La photo du jour &#8211; lundi 16 f\u00e9vrier 2015"}]},{"@type":"WebSite","@id":"https:\/\/w-l-c.be\/fr\/#website","url":"https:\/\/w-l-c.be\/fr\/","name":"w-l-c","description":"Le cin\u00e9ma vu par les belges","potentialAction":[{"@type":"SearchAction","target":{"@type":"EntryPoint","urlTemplate":"https:\/\/w-l-c.be\/fr\/?s={search_term_string}"},"query-input":"required name=search_term_string"}],"inLanguage":"fr-FR"},{"@type":"Person","@id":"https:\/\/w-l-c.be\/fr\/#\/schema\/person\/4b9b1d857f0943453a38a7c2859ef756","name":"Philippe.Pierquin","url":"https:\/\/w-l-c.be\/fr\/author\/philippe-pierquin\/"}]}},"_links":{"self":[{"href":"https:\/\/w-l-c.be\/fr\/wp-json\/wp\/v2\/posts\/70570","targetHints":{"allow":["GET"]}}],"collection":[{"href":"https:\/\/w-l-c.be\/fr\/wp-json\/wp\/v2\/posts"}],"about":[{"href":"https:\/\/w-l-c.be\/fr\/wp-json\/wp\/v2\/types\/post"}],"author":[{"embeddable":true,"href":"https:\/\/w-l-c.be\/fr\/wp-json\/wp\/v2\/users\/7"}],"replies":[{"embeddable":true,"href":"https:\/\/w-l-c.be\/fr\/wp-json\/wp\/v2\/comments?post=70570"}],"version-history":[{"count":0,"href":"https:\/\/w-l-c.be\/fr\/wp-json\/wp\/v2\/posts\/70570\/revisions"}],"wp:featuredmedia":[{"embeddable":true,"href":"https:\/\/w-l-c.be\/fr\/wp-json\/wp\/v2\/media\/70573"}],"wp:attachment":[{"href":"https:\/\/w-l-c.be\/fr\/wp-json\/wp\/v2\/media?parent=70570"}],"wp:term":[{"taxonomy":"category","embeddable":true,"href":"https:\/\/w-l-c.be\/fr\/wp-json\/wp\/v2\/categories?post=70570"},{"taxonomy":"post_tag","embeddable":true,"href":"https:\/\/w-l-c.be\/fr\/wp-json\/wp\/v2\/tags?post=70570"}],"curies":[{"name":"wp","href":"https:\/\/api.w.org\/{rel}","templated":true}]}}